{"id":979,"date":"2008-12-02T09:48:51","date_gmt":"2008-12-02T08:48:51","guid":{"rendered":"http:\/\/www.article-marketing.eu\/comunicati\/senza-categoria\/natale-2008-dai-cento-pittori-una-pennellata-di-solidariet%e0\/"},"modified":"2008-12-02T09:48:51","modified_gmt":"2008-12-02T08:48:51","slug":"natale-2008-dai-cento-pittori-una-pennellata-di-solidariet%e0","status":"publish","type":"post","link":"https:\/\/www.article-marketing.eu\/comunicati\/comunicati-stampa\/eventi\/natale-2008-dai-cento-pittori-una-pennellata-di-solidariet%e0\/","title":{"rendered":"Natale 2008: dai \u201cCento Pittori\u201d una pennellata di solidariet\u00e0"},"content":{"rendered":"<p style=\"TEXT-ALIGN: center\" align=\"center\"><em>Roma, 1 dicembre 2008 \u2013 <\/em><strong>Strenna natalizia doppia<\/strong>, quest\u2019anno, <strong>da parte della<\/strong> storica <strong>Associazione \u201cCento Pittori Via Margutta\u201d,<\/strong> che si accinge a brindare alle festivit\u00e0 <strong>con una mostra in programma nella strada da cui prende il nome dal 4 all\u20198 dicembre prossimi<\/strong>. Oltre a festeggiare il Natale con la tradizionale esposizione, <strong>i Celebri Pennelli hanno scelto di contribuire alla magica atmosfera di questi giorni con una pennellata di solidariet\u00e0.<\/strong> Pittori e scultori dell\u2019associazione aderiranno, infatti, al <strong>progetto \u201cUna mano per l\u2019altro: Missioni nel Mondo\u201d con una cospicua offerta: circa 100 quadri.<\/strong> Obiettivo dell\u2019iniziativa \u2013 che verr\u00e0 realizzata in collaborazione con la scuola Ugo Bartolomei di Roma e con i Missionari della Chiesa di Santa Maria dei Miracoli di Piazza del Popolo \u2013 \u00e8 raccogliere <strong>fondi da destinarsi al sostegno delle opere dei Missionari nel Mondo e alla realizzazione di \u201cscuole di villaggio\u201d in paesi dell\u2019Africa centrale, dell\u2019Asia e del Sud America, ma anche concorrere al restauro di due quadri raffiguranti la Madonna dei Miracoli<\/strong> presenti nella nota chiesa della Capitale.<\/p>\n<p style=\"TEXT-ALIGN: justify\"><strong>I Cento Pittori non sono nuovi a iniziative volte a mettere l\u2019accento su problematiche sociali. <\/strong>Proprio a seguito degli episodi xenofobi dei mesi scorsi, l\u2019associazione ha scelto di dedicare la precedente edizione della mostra &#8211; la numero 79 &#8211; all\u2019<strong>integrazione razziale<\/strong>. In passato, inoltre, i celebri pennelli avevano dato occasione di esporre le proprie opere all\u2019interno della storica manifestazione, nella strada pi\u00f9 prestigiosa del mondo dell\u2019arte, sia a<strong> persone disabili<\/strong> sia a <strong>pittori indigenti o disagiati<\/strong>, cos\u00ec come ad <strong>artisti appartenenti alla comunit\u00e0 lituana o provenienti dall\u2019Albania, dal Vietnam e da paesi fortemente disagiati.<\/strong> <\/p>\n<p style=\"TEXT-ALIGN: justify\">\u201cOggigiorno \u2013 ha detto <strong>Alberto Vespaziani, Presidente dell\u2019Associazione Cento Pittori Via Margutta<\/strong> \u2013 si tende a vivere il Natale all\u2019insegna della frenesia, del consumismo e, spesso, solo in apparenza, della gioia, fingendo che non esistano tutte quelle situazioni di drammatica emergenza nelle quali vivono tante persone e alle quali, anche grazie ai mass media, assistiamo quotidianamente. <strong>Il gesto di solidariet\u00e0 che gli artisti di Via Margutta hanno compiuto \u00e8, a mio avviso, doppiamente prezioso, in quanto dimostra che fare qualcosa per alleviare la sofferenza di chi \u00e8 meno fortunato non giova solo a lui, ma dona un senso pi\u00f9 autentico e umano anche al Natale di chi lo compie\u201d. <\/strong><\/p>\n<p style=\"TEXT-ALIGN: justify\">All\u2019<strong>inaugurazione<\/strong> <strong>della kermesse natalizia dei Cento Pittori,<\/strong> in programma<strong> il prossimo<\/strong> <strong>4 dicembre prossimo alle 17.00, sono stati inviati a partecipare il Sindaco di Roma, Gianni Alemanno, l\u2019Assessore capitolino alle Politiche Culturali, Umberto Croppi, il Presidente del I municipio, Orlando Corsetti, il Presidente della Commissione Cultura del Campidoglio, Federico Mollicone e il Presidente dell\u2019Associazione Culturale ASI CIAO (Coordinamento Imprese sociali Associazioni Organizzazioni no profit), Francesco Antonelli.<\/strong><\/p>\n<p style=\"TEXT-ALIGN: justify\">In occasione della manifestazione, che proseguir\u00e0 <strong>fino al prossimo 8 dicembre<\/strong>, <strong>saranno presenti circa 120 tra pittori e scultori, tutti caratterizzati da un proprio linguaggio espressivo<\/strong> <strong>e da una propria tecnica artistica, che va dalla figurazione all\u2019astrattismo, passando anche per la ritrattistica, il paesaggismo, il simbolismo e il surrealismo. Molti gli artisti provenienti da paesi europei ed extraeuropei<\/strong>, richiamati dalla storica mostra. Tra questi il pittore peruviano <strong>Freddy Toledo<\/strong>,<strong> <\/strong>l\u2019olandese <strong>Paul Nieuwenhof <\/strong>e la pittrice<strong> <\/strong>mozambicana<strong> Farida Abdul Rasaque<\/strong>, alla quale \u00e8 stato riservato un posto d\u2019onore in Via Alibert, nella parte iniziale della mostra. <\/p>\n<p style=\"TEXT-ALIGN: justify\">Accanto a loro <strong>numerosi nomi noti della pittura <\/strong>che hanno fatto la storia di Via Margutta e dell\u2019Associazione e<strong> che, dal 1950, con instancabile entusiasmo, calcano i sampietrini di questa celebre strada. <\/strong>Sar\u00e0 anche grazie ai cavalletti di questi ultimi che <strong>Via Margutta si trasformer\u00e0 in un immenso e colorato ambiente espositivo in cui sar\u00e0 possibile ammirare oltre 3.000 opere tra cui dipinti a olio, disegni, acquerelli, lavori di grafica e sculture, rese ancora pi\u00f9 suggestive dalle luci, dai suoni e dagli addobbi che caratterizzano il Natale.<\/strong><\/p>\n<p style=\"TEXT-ALIGN: justify\"><strong>Nutrita anche la schiera di talenti in erba<\/strong>, affascinati dalla strada e dall\u2019Associazione. Tra i tanti il diciassettenne romano Andrea<strong> Martinucci<\/strong>, che usa la pittura come sfogo emozionale e, nonostante la giovane et\u00e0, ha gi\u00e0 individuato un proprio percorso artistico in cui figurativo e astratto informale si affiancano.<\/p>\n<p style=\"TEXT-ALIGN: justify\">\u201c<strong>Sapere che tra le aspirazioni della maggior parte degli artisti emergenti c\u2019\u00e8 quella di esporre con la nostra associazione ci spinger\u00e0 ad incrementare il nostro impegno<\/strong> anche affinch\u00e9 lo spazio a loro disposizione possa aumentare sensibilmente fin dalle prossime edizioni\u201d, <strong>ha detto Vespaziani<\/strong>, che sempre a proposito della presenza dei colleghi pi\u00f9 giovani ha aggiunto: \u201cIncentivare la partecipazione di questi ragazzi a esposizioni come quelle promosse dalla nostra associazione significa<strong> valorizzare il potenziale creativo dei talenti in erba e spingerli a proseguire il proprio percorso, ma anche far s\u00ec che l\u2019arte possa ricevere da loro quell\u2019indispensabile linfa vitale e quella voglia continua di sperimentare senza la quale rischia di morire\u201d.<\/strong><\/p>\n<p style=\"TEXT-ALIGN: justify\"><strong>\u201c<\/strong>Sono fiero di poter dire \u2013 ha concluso Vespaziani, che da oltre 35 anni presiede questa storica associazione \u2013 che <strong>grazie al costante impegno dei Cento Pittori <\/strong><strong>la prosecuzione dell\u2019esposizione e la diffusione del significato della stessa continua ad essere garantita, nonostante i continui tentativi da parte di quanti cercano di frapporre ostacoli di natura diversa alla tradizione che la stessa rappresenta<\/strong> e che, invece, finiscono solo con l\u2019offendere la dignit\u00e0 degli artisti e quella di quanti, romani e stranieri, riconoscono nell\u2019associazione e nelle sue attivit\u00e0 un momento significativo della storia e della cultura della nostra citt\u00e0\u201d.<\/p>\n<p style=\"TEXT-ALIGN: justify\">La rassegna &#8211; patrocinata come di consueto dal Comune di Roma, dalla Provincia di Roma e dalla Regione Lazio e divenuta ormai da tempo irrinunciabile appuntamento per appassionati d\u2019arte, romani e stranieri &#8211; <strong>oltre a permettere come di consueto, soprattutto ai meno noti, di uscire allo scoperto per affermarsi, sar\u00e0 ancora una volta occasione per analizzare e studiare i fermenti artistici che si sviluppano di continuo, per avvicinare alcuni tra i maggiori talenti del pennello attualmente presenti sul mercato e per raccogliere i diversi messaggi che ogni espositore intende \u201cconsegnare\u201d alla collettivit\u00e0.<\/strong><\/p>\n<p style=\"TEXT-ALIGN: justify\">La mostra rimarr\u00e0 <strong>aperta tutti i giorni dalle ore 10.00 alle 21.00 (ingresso gratuito).<\/strong><\/p>\n","protected":false},"excerpt":{"rendered":"<p>I celebri artisti festeggiano il Natale con una mostra in programma a Via Margutta dal 4 all\u20198 dicembre e con una offerta di circa 100 opere al progetto di solidariet\u00e0 \u201cUna mano per l\u2019altro: Missioni nel Mondo\u201d<\/p>\n","protected":false},"author":10,"featured_media":0,"comment_status":"open","ping_status":"open","sticky":false,"template":"","format":"standard","meta":{"cybocfi_hide_featured_image":"","footnotes":""},"categories":[388],"tags":[171,3382,1000,472,1001,3384,2825,3383],"class_list":["post-979","post","type-post","status-publish","format-standard","hentry","category-eventi","tag-arte","tag-cento-pittori","tag-mostra","tag-natale","tag-pittura","tag-quadri","tag-scultura","tag-via-margutta"],"yoast_head":"<!-- This site is optimized with the Yoast SEO plugin v27.0 - https:\/\/yoast.com\/product\/yoast-seo-wordpress\/ -->\n<title>Natale 2008: dai \u201cCento Pittori\u201d una pennellata di solidariet\u00e0 - Article Marketing<\/title>\n<meta name=\"robots\" content=\"index, follow, max-snippet:-1, max-image-preview:large, max-video-preview:-1\" \/>\n<link rel=\"canonical\" href=\"https:\/\/www.article-marketing.eu\/comunicati\/comunicati-stampa\/eventi\/natale-2008-dai-cento-pittori-una-pennellata-di-solidariet?\/\" \/>\n<meta property=\"og:locale\" content=\"it_IT\" \/>\n<meta property=\"og:type\" content=\"article\" \/>\n<meta property=\"og:title\" content=\"Natale 2008: dai \u201cCento Pittori\u201d una pennellata di solidariet\u00e0 - Article Marketing\" \/>\n<meta property=\"og:description\" content=\"I celebri artisti festeggiano il Natale con una mostra in programma a Via Margutta dal 4 all\u20198 dicembre e con una offerta di circa 100 opere al progetto di solidariet\u00e0 \u201cUna mano per l\u2019altro: Missioni nel Mondo\u201d\" \/>\n<meta property=\"og:url\" content=\"\" \/>\n<meta property=\"og:site_name\" content=\"Article Marketing\" \/>\n<meta property=\"article:published_time\" content=\"2008-12-02T08:48:51+00:00\" \/>\n<meta name=\"author\" content=\"Redazione Comunicati Stampa\" \/>\n<meta name=\"twitter:card\" content=\"summary_large_image\" \/>\n<meta name=\"twitter:label1\" content=\"Scritto da\" \/>\n\t<meta name=\"twitter:data1\" content=\"Redazione Comunicati Stampa\" \/>\n\t<meta name=\"twitter:label2\" content=\"Tempo di lettura stimato\" \/>\n\t<meta name=\"twitter:data2\" content=\"5 minuti\" \/>\n<script type=\"application\/ld+json\" class=\"yoast-schema-graph\">{\"@context\":\"https:\/\/schema.org\",\"@graph\":[{\"@type\":\"Article\",\"@id\":\"https:\/\/www.article-marketing.eu\/comunicati\/comunicati-stampa\/eventi\/natale-2008-dai-cento-pittori-una-pennellata-di-solidariet%e0\/#article\",\"isPartOf\":{\"@id\":\"https:\/\/www.article-marketing.eu\/comunicati\/comunicati-stampa\/eventi\/natale-2008-dai-cento-pittori-una-pennellata-di-solidariet%e0\/\"},\"author\":{\"name\":\"Redazione Comunicati Stampa\",\"@id\":\"https:\/\/www.article-marketing.eu\/comunicati\/#\/schema\/person\/44372e4d4d0fa797b18e03ed1ace9017\"},\"headline\":\"Natale 2008: dai \u201cCento Pittori\u201d una pennellata di solidariet\u00e0\",\"datePublished\":\"2008-12-02T08:48:51+00:00\",\"mainEntityOfPage\":{\"@id\":\"https:\/\/www.article-marketing.eu\/comunicati\/comunicati-stampa\/eventi\/natale-2008-dai-cento-pittori-una-pennellata-di-solidariet%e0\/\"},\"wordCount\":993,\"commentCount\":0,\"keywords\":[\"arte\",\"Cento Pittori\",\"Mostra\",\"natale\",\"pittura\",\"quadri\",\"scultura\",\"Via Margutta\"],\"articleSection\":[\"Eventi\"],\"inLanguage\":\"it-IT\",\"potentialAction\":[{\"@type\":\"CommentAction\",\"name\":\"Comment\",\"target\":[\"https:\/\/www.article-marketing.eu\/comunicati\/comunicati-stampa\/eventi\/natale-2008-dai-cento-pittori-una-pennellata-di-solidariet%e0\/#respond\"]}]},{\"@type\":\"WebPage\",\"@id\":\"https:\/\/www.article-marketing.eu\/comunicati\/comunicati-stampa\/eventi\/natale-2008-dai-cento-pittori-una-pennellata-di-solidariet%e0\/\",\"url\":\"https:\/\/www.article-marketing.eu\/comunicati\/comunicati-stampa\/eventi\/natale-2008-dai-cento-pittori-una-pennellata-di-solidariet%e0\/\",\"name\":\"Natale 2008: dai \u201cCento Pittori\u201d una pennellata di solidariet\u00e0 - Article Marketing\",\"isPartOf\":{\"@id\":\"https:\/\/www.article-marketing.eu\/comunicati\/#website\"},\"datePublished\":\"2008-12-02T08:48:51+00:00\",\"author\":{\"@id\":\"https:\/\/www.article-marketing.eu\/comunicati\/#\/schema\/person\/44372e4d4d0fa797b18e03ed1ace9017\"},\"breadcrumb\":{\"@id\":\"https:\/\/www.article-marketing.eu\/comunicati\/comunicati-stampa\/eventi\/natale-2008-dai-cento-pittori-una-pennellata-di-solidariet%e0\/#breadcrumb\"},\"inLanguage\":\"it-IT\",\"potentialAction\":[{\"@type\":\"ReadAction\",\"target\":[\"https:\/\/www.article-marketing.eu\/comunicati\/comunicati-stampa\/eventi\/natale-2008-dai-cento-pittori-una-pennellata-di-solidariet%e0\/\"]}]},{\"@type\":\"BreadcrumbList\",\"@id\":\"https:\/\/www.article-marketing.eu\/comunicati\/comunicati-stampa\/eventi\/natale-2008-dai-cento-pittori-una-pennellata-di-solidariet%e0\/#breadcrumb\",\"itemListElement\":[{\"@type\":\"ListItem\",\"position\":1,\"name\":\"Home\",\"item\":\"https:\/\/www.article-marketing.eu\/comunicati\/\"},{\"@type\":\"ListItem\",\"position\":2,\"name\":\"Natale 2008: dai \u201cCento Pittori\u201d una pennellata di solidariet\u00e0\"}]},{\"@type\":\"WebSite\",\"@id\":\"https:\/\/www.article-marketing.eu\/comunicati\/#website\",\"url\":\"https:\/\/www.article-marketing.eu\/comunicati\/\",\"name\":\"Article Marketing\",\"description\":\"article marketing &amp; press release\",\"potentialAction\":[{\"@type\":\"SearchAction\",\"target\":{\"@type\":\"EntryPoint\",\"urlTemplate\":\"https:\/\/www.article-marketing.eu\/comunicati\/?s={search_term_string}\"},\"query-input\":{\"@type\":\"PropertyValueSpecification\",\"valueRequired\":true,\"valueName\":\"search_term_string\"}}],\"inLanguage\":\"it-IT\"},{\"@type\":\"Person\",\"@id\":\"https:\/\/www.article-marketing.eu\/comunicati\/#\/schema\/person\/44372e4d4d0fa797b18e03ed1ace9017\",\"name\":\"Redazione Comunicati Stampa\",\"image\":{\"@type\":\"ImageObject\",\"inLanguage\":\"it-IT\",\"@id\":\"https:\/\/www.article-marketing.eu\/comunicati\/#\/schema\/person\/image\/\",\"url\":\"https:\/\/secure.gravatar.com\/avatar\/50e5c6421d3072f42e7ace803501602c60d75233d34e29fd05feb91c8760b792?s=96&d=mm&r=g\",\"contentUrl\":\"https:\/\/secure.gravatar.com\/avatar\/50e5c6421d3072f42e7ace803501602c60d75233d34e29fd05feb91c8760b792?s=96&d=mm&r=g\",\"caption\":\"Redazione Comunicati Stampa\"},\"url\":\"https:\/\/www.article-marketing.eu\/comunicati\/author\/redazione-comunicati-stampa\/\"}]}<\/script>\n<!-- \/ Yoast SEO plugin. -->","yoast_head_json":{"title":"Natale 2008: dai \u201cCento Pittori\u201d una pennellata di solidariet\u00e0 - Article Marketing","robots":{"index":"index","follow":"follow","max-snippet":"max-snippet:-1","max-image-preview":"max-image-preview:large","max-video-preview":"max-video-preview:-1"},"canonical":"https:\/\/www.article-marketing.eu\/comunicati\/comunicati-stampa\/eventi\/natale-2008-dai-cento-pittori-una-pennellata-di-solidariet?\/","og_locale":"it_IT","og_type":"article","og_title":"Natale 2008: dai \u201cCento Pittori\u201d una pennellata di solidariet\u00e0 - Article Marketing","og_description":"I celebri artisti festeggiano il Natale con una mostra in programma a Via Margutta dal 4 all\u20198 dicembre e con una offerta di circa 100 opere al progetto di solidariet\u00e0 \u201cUna mano per l\u2019altro: Missioni nel Mondo\u201d","og_url":"https:\/\/www.article-marketing.eu\/comunicati\/comunicati-stampa\/eventi\/natale-2008-dai-cento-pittori-una-pennellata-di-solidariet?\/","og_site_name":"Article Marketing","article_published_time":"2008-12-02T08:48:51+00:00","author":"Redazione Comunicati Stampa","twitter_card":"summary_large_image","twitter_misc":{"Scritto da":"Redazione Comunicati Stampa","Tempo di lettura stimato":"5 minuti"},"schema":{"@context":"https:\/\/schema.org","@graph":[{"@type":"Article","@id":"https:\/\/www.article-marketing.eu\/comunicati\/comunicati-stampa\/eventi\/natale-2008-dai-cento-pittori-una-pennellata-di-solidariet%e0\/#article","isPartOf":{"@id":"https:\/\/www.article-marketing.eu\/comunicati\/comunicati-stampa\/eventi\/natale-2008-dai-cento-pittori-una-pennellata-di-solidariet%e0\/"},"author":{"name":"Redazione Comunicati Stampa","@id":"https:\/\/www.article-marketing.eu\/comunicati\/#\/schema\/person\/44372e4d4d0fa797b18e03ed1ace9017"},"headline":"Natale 2008: dai \u201cCento Pittori\u201d una pennellata di solidariet\u00e0","datePublished":"2008-12-02T08:48:51+00:00","mainEntityOfPage":{"@id":"https:\/\/www.article-marketing.eu\/comunicati\/comunicati-stampa\/eventi\/natale-2008-dai-cento-pittori-una-pennellata-di-solidariet%e0\/"},"wordCount":993,"commentCount":0,"keywords":["arte","Cento Pittori","Mostra","natale","pittura","quadri","scultura","Via Margutta"],"articleSection":["Eventi"],"inLanguage":"it-IT","potentialAction":[{"@type":"CommentAction","name":"Comment","target":["https:\/\/www.article-marketing.eu\/comunicati\/comunicati-stampa\/eventi\/natale-2008-dai-cento-pittori-una-pennellata-di-solidariet%e0\/#respond"]}]},{"@type":"WebPage","@id":"https:\/\/www.article-marketing.eu\/comunicati\/comunicati-stampa\/eventi\/natale-2008-dai-cento-pittori-una-pennellata-di-solidariet%e0\/","url":"https:\/\/www.article-marketing.eu\/comunicati\/comunicati-stampa\/eventi\/natale-2008-dai-cento-pittori-una-pennellata-di-solidariet%e0\/","name":"Natale 2008: dai \u201cCento Pittori\u201d una pennellata di solidariet\u00e0 - Article Marketing","isPartOf":{"@id":"https:\/\/www.article-marketing.eu\/comunicati\/#website"},"datePublished":"2008-12-02T08:48:51+00:00","author":{"@id":"https:\/\/www.article-marketing.eu\/comunicati\/#\/schema\/person\/44372e4d4d0fa797b18e03ed1ace9017"},"breadcrumb":{"@id":"https:\/\/www.article-marketing.eu\/comunicati\/comunicati-stampa\/eventi\/natale-2008-dai-cento-pittori-una-pennellata-di-solidariet%e0\/#breadcrumb"},"inLanguage":"it-IT","potentialAction":[{"@type":"ReadAction","target":["https:\/\/www.article-marketing.eu\/comunicati\/comunicati-stampa\/eventi\/natale-2008-dai-cento-pittori-una-pennellata-di-solidariet%e0\/"]}]},{"@type":"BreadcrumbList","@id":"https:\/\/www.article-marketing.eu\/comunicati\/comunicati-stampa\/eventi\/natale-2008-dai-cento-pittori-una-pennellata-di-solidariet%e0\/#breadcrumb","itemListElement":[{"@type":"ListItem","position":1,"name":"Home","item":"https:\/\/www.article-marketing.eu\/comunicati\/"},{"@type":"ListItem","position":2,"name":"Natale 2008: dai \u201cCento Pittori\u201d una pennellata di solidariet\u00e0"}]},{"@type":"WebSite","@id":"https:\/\/www.article-marketing.eu\/comunicati\/#website","url":"https:\/\/www.article-marketing.eu\/comunicati\/","name":"Article Marketing","description":"article marketing &amp; press release","potentialAction":[{"@type":"SearchAction","target":{"@type":"EntryPoint","urlTemplate":"https:\/\/www.article-marketing.eu\/comunicati\/?s={search_term_string}"},"query-input":{"@type":"PropertyValueSpecification","valueRequired":true,"valueName":"search_term_string"}}],"inLanguage":"it-IT"},{"@type":"Person","@id":"https:\/\/www.article-marketing.eu\/comunicati\/#\/schema\/person\/44372e4d4d0fa797b18e03ed1ace9017","name":"Redazione Comunicati Stampa","image":{"@type":"ImageObject","inLanguage":"it-IT","@id":"https:\/\/www.article-marketing.eu\/comunicati\/#\/schema\/person\/image\/","url":"https:\/\/secure.gravatar.com\/avatar\/50e5c6421d3072f42e7ace803501602c60d75233d34e29fd05feb91c8760b792?s=96&d=mm&r=g","contentUrl":"https:\/\/secure.gravatar.com\/avatar\/50e5c6421d3072f42e7ace803501602c60d75233d34e29fd05feb91c8760b792?s=96&d=mm&r=g","caption":"Redazione Comunicati Stampa"},"url":"https:\/\/www.article-marketing.eu\/comunicati\/author\/redazione-comunicati-stampa\/"}]}},"_links":{"self":[{"href":"https:\/\/www.article-marketing.eu\/comunicati\/wp-json\/wp\/v2\/posts\/979","targetHints":{"allow":["GET"]}}],"collection":[{"href":"https:\/\/www.article-marketing.eu\/comunicati\/wp-json\/wp\/v2\/posts"}],"about":[{"href":"https:\/\/www.article-marketing.eu\/comunicati\/wp-json\/wp\/v2\/types\/post"}],"author":[{"embeddable":true,"href":"https:\/\/www.article-marketing.eu\/comunicati\/wp-json\/wp\/v2\/users\/10"}],"replies":[{"embeddable":true,"href":"https:\/\/www.article-marketing.eu\/comunicati\/wp-json\/wp\/v2\/comments?post=979"}],"version-history":[{"count":0,"href":"https:\/\/www.article-marketing.eu\/comunicati\/wp-json\/wp\/v2\/posts\/979\/revisions"}],"wp:attachment":[{"href":"https:\/\/www.article-marketing.eu\/comunicati\/wp-json\/wp\/v2\/media?parent=979"}],"wp:term":[{"taxonomy":"category","embeddable":true,"href":"https:\/\/www.article-marketing.eu\/comunicati\/wp-json\/wp\/v2\/categories?post=979"},{"taxonomy":"post_tag","embeddable":true,"href":"https:\/\/www.article-marketing.eu\/comunicati\/wp-json\/wp\/v2\/tags?post=979"}],"curies":[{"name":"wp","href":"https:\/\/api.w.org\/{rel}","templated":true}]}}