{"id":993,"date":"2008-12-04T11:14:05","date_gmt":"2008-12-04T10:14:05","guid":{"rendered":"http:\/\/www.article-marketing.eu\/comunicati\/senza-categoria\/cinque-nuovi-fumettisti-in-cdcm-pro\/"},"modified":"2008-12-04T11:14:05","modified_gmt":"2008-12-04T10:14:05","slug":"cinque-nuovi-fumettisti-in-cdcm-pro","status":"publish","type":"post","link":"https:\/\/www.article-marketing.eu\/comunicati\/comunicati-stampa\/cinque-nuovi-fumettisti-in-cdcm-pro\/","title":{"rendered":"Cinque nuovi fumettisti in CDCM Pro!"},"content":{"rendered":"<p>Con la selezione di cinque nuovi fumettisti, da ieri concretamente inseriti in azienda, l\u2019Arena di GU! si conclude.<br \/>\nCinque nuovi artisti entreranno nel team per dare una spinta ulteriore agli innumerevoli progetti di CDCM Pro. Tutti i partecipanti sono stati incredibilmente affascinanti ed in grado di stupire con il loro tratto, le loro matite e l\u2019uso sapiente e creativo della tecnologia grafica. L\u2019arte del fumetto e dell\u2019illustrazione spesso viene sottovalutata o poco compresa nella sua interezza ma, chi ha avuto modo di osservare, dietro una tavola, un personaggio inventato o un\u2019illustrazione pubblicitaria c\u2019\u00e8 molto pi\u00f9 di un semplice disegno; c\u2019\u00e8  impegno, passione, sacrificio e molto molto tempo. Evocare un sentimento, disegnare uno stato d\u2019animo o raffigurare un\u2019emozione significa saper cogliere e condividere con gli altri quell\u2019ingrediente magico che spesso sfugge a noi tutti, presi dalla frenesia e dalle quotidiane mansioni pratiche. Per fortuna c\u2019\u00e8 chi ancora si ferma e invece di guardare,  osserva\u2026<br \/>\nL\u2019iniziativa pubblica fin dall\u2019inizio ha riscontrato un grande entusiasmo tra gli utenti della rete che, oltre a visitare il blog, si sono soffermati commentando e votando le opere degli artisti in questione.<br \/>\nIn queste settimane copy, fotografi e fumettisti hanno regalato contest di alto spessore e si sono messi in gioco a colpi di creativit\u00e0, proponendo materiali originali e progetti singolari.<br \/>\nCDCM Pro far\u00e0 il possibile per condividere con voi quello che rappresenta il suo mondo cercando di dare per ricevere\u2026di crescere per far crescere\u2026INSIEME!<br \/>\nIl servizio di Feed RSS potrebbe rappresentare un prezioso alleato per tutti coloro che non vorranno perdersi gli aggiornamenti periodici, creati soprattutto per darvi una mano a risolvere o conoscere quello che, oggi ed in futuro, offre il Web!<br \/>\nNon esitate a lasciare commenti, consigli pareri o quant\u2019altro agli articoli sul blog, divisi per categoria d\u2019interesse; in tutti i frangenti Voi siete un prezioso alleato.<br \/>\nCondividere resta la missione primaria di CDCM Pro che, a differenza di altre aziende, si lancia sul mercato in maniera decisamente anticonvenzionale.<br \/>\nMuoversi sul mercato con la filosofia della Wikinomics significa, soprattutto, mettersi in gioco in maniera trasparente, creando un filo diretto con i potenziali clienti e fruitori.<br \/>\nOggi le persone esigono onest\u00e0, alt\u00e0 qualit\u00e0 del prodotto e prezzi competitivi; CDCM Pro si muove proprio in questa direzione, col binomio High Quality-Low Cost portato avanti grazie ad una concezione differente di impresa, senza gerarchie interne ma, piuttosto, un&#8217;impostazione di lavoro mirata.<br \/>\nVi aspettiamo tutti i giorni sul nostro spazio interattivo dove pubblichiamo post di svariato interesse sul tema della comunicazione on line, del web 2.0, delle nuove frontiere di business e molto altro.<br \/>\nA presto!<\/p>\n<p>Marusca Cesare  &#8211; Marketing &#038; Press<br \/>\nCDCM Pro, more than audio!<br \/>\nhttp:\/\/www.cdcmpro.com <\/p>\n<blockquote class=\"wp-embedded-content\" data-secret=\"IS2xOkBHsa\"><p><a href=\"http:\/\/www.mediagu.com\/\">Gu! La comunicazione in jeans.<\/a><\/p><\/blockquote>\n<p><iframe loading=\"lazy\" class=\"wp-embedded-content\" sandbox=\"allow-scripts\" security=\"restricted\" style=\"position: absolute; clip: rect(1px, 1px, 1px, 1px);\" src=\"http:\/\/www.mediagu.com\/embed#?secret=IS2xOkBHsa\" data-secret=\"IS2xOkBHsa\" width=\"600\" height=\"338\" title=\"&#8220;Gu! La comunicazione in jeans.&#8221; &#8212; Gu! La comunicazione in jeans.\" frameborder=\"0\" marginwidth=\"0\" marginheight=\"0\" scrolling=\"no\"><\/iframe><br \/>\ntel. +39 02 48926128, e-mail: info@cdcmpro.com<\/p>\n","protected":false},"excerpt":{"rendered":"<p>Altri cinque collaboratori, grazie all&#8217;Arena Pubblica su GU!, sono entrati concretamente nel team aziendale<\/p>\n","protected":false},"author":10,"featured_media":0,"comment_status":"open","ping_status":"open","sticky":false,"template":"","format":"standard","meta":{"cybocfi_hide_featured_image":"","footnotes":""},"categories":[190],"tags":[3417,3419,199,3418,3416],"class_list":["post-993","post","type-post","status-publish","format-standard","hentry","category-comunicati-stampa","tag-arena","tag-cdcm-pro","tag-comunicazione","tag-conclusione","tag-fumettisti"],"yoast_head":"<!-- This site is optimized with the Yoast SEO plugin v27.0 - https:\/\/yoast.com\/product\/yoast-seo-wordpress\/ -->\n<title>Cinque nuovi fumettisti in CDCM Pro! - Article Marketing<\/title>\n<meta name=\"robots\" content=\"index, follow, max-snippet:-1, max-image-preview:large, max-video-preview:-1\" \/>\n<link rel=\"canonical\" href=\"https:\/\/www.article-marketing.eu\/comunicati\/comunicati-stampa\/cinque-nuovi-fumettisti-in-cdcm-pro\/\" \/>\n<meta property=\"og:locale\" content=\"it_IT\" \/>\n<meta property=\"og:type\" content=\"article\" \/>\n<meta property=\"og:title\" content=\"Cinque nuovi fumettisti in CDCM Pro! - Article Marketing\" \/>\n<meta property=\"og:description\" content=\"Altri cinque collaboratori, grazie all&#039;Arena Pubblica su GU!, sono entrati concretamente nel team aziendale\" \/>\n<meta property=\"og:url\" content=\"https:\/\/www.article-marketing.eu\/comunicati\/comunicati-stampa\/cinque-nuovi-fumettisti-in-cdcm-pro\/\" \/>\n<meta property=\"og:site_name\" content=\"Article Marketing\" \/>\n<meta property=\"article:published_time\" content=\"2008-12-04T10:14:05+00:00\" \/>\n<meta name=\"author\" content=\"Redazione Comunicati Stampa\" \/>\n<meta name=\"twitter:card\" content=\"summary_large_image\" \/>\n<meta name=\"twitter:label1\" content=\"Scritto da\" \/>\n\t<meta name=\"twitter:data1\" content=\"Redazione Comunicati Stampa\" \/>\n\t<meta name=\"twitter:label2\" content=\"Tempo di lettura stimato\" \/>\n\t<meta name=\"twitter:data2\" content=\"2 minuti\" \/>\n<script type=\"application\/ld+json\" class=\"yoast-schema-graph\">{\"@context\":\"https:\/\/schema.org\",\"@graph\":[{\"@type\":\"Article\",\"@id\":\"https:\/\/www.article-marketing.eu\/comunicati\/comunicati-stampa\/cinque-nuovi-fumettisti-in-cdcm-pro\/#article\",\"isPartOf\":{\"@id\":\"https:\/\/www.article-marketing.eu\/comunicati\/comunicati-stampa\/cinque-nuovi-fumettisti-in-cdcm-pro\/\"},\"author\":{\"name\":\"Redazione Comunicati Stampa\",\"@id\":\"https:\/\/www.article-marketing.eu\/comunicati\/#\/schema\/person\/44372e4d4d0fa797b18e03ed1ace9017\"},\"headline\":\"Cinque nuovi fumettisti in CDCM Pro!\",\"datePublished\":\"2008-12-04T10:14:05+00:00\",\"mainEntityOfPage\":{\"@id\":\"https:\/\/www.article-marketing.eu\/comunicati\/comunicati-stampa\/cinque-nuovi-fumettisti-in-cdcm-pro\/\"},\"wordCount\":470,\"commentCount\":0,\"keywords\":[\"arena\",\"cdcm pro\",\"comunicazione\",\"conclusione\",\"fumettisti\"],\"articleSection\":[\"Comunicati stampa\"],\"inLanguage\":\"it-IT\",\"potentialAction\":[{\"@type\":\"CommentAction\",\"name\":\"Comment\",\"target\":[\"https:\/\/www.article-marketing.eu\/comunicati\/comunicati-stampa\/cinque-nuovi-fumettisti-in-cdcm-pro\/#respond\"]}]},{\"@type\":\"WebPage\",\"@id\":\"https:\/\/www.article-marketing.eu\/comunicati\/comunicati-stampa\/cinque-nuovi-fumettisti-in-cdcm-pro\/\",\"url\":\"https:\/\/www.article-marketing.eu\/comunicati\/comunicati-stampa\/cinque-nuovi-fumettisti-in-cdcm-pro\/\",\"name\":\"Cinque nuovi fumettisti in CDCM Pro! - Article Marketing\",\"isPartOf\":{\"@id\":\"https:\/\/www.article-marketing.eu\/comunicati\/#website\"},\"datePublished\":\"2008-12-04T10:14:05+00:00\",\"author\":{\"@id\":\"https:\/\/www.article-marketing.eu\/comunicati\/#\/schema\/person\/44372e4d4d0fa797b18e03ed1ace9017\"},\"breadcrumb\":{\"@id\":\"https:\/\/www.article-marketing.eu\/comunicati\/comunicati-stampa\/cinque-nuovi-fumettisti-in-cdcm-pro\/#breadcrumb\"},\"inLanguage\":\"it-IT\",\"potentialAction\":[{\"@type\":\"ReadAction\",\"target\":[\"https:\/\/www.article-marketing.eu\/comunicati\/comunicati-stampa\/cinque-nuovi-fumettisti-in-cdcm-pro\/\"]}]},{\"@type\":\"BreadcrumbList\",\"@id\":\"https:\/\/www.article-marketing.eu\/comunicati\/comunicati-stampa\/cinque-nuovi-fumettisti-in-cdcm-pro\/#breadcrumb\",\"itemListElement\":[{\"@type\":\"ListItem\",\"position\":1,\"name\":\"Home\",\"item\":\"https:\/\/www.article-marketing.eu\/comunicati\/\"},{\"@type\":\"ListItem\",\"position\":2,\"name\":\"Cinque nuovi fumettisti in CDCM Pro!\"}]},{\"@type\":\"WebSite\",\"@id\":\"https:\/\/www.article-marketing.eu\/comunicati\/#website\",\"url\":\"https:\/\/www.article-marketing.eu\/comunicati\/\",\"name\":\"Article Marketing\",\"description\":\"article marketing &amp; press release\",\"potentialAction\":[{\"@type\":\"SearchAction\",\"target\":{\"@type\":\"EntryPoint\",\"urlTemplate\":\"https:\/\/www.article-marketing.eu\/comunicati\/?s={search_term_string}\"},\"query-input\":{\"@type\":\"PropertyValueSpecification\",\"valueRequired\":true,\"valueName\":\"search_term_string\"}}],\"inLanguage\":\"it-IT\"},{\"@type\":\"Person\",\"@id\":\"https:\/\/www.article-marketing.eu\/comunicati\/#\/schema\/person\/44372e4d4d0fa797b18e03ed1ace9017\",\"name\":\"Redazione Comunicati Stampa\",\"image\":{\"@type\":\"ImageObject\",\"inLanguage\":\"it-IT\",\"@id\":\"https:\/\/www.article-marketing.eu\/comunicati\/#\/schema\/person\/image\/\",\"url\":\"https:\/\/secure.gravatar.com\/avatar\/50e5c6421d3072f42e7ace803501602c60d75233d34e29fd05feb91c8760b792?s=96&d=mm&r=g\",\"contentUrl\":\"https:\/\/secure.gravatar.com\/avatar\/50e5c6421d3072f42e7ace803501602c60d75233d34e29fd05feb91c8760b792?s=96&d=mm&r=g\",\"caption\":\"Redazione Comunicati Stampa\"},\"url\":\"https:\/\/www.article-marketing.eu\/comunicati\/author\/redazione-comunicati-stampa\/\"}]}<\/script>\n<!-- \/ Yoast SEO plugin. -->","yoast_head_json":{"title":"Cinque nuovi fumettisti in CDCM Pro! - Article Marketing","robots":{"index":"index","follow":"follow","max-snippet":"max-snippet:-1","max-image-preview":"max-image-preview:large","max-video-preview":"max-video-preview:-1"},"canonical":"https:\/\/www.article-marketing.eu\/comunicati\/comunicati-stampa\/cinque-nuovi-fumettisti-in-cdcm-pro\/","og_locale":"it_IT","og_type":"article","og_title":"Cinque nuovi fumettisti in CDCM Pro! - Article Marketing","og_description":"Altri cinque collaboratori, grazie all'Arena Pubblica su GU!, sono entrati concretamente nel team aziendale","og_url":"https:\/\/www.article-marketing.eu\/comunicati\/comunicati-stampa\/cinque-nuovi-fumettisti-in-cdcm-pro\/","og_site_name":"Article Marketing","article_published_time":"2008-12-04T10:14:05+00:00","author":"Redazione Comunicati Stampa","twitter_card":"summary_large_image","twitter_misc":{"Scritto da":"Redazione Comunicati Stampa","Tempo di lettura stimato":"2 minuti"},"schema":{"@context":"https:\/\/schema.org","@graph":[{"@type":"Article","@id":"https:\/\/www.article-marketing.eu\/comunicati\/comunicati-stampa\/cinque-nuovi-fumettisti-in-cdcm-pro\/#article","isPartOf":{"@id":"https:\/\/www.article-marketing.eu\/comunicati\/comunicati-stampa\/cinque-nuovi-fumettisti-in-cdcm-pro\/"},"author":{"name":"Redazione Comunicati Stampa","@id":"https:\/\/www.article-marketing.eu\/comunicati\/#\/schema\/person\/44372e4d4d0fa797b18e03ed1ace9017"},"headline":"Cinque nuovi fumettisti in CDCM Pro!","datePublished":"2008-12-04T10:14:05+00:00","mainEntityOfPage":{"@id":"https:\/\/www.article-marketing.eu\/comunicati\/comunicati-stampa\/cinque-nuovi-fumettisti-in-cdcm-pro\/"},"wordCount":470,"commentCount":0,"keywords":["arena","cdcm pro","comunicazione","conclusione","fumettisti"],"articleSection":["Comunicati stampa"],"inLanguage":"it-IT","potentialAction":[{"@type":"CommentAction","name":"Comment","target":["https:\/\/www.article-marketing.eu\/comunicati\/comunicati-stampa\/cinque-nuovi-fumettisti-in-cdcm-pro\/#respond"]}]},{"@type":"WebPage","@id":"https:\/\/www.article-marketing.eu\/comunicati\/comunicati-stampa\/cinque-nuovi-fumettisti-in-cdcm-pro\/","url":"https:\/\/www.article-marketing.eu\/comunicati\/comunicati-stampa\/cinque-nuovi-fumettisti-in-cdcm-pro\/","name":"Cinque nuovi fumettisti in CDCM Pro! - Article Marketing","isPartOf":{"@id":"https:\/\/www.article-marketing.eu\/comunicati\/#website"},"datePublished":"2008-12-04T10:14:05+00:00","author":{"@id":"https:\/\/www.article-marketing.eu\/comunicati\/#\/schema\/person\/44372e4d4d0fa797b18e03ed1ace9017"},"breadcrumb":{"@id":"https:\/\/www.article-marketing.eu\/comunicati\/comunicati-stampa\/cinque-nuovi-fumettisti-in-cdcm-pro\/#breadcrumb"},"inLanguage":"it-IT","potentialAction":[{"@type":"ReadAction","target":["https:\/\/www.article-marketing.eu\/comunicati\/comunicati-stampa\/cinque-nuovi-fumettisti-in-cdcm-pro\/"]}]},{"@type":"BreadcrumbList","@id":"https:\/\/www.article-marketing.eu\/comunicati\/comunicati-stampa\/cinque-nuovi-fumettisti-in-cdcm-pro\/#breadcrumb","itemListElement":[{"@type":"ListItem","position":1,"name":"Home","item":"https:\/\/www.article-marketing.eu\/comunicati\/"},{"@type":"ListItem","position":2,"name":"Cinque nuovi fumettisti in CDCM Pro!"}]},{"@type":"WebSite","@id":"https:\/\/www.article-marketing.eu\/comunicati\/#website","url":"https:\/\/www.article-marketing.eu\/comunicati\/","name":"Article Marketing","description":"article marketing &amp; press release","potentialAction":[{"@type":"SearchAction","target":{"@type":"EntryPoint","urlTemplate":"https:\/\/www.article-marketing.eu\/comunicati\/?s={search_term_string}"},"query-input":{"@type":"PropertyValueSpecification","valueRequired":true,"valueName":"search_term_string"}}],"inLanguage":"it-IT"},{"@type":"Person","@id":"https:\/\/www.article-marketing.eu\/comunicati\/#\/schema\/person\/44372e4d4d0fa797b18e03ed1ace9017","name":"Redazione Comunicati Stampa","image":{"@type":"ImageObject","inLanguage":"it-IT","@id":"https:\/\/www.article-marketing.eu\/comunicati\/#\/schema\/person\/image\/","url":"https:\/\/secure.gravatar.com\/avatar\/50e5c6421d3072f42e7ace803501602c60d75233d34e29fd05feb91c8760b792?s=96&d=mm&r=g","contentUrl":"https:\/\/secure.gravatar.com\/avatar\/50e5c6421d3072f42e7ace803501602c60d75233d34e29fd05feb91c8760b792?s=96&d=mm&r=g","caption":"Redazione Comunicati Stampa"},"url":"https:\/\/www.article-marketing.eu\/comunicati\/author\/redazione-comunicati-stampa\/"}]}},"_links":{"self":[{"href":"https:\/\/www.article-marketing.eu\/comunicati\/wp-json\/wp\/v2\/posts\/993","targetHints":{"allow":["GET"]}}],"collection":[{"href":"https:\/\/www.article-marketing.eu\/comunicati\/wp-json\/wp\/v2\/posts"}],"about":[{"href":"https:\/\/www.article-marketing.eu\/comunicati\/wp-json\/wp\/v2\/types\/post"}],"author":[{"embeddable":true,"href":"https:\/\/www.article-marketing.eu\/comunicati\/wp-json\/wp\/v2\/users\/10"}],"replies":[{"embeddable":true,"href":"https:\/\/www.article-marketing.eu\/comunicati\/wp-json\/wp\/v2\/comments?post=993"}],"version-history":[{"count":0,"href":"https:\/\/www.article-marketing.eu\/comunicati\/wp-json\/wp\/v2\/posts\/993\/revisions"}],"wp:attachment":[{"href":"https:\/\/www.article-marketing.eu\/comunicati\/wp-json\/wp\/v2\/media?parent=993"}],"wp:term":[{"taxonomy":"category","embeddable":true,"href":"https:\/\/www.article-marketing.eu\/comunicati\/wp-json\/wp\/v2\/categories?post=993"},{"taxonomy":"post_tag","embeddable":true,"href":"https:\/\/www.article-marketing.eu\/comunicati\/wp-json\/wp\/v2\/tags?post=993"}],"curies":[{"name":"wp","href":"https:\/\/api.w.org\/{rel}","templated":true}]}}