{"id":996,"date":"2008-12-04T15:51:11","date_gmt":"2008-12-04T14:51:11","guid":{"rendered":"http:\/\/www.article-marketing.eu\/comunicati\/senza-categoria\/a-riva-del-garda-ritorna-la-casa-di-babbo-natale\/"},"modified":"2008-12-04T15:51:11","modified_gmt":"2008-12-04T14:51:11","slug":"a-riva-del-garda-ritorna-la-casa-di-babbo-natale","status":"publish","type":"post","link":"https:\/\/www.article-marketing.eu\/comunicati\/viaggi-e-vacanze\/destinazioni\/a-riva-del-garda-ritorna-la-casa-di-babbo-natale\/","title":{"rendered":"A Riva del Garda ritorna la Casa di Babbo Natale"},"content":{"rendered":"<p>All\u2019interno della Rocca di Riva del Garda ritorna la Casa di Babbo Natale; il profumo di polenta e peverada riscalda le stradine di Canale di Tenno, mentre ad Arco prosegue il Mercatino, con un colorato spettacolo pirotecnico la sera dell\u2019Immacolata.<\/p>\n<p>Da sabato 6 a luned\u00ec 8 dicembre, numerosi sono gli eventi di spicco all\u2019interno del calendario delle manifestazioni dell\u2019Avvento promosse da Ingarda Trentino Spa.<\/p>\n<p>Ritorna, all\u2019interno della Rocca di Riva del Garda, la Casa di Babbo Natale: fino al 4 gennaio, ogni fine settimana e festivi dalle h 14 alle 18.30 (ingresso gratuito), la dimora di Babbo Natale e Nonna Natalina accoglier\u00e0 tutti i bambini all\u2019interno del Polo Nord, un angolo nordico in cui giocare, arredato con pupazzi di neve, igloo, cristalli di ghiaccio e morbidi cuscini. All\u2019interno della Casa, poi, l\u2019Angolo della Posta per imbucare la tradizionale letterina, e l\u2019Officina degli Elfi, dove i bambini potranno collaborare alla realizzazione dei regali, colorando i giochi e realizzando disegni e biglietti natalizi. E dopo tanto lavoro, tutti nella cucina di Nonna Natalina per gustare la Merenda! preferita dagli elfi: la cioccolata delle renne, il t\u00e8 delle feste o il succo polare, accompagnati da un dolce a sorpresa e qualche dolcetto Haribo. Ma il momento pi\u00f9 magico per i bambini sar\u00e0 sicuramente quello dell\u2019incontro con Babbo Natale, sabato 6 e domenica 7 dalle h 16.00 alle 18.00. Per aggiornamenti sul programma.<\/p>\n<p>Sempre a Riva del Garda, da sabato a luned\u00ec dalle h 10 alle 19, prosegue I Sensi del Natale, con la Piazza dei Sensi, le animazioni e i concerti.<\/p>\n<p>Nel borgo medievale di Canale avr\u00e0 inizio il Natale nel Tennese, con il mercatino dell\u2019artigianato e dei prodotti tipici, la Cucina delle Fiabe di Carde e Burba e la caccia al tesoro per i bambini, oltre alla classica polenta e \u201cpeverada\u201d, da sabato a luned\u00ec alle h 12.<\/p>\n<p>Luned\u00ec 8 dicembre, alle h 17.45, il Castello di Arco si colorer\u00e0 con le brillanti tinte dei fuochi d\u2019artificio dell\u2019Immacolata; alle h 18.15, nella Chiesa Collegiata, concerto con la Camerata Musicale Citt\u00e0 di Arco. Prosegue il tradizionale Mercatino della citt\u00e0 degli olivi: da venerd\u00ec a luned\u00ec, dalle 10 alle 19, sar\u00e0 possibile curiosare fra le casette di legno che circondano la Chiesa della Collegiata alla ricerca di idee originali per i doni natalizi, dalle candele agli addobbi, dai dolci ai vini locali, dai giochi agli oggetti in legno o ceramica. E per i pi\u00f9 piccoli, il Giardino Incantato e il Mercatino Junior, gli animali della fattoria, le renne di Babbo Natale (sabato e domenica dalle h 10 alle19), e il cammello Al\u00ec (sabato e domenica, dalle h 10 alle 12 e dalle14 alle 16). Infine, sabato, domenica e luned\u00ec alle h 10.30 si partir\u00e0 dal punto informazioni del Mercatino per una visita guidata gratuita al centro storico di Arco.<\/p>\n<p>Per info dettagliate: www.gardatrentino.it\/inverno <\/p>\n<p>Milano, 4 dicembre 2008<\/p>\n<p>Per ulteriori informazioni:<\/p>\n<p>Ingarda Trentino &#8211; Azienda per il Turismo S.p.A.<br \/>\nLargo Medaglie d\u2019Oro al Valor Militare, 5 &#8211; 38066 Riva del Garda (Tn)<br \/>\nTel. 0464 554444<br \/>\nE-mail: info@gardatrentino.it<\/p>\n","protected":false},"excerpt":{"rendered":"<p>All\u2019interno della Rocca di Riva del Garda ritorna la Casa di Babbo Natale; il profumo di polenta e peverada riscalda le stradine di Canale di Tenno, mentre ad Arco prosegue il Mercatino, con un colorato spettacolo pirotecnico la sera dell\u2019Immacolata.<br \/>\nTutto il programma su www.gardatrentino.it\/inverno<\/p>\n","protected":false},"author":10,"featured_media":0,"comment_status":"open","ping_status":"open","sticky":false,"template":"","format":"standard","meta":{"cybocfi_hide_featured_image":"","footnotes":""},"categories":[143],"tags":[3425,3423,456,2017,447,472,3424],"class_list":["post-996","post","type-post","status-publish","format-standard","hentry","category-destinazioni","tag-arco","tag-babbo-natale","tag-eventi","tag-manifestazioni","tag-mercatino","tag-natale","tag-riva-del-garda"],"yoast_head":"<!-- This site is optimized with the Yoast SEO plugin v27.0 - https:\/\/yoast.com\/product\/yoast-seo-wordpress\/ -->\n<title>A Riva del Garda ritorna la Casa di Babbo Natale - Article Marketing<\/title>\n<meta name=\"robots\" content=\"index, follow, max-snippet:-1, max-image-preview:large, max-video-preview:-1\" \/>\n<link rel=\"canonical\" href=\"https:\/\/www.article-marketing.eu\/comunicati\/viaggi-e-vacanze\/destinazioni\/a-riva-del-garda-ritorna-la-casa-di-babbo-natale\/\" \/>\n<meta property=\"og:locale\" content=\"it_IT\" \/>\n<meta property=\"og:type\" content=\"article\" \/>\n<meta property=\"og:title\" content=\"A Riva del Garda ritorna la Casa di Babbo Natale - Article Marketing\" \/>\n<meta property=\"og:description\" content=\"All\u2019interno della Rocca di Riva del Garda ritorna la Casa di Babbo Natale; il profumo di polenta e peverada riscalda le stradine di Canale di Tenno, mentre ad Arco prosegue il Mercatino, con un colorato spettacolo pirotecnico la sera dell\u2019Immacolata. Tutto il programma su www.gardatrentino.it\/inverno\" \/>\n<meta property=\"og:url\" content=\"https:\/\/www.article-marketing.eu\/comunicati\/viaggi-e-vacanze\/destinazioni\/a-riva-del-garda-ritorna-la-casa-di-babbo-natale\/\" \/>\n<meta property=\"og:site_name\" content=\"Article Marketing\" \/>\n<meta property=\"article:published_time\" content=\"2008-12-04T14:51:11+00:00\" \/>\n<meta name=\"author\" content=\"Redazione Comunicati Stampa\" \/>\n<meta name=\"twitter:card\" content=\"summary_large_image\" \/>\n<meta name=\"twitter:label1\" content=\"Scritto da\" \/>\n\t<meta name=\"twitter:data1\" content=\"Redazione Comunicati Stampa\" \/>\n\t<meta name=\"twitter:label2\" content=\"Tempo di lettura stimato\" \/>\n\t<meta name=\"twitter:data2\" content=\"2 minuti\" \/>\n<script type=\"application\/ld+json\" class=\"yoast-schema-graph\">{\"@context\":\"https:\/\/schema.org\",\"@graph\":[{\"@type\":\"Article\",\"@id\":\"https:\/\/www.article-marketing.eu\/comunicati\/viaggi-e-vacanze\/destinazioni\/a-riva-del-garda-ritorna-la-casa-di-babbo-natale\/#article\",\"isPartOf\":{\"@id\":\"https:\/\/www.article-marketing.eu\/comunicati\/viaggi-e-vacanze\/destinazioni\/a-riva-del-garda-ritorna-la-casa-di-babbo-natale\/\"},\"author\":{\"name\":\"Redazione Comunicati Stampa\",\"@id\":\"https:\/\/www.article-marketing.eu\/comunicati\/#\/schema\/person\/44372e4d4d0fa797b18e03ed1ace9017\"},\"headline\":\"A Riva del Garda ritorna la Casa di Babbo Natale\",\"datePublished\":\"2008-12-04T14:51:11+00:00\",\"mainEntityOfPage\":{\"@id\":\"https:\/\/www.article-marketing.eu\/comunicati\/viaggi-e-vacanze\/destinazioni\/a-riva-del-garda-ritorna-la-casa-di-babbo-natale\/\"},\"wordCount\":505,\"commentCount\":0,\"keywords\":[\"arco\",\"babbo natale\",\"eventi\",\"manifestazioni\",\"mercatino\",\"natale\",\"riva del garda\"],\"articleSection\":[\"Destinazioni\"],\"inLanguage\":\"it-IT\",\"potentialAction\":[{\"@type\":\"CommentAction\",\"name\":\"Comment\",\"target\":[\"https:\/\/www.article-marketing.eu\/comunicati\/viaggi-e-vacanze\/destinazioni\/a-riva-del-garda-ritorna-la-casa-di-babbo-natale\/#respond\"]}]},{\"@type\":\"WebPage\",\"@id\":\"https:\/\/www.article-marketing.eu\/comunicati\/viaggi-e-vacanze\/destinazioni\/a-riva-del-garda-ritorna-la-casa-di-babbo-natale\/\",\"url\":\"https:\/\/www.article-marketing.eu\/comunicati\/viaggi-e-vacanze\/destinazioni\/a-riva-del-garda-ritorna-la-casa-di-babbo-natale\/\",\"name\":\"A Riva del Garda ritorna la Casa di Babbo Natale - Article Marketing\",\"isPartOf\":{\"@id\":\"https:\/\/www.article-marketing.eu\/comunicati\/#website\"},\"datePublished\":\"2008-12-04T14:51:11+00:00\",\"author\":{\"@id\":\"https:\/\/www.article-marketing.eu\/comunicati\/#\/schema\/person\/44372e4d4d0fa797b18e03ed1ace9017\"},\"breadcrumb\":{\"@id\":\"https:\/\/www.article-marketing.eu\/comunicati\/viaggi-e-vacanze\/destinazioni\/a-riva-del-garda-ritorna-la-casa-di-babbo-natale\/#breadcrumb\"},\"inLanguage\":\"it-IT\",\"potentialAction\":[{\"@type\":\"ReadAction\",\"target\":[\"https:\/\/www.article-marketing.eu\/comunicati\/viaggi-e-vacanze\/destinazioni\/a-riva-del-garda-ritorna-la-casa-di-babbo-natale\/\"]}]},{\"@type\":\"BreadcrumbList\",\"@id\":\"https:\/\/www.article-marketing.eu\/comunicati\/viaggi-e-vacanze\/destinazioni\/a-riva-del-garda-ritorna-la-casa-di-babbo-natale\/#breadcrumb\",\"itemListElement\":[{\"@type\":\"ListItem\",\"position\":1,\"name\":\"Home\",\"item\":\"https:\/\/www.article-marketing.eu\/comunicati\/\"},{\"@type\":\"ListItem\",\"position\":2,\"name\":\"A Riva del Garda ritorna la Casa di Babbo Natale\"}]},{\"@type\":\"WebSite\",\"@id\":\"https:\/\/www.article-marketing.eu\/comunicati\/#website\",\"url\":\"https:\/\/www.article-marketing.eu\/comunicati\/\",\"name\":\"Article Marketing\",\"description\":\"article marketing &amp; press release\",\"potentialAction\":[{\"@type\":\"SearchAction\",\"target\":{\"@type\":\"EntryPoint\",\"urlTemplate\":\"https:\/\/www.article-marketing.eu\/comunicati\/?s={search_term_string}\"},\"query-input\":{\"@type\":\"PropertyValueSpecification\",\"valueRequired\":true,\"valueName\":\"search_term_string\"}}],\"inLanguage\":\"it-IT\"},{\"@type\":\"Person\",\"@id\":\"https:\/\/www.article-marketing.eu\/comunicati\/#\/schema\/person\/44372e4d4d0fa797b18e03ed1ace9017\",\"name\":\"Redazione Comunicati Stampa\",\"image\":{\"@type\":\"ImageObject\",\"inLanguage\":\"it-IT\",\"@id\":\"https:\/\/www.article-marketing.eu\/comunicati\/#\/schema\/person\/image\/\",\"url\":\"https:\/\/secure.gravatar.com\/avatar\/50e5c6421d3072f42e7ace803501602c60d75233d34e29fd05feb91c8760b792?s=96&d=mm&r=g\",\"contentUrl\":\"https:\/\/secure.gravatar.com\/avatar\/50e5c6421d3072f42e7ace803501602c60d75233d34e29fd05feb91c8760b792?s=96&d=mm&r=g\",\"caption\":\"Redazione Comunicati Stampa\"},\"url\":\"https:\/\/www.article-marketing.eu\/comunicati\/author\/redazione-comunicati-stampa\/\"}]}<\/script>\n<!-- \/ Yoast SEO plugin. -->","yoast_head_json":{"title":"A Riva del Garda ritorna la Casa di Babbo Natale - Article Marketing","robots":{"index":"index","follow":"follow","max-snippet":"max-snippet:-1","max-image-preview":"max-image-preview:large","max-video-preview":"max-video-preview:-1"},"canonical":"https:\/\/www.article-marketing.eu\/comunicati\/viaggi-e-vacanze\/destinazioni\/a-riva-del-garda-ritorna-la-casa-di-babbo-natale\/","og_locale":"it_IT","og_type":"article","og_title":"A Riva del Garda ritorna la Casa di Babbo Natale - Article Marketing","og_description":"All\u2019interno della Rocca di Riva del Garda ritorna la Casa di Babbo Natale; il profumo di polenta e peverada riscalda le stradine di Canale di Tenno, mentre ad Arco prosegue il Mercatino, con un colorato spettacolo pirotecnico la sera dell\u2019Immacolata. Tutto il programma su www.gardatrentino.it\/inverno","og_url":"https:\/\/www.article-marketing.eu\/comunicati\/viaggi-e-vacanze\/destinazioni\/a-riva-del-garda-ritorna-la-casa-di-babbo-natale\/","og_site_name":"Article Marketing","article_published_time":"2008-12-04T14:51:11+00:00","author":"Redazione Comunicati Stampa","twitter_card":"summary_large_image","twitter_misc":{"Scritto da":"Redazione Comunicati Stampa","Tempo di lettura stimato":"2 minuti"},"schema":{"@context":"https:\/\/schema.org","@graph":[{"@type":"Article","@id":"https:\/\/www.article-marketing.eu\/comunicati\/viaggi-e-vacanze\/destinazioni\/a-riva-del-garda-ritorna-la-casa-di-babbo-natale\/#article","isPartOf":{"@id":"https:\/\/www.article-marketing.eu\/comunicati\/viaggi-e-vacanze\/destinazioni\/a-riva-del-garda-ritorna-la-casa-di-babbo-natale\/"},"author":{"name":"Redazione Comunicati Stampa","@id":"https:\/\/www.article-marketing.eu\/comunicati\/#\/schema\/person\/44372e4d4d0fa797b18e03ed1ace9017"},"headline":"A Riva del Garda ritorna la Casa di Babbo Natale","datePublished":"2008-12-04T14:51:11+00:00","mainEntityOfPage":{"@id":"https:\/\/www.article-marketing.eu\/comunicati\/viaggi-e-vacanze\/destinazioni\/a-riva-del-garda-ritorna-la-casa-di-babbo-natale\/"},"wordCount":505,"commentCount":0,"keywords":["arco","babbo natale","eventi","manifestazioni","mercatino","natale","riva del garda"],"articleSection":["Destinazioni"],"inLanguage":"it-IT","potentialAction":[{"@type":"CommentAction","name":"Comment","target":["https:\/\/www.article-marketing.eu\/comunicati\/viaggi-e-vacanze\/destinazioni\/a-riva-del-garda-ritorna-la-casa-di-babbo-natale\/#respond"]}]},{"@type":"WebPage","@id":"https:\/\/www.article-marketing.eu\/comunicati\/viaggi-e-vacanze\/destinazioni\/a-riva-del-garda-ritorna-la-casa-di-babbo-natale\/","url":"https:\/\/www.article-marketing.eu\/comunicati\/viaggi-e-vacanze\/destinazioni\/a-riva-del-garda-ritorna-la-casa-di-babbo-natale\/","name":"A Riva del Garda ritorna la Casa di Babbo Natale - Article Marketing","isPartOf":{"@id":"https:\/\/www.article-marketing.eu\/comunicati\/#website"},"datePublished":"2008-12-04T14:51:11+00:00","author":{"@id":"https:\/\/www.article-marketing.eu\/comunicati\/#\/schema\/person\/44372e4d4d0fa797b18e03ed1ace9017"},"breadcrumb":{"@id":"https:\/\/www.article-marketing.eu\/comunicati\/viaggi-e-vacanze\/destinazioni\/a-riva-del-garda-ritorna-la-casa-di-babbo-natale\/#breadcrumb"},"inLanguage":"it-IT","potentialAction":[{"@type":"ReadAction","target":["https:\/\/www.article-marketing.eu\/comunicati\/viaggi-e-vacanze\/destinazioni\/a-riva-del-garda-ritorna-la-casa-di-babbo-natale\/"]}]},{"@type":"BreadcrumbList","@id":"https:\/\/www.article-marketing.eu\/comunicati\/viaggi-e-vacanze\/destinazioni\/a-riva-del-garda-ritorna-la-casa-di-babbo-natale\/#breadcrumb","itemListElement":[{"@type":"ListItem","position":1,"name":"Home","item":"https:\/\/www.article-marketing.eu\/comunicati\/"},{"@type":"ListItem","position":2,"name":"A Riva del Garda ritorna la Casa di Babbo Natale"}]},{"@type":"WebSite","@id":"https:\/\/www.article-marketing.eu\/comunicati\/#website","url":"https:\/\/www.article-marketing.eu\/comunicati\/","name":"Article Marketing","description":"article marketing &amp; press release","potentialAction":[{"@type":"SearchAction","target":{"@type":"EntryPoint","urlTemplate":"https:\/\/www.article-marketing.eu\/comunicati\/?s={search_term_string}"},"query-input":{"@type":"PropertyValueSpecification","valueRequired":true,"valueName":"search_term_string"}}],"inLanguage":"it-IT"},{"@type":"Person","@id":"https:\/\/www.article-marketing.eu\/comunicati\/#\/schema\/person\/44372e4d4d0fa797b18e03ed1ace9017","name":"Redazione Comunicati Stampa","image":{"@type":"ImageObject","inLanguage":"it-IT","@id":"https:\/\/www.article-marketing.eu\/comunicati\/#\/schema\/person\/image\/","url":"https:\/\/secure.gravatar.com\/avatar\/50e5c6421d3072f42e7ace803501602c60d75233d34e29fd05feb91c8760b792?s=96&d=mm&r=g","contentUrl":"https:\/\/secure.gravatar.com\/avatar\/50e5c6421d3072f42e7ace803501602c60d75233d34e29fd05feb91c8760b792?s=96&d=mm&r=g","caption":"Redazione Comunicati Stampa"},"url":"https:\/\/www.article-marketing.eu\/comunicati\/author\/redazione-comunicati-stampa\/"}]}},"_links":{"self":[{"href":"https:\/\/www.article-marketing.eu\/comunicati\/wp-json\/wp\/v2\/posts\/996","targetHints":{"allow":["GET"]}}],"collection":[{"href":"https:\/\/www.article-marketing.eu\/comunicati\/wp-json\/wp\/v2\/posts"}],"about":[{"href":"https:\/\/www.article-marketing.eu\/comunicati\/wp-json\/wp\/v2\/types\/post"}],"author":[{"embeddable":true,"href":"https:\/\/www.article-marketing.eu\/comunicati\/wp-json\/wp\/v2\/users\/10"}],"replies":[{"embeddable":true,"href":"https:\/\/www.article-marketing.eu\/comunicati\/wp-json\/wp\/v2\/comments?post=996"}],"version-history":[{"count":0,"href":"https:\/\/www.article-marketing.eu\/comunicati\/wp-json\/wp\/v2\/posts\/996\/revisions"}],"wp:attachment":[{"href":"https:\/\/www.article-marketing.eu\/comunicati\/wp-json\/wp\/v2\/media?parent=996"}],"wp:term":[{"taxonomy":"category","embeddable":true,"href":"https:\/\/www.article-marketing.eu\/comunicati\/wp-json\/wp\/v2\/categories?post=996"},{"taxonomy":"post_tag","embeddable":true,"href":"https:\/\/www.article-marketing.eu\/comunicati\/wp-json\/wp\/v2\/tags?post=996"}],"curies":[{"name":"wp","href":"https:\/\/api.w.org\/{rel}","templated":true}]}}