{"id":10041,"date":"2018-05-21T17:18:21","date_gmt":"2018-05-21T15:18:21","guid":{"rendered":"http:\/\/www.article-marketing.eu\/comunicatistampa\/?p=10041"},"modified":"2018-05-21T17:18:21","modified_gmt":"2018-05-21T15:18:21","slug":"quali-sono-i-colori-moda-estate-2018-che-indosseremo","status":"publish","type":"post","link":"https:\/\/www.article-marketing.eu\/comunicatistampa\/quali-sono-i-colori-moda-estate-2018-che-indosseremo\/","title":{"rendered":"Quali sono i colori moda Estate 2018 che indosseremo?"},"content":{"rendered":"<h2>Quali sono i colori moda Estate 2018 che indosseremo? <a href=\"http:\/\/www.cinamercato2003.it\/i-nostri-negozi\/\">Ingrosso cinese<\/a><\/h2>\n<p>Se non vi siete accorte, l\u2019estate \u00e8 alle porte e per non restare impreparate abbiamo pensato di selezionare i colori moda estate 2018 che la faranno da padrona in questa calda stagione.<\/p>\n<p>Le tendenze per quest\u2019estate si dividono in due: da un lato troviamo una palette molto forte e vivace che riprende i quadri fauvisti, mentre dall\u2019altro lato troviamo le tonalit\u00e0 di colore pastello adatti a capi leggeri caratterizzati da un tipo di estetica pi\u00f9 ironica. Possiamo aggiungere anche tutte le sfumature che riguardano il colore lavanda ed il rosa saranno molto di moda e protagonisti per look altamente chic ed eleganti. In realt\u00e0 il colore \u00e8 lo specchio della personalit\u00e0 di ogni donna, solo in casi eccezionali si esce fuori dagli schemi, ed in particolare quando si riscontrano stati d\u2019animo passeggeri.<\/p>\n<p>In questo articolo abbiamo pensato di realizzare una piccola guida sulle tonalit\u00e0 da poter sfoggiare, ed anche qualche piccolo consiglio su come abbinarli e portarli.<\/p>\n<h2>Abbiamo anche pensato che la pi\u00f9 classica delle domande in questo periodo dell\u2019anno non poteva che riguardare i colori moda estate 2018.<\/h2>\n<p>Pronti per la selezione dei colori, e partiamo proprio da n coloro poco fa annunciato:<\/p>\n<p>Lavanda: questo sar\u00e0 il colore che dominer\u00e0 incontrastato per tutta la stagione calda. E\u2019 un colore per definizione romantico ed allo stesso tempo molto elegante. Potrete indossarlo sia come tailleur maschile sia come capo d\u2019abbigliamento leggero, che scopre le forme passo dopo passo.<\/p>\n<p><strong>Viola<\/strong>: il Pantone quest\u2019anno ha suggerito una sua precisa tonalit\u00e0 di viola, Ultra Violet eleggendola colore dell\u2019anno 2018. Ha il potere di sedurre grazie alla sua natura misteriosa, associato anche al settimo chakra, dove si assiste alla fusione dell\u2019umano al divino. Potremmo dire a questo punto che la parola pi\u00f9 adatta \u00e8 \u201csperimentare\u201d.<\/p>\n<p><strong>Rapture rose<\/strong>: si tratta di una tonalit\u00e0 di rosa molto piena ed intensa, tipico colore indossato dalle principesse. Le grandi case della moda lo abbinano a tessuti molto leggeri e trasparenti.<\/p>\n<p><strong>Azzurro cielo<\/strong>: il colore che per definizione \u00e8 fresco ed estivo. Sinonimo di tempo ed umore sereno e rilassato. Adatto per abiti dal taglio midi o lunghi.<\/p>\n<p><strong>Verde chiaro<\/strong>: i colori moda estate 2018 si arricchiscono ancora con il colore verde chiaro, dopo un\u2019annata da padrone ritorna a gran voce. Ma la moda di quest\u2019anno suggerisce una tonalit\u00e0 molto delicata e fresca.<\/p>\n<p><strong>Verde militare<\/strong>: questo colore \u00e8 stato ormai identificato come un colore neutro al pari del beige, spesso utilizzato per spezzare un look elegante o sportivo con capi rubati dall\u2019armadio militare. Un colore adatto a chi in questa calda stagione si trover\u00e0 a combattere nella caotica giungla metropolitana quotidianamente.<\/p>\n<p><strong>Bianco latte<\/strong>: \u00e8 una sfumatura di bianco con la caratteristica di essere una tonalit\u00e0 molto calda e piena. Nulla in comune con il colore bianco ottico, dalla natura fredda. Un colore pensato per capi d\u2019abbigliamento adatti a viaggi esotici.<\/p>\n<p><strong>Cioccolato<\/strong>: ritorna tra i colori moda estate 2018 il colore marrone. Un colore intenso ed avvolgente al quale sar\u00e0 davvero difficile resistere a questa nuance, proprio come non si resiste ad un goloso cioccolatino.<\/p>\n<p><strong>Giallo<\/strong>: un classico di ogni estate. Un colore energico, vivace e solare, ma anche un tantino folle.<\/p>\n<h2><strong>Per concludere sui colori moda estate 2018<\/strong><\/h2>\n<p>I colori moda estate 2018 sono tanti e facilmente abbinabili, ovviamente non indossateli tutti insieme. Scegliete un colore che rispecchi il vostro modo di essere e vi sentirete sempre a vostro agio e sempre pi\u00f9 sicure di ci\u00f2 che farete.<\/p>\n<p>Se potrebbe interessarti leggi anche il nostro articolo : <a href=\"https:\/\/www.article-marketing.eu\/comunicatistampa\/costumi-da-bagno-2018-si-inizia-a-respirare-un-sapore-destate\/\">costumi da bagno 2018<\/a><\/p>\n","protected":false},"excerpt":{"rendered":"<p>Quali sono i colori moda Estate 2018 che indosseremo? Ingrosso cinese Se non vi siete accorte, l\u2019estate \u00e8 alle porte e per non restare impreparate abbiamo pensato di selezionare i colori moda estate 2018 che la faranno da padrona in questa calda stagione. Le tendenze per quest\u2019estate si dividono in due: da un lato troviamo una palette molto forte e vivace che riprende i quadri fauvisti, mentre dall\u2019altro lato troviamo<\/p>\n<p><a class=\"continue-reading\" href=\"https:\/\/www.article-marketing.eu\/comunicatistampa\/quali-sono-i-colori-moda-estate-2018-che-indosseremo\/\">Continue reading&#8230;<\/a><\/p>\n","protected":false},"author":1640,"featured_media":0,"comment_status":"open","ping_status":"open","sticky":false,"template":"","format":"standard","meta":{"_monsterinsights_skip_tracking":false,"_monsterinsights_sitenote_active":false,"_monsterinsights_sitenote_note":"","_monsterinsights_sitenote_category":0,"footnotes":""},"categories":[363,367],"tags":[],"class_list":["post-10041","post","type-post","status-publish","format-standard","hentry","category-abbigliamento-e-accessori","category-news-e-attualita"],"yoast_head":"<!-- This site is optimized with the Yoast SEO plugin v27.3 - https:\/\/yoast.com\/product\/yoast-seo-wordpress\/ -->\n<title>Quali sono i colori moda Estate 2018 che indosseremo?<\/title>\n<meta name=\"description\" content=\"Quali sono i colori moda Estate 2018 che indosseremo? Se non vi siete accorte, l\u2019estate \u00e8 alle porte e per non restare impreparate abbiamo pensato di selezionare i colori moda estate 2018 che la faranno da padrona in questa calda stagione.\" \/>\n<meta name=\"robots\" content=\"index, follow, max-snippet:-1, max-image-preview:large, max-video-preview:-1\" \/>\n<link rel=\"canonical\" href=\"https:\/\/www.article-marketing.eu\/comunicatistampa\/quali-sono-i-colori-moda-estate-2018-che-indosseremo\/\" \/>\n<meta property=\"og:locale\" content=\"it_IT\" \/>\n<meta property=\"og:type\" content=\"article\" \/>\n<meta property=\"og:title\" content=\"Quali sono i colori moda Estate 2018 che indosseremo?\" \/>\n<meta property=\"og:description\" content=\"Quali sono i colori moda Estate 2018 che indosseremo? Se non vi siete accorte, l\u2019estate \u00e8 alle porte e per non restare impreparate abbiamo pensato di selezionare i colori moda estate 2018 che la faranno da padrona in questa calda stagione.\" \/>\n<meta property=\"og:url\" content=\"https:\/\/www.article-marketing.eu\/comunicatistampa\/quali-sono-i-colori-moda-estate-2018-che-indosseremo\/\" \/>\n<meta property=\"og:site_name\" content=\"Article Marketing\" \/>\n<meta property=\"article:published_time\" content=\"2018-05-21T15:18:21+00:00\" \/>\n<meta name=\"author\" content=\"cinamercato2003\" \/>\n<meta name=\"twitter:card\" content=\"summary_large_image\" \/>\n<meta name=\"twitter:label1\" content=\"Scritto da\" \/>\n\t<meta name=\"twitter:data1\" content=\"cinamercato2003\" \/>\n\t<meta name=\"twitter:label2\" content=\"Tempo di lettura stimato\" \/>\n\t<meta name=\"twitter:data2\" content=\"3 minuti\" \/>\n<script type=\"application\/ld+json\" class=\"yoast-schema-graph\">{\"@context\":\"https:\\\/\\\/schema.org\",\"@graph\":[{\"@type\":\"Article\",\"@id\":\"https:\\\/\\\/www.article-marketing.eu\\\/comunicatistampa\\\/quali-sono-i-colori-moda-estate-2018-che-indosseremo\\\/#article\",\"isPartOf\":{\"@id\":\"https:\\\/\\\/www.article-marketing.eu\\\/comunicatistampa\\\/quali-sono-i-colori-moda-estate-2018-che-indosseremo\\\/\"},\"author\":{\"name\":\"cinamercato2003\",\"@id\":\"https:\\\/\\\/www.article-marketing.eu\\\/comunicatistampa\\\/#\\\/schema\\\/person\\\/4f5e0d8048cc94770df02953841743f1\"},\"headline\":\"Quali sono i colori moda Estate 2018 che indosseremo?\",\"datePublished\":\"2018-05-21T15:18:21+00:00\",\"mainEntityOfPage\":{\"@id\":\"https:\\\/\\\/www.article-marketing.eu\\\/comunicatistampa\\\/quali-sono-i-colori-moda-estate-2018-che-indosseremo\\\/\"},\"wordCount\":597,\"commentCount\":0,\"articleSection\":[\"Abbigliamento e accessori\",\"News e Attualit\u00e0\"],\"inLanguage\":\"it-IT\",\"potentialAction\":[{\"@type\":\"CommentAction\",\"name\":\"Comment\",\"target\":[\"https:\\\/\\\/www.article-marketing.eu\\\/comunicatistampa\\\/quali-sono-i-colori-moda-estate-2018-che-indosseremo\\\/#respond\"]}]},{\"@type\":\"WebPage\",\"@id\":\"https:\\\/\\\/www.article-marketing.eu\\\/comunicatistampa\\\/quali-sono-i-colori-moda-estate-2018-che-indosseremo\\\/\",\"url\":\"https:\\\/\\\/www.article-marketing.eu\\\/comunicatistampa\\\/quali-sono-i-colori-moda-estate-2018-che-indosseremo\\\/\",\"name\":\"Quali sono i colori moda Estate 2018 che indosseremo?\",\"isPartOf\":{\"@id\":\"https:\\\/\\\/www.article-marketing.eu\\\/comunicatistampa\\\/#website\"},\"datePublished\":\"2018-05-21T15:18:21+00:00\",\"author\":{\"@id\":\"https:\\\/\\\/www.article-marketing.eu\\\/comunicatistampa\\\/#\\\/schema\\\/person\\\/4f5e0d8048cc94770df02953841743f1\"},\"description\":\"Quali sono i colori moda Estate 2018 che indosseremo? Se non vi siete accorte, l\u2019estate \u00e8 alle porte e per non restare impreparate abbiamo pensato di selezionare i colori moda estate 2018 che la faranno da padrona in questa calda stagione.\",\"breadcrumb\":{\"@id\":\"https:\\\/\\\/www.article-marketing.eu\\\/comunicatistampa\\\/quali-sono-i-colori-moda-estate-2018-che-indosseremo\\\/#breadcrumb\"},\"inLanguage\":\"it-IT\",\"potentialAction\":[{\"@type\":\"ReadAction\",\"target\":[\"https:\\\/\\\/www.article-marketing.eu\\\/comunicatistampa\\\/quali-sono-i-colori-moda-estate-2018-che-indosseremo\\\/\"]}]},{\"@type\":\"BreadcrumbList\",\"@id\":\"https:\\\/\\\/www.article-marketing.eu\\\/comunicatistampa\\\/quali-sono-i-colori-moda-estate-2018-che-indosseremo\\\/#breadcrumb\",\"itemListElement\":[{\"@type\":\"ListItem\",\"position\":1,\"name\":\"Home\",\"item\":\"https:\\\/\\\/www.article-marketing.eu\\\/comunicatistampa\\\/\"},{\"@type\":\"ListItem\",\"position\":2,\"name\":\"Quali sono i colori moda Estate 2018 che indosseremo?\"}]},{\"@type\":\"WebSite\",\"@id\":\"https:\\\/\\\/www.article-marketing.eu\\\/comunicatistampa\\\/#website\",\"url\":\"https:\\\/\\\/www.article-marketing.eu\\\/comunicatistampa\\\/\",\"name\":\"Article Marketing\",\"description\":\"article marketing &amp; press release\",\"potentialAction\":[{\"@type\":\"SearchAction\",\"target\":{\"@type\":\"EntryPoint\",\"urlTemplate\":\"https:\\\/\\\/www.article-marketing.eu\\\/comunicatistampa\\\/?s={search_term_string}\"},\"query-input\":{\"@type\":\"PropertyValueSpecification\",\"valueRequired\":true,\"valueName\":\"search_term_string\"}}],\"inLanguage\":\"it-IT\"},{\"@type\":\"Person\",\"@id\":\"https:\\\/\\\/www.article-marketing.eu\\\/comunicatistampa\\\/#\\\/schema\\\/person\\\/4f5e0d8048cc94770df02953841743f1\",\"name\":\"cinamercato2003\",\"image\":{\"@type\":\"ImageObject\",\"inLanguage\":\"it-IT\",\"@id\":\"https:\\\/\\\/secure.gravatar.com\\\/avatar\\\/6154116dbd2c9fed46fe7b5f06bcbf88dad176b013639ae56653ba0cf087b9dc?s=96&d=mm&r=g\",\"url\":\"https:\\\/\\\/secure.gravatar.com\\\/avatar\\\/6154116dbd2c9fed46fe7b5f06bcbf88dad176b013639ae56653ba0cf087b9dc?s=96&d=mm&r=g\",\"contentUrl\":\"https:\\\/\\\/secure.gravatar.com\\\/avatar\\\/6154116dbd2c9fed46fe7b5f06bcbf88dad176b013639ae56653ba0cf087b9dc?s=96&d=mm&r=g\",\"caption\":\"cinamercato2003\"},\"url\":\"https:\\\/\\\/www.article-marketing.eu\\\/comunicatistampa\\\/author\\\/cinamercato2003\\\/\"}]}<\/script>\n<!-- \/ Yoast SEO plugin. -->","yoast_head_json":{"title":"Quali sono i colori moda Estate 2018 che indosseremo?","description":"Quali sono i colori moda Estate 2018 che indosseremo? Se non vi siete accorte, l\u2019estate \u00e8 alle porte e per non restare impreparate abbiamo pensato di selezionare i colori moda estate 2018 che la faranno da padrona in questa calda stagione.","robots":{"index":"index","follow":"follow","max-snippet":"max-snippet:-1","max-image-preview":"max-image-preview:large","max-video-preview":"max-video-preview:-1"},"canonical":"https:\/\/www.article-marketing.eu\/comunicatistampa\/quali-sono-i-colori-moda-estate-2018-che-indosseremo\/","og_locale":"it_IT","og_type":"article","og_title":"Quali sono i colori moda Estate 2018 che indosseremo?","og_description":"Quali sono i colori moda Estate 2018 che indosseremo? Se non vi siete accorte, l\u2019estate \u00e8 alle porte e per non restare impreparate abbiamo pensato di selezionare i colori moda estate 2018 che la faranno da padrona in questa calda stagione.","og_url":"https:\/\/www.article-marketing.eu\/comunicatistampa\/quali-sono-i-colori-moda-estate-2018-che-indosseremo\/","og_site_name":"Article Marketing","article_published_time":"2018-05-21T15:18:21+00:00","author":"cinamercato2003","twitter_card":"summary_large_image","twitter_misc":{"Scritto da":"cinamercato2003","Tempo di lettura stimato":"3 minuti"},"schema":{"@context":"https:\/\/schema.org","@graph":[{"@type":"Article","@id":"https:\/\/www.article-marketing.eu\/comunicatistampa\/quali-sono-i-colori-moda-estate-2018-che-indosseremo\/#article","isPartOf":{"@id":"https:\/\/www.article-marketing.eu\/comunicatistampa\/quali-sono-i-colori-moda-estate-2018-che-indosseremo\/"},"author":{"name":"cinamercato2003","@id":"https:\/\/www.article-marketing.eu\/comunicatistampa\/#\/schema\/person\/4f5e0d8048cc94770df02953841743f1"},"headline":"Quali sono i colori moda Estate 2018 che indosseremo?","datePublished":"2018-05-21T15:18:21+00:00","mainEntityOfPage":{"@id":"https:\/\/www.article-marketing.eu\/comunicatistampa\/quali-sono-i-colori-moda-estate-2018-che-indosseremo\/"},"wordCount":597,"commentCount":0,"articleSection":["Abbigliamento e accessori","News e Attualit\u00e0"],"inLanguage":"it-IT","potentialAction":[{"@type":"CommentAction","name":"Comment","target":["https:\/\/www.article-marketing.eu\/comunicatistampa\/quali-sono-i-colori-moda-estate-2018-che-indosseremo\/#respond"]}]},{"@type":"WebPage","@id":"https:\/\/www.article-marketing.eu\/comunicatistampa\/quali-sono-i-colori-moda-estate-2018-che-indosseremo\/","url":"https:\/\/www.article-marketing.eu\/comunicatistampa\/quali-sono-i-colori-moda-estate-2018-che-indosseremo\/","name":"Quali sono i colori moda Estate 2018 che indosseremo?","isPartOf":{"@id":"https:\/\/www.article-marketing.eu\/comunicatistampa\/#website"},"datePublished":"2018-05-21T15:18:21+00:00","author":{"@id":"https:\/\/www.article-marketing.eu\/comunicatistampa\/#\/schema\/person\/4f5e0d8048cc94770df02953841743f1"},"description":"Quali sono i colori moda Estate 2018 che indosseremo? Se non vi siete accorte, l\u2019estate \u00e8 alle porte e per non restare impreparate abbiamo pensato di selezionare i colori moda estate 2018 che la faranno da padrona in questa calda stagione.","breadcrumb":{"@id":"https:\/\/www.article-marketing.eu\/comunicatistampa\/quali-sono-i-colori-moda-estate-2018-che-indosseremo\/#breadcrumb"},"inLanguage":"it-IT","potentialAction":[{"@type":"ReadAction","target":["https:\/\/www.article-marketing.eu\/comunicatistampa\/quali-sono-i-colori-moda-estate-2018-che-indosseremo\/"]}]},{"@type":"BreadcrumbList","@id":"https:\/\/www.article-marketing.eu\/comunicatistampa\/quali-sono-i-colori-moda-estate-2018-che-indosseremo\/#breadcrumb","itemListElement":[{"@type":"ListItem","position":1,"name":"Home","item":"https:\/\/www.article-marketing.eu\/comunicatistampa\/"},{"@type":"ListItem","position":2,"name":"Quali sono i colori moda Estate 2018 che indosseremo?"}]},{"@type":"WebSite","@id":"https:\/\/www.article-marketing.eu\/comunicatistampa\/#website","url":"https:\/\/www.article-marketing.eu\/comunicatistampa\/","name":"Article Marketing","description":"article marketing &amp; press release","potentialAction":[{"@type":"SearchAction","target":{"@type":"EntryPoint","urlTemplate":"https:\/\/www.article-marketing.eu\/comunicatistampa\/?s={search_term_string}"},"query-input":{"@type":"PropertyValueSpecification","valueRequired":true,"valueName":"search_term_string"}}],"inLanguage":"it-IT"},{"@type":"Person","@id":"https:\/\/www.article-marketing.eu\/comunicatistampa\/#\/schema\/person\/4f5e0d8048cc94770df02953841743f1","name":"cinamercato2003","image":{"@type":"ImageObject","inLanguage":"it-IT","@id":"https:\/\/secure.gravatar.com\/avatar\/6154116dbd2c9fed46fe7b5f06bcbf88dad176b013639ae56653ba0cf087b9dc?s=96&d=mm&r=g","url":"https:\/\/secure.gravatar.com\/avatar\/6154116dbd2c9fed46fe7b5f06bcbf88dad176b013639ae56653ba0cf087b9dc?s=96&d=mm&r=g","contentUrl":"https:\/\/secure.gravatar.com\/avatar\/6154116dbd2c9fed46fe7b5f06bcbf88dad176b013639ae56653ba0cf087b9dc?s=96&d=mm&r=g","caption":"cinamercato2003"},"url":"https:\/\/www.article-marketing.eu\/comunicatistampa\/author\/cinamercato2003\/"}]}},"_links":{"self":[{"href":"https:\/\/www.article-marketing.eu\/comunicatistampa\/wp-json\/wp\/v2\/posts\/10041","targetHints":{"allow":["GET"]}}],"collection":[{"href":"https:\/\/www.article-marketing.eu\/comunicatistampa\/wp-json\/wp\/v2\/posts"}],"about":[{"href":"https:\/\/www.article-marketing.eu\/comunicatistampa\/wp-json\/wp\/v2\/types\/post"}],"author":[{"embeddable":true,"href":"https:\/\/www.article-marketing.eu\/comunicatistampa\/wp-json\/wp\/v2\/users\/1640"}],"replies":[{"embeddable":true,"href":"https:\/\/www.article-marketing.eu\/comunicatistampa\/wp-json\/wp\/v2\/comments?post=10041"}],"version-history":[{"count":2,"href":"https:\/\/www.article-marketing.eu\/comunicatistampa\/wp-json\/wp\/v2\/posts\/10041\/revisions"}],"predecessor-version":[{"id":10091,"href":"https:\/\/www.article-marketing.eu\/comunicatistampa\/wp-json\/wp\/v2\/posts\/10041\/revisions\/10091"}],"wp:attachment":[{"href":"https:\/\/www.article-marketing.eu\/comunicatistampa\/wp-json\/wp\/v2\/media?parent=10041"}],"wp:term":[{"taxonomy":"category","embeddable":true,"href":"https:\/\/www.article-marketing.eu\/comunicatistampa\/wp-json\/wp\/v2\/categories?post=10041"},{"taxonomy":"post_tag","embeddable":true,"href":"https:\/\/www.article-marketing.eu\/comunicatistampa\/wp-json\/wp\/v2\/tags?post=10041"}],"curies":[{"name":"wp","href":"https:\/\/api.w.org\/{rel}","templated":true}]}}