{"id":10065,"date":"2018-05-21T17:21:29","date_gmt":"2018-05-21T15:21:29","guid":{"rendered":"http:\/\/www.article-marketing.eu\/comunicatistampa\/?p=10065"},"modified":"2018-05-21T17:21:29","modified_gmt":"2018-05-21T15:21:29","slug":"lords-of-verona-larte-fotografica-di-maurizio-marcato-rivela-lanima-poetica-di-verona","status":"publish","type":"post","link":"https:\/\/www.article-marketing.eu\/comunicatistampa\/lords-of-verona-larte-fotografica-di-maurizio-marcato-rivela-lanima-poetica-di-verona\/","title":{"rendered":"Lords of Verona: l\u2019arte fotografica di Maurizio Marcato rivela l\u2019anima poetica di Verona"},"content":{"rendered":"<p class=\"p1\">Verona, 18 Maggio 2018 &#8211; \u00c8 stato inaugurato ufficialmente ieri, gioved\u00ec 17 maggio, Lords of Verona, hotel dal design raffinato e contemporaneo situato in Piazza dei Signori, nel centro storico della citt\u00e0 scaligera, che ha visto l\u2019intervento del fotografo internazionale Maurizio Marcato nella resa estetica del progetto di interior e lighting design, curato dall\u2019architetto Simone Micheli. Tutte le pareti delle lussuose suite sono decorate, infatti, dagli scatti panoramici di Maurizio Marcato che ritraggono la citt\u00e0 di Verona: dalle fondamenta romane, ai monumenti medievali fino ad arrivare alle costruzioni austriache. L\u2019atmosfera vibrante e luminosa della citt\u00e0 vive nelle stanze di Lords of Verona, svelando un racconto avvincente, fatto di storia, cultura, arte e passione.<\/p>\n<p class=\"p1\">\u201cNel mio lavoro di ricerca iconografica sulla citt\u00e0 di Verona, ho voluto cogliere gli scorci paesaggistici pi\u00f9 emozionanti per fissarli sulle pareti delle stanze di Lords of Verona in un\u2019intima fusione tra dentro e fuori, offrendo all\u2019ospite un\u2019immersione totale in una citt\u00e0 costruita da mani antiche, conosciuta in tutto il mondo per la sua bellezza\u201d ha affermato Maurizio Marcato, raccontando il concept artistico del suo progetto fotografico. \u201cDal realismo materico del bianco e nero delle mie fotografie si sviluppano suggestioni artistiche intense che riempiono le pareti e vivono nell\u2019architettura contemporanea dell\u2019amico Simone Micheli\u201d.<\/p>\n<p class=\"p1\">Passeggiare per Piazza Bra con la sua Arena, visitare il Teatro Romano, attraversare Ponte Pietra, passando per Piazza delle Erbe, salire sulla Torre dei Lamberti e sulla Scala della Ragione: nei suoi scatti Maurizio Marcato ha saputo ricreare un vero e proprio tour di Verona, cogliendo luoghi vissuti e suggestivi, di forte impatto visivo, che come una finestra sulla citt\u00e0 si offrono all\u2019osservatore e testimoniano silenziosi un passato glorioso, a volte dimenticato. Soggiornare negli ambienti dell\u2019hotel significa percepire l\u2019anima di Verona, immergendosi in un luogo moderno e senza tempo, dove eleganza ed autenticit\u00e0 riverberano in ogni angolo. Le fotografie di Maurizio Marcato si sposano alla perfezione con l\u2019energia della luce e la naturalit\u00e0 dei materiali utilizzati nel progetto di interni.<\/p>\n<p class=\"p1\">Il restauro conservativo dell\u2019edificio, ad opera dall\u2019architetto Marco Molon, ha riqualificato ed esaltato la storicit\u00e0 del palazzo veronese; l\u2019intervento poi di Simone Micheli ha dato forma a futuristici luxury apartments: 32 bilocali, trilocali e duplex tra i 50 e i 110 mq arredati con semplicit\u00e0 e grande eleganza, dotati della pi\u00f9 moderna tecnologia domotica. Tutto concorre alla sensazione di benessere e serenit\u00e0 di chi sceglie di soggiornare nel lusso esclusivo di questa location indimenticabile nel cuore di Verona.<\/p>\n<p class=\"p1\">Maurizio Marcato Press office:<\/p>\n<p class=\"p1\">Terzomillennium &#8211; <a href=\"mailto:barbara@terzomillennium.net\">barbara@terzomillennium.net<\/a><\/p>\n<p class=\"p1\">+39 045 6050601 &#8211; <a href=\"http:\/\/www.mauriziomarcato.com\">www.mauriziomarcato.com<\/a><\/p>\n","protected":false},"excerpt":{"rendered":"<p>Verona, 18 Maggio 2018 &#8211; \u00c8 stato inaugurato ufficialmente ieri, gioved\u00ec 17 maggio, Lords of Verona, hotel dal design raffinato e contemporaneo situato in Piazza dei Signori, nel centro storico della citt\u00e0 scaligera, che ha visto l\u2019intervento del fotografo internazionale Maurizio Marcato nella resa estetica del progetto di interior e lighting design, curato dall\u2019architetto Simone Micheli. Tutte le pareti delle lussuose suite sono decorate, infatti, dagli scatti panoramici di Maurizio<\/p>\n<p><a class=\"continue-reading\" href=\"https:\/\/www.article-marketing.eu\/comunicatistampa\/lords-of-verona-larte-fotografica-di-maurizio-marcato-rivela-lanima-poetica-di-verona\/\">Continue reading&#8230;<\/a><\/p>\n","protected":false},"author":344,"featured_media":0,"comment_status":"open","ping_status":"open","sticky":false,"template":"","format":"standard","meta":{"_monsterinsights_skip_tracking":false,"_monsterinsights_sitenote_active":false,"_monsterinsights_sitenote_note":"","_monsterinsights_sitenote_category":0,"footnotes":""},"categories":[78,349],"tags":[4175,516,4177,2362,4174,2411,4176,3036],"class_list":["post-10065","post","type-post","status-publish","format-standard","hentry","category-comunicati-stampa","category-hotels-e-alberghi","tag-design-contract","tag-fotografia","tag-hotel-verona","tag-interior-design","tag-lords-of-verona","tag-maurizio-marcato","tag-simone-micheli","tag-verona"],"yoast_head":"<!-- This site is optimized with the Yoast SEO plugin v27.3 - https:\/\/yoast.com\/product\/yoast-seo-wordpress\/ -->\n<title>Lords of Verona: l\u2019arte fotografica di Maurizio Marcato rivela l\u2019anima poetica di Verona - Article Marketing<\/title>\n<meta name=\"robots\" content=\"index, follow, max-snippet:-1, max-image-preview:large, max-video-preview:-1\" \/>\n<link rel=\"canonical\" href=\"https:\/\/www.article-marketing.eu\/comunicatistampa\/lords-of-verona-larte-fotografica-di-maurizio-marcato-rivela-lanima-poetica-di-verona\/\" \/>\n<meta property=\"og:locale\" content=\"it_IT\" \/>\n<meta property=\"og:type\" content=\"article\" \/>\n<meta property=\"og:title\" content=\"Lords of Verona: l\u2019arte fotografica di Maurizio Marcato rivela l\u2019anima poetica di Verona - Article Marketing\" \/>\n<meta property=\"og:description\" content=\"Verona, 18 Maggio 2018 &#8211; \u00c8 stato inaugurato ufficialmente ieri, gioved\u00ec 17 maggio, Lords of Verona, hotel dal design raffinato e contemporaneo situato in Piazza dei Signori, nel centro storico della citt\u00e0 scaligera, che ha visto l\u2019intervento del fotografo internazionale Maurizio Marcato nella resa estetica del progetto di interior e lighting design, curato dall\u2019architetto Simone Micheli. Tutte le pareti delle lussuose suite sono decorate, infatti, dagli scatti panoramici di MaurizioContinue reading...\" \/>\n<meta property=\"og:url\" content=\"https:\/\/www.article-marketing.eu\/comunicatistampa\/lords-of-verona-larte-fotografica-di-maurizio-marcato-rivela-lanima-poetica-di-verona\/\" \/>\n<meta property=\"og:site_name\" content=\"Article Marketing\" \/>\n<meta property=\"article:published_time\" content=\"2018-05-21T15:21:29+00:00\" \/>\n<meta name=\"author\" content=\"terzomillennium\" \/>\n<meta name=\"twitter:card\" content=\"summary_large_image\" \/>\n<meta name=\"twitter:label1\" content=\"Scritto da\" \/>\n\t<meta name=\"twitter:data1\" content=\"terzomillennium\" \/>\n\t<meta name=\"twitter:label2\" content=\"Tempo di lettura stimato\" \/>\n\t<meta name=\"twitter:data2\" content=\"2 minuti\" \/>\n<script type=\"application\/ld+json\" class=\"yoast-schema-graph\">{\"@context\":\"https:\\\/\\\/schema.org\",\"@graph\":[{\"@type\":\"Article\",\"@id\":\"https:\\\/\\\/www.article-marketing.eu\\\/comunicatistampa\\\/lords-of-verona-larte-fotografica-di-maurizio-marcato-rivela-lanima-poetica-di-verona\\\/#article\",\"isPartOf\":{\"@id\":\"https:\\\/\\\/www.article-marketing.eu\\\/comunicatistampa\\\/lords-of-verona-larte-fotografica-di-maurizio-marcato-rivela-lanima-poetica-di-verona\\\/\"},\"author\":{\"name\":\"terzomillennium\",\"@id\":\"https:\\\/\\\/www.article-marketing.eu\\\/comunicatistampa\\\/#\\\/schema\\\/person\\\/dbe4c5d399df926e2213f28673797307\"},\"headline\":\"Lords of Verona: l\u2019arte fotografica di Maurizio Marcato rivela l\u2019anima poetica di Verona\",\"datePublished\":\"2018-05-21T15:21:29+00:00\",\"mainEntityOfPage\":{\"@id\":\"https:\\\/\\\/www.article-marketing.eu\\\/comunicatistampa\\\/lords-of-verona-larte-fotografica-di-maurizio-marcato-rivela-lanima-poetica-di-verona\\\/\"},\"wordCount\":440,\"commentCount\":0,\"keywords\":[\"design contract\",\"Fotografia\",\"hotel verona\",\"interior design\",\"lords of verona\",\"Maurizio Marcato\",\"simone micheli\",\"Verona\"],\"articleSection\":[\"Comunicati stampa\",\"Hotels e Alberghi\"],\"inLanguage\":\"it-IT\",\"potentialAction\":[{\"@type\":\"CommentAction\",\"name\":\"Comment\",\"target\":[\"https:\\\/\\\/www.article-marketing.eu\\\/comunicatistampa\\\/lords-of-verona-larte-fotografica-di-maurizio-marcato-rivela-lanima-poetica-di-verona\\\/#respond\"]}]},{\"@type\":\"WebPage\",\"@id\":\"https:\\\/\\\/www.article-marketing.eu\\\/comunicatistampa\\\/lords-of-verona-larte-fotografica-di-maurizio-marcato-rivela-lanima-poetica-di-verona\\\/\",\"url\":\"https:\\\/\\\/www.article-marketing.eu\\\/comunicatistampa\\\/lords-of-verona-larte-fotografica-di-maurizio-marcato-rivela-lanima-poetica-di-verona\\\/\",\"name\":\"Lords of Verona: l\u2019arte fotografica di Maurizio Marcato rivela l\u2019anima poetica di Verona - Article Marketing\",\"isPartOf\":{\"@id\":\"https:\\\/\\\/www.article-marketing.eu\\\/comunicatistampa\\\/#website\"},\"datePublished\":\"2018-05-21T15:21:29+00:00\",\"author\":{\"@id\":\"https:\\\/\\\/www.article-marketing.eu\\\/comunicatistampa\\\/#\\\/schema\\\/person\\\/dbe4c5d399df926e2213f28673797307\"},\"breadcrumb\":{\"@id\":\"https:\\\/\\\/www.article-marketing.eu\\\/comunicatistampa\\\/lords-of-verona-larte-fotografica-di-maurizio-marcato-rivela-lanima-poetica-di-verona\\\/#breadcrumb\"},\"inLanguage\":\"it-IT\",\"potentialAction\":[{\"@type\":\"ReadAction\",\"target\":[\"https:\\\/\\\/www.article-marketing.eu\\\/comunicatistampa\\\/lords-of-verona-larte-fotografica-di-maurizio-marcato-rivela-lanima-poetica-di-verona\\\/\"]}]},{\"@type\":\"BreadcrumbList\",\"@id\":\"https:\\\/\\\/www.article-marketing.eu\\\/comunicatistampa\\\/lords-of-verona-larte-fotografica-di-maurizio-marcato-rivela-lanima-poetica-di-verona\\\/#breadcrumb\",\"itemListElement\":[{\"@type\":\"ListItem\",\"position\":1,\"name\":\"Home\",\"item\":\"https:\\\/\\\/www.article-marketing.eu\\\/comunicatistampa\\\/\"},{\"@type\":\"ListItem\",\"position\":2,\"name\":\"Lords of Verona: l\u2019arte fotografica di Maurizio Marcato rivela l\u2019anima poetica di Verona\"}]},{\"@type\":\"WebSite\",\"@id\":\"https:\\\/\\\/www.article-marketing.eu\\\/comunicatistampa\\\/#website\",\"url\":\"https:\\\/\\\/www.article-marketing.eu\\\/comunicatistampa\\\/\",\"name\":\"Article Marketing\",\"description\":\"article marketing &amp; press release\",\"potentialAction\":[{\"@type\":\"SearchAction\",\"target\":{\"@type\":\"EntryPoint\",\"urlTemplate\":\"https:\\\/\\\/www.article-marketing.eu\\\/comunicatistampa\\\/?s={search_term_string}\"},\"query-input\":{\"@type\":\"PropertyValueSpecification\",\"valueRequired\":true,\"valueName\":\"search_term_string\"}}],\"inLanguage\":\"it-IT\"},{\"@type\":\"Person\",\"@id\":\"https:\\\/\\\/www.article-marketing.eu\\\/comunicatistampa\\\/#\\\/schema\\\/person\\\/dbe4c5d399df926e2213f28673797307\",\"name\":\"terzomillennium\",\"image\":{\"@type\":\"ImageObject\",\"inLanguage\":\"it-IT\",\"@id\":\"https:\\\/\\\/secure.gravatar.com\\\/avatar\\\/05fbb0856efe8321f9a676f0e98cc114b824c8fb0f82a087cc91ec92770cbec7?s=96&d=mm&r=g\",\"url\":\"https:\\\/\\\/secure.gravatar.com\\\/avatar\\\/05fbb0856efe8321f9a676f0e98cc114b824c8fb0f82a087cc91ec92770cbec7?s=96&d=mm&r=g\",\"contentUrl\":\"https:\\\/\\\/secure.gravatar.com\\\/avatar\\\/05fbb0856efe8321f9a676f0e98cc114b824c8fb0f82a087cc91ec92770cbec7?s=96&d=mm&r=g\",\"caption\":\"terzomillennium\"},\"url\":\"https:\\\/\\\/www.article-marketing.eu\\\/comunicatistampa\\\/author\\\/terzomillennium\\\/\"}]}<\/script>\n<!-- \/ Yoast SEO plugin. -->","yoast_head_json":{"title":"Lords of Verona: l\u2019arte fotografica di Maurizio Marcato rivela l\u2019anima poetica di Verona - Article Marketing","robots":{"index":"index","follow":"follow","max-snippet":"max-snippet:-1","max-image-preview":"max-image-preview:large","max-video-preview":"max-video-preview:-1"},"canonical":"https:\/\/www.article-marketing.eu\/comunicatistampa\/lords-of-verona-larte-fotografica-di-maurizio-marcato-rivela-lanima-poetica-di-verona\/","og_locale":"it_IT","og_type":"article","og_title":"Lords of Verona: l\u2019arte fotografica di Maurizio Marcato rivela l\u2019anima poetica di Verona - Article Marketing","og_description":"Verona, 18 Maggio 2018 &#8211; \u00c8 stato inaugurato ufficialmente ieri, gioved\u00ec 17 maggio, Lords of Verona, hotel dal design raffinato e contemporaneo situato in Piazza dei Signori, nel centro storico della citt\u00e0 scaligera, che ha visto l\u2019intervento del fotografo internazionale Maurizio Marcato nella resa estetica del progetto di interior e lighting design, curato dall\u2019architetto Simone Micheli. Tutte le pareti delle lussuose suite sono decorate, infatti, dagli scatti panoramici di MaurizioContinue reading...","og_url":"https:\/\/www.article-marketing.eu\/comunicatistampa\/lords-of-verona-larte-fotografica-di-maurizio-marcato-rivela-lanima-poetica-di-verona\/","og_site_name":"Article Marketing","article_published_time":"2018-05-21T15:21:29+00:00","author":"terzomillennium","twitter_card":"summary_large_image","twitter_misc":{"Scritto da":"terzomillennium","Tempo di lettura stimato":"2 minuti"},"schema":{"@context":"https:\/\/schema.org","@graph":[{"@type":"Article","@id":"https:\/\/www.article-marketing.eu\/comunicatistampa\/lords-of-verona-larte-fotografica-di-maurizio-marcato-rivela-lanima-poetica-di-verona\/#article","isPartOf":{"@id":"https:\/\/www.article-marketing.eu\/comunicatistampa\/lords-of-verona-larte-fotografica-di-maurizio-marcato-rivela-lanima-poetica-di-verona\/"},"author":{"name":"terzomillennium","@id":"https:\/\/www.article-marketing.eu\/comunicatistampa\/#\/schema\/person\/dbe4c5d399df926e2213f28673797307"},"headline":"Lords of Verona: l\u2019arte fotografica di Maurizio Marcato rivela l\u2019anima poetica di Verona","datePublished":"2018-05-21T15:21:29+00:00","mainEntityOfPage":{"@id":"https:\/\/www.article-marketing.eu\/comunicatistampa\/lords-of-verona-larte-fotografica-di-maurizio-marcato-rivela-lanima-poetica-di-verona\/"},"wordCount":440,"commentCount":0,"keywords":["design contract","Fotografia","hotel verona","interior design","lords of verona","Maurizio Marcato","simone micheli","Verona"],"articleSection":["Comunicati stampa","Hotels e Alberghi"],"inLanguage":"it-IT","potentialAction":[{"@type":"CommentAction","name":"Comment","target":["https:\/\/www.article-marketing.eu\/comunicatistampa\/lords-of-verona-larte-fotografica-di-maurizio-marcato-rivela-lanima-poetica-di-verona\/#respond"]}]},{"@type":"WebPage","@id":"https:\/\/www.article-marketing.eu\/comunicatistampa\/lords-of-verona-larte-fotografica-di-maurizio-marcato-rivela-lanima-poetica-di-verona\/","url":"https:\/\/www.article-marketing.eu\/comunicatistampa\/lords-of-verona-larte-fotografica-di-maurizio-marcato-rivela-lanima-poetica-di-verona\/","name":"Lords of Verona: l\u2019arte fotografica di Maurizio Marcato rivela l\u2019anima poetica di Verona - Article Marketing","isPartOf":{"@id":"https:\/\/www.article-marketing.eu\/comunicatistampa\/#website"},"datePublished":"2018-05-21T15:21:29+00:00","author":{"@id":"https:\/\/www.article-marketing.eu\/comunicatistampa\/#\/schema\/person\/dbe4c5d399df926e2213f28673797307"},"breadcrumb":{"@id":"https:\/\/www.article-marketing.eu\/comunicatistampa\/lords-of-verona-larte-fotografica-di-maurizio-marcato-rivela-lanima-poetica-di-verona\/#breadcrumb"},"inLanguage":"it-IT","potentialAction":[{"@type":"ReadAction","target":["https:\/\/www.article-marketing.eu\/comunicatistampa\/lords-of-verona-larte-fotografica-di-maurizio-marcato-rivela-lanima-poetica-di-verona\/"]}]},{"@type":"BreadcrumbList","@id":"https:\/\/www.article-marketing.eu\/comunicatistampa\/lords-of-verona-larte-fotografica-di-maurizio-marcato-rivela-lanima-poetica-di-verona\/#breadcrumb","itemListElement":[{"@type":"ListItem","position":1,"name":"Home","item":"https:\/\/www.article-marketing.eu\/comunicatistampa\/"},{"@type":"ListItem","position":2,"name":"Lords of Verona: l\u2019arte fotografica di Maurizio Marcato rivela l\u2019anima poetica di Verona"}]},{"@type":"WebSite","@id":"https:\/\/www.article-marketing.eu\/comunicatistampa\/#website","url":"https:\/\/www.article-marketing.eu\/comunicatistampa\/","name":"Article Marketing","description":"article marketing &amp; press release","potentialAction":[{"@type":"SearchAction","target":{"@type":"EntryPoint","urlTemplate":"https:\/\/www.article-marketing.eu\/comunicatistampa\/?s={search_term_string}"},"query-input":{"@type":"PropertyValueSpecification","valueRequired":true,"valueName":"search_term_string"}}],"inLanguage":"it-IT"},{"@type":"Person","@id":"https:\/\/www.article-marketing.eu\/comunicatistampa\/#\/schema\/person\/dbe4c5d399df926e2213f28673797307","name":"terzomillennium","image":{"@type":"ImageObject","inLanguage":"it-IT","@id":"https:\/\/secure.gravatar.com\/avatar\/05fbb0856efe8321f9a676f0e98cc114b824c8fb0f82a087cc91ec92770cbec7?s=96&d=mm&r=g","url":"https:\/\/secure.gravatar.com\/avatar\/05fbb0856efe8321f9a676f0e98cc114b824c8fb0f82a087cc91ec92770cbec7?s=96&d=mm&r=g","contentUrl":"https:\/\/secure.gravatar.com\/avatar\/05fbb0856efe8321f9a676f0e98cc114b824c8fb0f82a087cc91ec92770cbec7?s=96&d=mm&r=g","caption":"terzomillennium"},"url":"https:\/\/www.article-marketing.eu\/comunicatistampa\/author\/terzomillennium\/"}]}},"_links":{"self":[{"href":"https:\/\/www.article-marketing.eu\/comunicatistampa\/wp-json\/wp\/v2\/posts\/10065","targetHints":{"allow":["GET"]}}],"collection":[{"href":"https:\/\/www.article-marketing.eu\/comunicatistampa\/wp-json\/wp\/v2\/posts"}],"about":[{"href":"https:\/\/www.article-marketing.eu\/comunicatistampa\/wp-json\/wp\/v2\/types\/post"}],"author":[{"embeddable":true,"href":"https:\/\/www.article-marketing.eu\/comunicatistampa\/wp-json\/wp\/v2\/users\/344"}],"replies":[{"embeddable":true,"href":"https:\/\/www.article-marketing.eu\/comunicatistampa\/wp-json\/wp\/v2\/comments?post=10065"}],"version-history":[{"count":2,"href":"https:\/\/www.article-marketing.eu\/comunicatistampa\/wp-json\/wp\/v2\/posts\/10065\/revisions"}],"predecessor-version":[{"id":10097,"href":"https:\/\/www.article-marketing.eu\/comunicatistampa\/wp-json\/wp\/v2\/posts\/10065\/revisions\/10097"}],"wp:attachment":[{"href":"https:\/\/www.article-marketing.eu\/comunicatistampa\/wp-json\/wp\/v2\/media?parent=10065"}],"wp:term":[{"taxonomy":"category","embeddable":true,"href":"https:\/\/www.article-marketing.eu\/comunicatistampa\/wp-json\/wp\/v2\/categories?post=10065"},{"taxonomy":"post_tag","embeddable":true,"href":"https:\/\/www.article-marketing.eu\/comunicatistampa\/wp-json\/wp\/v2\/tags?post=10065"}],"curies":[{"name":"wp","href":"https:\/\/api.w.org\/{rel}","templated":true}]}}