{"id":10084,"date":"2018-05-23T10:27:21","date_gmt":"2018-05-23T08:27:21","guid":{"rendered":"http:\/\/www.article-marketing.eu\/comunicatistampa\/?p=10084"},"modified":"2018-05-23T10:27:21","modified_gmt":"2018-05-23T08:27:21","slug":"un-corto-per-i-diritti-umani-2018","status":"publish","type":"post","link":"https:\/\/www.article-marketing.eu\/comunicatistampa\/un-corto-per-i-diritti-umani-2018\/","title":{"rendered":"\u201cUN CORTO PER I DIRITTI UMANI 2018\u201d"},"content":{"rendered":"<h3>Cerimonia di premiazione del concorso nazionale per le scuole \u201c<strong><em>Un Corto per i Diritti Umani\u201d<\/em><\/strong><\/h3>\n<p>Sabato 19 maggio, presso il Teatro Golden di Roma, si \u00e8 svolta la cerimonia di premiazione del concorso nazionale per le scuole \u201c<strong><em>Un Corto per i Diritti Umani\u201d.<\/em><\/strong><\/p>\n<p>Il concorso, giunto al terzo anno, \u00e8 un\u2019iniziativa ideata e progettata dall\u2019<strong><em>Associazione per i Diritti Umani e la Tolleranza <\/em><\/strong>Onlus nell\u2019ambito del progetto <strong><em>Giovent\u00f9 per i Diritti Umani<\/em><\/strong>, in collaborazione con la prestigiosa <strong><em>Academy del Teatro Golden<\/em><\/strong> di Roma, la cui direzione didattica \u00e8 affidata dal 2004 all\u2019attrice, ballerina e coreografa <strong><em>Laura Ruocco<\/em><\/strong>.<\/p>\n<p>Lo scopo del progetto \u2013 che anche quest\u2019anno ha visto la partecipazione di un altissimo numero di istituti primari e secondari di tutta la nazione &#8211; \u00e8 promuovere la conoscenza, la divulgazione e l\u2019applicazione dei Diritti Umani, cosi come espresso nella Dichiarazione Universale promulgata dalle Nazioni Unite.<\/p>\n<p>La giornata di premiazioni si \u00e8 aperta con un laboratorio teatrale offerto alle scuole dai docenti dell\u2019<strong><em>Academy del Teatro Golden <\/em><\/strong>\u2013 presso la sede dell\u2019omonimo teatro capitolino \u2013 ed \u00e8 proseguita con la consegna dei premi ai primi 3 classificati e delle menzioni speciali a 5 corti, scelti dalla giuria di esperti fra i 50 video partecipanti al concorso.<\/p>\n<p><strong>Vincitori<\/strong> della terza edizione del concorso: per la categoria <em>Scuole medie<\/em>, il corto dal titolo <em>Rimbocchiamoci le Maniche<\/em><strong>,<\/strong> realizzato dagli studenti dell\u2019Istituto Comprensivo \u201cCorso G. Matteotti\u201d di Alfonsine (Ravenna), mentre per la categoria <em>Scuole superiori<\/em><em>, <\/em>il corto dal titolo <em>Basta un Segno, <\/em>presentato dall\u2019I.S.I.S.S. Antonio Magarotto di Roma.<\/p>\n<p>Due le menzioni di merito attribuite alle scuole medie in concorso: <em>Menzione per la sceneggiatura<\/em> al corto \u201cDiritto d\u2019Asilo\u201d presentato dal C.S. \u201cP. Impastato\u201d di Veglie (LE) e <em>Menzione per il montaggio<\/em> al corto \u201cNon Cediamo alla Paura\u201d realizzato dalla Scuola secondaria \u201cG. D\u2019Annunzio\u201d di Sal\u00f2 (BS).<\/p>\n<p>Tre invece le menzioni di merito consegnate alle scuole superiori: <em>Menzione per la fotografia<\/em> al corto \u201cFetus\u201d Liceo Classico S. Gregor\u010di\u010d Primo\u017e Trubar di Gorizia; <em>Menzione per il montaggio<\/em> al corto \u201cNessuna Tortura\u201d realizzato dall\u2019Istituto Pavoniano Artigianelli di Milano e infine <em>Menzione per la sceneggiatura<\/em> al corto \u201cLibert\u00e0 d\u2019Espressione\u201d presentato dal Liceo Scientifico \u201cG. Fracastoro\u201d di Verona<strong>.<\/strong><\/p>\n<p>Nel corso dell\u2019evento, l\u2019Associazione per i Diritti Umani e la Tolleranza Onlus ha consegnato la nomina di <strong><em>Ambasciatore dei diritti Umani<\/em><\/strong> a Roberto Pompi per il suo constante supporto alla nostra iniziativa.<\/p>\n<p><em><strong>Associazione Diritti Umani e Tolleranza Onlus<\/strong><\/em><\/p>\n<p>&nbsp;<\/p>\n<p><strong>Contatto<\/strong><\/p>\n<p>Daniela Fava &#8211; Ufficio Stampa<br \/>\n<em><strong>Associazione per i Diritti Umani e la Tolleranza Onlus<\/strong><\/em><br \/>\nItalia<br \/>\npress@kosmospr.com<\/p>\n<p><em><strong>Associazione Diritti Umani e Tolleranza Onlus <\/strong><\/em><br \/>\nVia Pavoni 10<br \/>\n20900 Monza<br \/>\ndiritti@dirittiumanietolleranza.org<br \/>\nTel: +39 349 4515822<\/p>\n<p>&nbsp;<\/p>\n","protected":false},"excerpt":{"rendered":"<p>Cerimonia di premiazione del concorso nazionale per le scuole \u201cUn Corto per i Diritti Umani\u201d Sabato 19 maggio, presso il Teatro Golden di Roma, si \u00e8 svolta la cerimonia di premiazione del concorso nazionale per le scuole \u201cUn Corto per i Diritti Umani\u201d. Il concorso, giunto al terzo anno, \u00e8 un\u2019iniziativa ideata e progettata dall\u2019Associazione per i Diritti Umani e la Tolleranza Onlus nell\u2019ambito del progetto Giovent\u00f9 per i Diritti<\/p>\n<p><a class=\"continue-reading\" href=\"https:\/\/www.article-marketing.eu\/comunicatistampa\/un-corto-per-i-diritti-umani-2018\/\">Continue reading&#8230;<\/a><\/p>\n","protected":false},"author":927,"featured_media":0,"comment_status":"open","ping_status":"open","sticky":false,"template":"","format":"standard","meta":{"_monsterinsights_skip_tracking":false,"_monsterinsights_sitenote_active":false,"_monsterinsights_sitenote_note":"","_monsterinsights_sitenote_category":0,"footnotes":""},"categories":[78,392],"tags":[4171],"class_list":["post-10084","post","type-post","status-publish","format-standard","hentry","category-comunicati-stampa","category-eventi","tag-diritti-umani"],"yoast_head":"<!-- This site is optimized with the Yoast SEO plugin v27.3 - https:\/\/yoast.com\/product\/yoast-seo-wordpress\/ -->\n<title>\u201cUN CORTO PER I DIRITTI UMANI 2018\u201d - Article Marketing<\/title>\n<meta name=\"robots\" content=\"index, follow, max-snippet:-1, max-image-preview:large, max-video-preview:-1\" \/>\n<link rel=\"canonical\" href=\"https:\/\/www.article-marketing.eu\/comunicatistampa\/un-corto-per-i-diritti-umani-2018\/\" \/>\n<meta property=\"og:locale\" content=\"it_IT\" \/>\n<meta property=\"og:type\" content=\"article\" \/>\n<meta property=\"og:title\" content=\"\u201cUN CORTO PER I DIRITTI UMANI 2018\u201d - Article Marketing\" \/>\n<meta property=\"og:description\" content=\"Cerimonia di premiazione del concorso nazionale per le scuole \u201cUn Corto per i Diritti Umani\u201d Sabato 19 maggio, presso il Teatro Golden di Roma, si \u00e8 svolta la cerimonia di premiazione del concorso nazionale per le scuole \u201cUn Corto per i Diritti Umani\u201d. Il concorso, giunto al terzo anno, \u00e8 un\u2019iniziativa ideata e progettata dall\u2019Associazione per i Diritti Umani e la Tolleranza Onlus nell\u2019ambito del progetto Giovent\u00f9 per i DirittiContinue reading...\" \/>\n<meta property=\"og:url\" content=\"https:\/\/www.article-marketing.eu\/comunicatistampa\/un-corto-per-i-diritti-umani-2018\/\" \/>\n<meta property=\"og:site_name\" content=\"Article Marketing\" \/>\n<meta property=\"article:published_time\" content=\"2018-05-23T08:27:21+00:00\" \/>\n<meta name=\"author\" content=\"HumanRights\" \/>\n<meta name=\"twitter:card\" content=\"summary_large_image\" \/>\n<meta name=\"twitter:label1\" content=\"Scritto da\" \/>\n\t<meta name=\"twitter:data1\" content=\"HumanRights\" \/>\n\t<meta name=\"twitter:label2\" content=\"Tempo di lettura stimato\" \/>\n\t<meta name=\"twitter:data2\" content=\"2 minuti\" \/>\n<script type=\"application\/ld+json\" class=\"yoast-schema-graph\">{\"@context\":\"https:\\\/\\\/schema.org\",\"@graph\":[{\"@type\":\"Article\",\"@id\":\"https:\\\/\\\/www.article-marketing.eu\\\/comunicatistampa\\\/un-corto-per-i-diritti-umani-2018\\\/#article\",\"isPartOf\":{\"@id\":\"https:\\\/\\\/www.article-marketing.eu\\\/comunicatistampa\\\/un-corto-per-i-diritti-umani-2018\\\/\"},\"author\":{\"name\":\"HumanRights\",\"@id\":\"https:\\\/\\\/www.article-marketing.eu\\\/comunicatistampa\\\/#\\\/schema\\\/person\\\/a5de7e810664b7f352e44157d8477c17\"},\"headline\":\"\u201cUN CORTO PER I DIRITTI UMANI 2018\u201d\",\"datePublished\":\"2018-05-23T08:27:21+00:00\",\"mainEntityOfPage\":{\"@id\":\"https:\\\/\\\/www.article-marketing.eu\\\/comunicatistampa\\\/un-corto-per-i-diritti-umani-2018\\\/\"},\"wordCount\":440,\"commentCount\":0,\"keywords\":[\"diritti umani\"],\"articleSection\":[\"Comunicati stampa\",\"Eventi\"],\"inLanguage\":\"it-IT\",\"potentialAction\":[{\"@type\":\"CommentAction\",\"name\":\"Comment\",\"target\":[\"https:\\\/\\\/www.article-marketing.eu\\\/comunicatistampa\\\/un-corto-per-i-diritti-umani-2018\\\/#respond\"]}]},{\"@type\":\"WebPage\",\"@id\":\"https:\\\/\\\/www.article-marketing.eu\\\/comunicatistampa\\\/un-corto-per-i-diritti-umani-2018\\\/\",\"url\":\"https:\\\/\\\/www.article-marketing.eu\\\/comunicatistampa\\\/un-corto-per-i-diritti-umani-2018\\\/\",\"name\":\"\u201cUN CORTO PER I DIRITTI UMANI 2018\u201d - Article Marketing\",\"isPartOf\":{\"@id\":\"https:\\\/\\\/www.article-marketing.eu\\\/comunicatistampa\\\/#website\"},\"datePublished\":\"2018-05-23T08:27:21+00:00\",\"author\":{\"@id\":\"https:\\\/\\\/www.article-marketing.eu\\\/comunicatistampa\\\/#\\\/schema\\\/person\\\/a5de7e810664b7f352e44157d8477c17\"},\"breadcrumb\":{\"@id\":\"https:\\\/\\\/www.article-marketing.eu\\\/comunicatistampa\\\/un-corto-per-i-diritti-umani-2018\\\/#breadcrumb\"},\"inLanguage\":\"it-IT\",\"potentialAction\":[{\"@type\":\"ReadAction\",\"target\":[\"https:\\\/\\\/www.article-marketing.eu\\\/comunicatistampa\\\/un-corto-per-i-diritti-umani-2018\\\/\"]}]},{\"@type\":\"BreadcrumbList\",\"@id\":\"https:\\\/\\\/www.article-marketing.eu\\\/comunicatistampa\\\/un-corto-per-i-diritti-umani-2018\\\/#breadcrumb\",\"itemListElement\":[{\"@type\":\"ListItem\",\"position\":1,\"name\":\"Home\",\"item\":\"https:\\\/\\\/www.article-marketing.eu\\\/comunicatistampa\\\/\"},{\"@type\":\"ListItem\",\"position\":2,\"name\":\"\u201cUN CORTO PER I DIRITTI UMANI 2018\u201d\"}]},{\"@type\":\"WebSite\",\"@id\":\"https:\\\/\\\/www.article-marketing.eu\\\/comunicatistampa\\\/#website\",\"url\":\"https:\\\/\\\/www.article-marketing.eu\\\/comunicatistampa\\\/\",\"name\":\"Article Marketing\",\"description\":\"article marketing &amp; press release\",\"potentialAction\":[{\"@type\":\"SearchAction\",\"target\":{\"@type\":\"EntryPoint\",\"urlTemplate\":\"https:\\\/\\\/www.article-marketing.eu\\\/comunicatistampa\\\/?s={search_term_string}\"},\"query-input\":{\"@type\":\"PropertyValueSpecification\",\"valueRequired\":true,\"valueName\":\"search_term_string\"}}],\"inLanguage\":\"it-IT\"},{\"@type\":\"Person\",\"@id\":\"https:\\\/\\\/www.article-marketing.eu\\\/comunicatistampa\\\/#\\\/schema\\\/person\\\/a5de7e810664b7f352e44157d8477c17\",\"name\":\"HumanRights\",\"image\":{\"@type\":\"ImageObject\",\"inLanguage\":\"it-IT\",\"@id\":\"https:\\\/\\\/secure.gravatar.com\\\/avatar\\\/52b7dedf44076d63e2b60200822b97c73a0e76104982aeb84fc4d6aa7da1a112?s=96&d=mm&r=g\",\"url\":\"https:\\\/\\\/secure.gravatar.com\\\/avatar\\\/52b7dedf44076d63e2b60200822b97c73a0e76104982aeb84fc4d6aa7da1a112?s=96&d=mm&r=g\",\"contentUrl\":\"https:\\\/\\\/secure.gravatar.com\\\/avatar\\\/52b7dedf44076d63e2b60200822b97c73a0e76104982aeb84fc4d6aa7da1a112?s=96&d=mm&r=g\",\"caption\":\"HumanRights\"},\"url\":\"https:\\\/\\\/www.article-marketing.eu\\\/comunicatistampa\\\/author\\\/humanrights\\\/\"}]}<\/script>\n<!-- \/ Yoast SEO plugin. -->","yoast_head_json":{"title":"\u201cUN CORTO PER I DIRITTI UMANI 2018\u201d - Article Marketing","robots":{"index":"index","follow":"follow","max-snippet":"max-snippet:-1","max-image-preview":"max-image-preview:large","max-video-preview":"max-video-preview:-1"},"canonical":"https:\/\/www.article-marketing.eu\/comunicatistampa\/un-corto-per-i-diritti-umani-2018\/","og_locale":"it_IT","og_type":"article","og_title":"\u201cUN CORTO PER I DIRITTI UMANI 2018\u201d - Article Marketing","og_description":"Cerimonia di premiazione del concorso nazionale per le scuole \u201cUn Corto per i Diritti Umani\u201d Sabato 19 maggio, presso il Teatro Golden di Roma, si \u00e8 svolta la cerimonia di premiazione del concorso nazionale per le scuole \u201cUn Corto per i Diritti Umani\u201d. Il concorso, giunto al terzo anno, \u00e8 un\u2019iniziativa ideata e progettata dall\u2019Associazione per i Diritti Umani e la Tolleranza Onlus nell\u2019ambito del progetto Giovent\u00f9 per i DirittiContinue reading...","og_url":"https:\/\/www.article-marketing.eu\/comunicatistampa\/un-corto-per-i-diritti-umani-2018\/","og_site_name":"Article Marketing","article_published_time":"2018-05-23T08:27:21+00:00","author":"HumanRights","twitter_card":"summary_large_image","twitter_misc":{"Scritto da":"HumanRights","Tempo di lettura stimato":"2 minuti"},"schema":{"@context":"https:\/\/schema.org","@graph":[{"@type":"Article","@id":"https:\/\/www.article-marketing.eu\/comunicatistampa\/un-corto-per-i-diritti-umani-2018\/#article","isPartOf":{"@id":"https:\/\/www.article-marketing.eu\/comunicatistampa\/un-corto-per-i-diritti-umani-2018\/"},"author":{"name":"HumanRights","@id":"https:\/\/www.article-marketing.eu\/comunicatistampa\/#\/schema\/person\/a5de7e810664b7f352e44157d8477c17"},"headline":"\u201cUN CORTO PER I DIRITTI UMANI 2018\u201d","datePublished":"2018-05-23T08:27:21+00:00","mainEntityOfPage":{"@id":"https:\/\/www.article-marketing.eu\/comunicatistampa\/un-corto-per-i-diritti-umani-2018\/"},"wordCount":440,"commentCount":0,"keywords":["diritti umani"],"articleSection":["Comunicati stampa","Eventi"],"inLanguage":"it-IT","potentialAction":[{"@type":"CommentAction","name":"Comment","target":["https:\/\/www.article-marketing.eu\/comunicatistampa\/un-corto-per-i-diritti-umani-2018\/#respond"]}]},{"@type":"WebPage","@id":"https:\/\/www.article-marketing.eu\/comunicatistampa\/un-corto-per-i-diritti-umani-2018\/","url":"https:\/\/www.article-marketing.eu\/comunicatistampa\/un-corto-per-i-diritti-umani-2018\/","name":"\u201cUN CORTO PER I DIRITTI UMANI 2018\u201d - Article Marketing","isPartOf":{"@id":"https:\/\/www.article-marketing.eu\/comunicatistampa\/#website"},"datePublished":"2018-05-23T08:27:21+00:00","author":{"@id":"https:\/\/www.article-marketing.eu\/comunicatistampa\/#\/schema\/person\/a5de7e810664b7f352e44157d8477c17"},"breadcrumb":{"@id":"https:\/\/www.article-marketing.eu\/comunicatistampa\/un-corto-per-i-diritti-umani-2018\/#breadcrumb"},"inLanguage":"it-IT","potentialAction":[{"@type":"ReadAction","target":["https:\/\/www.article-marketing.eu\/comunicatistampa\/un-corto-per-i-diritti-umani-2018\/"]}]},{"@type":"BreadcrumbList","@id":"https:\/\/www.article-marketing.eu\/comunicatistampa\/un-corto-per-i-diritti-umani-2018\/#breadcrumb","itemListElement":[{"@type":"ListItem","position":1,"name":"Home","item":"https:\/\/www.article-marketing.eu\/comunicatistampa\/"},{"@type":"ListItem","position":2,"name":"\u201cUN CORTO PER I DIRITTI UMANI 2018\u201d"}]},{"@type":"WebSite","@id":"https:\/\/www.article-marketing.eu\/comunicatistampa\/#website","url":"https:\/\/www.article-marketing.eu\/comunicatistampa\/","name":"Article Marketing","description":"article marketing &amp; press release","potentialAction":[{"@type":"SearchAction","target":{"@type":"EntryPoint","urlTemplate":"https:\/\/www.article-marketing.eu\/comunicatistampa\/?s={search_term_string}"},"query-input":{"@type":"PropertyValueSpecification","valueRequired":true,"valueName":"search_term_string"}}],"inLanguage":"it-IT"},{"@type":"Person","@id":"https:\/\/www.article-marketing.eu\/comunicatistampa\/#\/schema\/person\/a5de7e810664b7f352e44157d8477c17","name":"HumanRights","image":{"@type":"ImageObject","inLanguage":"it-IT","@id":"https:\/\/secure.gravatar.com\/avatar\/52b7dedf44076d63e2b60200822b97c73a0e76104982aeb84fc4d6aa7da1a112?s=96&d=mm&r=g","url":"https:\/\/secure.gravatar.com\/avatar\/52b7dedf44076d63e2b60200822b97c73a0e76104982aeb84fc4d6aa7da1a112?s=96&d=mm&r=g","contentUrl":"https:\/\/secure.gravatar.com\/avatar\/52b7dedf44076d63e2b60200822b97c73a0e76104982aeb84fc4d6aa7da1a112?s=96&d=mm&r=g","caption":"HumanRights"},"url":"https:\/\/www.article-marketing.eu\/comunicatistampa\/author\/humanrights\/"}]}},"_links":{"self":[{"href":"https:\/\/www.article-marketing.eu\/comunicatistampa\/wp-json\/wp\/v2\/posts\/10084","targetHints":{"allow":["GET"]}}],"collection":[{"href":"https:\/\/www.article-marketing.eu\/comunicatistampa\/wp-json\/wp\/v2\/posts"}],"about":[{"href":"https:\/\/www.article-marketing.eu\/comunicatistampa\/wp-json\/wp\/v2\/types\/post"}],"author":[{"embeddable":true,"href":"https:\/\/www.article-marketing.eu\/comunicatistampa\/wp-json\/wp\/v2\/users\/927"}],"replies":[{"embeddable":true,"href":"https:\/\/www.article-marketing.eu\/comunicatistampa\/wp-json\/wp\/v2\/comments?post=10084"}],"version-history":[{"count":2,"href":"https:\/\/www.article-marketing.eu\/comunicatistampa\/wp-json\/wp\/v2\/posts\/10084\/revisions"}],"predecessor-version":[{"id":10166,"href":"https:\/\/www.article-marketing.eu\/comunicatistampa\/wp-json\/wp\/v2\/posts\/10084\/revisions\/10166"}],"wp:attachment":[{"href":"https:\/\/www.article-marketing.eu\/comunicatistampa\/wp-json\/wp\/v2\/media?parent=10084"}],"wp:term":[{"taxonomy":"category","embeddable":true,"href":"https:\/\/www.article-marketing.eu\/comunicatistampa\/wp-json\/wp\/v2\/categories?post=10084"},{"taxonomy":"post_tag","embeddable":true,"href":"https:\/\/www.article-marketing.eu\/comunicatistampa\/wp-json\/wp\/v2\/tags?post=10084"}],"curies":[{"name":"wp","href":"https:\/\/api.w.org\/{rel}","templated":true}]}}