{"id":10142,"date":"2018-05-23T10:29:57","date_gmt":"2018-05-23T08:29:57","guid":{"rendered":"http:\/\/www.article-marketing.eu\/comunicatistampa\/?p=10142"},"modified":"2018-05-23T10:29:57","modified_gmt":"2018-05-23T08:29:57","slug":"5-motivi-per-cui-e-meglio-usare-le-ebike-invece-dellauto","status":"publish","type":"post","link":"https:\/\/www.article-marketing.eu\/comunicatistampa\/5-motivi-per-cui-e-meglio-usare-le-ebike-invece-dellauto\/","title":{"rendered":"5 motivi per cui \u00e8 meglio usare le ebike invece dell\u2019auto"},"content":{"rendered":"<p>Quando si parla di ebike non si pu\u00f2 non fare riferimento alla mobilit\u00e0 sostenibile. Difatti, le bici elettriche sono un mezzo perfetto per chi ha voglia di pedalare salvaguardando la salute propria e del nostro pianeta.<br \/>\nMa perch\u00e9 \u00e8 utile utilizzarle in citt\u00e0 o in qualsiasi posto si voglia? In questa guida abbiamo deciso di fornirvi <b>5 motivi<\/b>.<\/p>\n<h3>1. Si risparmia di pi\u00f9<\/h3>\n<p>Usare un\u2019e-bike per andare a lavoro o da un amico significa certamente risparmiare. Infatti, le biciclette elettriche non prevedono ingenti costi di manutenzione come lo scooter o qualsiasi altra tipologia di auto. Non \u00e8 previsto un costo per l\u2019assicurazione, n\u00e9 tantomeno eventuali bolli. Per questo motivo, usando anche una bici elettrificata con un <a href=\"http:\/\/www.greenmoving.it\/\" target=\"_blank\" rel=\"noopener\">kit bicicletta elettrica<\/a> \u00e8 possibile spostarsi, evitando di mettere costantemente le mani nel portafoglio.<\/p>\n<h3>2. Si protegge l\u2019ambiente<\/h3>\n<p>Vivete in una grande metropoli? Allora sicuramente sarete a conoscenza dell\u2019alto tasso di smog che colpisce ogni giorno diverse citt\u00e0 italiane. Ci\u00f2 \u00e8 dovuto ovviamente al frequente utilizzo dei soliti mezzi automobilistici, che incrementano il traffico e la diffusione di polveri sottili. Usando una <b>bicicletta elettrica<\/b> potrete dare un piccolo contributo per salvare il nostro pianeta. Le e-bike, infatti, non sono per nulla mezzi inquinanti e non producono in nessun modo CO2. Per questo motivo, diverse citt\u00e0 hanno diffuso l\u2019iniziativa del bike-sharing, bici elettriche disponibili in diverse zone del posto per spostarsi facilmente e in tutta tranquillit\u00e0.<\/p>\n<h3>3. Si ottiene un\u2019ottima forma fisica<\/h3>\n<p>Nonostante le bici elettriche posseggano batterie e un motore, non significa che voi non dobbiate pedalare durante il percorso! Con le e-bike, riuscirete a <b>raggiungere un\u2019ottima forma fisica<\/b>, oltre che un eccelso stato di salute. Usare le due ruote, infatti, stimola la circolazione sanguigna, fa bene al cuore e ai polmoni, e soprattutto tonifica tutti i muscoli sensibili del nostro corpo. Inoltre, ne giova anche il nostro <b>benessere psichico<\/b> e la nostra salute mentale.<\/p>\n<h3>4. Sono pi\u00f9 veloci delle macchine<\/h3>\n<p>Le e-bike permettono ad ogni ciclista di destreggiarsi nel traffico cittadino in assoluta tranquillit\u00e0. Inoltre, grazie al motore, sar\u00e0 pi\u00f9 semplice <b>spostarsi dalle zone di pericolo<\/b>, pedalare sulle curve ed evitare le lunghe code tipiche delle grandi citt\u00e0. In questo modo, difficilmente arriverete in ritardo ad un appuntamento, proprio perch\u00e9 la bici elettrica vi permetter\u00e0 di pedalare in modo pi\u00f9 veloce ma senza rischiare nulla per la vostra sicurezza.<\/p>\n<h3>5. Sono ideali per le salite<\/h3>\n<p>Le e-bike sono il mezzo perfetto per <b>percorrere le salite<\/b>. Infatti, se la strada risulta molto ardua da attraversare, sar\u00e0 possibile chiedere l\u2019appoggio del motore, azionandolo sul grado di massima potenza. Ci\u00f2 \u00e8 utile soprattutto in tragitti montani, o in citt\u00e0 costellate da salite e discese.<\/p>\n","protected":false},"excerpt":{"rendered":"<p>Quando si parla di ebike non si pu\u00f2 non fare riferimento alla mobilit\u00e0 sostenibile. Difatti, le bici elettriche sono un mezzo perfetto per chi ha voglia di pedalare salvaguardando la salute propria e del nostro pianeta. Ma perch\u00e9 \u00e8 utile utilizzarle in citt\u00e0 o in qualsiasi posto si voglia? In questa guida abbiamo deciso di fornirvi 5 motivi. 1. Si risparmia di pi\u00f9 Usare un\u2019e-bike per andare a lavoro o<\/p>\n<p><a class=\"continue-reading\" href=\"https:\/\/www.article-marketing.eu\/comunicatistampa\/5-motivi-per-cui-e-meglio-usare-le-ebike-invece-dellauto\/\">Continue reading&#8230;<\/a><\/p>\n","protected":false},"author":33,"featured_media":0,"comment_status":"open","ping_status":"open","sticky":false,"template":"","format":"standard","meta":{"_monsterinsights_skip_tracking":false,"_monsterinsights_sitenote_active":false,"_monsterinsights_sitenote_note":"","_monsterinsights_sitenote_category":0,"footnotes":""},"categories":[374],"tags":[1034,4235,4234],"class_list":["post-10142","post","type-post","status-publish","format-standard","hentry","category-motori","tag-auto","tag-bicicletta-elettrica","tag-ebike"],"yoast_head":"<!-- This site is optimized with the Yoast SEO plugin v27.3 - https:\/\/yoast.com\/product\/yoast-seo-wordpress\/ -->\n<title>5 motivi per cui \u00e8 meglio usare le ebike invece dell\u2019auto<\/title>\n<meta name=\"description\" content=\"Ecco 5 motivi per cui \u00e8 meglio usare le ebike piuttosto dell\u2019auto: tra tutti, si salvaguarda il nostro benessere fisico e la salute del nostro pianeta.\" \/>\n<meta name=\"robots\" content=\"index, follow, max-snippet:-1, max-image-preview:large, max-video-preview:-1\" \/>\n<link rel=\"canonical\" href=\"https:\/\/www.article-marketing.eu\/comunicatistampa\/5-motivi-per-cui-e-meglio-usare-le-ebike-invece-dellauto\/\" \/>\n<meta property=\"og:locale\" content=\"it_IT\" \/>\n<meta property=\"og:type\" content=\"article\" \/>\n<meta property=\"og:title\" content=\"5 motivi per cui \u00e8 meglio usare le ebike invece dell\u2019auto\" \/>\n<meta property=\"og:description\" content=\"Ecco 5 motivi per cui \u00e8 meglio usare le ebike piuttosto dell\u2019auto: tra tutti, si salvaguarda il nostro benessere fisico e la salute del nostro pianeta.\" \/>\n<meta property=\"og:url\" content=\"https:\/\/www.article-marketing.eu\/comunicatistampa\/5-motivi-per-cui-e-meglio-usare-le-ebike-invece-dellauto\/\" \/>\n<meta property=\"og:site_name\" content=\"Article Marketing\" \/>\n<meta property=\"article:published_time\" content=\"2018-05-23T08:29:57+00:00\" \/>\n<meta name=\"author\" content=\"WalterW\" \/>\n<meta name=\"twitter:card\" content=\"summary_large_image\" \/>\n<meta name=\"twitter:label1\" content=\"Scritto da\" \/>\n\t<meta name=\"twitter:data1\" content=\"WalterW\" \/>\n\t<meta name=\"twitter:label2\" content=\"Tempo di lettura stimato\" \/>\n\t<meta name=\"twitter:data2\" content=\"2 minuti\" \/>\n<script type=\"application\/ld+json\" class=\"yoast-schema-graph\">{\"@context\":\"https:\\\/\\\/schema.org\",\"@graph\":[{\"@type\":\"Article\",\"@id\":\"https:\\\/\\\/www.article-marketing.eu\\\/comunicatistampa\\\/5-motivi-per-cui-e-meglio-usare-le-ebike-invece-dellauto\\\/#article\",\"isPartOf\":{\"@id\":\"https:\\\/\\\/www.article-marketing.eu\\\/comunicatistampa\\\/5-motivi-per-cui-e-meglio-usare-le-ebike-invece-dellauto\\\/\"},\"author\":{\"name\":\"WalterW\",\"@id\":\"https:\\\/\\\/www.article-marketing.eu\\\/comunicatistampa\\\/#\\\/schema\\\/person\\\/be372fc5e196fb56dd0949d7f366c2c2\"},\"headline\":\"5 motivi per cui \u00e8 meglio usare le ebike invece dell\u2019auto\",\"datePublished\":\"2018-05-23T08:29:57+00:00\",\"mainEntityOfPage\":{\"@id\":\"https:\\\/\\\/www.article-marketing.eu\\\/comunicatistampa\\\/5-motivi-per-cui-e-meglio-usare-le-ebike-invece-dellauto\\\/\"},\"wordCount\":445,\"commentCount\":0,\"keywords\":[\"auto\",\"bicicletta elettrica\",\"ebike\"],\"articleSection\":[\"Motori\"],\"inLanguage\":\"it-IT\",\"potentialAction\":[{\"@type\":\"CommentAction\",\"name\":\"Comment\",\"target\":[\"https:\\\/\\\/www.article-marketing.eu\\\/comunicatistampa\\\/5-motivi-per-cui-e-meglio-usare-le-ebike-invece-dellauto\\\/#respond\"]}]},{\"@type\":\"WebPage\",\"@id\":\"https:\\\/\\\/www.article-marketing.eu\\\/comunicatistampa\\\/5-motivi-per-cui-e-meglio-usare-le-ebike-invece-dellauto\\\/\",\"url\":\"https:\\\/\\\/www.article-marketing.eu\\\/comunicatistampa\\\/5-motivi-per-cui-e-meglio-usare-le-ebike-invece-dellauto\\\/\",\"name\":\"5 motivi per cui \u00e8 meglio usare le ebike invece dell\u2019auto\",\"isPartOf\":{\"@id\":\"https:\\\/\\\/www.article-marketing.eu\\\/comunicatistampa\\\/#website\"},\"datePublished\":\"2018-05-23T08:29:57+00:00\",\"author\":{\"@id\":\"https:\\\/\\\/www.article-marketing.eu\\\/comunicatistampa\\\/#\\\/schema\\\/person\\\/be372fc5e196fb56dd0949d7f366c2c2\"},\"description\":\"Ecco 5 motivi per cui \u00e8 meglio usare le ebike piuttosto dell\u2019auto: tra tutti, si salvaguarda il nostro benessere fisico e la salute del nostro pianeta.\",\"breadcrumb\":{\"@id\":\"https:\\\/\\\/www.article-marketing.eu\\\/comunicatistampa\\\/5-motivi-per-cui-e-meglio-usare-le-ebike-invece-dellauto\\\/#breadcrumb\"},\"inLanguage\":\"it-IT\",\"potentialAction\":[{\"@type\":\"ReadAction\",\"target\":[\"https:\\\/\\\/www.article-marketing.eu\\\/comunicatistampa\\\/5-motivi-per-cui-e-meglio-usare-le-ebike-invece-dellauto\\\/\"]}]},{\"@type\":\"BreadcrumbList\",\"@id\":\"https:\\\/\\\/www.article-marketing.eu\\\/comunicatistampa\\\/5-motivi-per-cui-e-meglio-usare-le-ebike-invece-dellauto\\\/#breadcrumb\",\"itemListElement\":[{\"@type\":\"ListItem\",\"position\":1,\"name\":\"Home\",\"item\":\"https:\\\/\\\/www.article-marketing.eu\\\/comunicatistampa\\\/\"},{\"@type\":\"ListItem\",\"position\":2,\"name\":\"5 motivi per cui \u00e8 meglio usare le ebike invece dell\u2019auto\"}]},{\"@type\":\"WebSite\",\"@id\":\"https:\\\/\\\/www.article-marketing.eu\\\/comunicatistampa\\\/#website\",\"url\":\"https:\\\/\\\/www.article-marketing.eu\\\/comunicatistampa\\\/\",\"name\":\"Article Marketing\",\"description\":\"article marketing &amp; press release\",\"potentialAction\":[{\"@type\":\"SearchAction\",\"target\":{\"@type\":\"EntryPoint\",\"urlTemplate\":\"https:\\\/\\\/www.article-marketing.eu\\\/comunicatistampa\\\/?s={search_term_string}\"},\"query-input\":{\"@type\":\"PropertyValueSpecification\",\"valueRequired\":true,\"valueName\":\"search_term_string\"}}],\"inLanguage\":\"it-IT\"},{\"@type\":\"Person\",\"@id\":\"https:\\\/\\\/www.article-marketing.eu\\\/comunicatistampa\\\/#\\\/schema\\\/person\\\/be372fc5e196fb56dd0949d7f366c2c2\",\"name\":\"WalterW\",\"image\":{\"@type\":\"ImageObject\",\"inLanguage\":\"it-IT\",\"@id\":\"https:\\\/\\\/secure.gravatar.com\\\/avatar\\\/aa25c458b438b76cea890b8f373e32539fcf43a2f92315ca064d09ed4aac0999?s=96&d=mm&r=g\",\"url\":\"https:\\\/\\\/secure.gravatar.com\\\/avatar\\\/aa25c458b438b76cea890b8f373e32539fcf43a2f92315ca064d09ed4aac0999?s=96&d=mm&r=g\",\"contentUrl\":\"https:\\\/\\\/secure.gravatar.com\\\/avatar\\\/aa25c458b438b76cea890b8f373e32539fcf43a2f92315ca064d09ed4aac0999?s=96&d=mm&r=g\",\"caption\":\"WalterW\"},\"url\":\"https:\\\/\\\/www.article-marketing.eu\\\/comunicatistampa\\\/author\\\/walterw\\\/\"}]}<\/script>\n<!-- \/ Yoast SEO plugin. -->","yoast_head_json":{"title":"5 motivi per cui \u00e8 meglio usare le ebike invece dell\u2019auto","description":"Ecco 5 motivi per cui \u00e8 meglio usare le ebike piuttosto dell\u2019auto: tra tutti, si salvaguarda il nostro benessere fisico e la salute del nostro pianeta.","robots":{"index":"index","follow":"follow","max-snippet":"max-snippet:-1","max-image-preview":"max-image-preview:large","max-video-preview":"max-video-preview:-1"},"canonical":"https:\/\/www.article-marketing.eu\/comunicatistampa\/5-motivi-per-cui-e-meglio-usare-le-ebike-invece-dellauto\/","og_locale":"it_IT","og_type":"article","og_title":"5 motivi per cui \u00e8 meglio usare le ebike invece dell\u2019auto","og_description":"Ecco 5 motivi per cui \u00e8 meglio usare le ebike piuttosto dell\u2019auto: tra tutti, si salvaguarda il nostro benessere fisico e la salute del nostro pianeta.","og_url":"https:\/\/www.article-marketing.eu\/comunicatistampa\/5-motivi-per-cui-e-meglio-usare-le-ebike-invece-dellauto\/","og_site_name":"Article Marketing","article_published_time":"2018-05-23T08:29:57+00:00","author":"WalterW","twitter_card":"summary_large_image","twitter_misc":{"Scritto da":"WalterW","Tempo di lettura stimato":"2 minuti"},"schema":{"@context":"https:\/\/schema.org","@graph":[{"@type":"Article","@id":"https:\/\/www.article-marketing.eu\/comunicatistampa\/5-motivi-per-cui-e-meglio-usare-le-ebike-invece-dellauto\/#article","isPartOf":{"@id":"https:\/\/www.article-marketing.eu\/comunicatistampa\/5-motivi-per-cui-e-meglio-usare-le-ebike-invece-dellauto\/"},"author":{"name":"WalterW","@id":"https:\/\/www.article-marketing.eu\/comunicatistampa\/#\/schema\/person\/be372fc5e196fb56dd0949d7f366c2c2"},"headline":"5 motivi per cui \u00e8 meglio usare le ebike invece dell\u2019auto","datePublished":"2018-05-23T08:29:57+00:00","mainEntityOfPage":{"@id":"https:\/\/www.article-marketing.eu\/comunicatistampa\/5-motivi-per-cui-e-meglio-usare-le-ebike-invece-dellauto\/"},"wordCount":445,"commentCount":0,"keywords":["auto","bicicletta elettrica","ebike"],"articleSection":["Motori"],"inLanguage":"it-IT","potentialAction":[{"@type":"CommentAction","name":"Comment","target":["https:\/\/www.article-marketing.eu\/comunicatistampa\/5-motivi-per-cui-e-meglio-usare-le-ebike-invece-dellauto\/#respond"]}]},{"@type":"WebPage","@id":"https:\/\/www.article-marketing.eu\/comunicatistampa\/5-motivi-per-cui-e-meglio-usare-le-ebike-invece-dellauto\/","url":"https:\/\/www.article-marketing.eu\/comunicatistampa\/5-motivi-per-cui-e-meglio-usare-le-ebike-invece-dellauto\/","name":"5 motivi per cui \u00e8 meglio usare le ebike invece dell\u2019auto","isPartOf":{"@id":"https:\/\/www.article-marketing.eu\/comunicatistampa\/#website"},"datePublished":"2018-05-23T08:29:57+00:00","author":{"@id":"https:\/\/www.article-marketing.eu\/comunicatistampa\/#\/schema\/person\/be372fc5e196fb56dd0949d7f366c2c2"},"description":"Ecco 5 motivi per cui \u00e8 meglio usare le ebike piuttosto dell\u2019auto: tra tutti, si salvaguarda il nostro benessere fisico e la salute del nostro pianeta.","breadcrumb":{"@id":"https:\/\/www.article-marketing.eu\/comunicatistampa\/5-motivi-per-cui-e-meglio-usare-le-ebike-invece-dellauto\/#breadcrumb"},"inLanguage":"it-IT","potentialAction":[{"@type":"ReadAction","target":["https:\/\/www.article-marketing.eu\/comunicatistampa\/5-motivi-per-cui-e-meglio-usare-le-ebike-invece-dellauto\/"]}]},{"@type":"BreadcrumbList","@id":"https:\/\/www.article-marketing.eu\/comunicatistampa\/5-motivi-per-cui-e-meglio-usare-le-ebike-invece-dellauto\/#breadcrumb","itemListElement":[{"@type":"ListItem","position":1,"name":"Home","item":"https:\/\/www.article-marketing.eu\/comunicatistampa\/"},{"@type":"ListItem","position":2,"name":"5 motivi per cui \u00e8 meglio usare le ebike invece dell\u2019auto"}]},{"@type":"WebSite","@id":"https:\/\/www.article-marketing.eu\/comunicatistampa\/#website","url":"https:\/\/www.article-marketing.eu\/comunicatistampa\/","name":"Article Marketing","description":"article marketing &amp; press release","potentialAction":[{"@type":"SearchAction","target":{"@type":"EntryPoint","urlTemplate":"https:\/\/www.article-marketing.eu\/comunicatistampa\/?s={search_term_string}"},"query-input":{"@type":"PropertyValueSpecification","valueRequired":true,"valueName":"search_term_string"}}],"inLanguage":"it-IT"},{"@type":"Person","@id":"https:\/\/www.article-marketing.eu\/comunicatistampa\/#\/schema\/person\/be372fc5e196fb56dd0949d7f366c2c2","name":"WalterW","image":{"@type":"ImageObject","inLanguage":"it-IT","@id":"https:\/\/secure.gravatar.com\/avatar\/aa25c458b438b76cea890b8f373e32539fcf43a2f92315ca064d09ed4aac0999?s=96&d=mm&r=g","url":"https:\/\/secure.gravatar.com\/avatar\/aa25c458b438b76cea890b8f373e32539fcf43a2f92315ca064d09ed4aac0999?s=96&d=mm&r=g","contentUrl":"https:\/\/secure.gravatar.com\/avatar\/aa25c458b438b76cea890b8f373e32539fcf43a2f92315ca064d09ed4aac0999?s=96&d=mm&r=g","caption":"WalterW"},"url":"https:\/\/www.article-marketing.eu\/comunicatistampa\/author\/walterw\/"}]}},"_links":{"self":[{"href":"https:\/\/www.article-marketing.eu\/comunicatistampa\/wp-json\/wp\/v2\/posts\/10142","targetHints":{"allow":["GET"]}}],"collection":[{"href":"https:\/\/www.article-marketing.eu\/comunicatistampa\/wp-json\/wp\/v2\/posts"}],"about":[{"href":"https:\/\/www.article-marketing.eu\/comunicatistampa\/wp-json\/wp\/v2\/types\/post"}],"author":[{"embeddable":true,"href":"https:\/\/www.article-marketing.eu\/comunicatistampa\/wp-json\/wp\/v2\/users\/33"}],"replies":[{"embeddable":true,"href":"https:\/\/www.article-marketing.eu\/comunicatistampa\/wp-json\/wp\/v2\/comments?post=10142"}],"version-history":[{"count":2,"href":"https:\/\/www.article-marketing.eu\/comunicatistampa\/wp-json\/wp\/v2\/posts\/10142\/revisions"}],"predecessor-version":[{"id":10171,"href":"https:\/\/www.article-marketing.eu\/comunicatistampa\/wp-json\/wp\/v2\/posts\/10142\/revisions\/10171"}],"wp:attachment":[{"href":"https:\/\/www.article-marketing.eu\/comunicatistampa\/wp-json\/wp\/v2\/media?parent=10142"}],"wp:term":[{"taxonomy":"category","embeddable":true,"href":"https:\/\/www.article-marketing.eu\/comunicatistampa\/wp-json\/wp\/v2\/categories?post=10142"},{"taxonomy":"post_tag","embeddable":true,"href":"https:\/\/www.article-marketing.eu\/comunicatistampa\/wp-json\/wp\/v2\/tags?post=10142"}],"curies":[{"name":"wp","href":"https:\/\/api.w.org\/{rel}","templated":true}]}}