{"id":10320,"date":"2018-05-30T15:07:04","date_gmt":"2018-05-30T13:07:04","guid":{"rendered":"http:\/\/www.article-marketing.eu\/comunicatistampa\/?p=10320"},"modified":"2020-08-10T01:47:48","modified_gmt":"2020-08-09T23:47:48","slug":"musica-destate-a-bardonecchia-tra-concerti-e-campus-di-alto-perfezionamento","status":"publish","type":"post","link":"https:\/\/www.article-marketing.eu\/comunicatistampa\/musica-destate-a-bardonecchia-tra-concerti-e-campus-di-alto-perfezionamento\/","title":{"rendered":"Musica d&#8217;Estate a Bardonecchia tra concerti e campus di alto perfezionamento"},"content":{"rendered":"<div>\n<div class=\"gmail-m_2712620190542926807gmail-m_8405846521751868330gmail_signature\">\n<div dir=\"ltr\">\n<div>\n<div dir=\"ltr\">\n<div>\n<div dir=\"ltr\">\n<div>\n<div dir=\"ltr\">\n<div>\n<div dir=\"ltr\">\n<div dir=\"ltr\">\n<div dir=\"ltr\">\n<div dir=\"ltr\">Sono una trentina i concerti di musica classica programmati da Musica d\u2019Estate a Bardonecchia dal 17 al 31 luglio: una rara occasione per godere di concerti in altura, a 1300 metri d&#8217;altitudine, l\u00e0 dove anche la montagna d\u00e0 spettacolo. Organizzata da 24 anni dall\u2019Accademia di Musica di Pinerolo, annoverata tra le pi\u00f9 rinomate strutture di alta formazione e perfezionamento del paese, la rassegna \u00e8 ad ingresso gratuito e ad ogni edizione richiama pi\u00f9 di 7.000 spettatori.<\/div>\n<div dir=\"ltr\">\n<div><\/div>\n<div>Ad esibirsi sono gli oltre 150 studenti dell\u2019Accademia e delle masterclass di pianoforte, duo pianistico, violino, violoncello, musica da camera, chitarra, rapporto tra solista e direttore, direzione d\u2019orchestra tenute da docenti di fama internazionale nel campus estivo, come\u00a0<b>Benedetto Lupo, Roberto Plano, Enrico Pace<\/b>,\u00a0<b>Pietro De Maria, Marianne Chen, Trio Debussy, Giovanni Doria Miglietta, Filippo Gamba, Mario Lamberto, Aleksandar Madzar, Claudio Pasceri, Adrian Pinzaru, Giovanni Puddu, Marina Scalafiotti, Sonig Tchakerian, Giovanna Valente, Claudio Voghera, Daniela Carapelli e Laura Richaud<\/b>, docente e direttore artistico della manifestazione.<\/div>\n<div><\/div>\n<div>Ad ospitare i concerti sono la suggestiva area giardino L\u2019Alveare nella centrale via Medail, il Palazzo delle Feste e la chiesa di S. Ippolito, scrigno di notevoli opere dell&#8217;artigianato della valle; siti storici come il borgo di Les Arnauds. Dal luned\u00ec al venerd\u00ec, alle ore 16.00 presso la Chiesa di S. Ippolito si alternano concerti solistici e di musica da camera. Ogni pomeriggio alle 17.30, per tutta la durata della manifestazione, nella suggestiva area giardino L\u2019Alveare, si esibiscono allievi selezionati nei corsi di Musica d&#8217;Estate. Il programma viene comunicato in loco, di giorno in giorno. Gli Incontri con la chitarra si tengono presso il Palazzo delle Feste di Bardonecchia alle ore 18.30.<\/div>\n<div><\/div>\n<div>Musica d\u2019Estate \u00e8 realizzata dall\u2019Accademia di musica di Pinerolo con il sostegno di Ministero per i Beni e le Attivit\u00e0 Culturali, Regione Piemonte, Compagnia di San Paolo, Comune di Bardonecchia, Fondazione C.R.T. Il nostro grazie va anche alla sempre preziosa sponsorizzazione tecnica di Piatino Pianoforti e Yamaha Musica Italia.<\/div>\n<\/div>\n<\/div>\n<\/div>\n<\/div>\n<\/div>\n<\/div>\n<\/div>\n<\/div>\n<\/div>\n<\/div>\n<\/div>\n<\/div>\n<\/div>\n<\/div>\n","protected":false},"excerpt":{"rendered":"<p>Sono una trentina i concerti di musica classica programmati da Musica d\u2019Estate a Bardonecchia dal 17 al 31 luglio: una rara occasione per godere di concerti in altura, a 1300 metri d&#8217;altitudine, l\u00e0 dove anche la montagna d\u00e0 spettacolo. Organizzata da 24 anni dall\u2019Accademia di Musica di Pinerolo, annoverata tra le pi\u00f9 rinomate strutture di alta formazione e perfezionamento del paese, la rassegna \u00e8 ad ingresso gratuito e ad ogni<\/p>\n<p><a class=\"continue-reading\" href=\"https:\/\/www.article-marketing.eu\/comunicatistampa\/musica-destate-a-bardonecchia-tra-concerti-e-campus-di-alto-perfezionamento\/\">Continue reading&#8230;<\/a><\/p>\n","protected":false},"author":824,"featured_media":0,"comment_status":"open","ping_status":"open","sticky":false,"template":"","format":"standard","meta":{"_monsterinsights_skip_tracking":false,"_monsterinsights_sitenote_active":false,"_monsterinsights_sitenote_note":"","_monsterinsights_sitenote_category":0,"footnotes":""},"categories":[411],"tags":[],"class_list":["post-10320","post","type-post","status-publish","format-standard","hentry","category-musica"],"yoast_head":"<!-- This site is optimized with the Yoast SEO plugin v27.3 - https:\/\/yoast.com\/product\/yoast-seo-wordpress\/ -->\n<title>Musica d&#039;Estate a Bardonecchia tra concerti e campus di alto perfezionamento - Article Marketing<\/title>\n<meta name=\"robots\" content=\"index, follow, max-snippet:-1, max-image-preview:large, max-video-preview:-1\" \/>\n<link rel=\"canonical\" href=\"https:\/\/www.article-marketing.eu\/comunicatistampa\/musica-destate-a-bardonecchia-tra-concerti-e-campus-di-alto-perfezionamento\/\" \/>\n<meta property=\"og:locale\" content=\"it_IT\" \/>\n<meta property=\"og:type\" content=\"article\" \/>\n<meta property=\"og:title\" content=\"Musica d&#039;Estate a Bardonecchia tra concerti e campus di alto perfezionamento - Article Marketing\" \/>\n<meta property=\"og:description\" content=\"Sono una trentina i concerti di musica classica programmati da Musica d\u2019Estate a Bardonecchia dal 17 al 31 luglio: una rara occasione per godere di concerti in altura, a 1300 metri d&#8217;altitudine, l\u00e0 dove anche la montagna d\u00e0 spettacolo. Organizzata da 24 anni dall\u2019Accademia di Musica di Pinerolo, annoverata tra le pi\u00f9 rinomate strutture di alta formazione e perfezionamento del paese, la rassegna \u00e8 ad ingresso gratuito e ad ogniContinue reading...\" \/>\n<meta property=\"og:url\" content=\"https:\/\/www.article-marketing.eu\/comunicatistampa\/musica-destate-a-bardonecchia-tra-concerti-e-campus-di-alto-perfezionamento\/\" \/>\n<meta property=\"og:site_name\" content=\"Article Marketing\" \/>\n<meta property=\"article:published_time\" content=\"2018-05-30T13:07:04+00:00\" \/>\n<meta property=\"article:modified_time\" content=\"2020-08-09T23:47:48+00:00\" \/>\n<meta name=\"author\" content=\"Accademia di musica di Pinerolo\" \/>\n<meta name=\"twitter:card\" content=\"summary_large_image\" \/>\n<meta name=\"twitter:label1\" content=\"Scritto da\" \/>\n\t<meta name=\"twitter:data1\" content=\"Accademia di musica di Pinerolo\" \/>\n\t<meta name=\"twitter:label2\" content=\"Tempo di lettura stimato\" \/>\n\t<meta name=\"twitter:data2\" content=\"2 minuti\" \/>\n<script type=\"application\/ld+json\" class=\"yoast-schema-graph\">{\"@context\":\"https:\\\/\\\/schema.org\",\"@graph\":[{\"@type\":\"Article\",\"@id\":\"https:\\\/\\\/www.article-marketing.eu\\\/comunicatistampa\\\/musica-destate-a-bardonecchia-tra-concerti-e-campus-di-alto-perfezionamento\\\/#article\",\"isPartOf\":{\"@id\":\"https:\\\/\\\/www.article-marketing.eu\\\/comunicatistampa\\\/musica-destate-a-bardonecchia-tra-concerti-e-campus-di-alto-perfezionamento\\\/\"},\"author\":{\"name\":\"Accademia di musica di Pinerolo\",\"@id\":\"https:\\\/\\\/www.article-marketing.eu\\\/comunicatistampa\\\/#\\\/schema\\\/person\\\/b215337b2939ed4102c77b3c6a03e1d8\"},\"headline\":\"Musica d&#8217;Estate a Bardonecchia tra concerti e campus di alto perfezionamento\",\"datePublished\":\"2018-05-30T13:07:04+00:00\",\"dateModified\":\"2020-08-09T23:47:48+00:00\",\"mainEntityOfPage\":{\"@id\":\"https:\\\/\\\/www.article-marketing.eu\\\/comunicatistampa\\\/musica-destate-a-bardonecchia-tra-concerti-e-campus-di-alto-perfezionamento\\\/\"},\"wordCount\":332,\"commentCount\":0,\"articleSection\":[\"Musica\"],\"inLanguage\":\"it-IT\",\"potentialAction\":[{\"@type\":\"CommentAction\",\"name\":\"Comment\",\"target\":[\"https:\\\/\\\/www.article-marketing.eu\\\/comunicatistampa\\\/musica-destate-a-bardonecchia-tra-concerti-e-campus-di-alto-perfezionamento\\\/#respond\"]}]},{\"@type\":\"WebPage\",\"@id\":\"https:\\\/\\\/www.article-marketing.eu\\\/comunicatistampa\\\/musica-destate-a-bardonecchia-tra-concerti-e-campus-di-alto-perfezionamento\\\/\",\"url\":\"https:\\\/\\\/www.article-marketing.eu\\\/comunicatistampa\\\/musica-destate-a-bardonecchia-tra-concerti-e-campus-di-alto-perfezionamento\\\/\",\"name\":\"Musica d'Estate a Bardonecchia tra concerti e campus di alto perfezionamento - Article Marketing\",\"isPartOf\":{\"@id\":\"https:\\\/\\\/www.article-marketing.eu\\\/comunicatistampa\\\/#website\"},\"datePublished\":\"2018-05-30T13:07:04+00:00\",\"dateModified\":\"2020-08-09T23:47:48+00:00\",\"author\":{\"@id\":\"https:\\\/\\\/www.article-marketing.eu\\\/comunicatistampa\\\/#\\\/schema\\\/person\\\/b215337b2939ed4102c77b3c6a03e1d8\"},\"breadcrumb\":{\"@id\":\"https:\\\/\\\/www.article-marketing.eu\\\/comunicatistampa\\\/musica-destate-a-bardonecchia-tra-concerti-e-campus-di-alto-perfezionamento\\\/#breadcrumb\"},\"inLanguage\":\"it-IT\",\"potentialAction\":[{\"@type\":\"ReadAction\",\"target\":[\"https:\\\/\\\/www.article-marketing.eu\\\/comunicatistampa\\\/musica-destate-a-bardonecchia-tra-concerti-e-campus-di-alto-perfezionamento\\\/\"]}]},{\"@type\":\"BreadcrumbList\",\"@id\":\"https:\\\/\\\/www.article-marketing.eu\\\/comunicatistampa\\\/musica-destate-a-bardonecchia-tra-concerti-e-campus-di-alto-perfezionamento\\\/#breadcrumb\",\"itemListElement\":[{\"@type\":\"ListItem\",\"position\":1,\"name\":\"Home\",\"item\":\"https:\\\/\\\/www.article-marketing.eu\\\/comunicatistampa\\\/\"},{\"@type\":\"ListItem\",\"position\":2,\"name\":\"Musica d&#8217;Estate a Bardonecchia tra concerti e campus di alto perfezionamento\"}]},{\"@type\":\"WebSite\",\"@id\":\"https:\\\/\\\/www.article-marketing.eu\\\/comunicatistampa\\\/#website\",\"url\":\"https:\\\/\\\/www.article-marketing.eu\\\/comunicatistampa\\\/\",\"name\":\"Article Marketing\",\"description\":\"article marketing &amp; press release\",\"potentialAction\":[{\"@type\":\"SearchAction\",\"target\":{\"@type\":\"EntryPoint\",\"urlTemplate\":\"https:\\\/\\\/www.article-marketing.eu\\\/comunicatistampa\\\/?s={search_term_string}\"},\"query-input\":{\"@type\":\"PropertyValueSpecification\",\"valueRequired\":true,\"valueName\":\"search_term_string\"}}],\"inLanguage\":\"it-IT\"},{\"@type\":\"Person\",\"@id\":\"https:\\\/\\\/www.article-marketing.eu\\\/comunicatistampa\\\/#\\\/schema\\\/person\\\/b215337b2939ed4102c77b3c6a03e1d8\",\"name\":\"Accademia di musica di Pinerolo\",\"image\":{\"@type\":\"ImageObject\",\"inLanguage\":\"it-IT\",\"@id\":\"https:\\\/\\\/secure.gravatar.com\\\/avatar\\\/6bb1985aeec7ceb9d999e68681c30243f98bd7381193135cf6d87c18d8fa0666?s=96&d=mm&r=g\",\"url\":\"https:\\\/\\\/secure.gravatar.com\\\/avatar\\\/6bb1985aeec7ceb9d999e68681c30243f98bd7381193135cf6d87c18d8fa0666?s=96&d=mm&r=g\",\"contentUrl\":\"https:\\\/\\\/secure.gravatar.com\\\/avatar\\\/6bb1985aeec7ceb9d999e68681c30243f98bd7381193135cf6d87c18d8fa0666?s=96&d=mm&r=g\",\"caption\":\"Accademia di musica di Pinerolo\"},\"url\":\"https:\\\/\\\/www.article-marketing.eu\\\/comunicatistampa\\\/author\\\/accademia-di-musica-di-pinerolo\\\/\"}]}<\/script>\n<!-- \/ Yoast SEO plugin. -->","yoast_head_json":{"title":"Musica d'Estate a Bardonecchia tra concerti e campus di alto perfezionamento - Article Marketing","robots":{"index":"index","follow":"follow","max-snippet":"max-snippet:-1","max-image-preview":"max-image-preview:large","max-video-preview":"max-video-preview:-1"},"canonical":"https:\/\/www.article-marketing.eu\/comunicatistampa\/musica-destate-a-bardonecchia-tra-concerti-e-campus-di-alto-perfezionamento\/","og_locale":"it_IT","og_type":"article","og_title":"Musica d'Estate a Bardonecchia tra concerti e campus di alto perfezionamento - Article Marketing","og_description":"Sono una trentina i concerti di musica classica programmati da Musica d\u2019Estate a Bardonecchia dal 17 al 31 luglio: una rara occasione per godere di concerti in altura, a 1300 metri d&#8217;altitudine, l\u00e0 dove anche la montagna d\u00e0 spettacolo. Organizzata da 24 anni dall\u2019Accademia di Musica di Pinerolo, annoverata tra le pi\u00f9 rinomate strutture di alta formazione e perfezionamento del paese, la rassegna \u00e8 ad ingresso gratuito e ad ogniContinue reading...","og_url":"https:\/\/www.article-marketing.eu\/comunicatistampa\/musica-destate-a-bardonecchia-tra-concerti-e-campus-di-alto-perfezionamento\/","og_site_name":"Article Marketing","article_published_time":"2018-05-30T13:07:04+00:00","article_modified_time":"2020-08-09T23:47:48+00:00","author":"Accademia di musica di Pinerolo","twitter_card":"summary_large_image","twitter_misc":{"Scritto da":"Accademia di musica di Pinerolo","Tempo di lettura stimato":"2 minuti"},"schema":{"@context":"https:\/\/schema.org","@graph":[{"@type":"Article","@id":"https:\/\/www.article-marketing.eu\/comunicatistampa\/musica-destate-a-bardonecchia-tra-concerti-e-campus-di-alto-perfezionamento\/#article","isPartOf":{"@id":"https:\/\/www.article-marketing.eu\/comunicatistampa\/musica-destate-a-bardonecchia-tra-concerti-e-campus-di-alto-perfezionamento\/"},"author":{"name":"Accademia di musica di Pinerolo","@id":"https:\/\/www.article-marketing.eu\/comunicatistampa\/#\/schema\/person\/b215337b2939ed4102c77b3c6a03e1d8"},"headline":"Musica d&#8217;Estate a Bardonecchia tra concerti e campus di alto perfezionamento","datePublished":"2018-05-30T13:07:04+00:00","dateModified":"2020-08-09T23:47:48+00:00","mainEntityOfPage":{"@id":"https:\/\/www.article-marketing.eu\/comunicatistampa\/musica-destate-a-bardonecchia-tra-concerti-e-campus-di-alto-perfezionamento\/"},"wordCount":332,"commentCount":0,"articleSection":["Musica"],"inLanguage":"it-IT","potentialAction":[{"@type":"CommentAction","name":"Comment","target":["https:\/\/www.article-marketing.eu\/comunicatistampa\/musica-destate-a-bardonecchia-tra-concerti-e-campus-di-alto-perfezionamento\/#respond"]}]},{"@type":"WebPage","@id":"https:\/\/www.article-marketing.eu\/comunicatistampa\/musica-destate-a-bardonecchia-tra-concerti-e-campus-di-alto-perfezionamento\/","url":"https:\/\/www.article-marketing.eu\/comunicatistampa\/musica-destate-a-bardonecchia-tra-concerti-e-campus-di-alto-perfezionamento\/","name":"Musica d'Estate a Bardonecchia tra concerti e campus di alto perfezionamento - Article Marketing","isPartOf":{"@id":"https:\/\/www.article-marketing.eu\/comunicatistampa\/#website"},"datePublished":"2018-05-30T13:07:04+00:00","dateModified":"2020-08-09T23:47:48+00:00","author":{"@id":"https:\/\/www.article-marketing.eu\/comunicatistampa\/#\/schema\/person\/b215337b2939ed4102c77b3c6a03e1d8"},"breadcrumb":{"@id":"https:\/\/www.article-marketing.eu\/comunicatistampa\/musica-destate-a-bardonecchia-tra-concerti-e-campus-di-alto-perfezionamento\/#breadcrumb"},"inLanguage":"it-IT","potentialAction":[{"@type":"ReadAction","target":["https:\/\/www.article-marketing.eu\/comunicatistampa\/musica-destate-a-bardonecchia-tra-concerti-e-campus-di-alto-perfezionamento\/"]}]},{"@type":"BreadcrumbList","@id":"https:\/\/www.article-marketing.eu\/comunicatistampa\/musica-destate-a-bardonecchia-tra-concerti-e-campus-di-alto-perfezionamento\/#breadcrumb","itemListElement":[{"@type":"ListItem","position":1,"name":"Home","item":"https:\/\/www.article-marketing.eu\/comunicatistampa\/"},{"@type":"ListItem","position":2,"name":"Musica d&#8217;Estate a Bardonecchia tra concerti e campus di alto perfezionamento"}]},{"@type":"WebSite","@id":"https:\/\/www.article-marketing.eu\/comunicatistampa\/#website","url":"https:\/\/www.article-marketing.eu\/comunicatistampa\/","name":"Article Marketing","description":"article marketing &amp; press release","potentialAction":[{"@type":"SearchAction","target":{"@type":"EntryPoint","urlTemplate":"https:\/\/www.article-marketing.eu\/comunicatistampa\/?s={search_term_string}"},"query-input":{"@type":"PropertyValueSpecification","valueRequired":true,"valueName":"search_term_string"}}],"inLanguage":"it-IT"},{"@type":"Person","@id":"https:\/\/www.article-marketing.eu\/comunicatistampa\/#\/schema\/person\/b215337b2939ed4102c77b3c6a03e1d8","name":"Accademia di musica di Pinerolo","image":{"@type":"ImageObject","inLanguage":"it-IT","@id":"https:\/\/secure.gravatar.com\/avatar\/6bb1985aeec7ceb9d999e68681c30243f98bd7381193135cf6d87c18d8fa0666?s=96&d=mm&r=g","url":"https:\/\/secure.gravatar.com\/avatar\/6bb1985aeec7ceb9d999e68681c30243f98bd7381193135cf6d87c18d8fa0666?s=96&d=mm&r=g","contentUrl":"https:\/\/secure.gravatar.com\/avatar\/6bb1985aeec7ceb9d999e68681c30243f98bd7381193135cf6d87c18d8fa0666?s=96&d=mm&r=g","caption":"Accademia di musica di Pinerolo"},"url":"https:\/\/www.article-marketing.eu\/comunicatistampa\/author\/accademia-di-musica-di-pinerolo\/"}]}},"_links":{"self":[{"href":"https:\/\/www.article-marketing.eu\/comunicatistampa\/wp-json\/wp\/v2\/posts\/10320","targetHints":{"allow":["GET"]}}],"collection":[{"href":"https:\/\/www.article-marketing.eu\/comunicatistampa\/wp-json\/wp\/v2\/posts"}],"about":[{"href":"https:\/\/www.article-marketing.eu\/comunicatistampa\/wp-json\/wp\/v2\/types\/post"}],"author":[{"embeddable":true,"href":"https:\/\/www.article-marketing.eu\/comunicatistampa\/wp-json\/wp\/v2\/users\/824"}],"replies":[{"embeddable":true,"href":"https:\/\/www.article-marketing.eu\/comunicatistampa\/wp-json\/wp\/v2\/comments?post=10320"}],"version-history":[{"count":2,"href":"https:\/\/www.article-marketing.eu\/comunicatistampa\/wp-json\/wp\/v2\/posts\/10320\/revisions"}],"predecessor-version":[{"id":10343,"href":"https:\/\/www.article-marketing.eu\/comunicatistampa\/wp-json\/wp\/v2\/posts\/10320\/revisions\/10343"}],"wp:attachment":[{"href":"https:\/\/www.article-marketing.eu\/comunicatistampa\/wp-json\/wp\/v2\/media?parent=10320"}],"wp:term":[{"taxonomy":"category","embeddable":true,"href":"https:\/\/www.article-marketing.eu\/comunicatistampa\/wp-json\/wp\/v2\/categories?post=10320"},{"taxonomy":"post_tag","embeddable":true,"href":"https:\/\/www.article-marketing.eu\/comunicatistampa\/wp-json\/wp\/v2\/tags?post=10320"}],"curies":[{"name":"wp","href":"https:\/\/api.w.org\/{rel}","templated":true}]}}