{"id":10322,"date":"2018-05-30T15:06:48","date_gmt":"2018-05-30T13:06:48","guid":{"rendered":"http:\/\/www.article-marketing.eu\/comunicatistampa\/?p=10322"},"modified":"2018-05-30T15:06:48","modified_gmt":"2018-05-30T13:06:48","slug":"crescere-in-salute-il-portale-web-dedicato-alla-salute-dei-bambini","status":"publish","type":"post","link":"https:\/\/www.article-marketing.eu\/comunicatistampa\/crescere-in-salute-il-portale-web-dedicato-alla-salute-dei-bambini\/","title":{"rendered":"\u201cCrescere in Salute\u201d, il portale web dedicato alla salute dei bambini"},"content":{"rendered":"<p><strong>Al via una campagna di sensibilizzazione rivolta alle famiglie coordinata da Ats Bergamo. L\u2019informazione sulla salute di bambini e adolescenti e sui servizi offerti da pediatri di famiglia e Asst del territorio in rete sul web, nelle farmacie e nelle sale d\u2019attesa degli ospedali. Obiettivo: orientare i genitori in un <\/strong><strong>accesso pi\u00f9 appropriato dei servizi offerti dai pediatri di famiglia e dalle ASST del territorio.<\/strong><\/p>\n<p><strong>\u201cCrescere in salute\u201d<\/strong> \u00e8 il portale realizzato da Ats Bergamo in collaborazione con le ASST Papa Giovanni XXIII, Bergamo Ovest, Bergamo Est per informare sui servizi offerti dalla rete pediatrica (Pediatri di famiglia e ospedalieri) della provincia e rispondere alle domande di tanti genitori sulla salute del bambino.<\/p>\n<p>Consultabile sul sito\u00a0 <a href=\"http:\/\/www.ats-bg.it\">http:\/\/www.ats-bg.it<\/a>, Crescere in salute sar\u00e0 attivo dal 1\u00b0 giugno, Global Day of Parents <a href=\"http:\/\/www.un.org\/en\/events\/parentsday\/index.shtml\">http:\/\/www.un.org\/en\/events\/parentsday\/index.shtml<\/a> , in concomitanza con l\u2019avvio di una campagna di informazione che prevede la collaborazione di farmacie e strutture sanitarie del territorio per la distribuzione di materiale informativo.<\/p>\n<p>Questa iniziativa, nata nell\u2019ambito della definizione delle regole di sistema per la gestione del servizio socio-sanitario 2017, \u00a0scaturisce dall\u2019utilizzo generico e sempre pi\u00f9 indiscriminato della rete da parte delle famiglie che approdano spesso ad informazioni non sempre sostenute da fondamenti scientifici e dunque pericolose per la salute dei pi\u00f9 piccoli. Per questo motivo Regione Lombardia ha chiesto alle Ats di sviluppare e coordinare insieme alla rete pediatrica provinciale un sito web dedicato alle famiglie di bambini e adolescenti, per fornire loro un\u2019informazione pi\u00f9 efficace in grado di orientarli nell\u2019accesso pi\u00f9 appropriato dei servizi offerti dai pediatri di famiglia e dalle ASST del territorio.<\/p>\n<p>Il progetto di Ats Bergamo \u00e8 stato sviluppato dal Direttore del Dipartimento Cure Primarie, Dr Vito Brancato, insieme a due pediatri di famiglia individuati come referenti per la categoria, Marina Balestra e Luigi Greco, e ai rappresentanti delle 3 ASST della provincia, tutti specialisti pediatri: Angelo Di Giorgio, Dirigente Pediatra ASST Papa Giovanni XXIII, Mario Rubino, Dirigente Pediatra ASST Bergamo Est, e Francesco Morandi, Responsabile UOC Pediatria ASST Bergamo Ovest.<\/p>\n<p>Accedendo alla pagina web si ha la possibilit\u00e0 di consultare il materiale scientifico e informativo, anche grazie all\u2019ausilio di filmati, suddiviso in 10 aree tematiche: Adolescenti \u2013 Alimentazione \u2013 Allergia \u2013 Neonati e lattanti \u2013 Emergenza \u2013 Malattie \u2013 Rete pediatrica \u2013 Stili di vita corretti \u2013 Scuola \u2013 Vaccinazioni.<\/p>\n<p><em>\u201cL\u2019intero sistema bergamasco della pediatria si \u00e8 mobilitato per questo progetto, che \u00e8 di fondamentale importanza per la tutela della salute dei nostri bambini. In una societ\u00e0 in cui ormai la rete offre ogni tipo di notizie, spesso incontrollate, le famiglie hanno invece la necessit\u00e0 e il diritto di poter accedere a informazioni utili, sicure e certificate. E\u2019 bene per\u00f2 ricordare che questo sito vuole essere un supporto alle famiglie, senza sostituirsi alla competenza e ai consigli dei pediatri\u201d<\/em>, sottolinea <strong>Mara Azzi<\/strong>, Direttore Generale di Ats Bergamo.<\/p>\n","protected":false},"excerpt":{"rendered":"<p>Al via una campagna di sensibilizzazione rivolta alle famiglie coordinata da Ats Bergamo. L\u2019informazione sulla salute di bambini e adolescenti e sui servizi offerti da pediatri di famiglia e Asst del territorio in rete sul web, nelle farmacie e nelle sale d\u2019attesa degli ospedali. Obiettivo: orientare i genitori in un accesso pi\u00f9 appropriato dei servizi offerti dai pediatri di famiglia e dalle ASST del territorio. \u201cCrescere in salute\u201d \u00e8 il<\/p>\n<p><a class=\"continue-reading\" href=\"https:\/\/www.article-marketing.eu\/comunicatistampa\/crescere-in-salute-il-portale-web-dedicato-alla-salute-dei-bambini\/\">Continue reading&#8230;<\/a><\/p>\n","protected":false},"author":1855,"featured_media":0,"comment_status":"open","ping_status":"open","sticky":false,"template":"","format":"standard","meta":{"_monsterinsights_skip_tracking":false,"_monsterinsights_sitenote_active":false,"_monsterinsights_sitenote_note":"","_monsterinsights_sitenote_category":0,"footnotes":""},"categories":[78,369],"tags":[4327,4328,4329],"class_list":["post-10322","post","type-post","status-publish","format-standard","hentry","category-comunicati-stampa","category-salute-e-benessere","tag-ats-bergamo","tag-crescere-in-salute","tag-salute-dei-bambini"],"yoast_head":"<!-- This site is optimized with the Yoast SEO plugin v27.3 - https:\/\/yoast.com\/product\/yoast-seo-wordpress\/ -->\n<title>\u201cCrescere in Salute\u201d, il portale web dedicato alla salute dei bambini - Article Marketing<\/title>\n<meta name=\"robots\" content=\"index, follow, max-snippet:-1, max-image-preview:large, max-video-preview:-1\" \/>\n<link rel=\"canonical\" href=\"https:\/\/www.article-marketing.eu\/comunicatistampa\/crescere-in-salute-il-portale-web-dedicato-alla-salute-dei-bambini\/\" \/>\n<meta property=\"og:locale\" content=\"it_IT\" \/>\n<meta property=\"og:type\" content=\"article\" \/>\n<meta property=\"og:title\" content=\"\u201cCrescere in Salute\u201d, il portale web dedicato alla salute dei bambini - Article Marketing\" \/>\n<meta property=\"og:description\" content=\"Al via una campagna di sensibilizzazione rivolta alle famiglie coordinata da Ats Bergamo. L\u2019informazione sulla salute di bambini e adolescenti e sui servizi offerti da pediatri di famiglia e Asst del territorio in rete sul web, nelle farmacie e nelle sale d\u2019attesa degli ospedali. Obiettivo: orientare i genitori in un accesso pi\u00f9 appropriato dei servizi offerti dai pediatri di famiglia e dalle ASST del territorio. \u201cCrescere in salute\u201d \u00e8 ilContinue reading...\" \/>\n<meta property=\"og:url\" content=\"https:\/\/www.article-marketing.eu\/comunicatistampa\/crescere-in-salute-il-portale-web-dedicato-alla-salute-dei-bambini\/\" \/>\n<meta property=\"og:site_name\" content=\"Article Marketing\" \/>\n<meta property=\"article:published_time\" content=\"2018-05-30T13:06:48+00:00\" \/>\n<meta name=\"author\" content=\"Redaclem\" \/>\n<meta name=\"twitter:card\" content=\"summary_large_image\" \/>\n<meta name=\"twitter:label1\" content=\"Scritto da\" \/>\n\t<meta name=\"twitter:data1\" content=\"Redaclem\" \/>\n\t<meta name=\"twitter:label2\" content=\"Tempo di lettura stimato\" \/>\n\t<meta name=\"twitter:data2\" content=\"2 minuti\" \/>\n<script type=\"application\/ld+json\" class=\"yoast-schema-graph\">{\"@context\":\"https:\\\/\\\/schema.org\",\"@graph\":[{\"@type\":\"Article\",\"@id\":\"https:\\\/\\\/www.article-marketing.eu\\\/comunicatistampa\\\/crescere-in-salute-il-portale-web-dedicato-alla-salute-dei-bambini\\\/#article\",\"isPartOf\":{\"@id\":\"https:\\\/\\\/www.article-marketing.eu\\\/comunicatistampa\\\/crescere-in-salute-il-portale-web-dedicato-alla-salute-dei-bambini\\\/\"},\"author\":{\"name\":\"Redaclem\",\"@id\":\"https:\\\/\\\/www.article-marketing.eu\\\/comunicatistampa\\\/#\\\/schema\\\/person\\\/c0aa725eee5df8460e0adf901fde0c88\"},\"headline\":\"\u201cCrescere in Salute\u201d, il portale web dedicato alla salute dei bambini\",\"datePublished\":\"2018-05-30T13:06:48+00:00\",\"mainEntityOfPage\":{\"@id\":\"https:\\\/\\\/www.article-marketing.eu\\\/comunicatistampa\\\/crescere-in-salute-il-portale-web-dedicato-alla-salute-dei-bambini\\\/\"},\"wordCount\":480,\"commentCount\":0,\"keywords\":[\"ats bergamo\",\"crescere in salute\",\"salute dei bambini\"],\"articleSection\":[\"Comunicati stampa\",\"Salute e benessere\"],\"inLanguage\":\"it-IT\",\"potentialAction\":[{\"@type\":\"CommentAction\",\"name\":\"Comment\",\"target\":[\"https:\\\/\\\/www.article-marketing.eu\\\/comunicatistampa\\\/crescere-in-salute-il-portale-web-dedicato-alla-salute-dei-bambini\\\/#respond\"]}]},{\"@type\":\"WebPage\",\"@id\":\"https:\\\/\\\/www.article-marketing.eu\\\/comunicatistampa\\\/crescere-in-salute-il-portale-web-dedicato-alla-salute-dei-bambini\\\/\",\"url\":\"https:\\\/\\\/www.article-marketing.eu\\\/comunicatistampa\\\/crescere-in-salute-il-portale-web-dedicato-alla-salute-dei-bambini\\\/\",\"name\":\"\u201cCrescere in Salute\u201d, il portale web dedicato alla salute dei bambini - Article Marketing\",\"isPartOf\":{\"@id\":\"https:\\\/\\\/www.article-marketing.eu\\\/comunicatistampa\\\/#website\"},\"datePublished\":\"2018-05-30T13:06:48+00:00\",\"author\":{\"@id\":\"https:\\\/\\\/www.article-marketing.eu\\\/comunicatistampa\\\/#\\\/schema\\\/person\\\/c0aa725eee5df8460e0adf901fde0c88\"},\"breadcrumb\":{\"@id\":\"https:\\\/\\\/www.article-marketing.eu\\\/comunicatistampa\\\/crescere-in-salute-il-portale-web-dedicato-alla-salute-dei-bambini\\\/#breadcrumb\"},\"inLanguage\":\"it-IT\",\"potentialAction\":[{\"@type\":\"ReadAction\",\"target\":[\"https:\\\/\\\/www.article-marketing.eu\\\/comunicatistampa\\\/crescere-in-salute-il-portale-web-dedicato-alla-salute-dei-bambini\\\/\"]}]},{\"@type\":\"BreadcrumbList\",\"@id\":\"https:\\\/\\\/www.article-marketing.eu\\\/comunicatistampa\\\/crescere-in-salute-il-portale-web-dedicato-alla-salute-dei-bambini\\\/#breadcrumb\",\"itemListElement\":[{\"@type\":\"ListItem\",\"position\":1,\"name\":\"Home\",\"item\":\"https:\\\/\\\/www.article-marketing.eu\\\/comunicatistampa\\\/\"},{\"@type\":\"ListItem\",\"position\":2,\"name\":\"\u201cCrescere in Salute\u201d, il portale web dedicato alla salute dei bambini\"}]},{\"@type\":\"WebSite\",\"@id\":\"https:\\\/\\\/www.article-marketing.eu\\\/comunicatistampa\\\/#website\",\"url\":\"https:\\\/\\\/www.article-marketing.eu\\\/comunicatistampa\\\/\",\"name\":\"Article Marketing\",\"description\":\"article marketing &amp; press release\",\"potentialAction\":[{\"@type\":\"SearchAction\",\"target\":{\"@type\":\"EntryPoint\",\"urlTemplate\":\"https:\\\/\\\/www.article-marketing.eu\\\/comunicatistampa\\\/?s={search_term_string}\"},\"query-input\":{\"@type\":\"PropertyValueSpecification\",\"valueRequired\":true,\"valueName\":\"search_term_string\"}}],\"inLanguage\":\"it-IT\"},{\"@type\":\"Person\",\"@id\":\"https:\\\/\\\/www.article-marketing.eu\\\/comunicatistampa\\\/#\\\/schema\\\/person\\\/c0aa725eee5df8460e0adf901fde0c88\",\"name\":\"Redaclem\",\"image\":{\"@type\":\"ImageObject\",\"inLanguage\":\"it-IT\",\"@id\":\"https:\\\/\\\/secure.gravatar.com\\\/avatar\\\/4c7e41f332a0583344a91d7d39723533da9b2d0df7737c2d8c69553168c2191e?s=96&d=mm&r=g\",\"url\":\"https:\\\/\\\/secure.gravatar.com\\\/avatar\\\/4c7e41f332a0583344a91d7d39723533da9b2d0df7737c2d8c69553168c2191e?s=96&d=mm&r=g\",\"contentUrl\":\"https:\\\/\\\/secure.gravatar.com\\\/avatar\\\/4c7e41f332a0583344a91d7d39723533da9b2d0df7737c2d8c69553168c2191e?s=96&d=mm&r=g\",\"caption\":\"Redaclem\"},\"url\":\"https:\\\/\\\/www.article-marketing.eu\\\/comunicatistampa\\\/author\\\/redaclem\\\/\"}]}<\/script>\n<!-- \/ Yoast SEO plugin. -->","yoast_head_json":{"title":"\u201cCrescere in Salute\u201d, il portale web dedicato alla salute dei bambini - Article Marketing","robots":{"index":"index","follow":"follow","max-snippet":"max-snippet:-1","max-image-preview":"max-image-preview:large","max-video-preview":"max-video-preview:-1"},"canonical":"https:\/\/www.article-marketing.eu\/comunicatistampa\/crescere-in-salute-il-portale-web-dedicato-alla-salute-dei-bambini\/","og_locale":"it_IT","og_type":"article","og_title":"\u201cCrescere in Salute\u201d, il portale web dedicato alla salute dei bambini - Article Marketing","og_description":"Al via una campagna di sensibilizzazione rivolta alle famiglie coordinata da Ats Bergamo. L\u2019informazione sulla salute di bambini e adolescenti e sui servizi offerti da pediatri di famiglia e Asst del territorio in rete sul web, nelle farmacie e nelle sale d\u2019attesa degli ospedali. Obiettivo: orientare i genitori in un accesso pi\u00f9 appropriato dei servizi offerti dai pediatri di famiglia e dalle ASST del territorio. \u201cCrescere in salute\u201d \u00e8 ilContinue reading...","og_url":"https:\/\/www.article-marketing.eu\/comunicatistampa\/crescere-in-salute-il-portale-web-dedicato-alla-salute-dei-bambini\/","og_site_name":"Article Marketing","article_published_time":"2018-05-30T13:06:48+00:00","author":"Redaclem","twitter_card":"summary_large_image","twitter_misc":{"Scritto da":"Redaclem","Tempo di lettura stimato":"2 minuti"},"schema":{"@context":"https:\/\/schema.org","@graph":[{"@type":"Article","@id":"https:\/\/www.article-marketing.eu\/comunicatistampa\/crescere-in-salute-il-portale-web-dedicato-alla-salute-dei-bambini\/#article","isPartOf":{"@id":"https:\/\/www.article-marketing.eu\/comunicatistampa\/crescere-in-salute-il-portale-web-dedicato-alla-salute-dei-bambini\/"},"author":{"name":"Redaclem","@id":"https:\/\/www.article-marketing.eu\/comunicatistampa\/#\/schema\/person\/c0aa725eee5df8460e0adf901fde0c88"},"headline":"\u201cCrescere in Salute\u201d, il portale web dedicato alla salute dei bambini","datePublished":"2018-05-30T13:06:48+00:00","mainEntityOfPage":{"@id":"https:\/\/www.article-marketing.eu\/comunicatistampa\/crescere-in-salute-il-portale-web-dedicato-alla-salute-dei-bambini\/"},"wordCount":480,"commentCount":0,"keywords":["ats bergamo","crescere in salute","salute dei bambini"],"articleSection":["Comunicati stampa","Salute e benessere"],"inLanguage":"it-IT","potentialAction":[{"@type":"CommentAction","name":"Comment","target":["https:\/\/www.article-marketing.eu\/comunicatistampa\/crescere-in-salute-il-portale-web-dedicato-alla-salute-dei-bambini\/#respond"]}]},{"@type":"WebPage","@id":"https:\/\/www.article-marketing.eu\/comunicatistampa\/crescere-in-salute-il-portale-web-dedicato-alla-salute-dei-bambini\/","url":"https:\/\/www.article-marketing.eu\/comunicatistampa\/crescere-in-salute-il-portale-web-dedicato-alla-salute-dei-bambini\/","name":"\u201cCrescere in Salute\u201d, il portale web dedicato alla salute dei bambini - Article Marketing","isPartOf":{"@id":"https:\/\/www.article-marketing.eu\/comunicatistampa\/#website"},"datePublished":"2018-05-30T13:06:48+00:00","author":{"@id":"https:\/\/www.article-marketing.eu\/comunicatistampa\/#\/schema\/person\/c0aa725eee5df8460e0adf901fde0c88"},"breadcrumb":{"@id":"https:\/\/www.article-marketing.eu\/comunicatistampa\/crescere-in-salute-il-portale-web-dedicato-alla-salute-dei-bambini\/#breadcrumb"},"inLanguage":"it-IT","potentialAction":[{"@type":"ReadAction","target":["https:\/\/www.article-marketing.eu\/comunicatistampa\/crescere-in-salute-il-portale-web-dedicato-alla-salute-dei-bambini\/"]}]},{"@type":"BreadcrumbList","@id":"https:\/\/www.article-marketing.eu\/comunicatistampa\/crescere-in-salute-il-portale-web-dedicato-alla-salute-dei-bambini\/#breadcrumb","itemListElement":[{"@type":"ListItem","position":1,"name":"Home","item":"https:\/\/www.article-marketing.eu\/comunicatistampa\/"},{"@type":"ListItem","position":2,"name":"\u201cCrescere in Salute\u201d, il portale web dedicato alla salute dei bambini"}]},{"@type":"WebSite","@id":"https:\/\/www.article-marketing.eu\/comunicatistampa\/#website","url":"https:\/\/www.article-marketing.eu\/comunicatistampa\/","name":"Article Marketing","description":"article marketing &amp; press release","potentialAction":[{"@type":"SearchAction","target":{"@type":"EntryPoint","urlTemplate":"https:\/\/www.article-marketing.eu\/comunicatistampa\/?s={search_term_string}"},"query-input":{"@type":"PropertyValueSpecification","valueRequired":true,"valueName":"search_term_string"}}],"inLanguage":"it-IT"},{"@type":"Person","@id":"https:\/\/www.article-marketing.eu\/comunicatistampa\/#\/schema\/person\/c0aa725eee5df8460e0adf901fde0c88","name":"Redaclem","image":{"@type":"ImageObject","inLanguage":"it-IT","@id":"https:\/\/secure.gravatar.com\/avatar\/4c7e41f332a0583344a91d7d39723533da9b2d0df7737c2d8c69553168c2191e?s=96&d=mm&r=g","url":"https:\/\/secure.gravatar.com\/avatar\/4c7e41f332a0583344a91d7d39723533da9b2d0df7737c2d8c69553168c2191e?s=96&d=mm&r=g","contentUrl":"https:\/\/secure.gravatar.com\/avatar\/4c7e41f332a0583344a91d7d39723533da9b2d0df7737c2d8c69553168c2191e?s=96&d=mm&r=g","caption":"Redaclem"},"url":"https:\/\/www.article-marketing.eu\/comunicatistampa\/author\/redaclem\/"}]}},"_links":{"self":[{"href":"https:\/\/www.article-marketing.eu\/comunicatistampa\/wp-json\/wp\/v2\/posts\/10322","targetHints":{"allow":["GET"]}}],"collection":[{"href":"https:\/\/www.article-marketing.eu\/comunicatistampa\/wp-json\/wp\/v2\/posts"}],"about":[{"href":"https:\/\/www.article-marketing.eu\/comunicatistampa\/wp-json\/wp\/v2\/types\/post"}],"author":[{"embeddable":true,"href":"https:\/\/www.article-marketing.eu\/comunicatistampa\/wp-json\/wp\/v2\/users\/1855"}],"replies":[{"embeddable":true,"href":"https:\/\/www.article-marketing.eu\/comunicatistampa\/wp-json\/wp\/v2\/comments?post=10322"}],"version-history":[{"count":2,"href":"https:\/\/www.article-marketing.eu\/comunicatistampa\/wp-json\/wp\/v2\/posts\/10322\/revisions"}],"predecessor-version":[{"id":10342,"href":"https:\/\/www.article-marketing.eu\/comunicatistampa\/wp-json\/wp\/v2\/posts\/10322\/revisions\/10342"}],"wp:attachment":[{"href":"https:\/\/www.article-marketing.eu\/comunicatistampa\/wp-json\/wp\/v2\/media?parent=10322"}],"wp:term":[{"taxonomy":"category","embeddable":true,"href":"https:\/\/www.article-marketing.eu\/comunicatistampa\/wp-json\/wp\/v2\/categories?post=10322"},{"taxonomy":"post_tag","embeddable":true,"href":"https:\/\/www.article-marketing.eu\/comunicatistampa\/wp-json\/wp\/v2\/tags?post=10322"}],"curies":[{"name":"wp","href":"https:\/\/api.w.org\/{rel}","templated":true}]}}