{"id":10408,"date":"2018-06-04T14:25:52","date_gmt":"2018-06-04T12:25:52","guid":{"rendered":"http:\/\/www.article-marketing.eu\/comunicatistampa\/?p=10408"},"modified":"2018-06-04T14:25:52","modified_gmt":"2018-06-04T12:25:52","slug":"uni-kids-per-i-50-anni-delluniversita-degli-studi-di-bergamo","status":"publish","type":"post","link":"https:\/\/www.article-marketing.eu\/comunicatistampa\/uni-kids-per-i-50-anni-delluniversita-degli-studi-di-bergamo\/","title":{"rendered":"Uni.Kids, per i 50 anni dell&#8217;Universit\u00e0 degli Studi di Bergamo"},"content":{"rendered":"<p>Nel ricco cartellone di eventi organizzati per celebrare il suo 50\u00b0 anniversario di fondazione, l\u2019<strong>Universit\u00e0 degli Studi di Bergamo<\/strong>\u00a0ha voluto pensare anche ai pi\u00f9 piccoli con Uni.Kids, ciclo di incontri alla scoperta di libri, cinema, luoghi e tradizioni, creati per avvicinare al mondo accademico le famiglie, ma soprattutto gli \u201cstudenti di domani\u201d.<\/p>\n<p>\u201c<em>La conoscenza e la cultura<\/em>\u00a0\u2013 sottolinea il <strong>Rettore dell\u2019Universit\u00e0 degli Studi di Bergamo Remo Morzenti Pellegrini<\/strong> &#8211;\u00a0<em>sono i tasselli della crescita individuale e collettiva, fattori di sviluppo della comunit\u00e0. Il riscontro pi\u00f9 che positivo da parte dei bambini, la partecipazione vivace e attenta di questi studenti di domani agli appuntamenti di Uni.Kids che si sono tenuti fino ad oggi \u00e8 simbolo di un\u2019\u201calleanza\u201d tra comunit\u00e0 universitaria e bambine e bambini a testimonianza da un lato che l&#8217;Universit\u00e0 \u00e8 un&#8217;opportunit\u00e0 accessibile a tutti e dall&#8217;altro che la ricerca, la crescita della conoscenza, la scoperta ci possono accompagnare lungo tutto il percorso della vita e contribuire a renderla migliore<\/em>.\u201d<\/p>\n<p>Una serie di appuntamenti &#8211; in programma fino al 23 giugno e dall\u20198 settembre al 23 ottobre un secondo ciclo di incontri &#8211; pensati per stimolare la creativit\u00e0 e la curiosit\u00e0 dei bambini attraverso la scoperta dei luoghi e delle tradizioni del territorio, usando mezzi privilegiati per l\u2019apprendimento infantile: <strong>il gioco e la narrazione<\/strong>.<\/p>\n<p>Sabato <strong>16 e 23 giugno<\/strong>, la Prof.ssa di Storia del Teatro dell\u2019Universit\u00e0 degli Studi di Bergamo Anna Maria Testaverde, condurr\u00e0 i pi\u00f9 piccoli alla riscoperta delle tradizionali maschere di Bergamo e della commedia dell\u2019arte: <strong>\u201cSmascheriamoci! Pomeriggio in compagnia delle maschere della commedia dell\u2019Arte\u201d <\/strong>e<strong> \u201cGioppino e compagnia bella!\u201d<\/strong> (presso il Teatro di Sant\u2019Andrea, Via Porta Dipinta &#8211; Bergamo).<\/p>\n<p>Sempre il 23 giugno i bambini potranno scoprire cosa sono <strong>\u201cI libri porta\u201d<\/strong>, grazie a un laboratorio a cura di moBLArte, organizzato presso il Chiostro di Sant\u2019Agostino (Piazzale Sant\u2019Agostino). Qui i piccoli partecipanti saranno condotti in un viaggio esplorativo, attraverso le soglie pi\u00f9 belle di Citt\u00e0 Alta, per poi tratteggiare porte e portali, ispirandosi al Metodo Munari.<\/p>\n<p>Per il calendario completo delle iniziative: <a href=\"http:\/\/www.50unibg.it\">www.50unibg.it<\/a>.<\/p>\n<p>Gli eventi Uni.Kids, a ingresso libero e gratuito (massimo 20 bambini), prevedono sempre la partecipazione di un accompagnatore. La prenotazione \u00e8 obbligatoria via mail all\u2019indirizzo: <a href=\"mailto:prenotazioni@50unibg.it\">prenotazioni@50unibg.it<\/a>.<\/p>\n","protected":false},"excerpt":{"rendered":"<p>Nel ricco cartellone di eventi organizzati per celebrare il suo 50\u00b0 anniversario di fondazione, l\u2019Universit\u00e0 degli Studi di Bergamo\u00a0ha voluto pensare anche ai pi\u00f9 piccoli con Uni.Kids, ciclo di incontri alla scoperta di libri, cinema, luoghi e tradizioni, creati per avvicinare al mondo accademico le famiglie, ma soprattutto gli \u201cstudenti di domani\u201d. \u201cLa conoscenza e la cultura\u00a0\u2013 sottolinea il Rettore dell\u2019Universit\u00e0 degli Studi di Bergamo Remo Morzenti Pellegrini &#8211;\u00a0sono i<\/p>\n<p><a class=\"continue-reading\" href=\"https:\/\/www.article-marketing.eu\/comunicatistampa\/uni-kids-per-i-50-anni-delluniversita-degli-studi-di-bergamo\/\">Continue reading&#8230;<\/a><\/p>\n","protected":false},"author":1855,"featured_media":0,"comment_status":"open","ping_status":"open","sticky":false,"template":"","format":"standard","meta":{"_monsterinsights_skip_tracking":false,"_monsterinsights_sitenote_active":false,"_monsterinsights_sitenote_note":"","_monsterinsights_sitenote_category":0,"footnotes":""},"categories":[378],"tags":[4351],"class_list":["post-10408","post","type-post","status-publish","format-standard","hentry","category-istruzione","tag-unibg-50anni-unikids"],"yoast_head":"<!-- This site is optimized with the Yoast SEO plugin v27.3 - https:\/\/yoast.com\/product\/yoast-seo-wordpress\/ -->\n<title>Uni.Kids, per i 50 anni dell&#039;Universit\u00e0 degli Studi di Bergamo - Article Marketing<\/title>\n<meta name=\"robots\" content=\"index, follow, max-snippet:-1, max-image-preview:large, max-video-preview:-1\" \/>\n<link rel=\"canonical\" href=\"https:\/\/www.article-marketing.eu\/comunicatistampa\/uni-kids-per-i-50-anni-delluniversita-degli-studi-di-bergamo\/\" \/>\n<meta property=\"og:locale\" content=\"it_IT\" \/>\n<meta property=\"og:type\" content=\"article\" \/>\n<meta property=\"og:title\" content=\"Uni.Kids, per i 50 anni dell&#039;Universit\u00e0 degli Studi di Bergamo - Article Marketing\" \/>\n<meta property=\"og:description\" content=\"Nel ricco cartellone di eventi organizzati per celebrare il suo 50\u00b0 anniversario di fondazione, l\u2019Universit\u00e0 degli Studi di Bergamo\u00a0ha voluto pensare anche ai pi\u00f9 piccoli con Uni.Kids, ciclo di incontri alla scoperta di libri, cinema, luoghi e tradizioni, creati per avvicinare al mondo accademico le famiglie, ma soprattutto gli \u201cstudenti di domani\u201d. \u201cLa conoscenza e la cultura\u00a0\u2013 sottolinea il Rettore dell\u2019Universit\u00e0 degli Studi di Bergamo Remo Morzenti Pellegrini &#8211;\u00a0sono iContinue reading...\" \/>\n<meta property=\"og:url\" content=\"https:\/\/www.article-marketing.eu\/comunicatistampa\/uni-kids-per-i-50-anni-delluniversita-degli-studi-di-bergamo\/\" \/>\n<meta property=\"og:site_name\" content=\"Article Marketing\" \/>\n<meta property=\"article:published_time\" content=\"2018-06-04T12:25:52+00:00\" \/>\n<meta name=\"author\" content=\"Redaclem\" \/>\n<meta name=\"twitter:card\" content=\"summary_large_image\" \/>\n<meta name=\"twitter:label1\" content=\"Scritto da\" \/>\n\t<meta name=\"twitter:data1\" content=\"Redaclem\" \/>\n\t<meta name=\"twitter:label2\" content=\"Tempo di lettura stimato\" \/>\n\t<meta name=\"twitter:data2\" content=\"2 minuti\" \/>\n<script type=\"application\/ld+json\" class=\"yoast-schema-graph\">{\"@context\":\"https:\\\/\\\/schema.org\",\"@graph\":[{\"@type\":\"Article\",\"@id\":\"https:\\\/\\\/www.article-marketing.eu\\\/comunicatistampa\\\/uni-kids-per-i-50-anni-delluniversita-degli-studi-di-bergamo\\\/#article\",\"isPartOf\":{\"@id\":\"https:\\\/\\\/www.article-marketing.eu\\\/comunicatistampa\\\/uni-kids-per-i-50-anni-delluniversita-degli-studi-di-bergamo\\\/\"},\"author\":{\"name\":\"Redaclem\",\"@id\":\"https:\\\/\\\/www.article-marketing.eu\\\/comunicatistampa\\\/#\\\/schema\\\/person\\\/c0aa725eee5df8460e0adf901fde0c88\"},\"headline\":\"Uni.Kids, per i 50 anni dell&#8217;Universit\u00e0 degli Studi di Bergamo\",\"datePublished\":\"2018-06-04T12:25:52+00:00\",\"mainEntityOfPage\":{\"@id\":\"https:\\\/\\\/www.article-marketing.eu\\\/comunicatistampa\\\/uni-kids-per-i-50-anni-delluniversita-degli-studi-di-bergamo\\\/\"},\"wordCount\":382,\"commentCount\":0,\"keywords\":[\"#unibg #50anni #unikids\"],\"articleSection\":[\"Istruzione\"],\"inLanguage\":\"it-IT\",\"potentialAction\":[{\"@type\":\"CommentAction\",\"name\":\"Comment\",\"target\":[\"https:\\\/\\\/www.article-marketing.eu\\\/comunicatistampa\\\/uni-kids-per-i-50-anni-delluniversita-degli-studi-di-bergamo\\\/#respond\"]}]},{\"@type\":\"WebPage\",\"@id\":\"https:\\\/\\\/www.article-marketing.eu\\\/comunicatistampa\\\/uni-kids-per-i-50-anni-delluniversita-degli-studi-di-bergamo\\\/\",\"url\":\"https:\\\/\\\/www.article-marketing.eu\\\/comunicatistampa\\\/uni-kids-per-i-50-anni-delluniversita-degli-studi-di-bergamo\\\/\",\"name\":\"Uni.Kids, per i 50 anni dell'Universit\u00e0 degli Studi di Bergamo - Article Marketing\",\"isPartOf\":{\"@id\":\"https:\\\/\\\/www.article-marketing.eu\\\/comunicatistampa\\\/#website\"},\"datePublished\":\"2018-06-04T12:25:52+00:00\",\"author\":{\"@id\":\"https:\\\/\\\/www.article-marketing.eu\\\/comunicatistampa\\\/#\\\/schema\\\/person\\\/c0aa725eee5df8460e0adf901fde0c88\"},\"breadcrumb\":{\"@id\":\"https:\\\/\\\/www.article-marketing.eu\\\/comunicatistampa\\\/uni-kids-per-i-50-anni-delluniversita-degli-studi-di-bergamo\\\/#breadcrumb\"},\"inLanguage\":\"it-IT\",\"potentialAction\":[{\"@type\":\"ReadAction\",\"target\":[\"https:\\\/\\\/www.article-marketing.eu\\\/comunicatistampa\\\/uni-kids-per-i-50-anni-delluniversita-degli-studi-di-bergamo\\\/\"]}]},{\"@type\":\"BreadcrumbList\",\"@id\":\"https:\\\/\\\/www.article-marketing.eu\\\/comunicatistampa\\\/uni-kids-per-i-50-anni-delluniversita-degli-studi-di-bergamo\\\/#breadcrumb\",\"itemListElement\":[{\"@type\":\"ListItem\",\"position\":1,\"name\":\"Home\",\"item\":\"https:\\\/\\\/www.article-marketing.eu\\\/comunicatistampa\\\/\"},{\"@type\":\"ListItem\",\"position\":2,\"name\":\"Uni.Kids, per i 50 anni dell&#8217;Universit\u00e0 degli Studi di Bergamo\"}]},{\"@type\":\"WebSite\",\"@id\":\"https:\\\/\\\/www.article-marketing.eu\\\/comunicatistampa\\\/#website\",\"url\":\"https:\\\/\\\/www.article-marketing.eu\\\/comunicatistampa\\\/\",\"name\":\"Article Marketing\",\"description\":\"article marketing &amp; press release\",\"potentialAction\":[{\"@type\":\"SearchAction\",\"target\":{\"@type\":\"EntryPoint\",\"urlTemplate\":\"https:\\\/\\\/www.article-marketing.eu\\\/comunicatistampa\\\/?s={search_term_string}\"},\"query-input\":{\"@type\":\"PropertyValueSpecification\",\"valueRequired\":true,\"valueName\":\"search_term_string\"}}],\"inLanguage\":\"it-IT\"},{\"@type\":\"Person\",\"@id\":\"https:\\\/\\\/www.article-marketing.eu\\\/comunicatistampa\\\/#\\\/schema\\\/person\\\/c0aa725eee5df8460e0adf901fde0c88\",\"name\":\"Redaclem\",\"image\":{\"@type\":\"ImageObject\",\"inLanguage\":\"it-IT\",\"@id\":\"https:\\\/\\\/secure.gravatar.com\\\/avatar\\\/4c7e41f332a0583344a91d7d39723533da9b2d0df7737c2d8c69553168c2191e?s=96&d=mm&r=g\",\"url\":\"https:\\\/\\\/secure.gravatar.com\\\/avatar\\\/4c7e41f332a0583344a91d7d39723533da9b2d0df7737c2d8c69553168c2191e?s=96&d=mm&r=g\",\"contentUrl\":\"https:\\\/\\\/secure.gravatar.com\\\/avatar\\\/4c7e41f332a0583344a91d7d39723533da9b2d0df7737c2d8c69553168c2191e?s=96&d=mm&r=g\",\"caption\":\"Redaclem\"},\"url\":\"https:\\\/\\\/www.article-marketing.eu\\\/comunicatistampa\\\/author\\\/redaclem\\\/\"}]}<\/script>\n<!-- \/ Yoast SEO plugin. -->","yoast_head_json":{"title":"Uni.Kids, per i 50 anni dell'Universit\u00e0 degli Studi di Bergamo - Article Marketing","robots":{"index":"index","follow":"follow","max-snippet":"max-snippet:-1","max-image-preview":"max-image-preview:large","max-video-preview":"max-video-preview:-1"},"canonical":"https:\/\/www.article-marketing.eu\/comunicatistampa\/uni-kids-per-i-50-anni-delluniversita-degli-studi-di-bergamo\/","og_locale":"it_IT","og_type":"article","og_title":"Uni.Kids, per i 50 anni dell'Universit\u00e0 degli Studi di Bergamo - Article Marketing","og_description":"Nel ricco cartellone di eventi organizzati per celebrare il suo 50\u00b0 anniversario di fondazione, l\u2019Universit\u00e0 degli Studi di Bergamo\u00a0ha voluto pensare anche ai pi\u00f9 piccoli con Uni.Kids, ciclo di incontri alla scoperta di libri, cinema, luoghi e tradizioni, creati per avvicinare al mondo accademico le famiglie, ma soprattutto gli \u201cstudenti di domani\u201d. \u201cLa conoscenza e la cultura\u00a0\u2013 sottolinea il Rettore dell\u2019Universit\u00e0 degli Studi di Bergamo Remo Morzenti Pellegrini &#8211;\u00a0sono iContinue reading...","og_url":"https:\/\/www.article-marketing.eu\/comunicatistampa\/uni-kids-per-i-50-anni-delluniversita-degli-studi-di-bergamo\/","og_site_name":"Article Marketing","article_published_time":"2018-06-04T12:25:52+00:00","author":"Redaclem","twitter_card":"summary_large_image","twitter_misc":{"Scritto da":"Redaclem","Tempo di lettura stimato":"2 minuti"},"schema":{"@context":"https:\/\/schema.org","@graph":[{"@type":"Article","@id":"https:\/\/www.article-marketing.eu\/comunicatistampa\/uni-kids-per-i-50-anni-delluniversita-degli-studi-di-bergamo\/#article","isPartOf":{"@id":"https:\/\/www.article-marketing.eu\/comunicatistampa\/uni-kids-per-i-50-anni-delluniversita-degli-studi-di-bergamo\/"},"author":{"name":"Redaclem","@id":"https:\/\/www.article-marketing.eu\/comunicatistampa\/#\/schema\/person\/c0aa725eee5df8460e0adf901fde0c88"},"headline":"Uni.Kids, per i 50 anni dell&#8217;Universit\u00e0 degli Studi di Bergamo","datePublished":"2018-06-04T12:25:52+00:00","mainEntityOfPage":{"@id":"https:\/\/www.article-marketing.eu\/comunicatistampa\/uni-kids-per-i-50-anni-delluniversita-degli-studi-di-bergamo\/"},"wordCount":382,"commentCount":0,"keywords":["#unibg #50anni #unikids"],"articleSection":["Istruzione"],"inLanguage":"it-IT","potentialAction":[{"@type":"CommentAction","name":"Comment","target":["https:\/\/www.article-marketing.eu\/comunicatistampa\/uni-kids-per-i-50-anni-delluniversita-degli-studi-di-bergamo\/#respond"]}]},{"@type":"WebPage","@id":"https:\/\/www.article-marketing.eu\/comunicatistampa\/uni-kids-per-i-50-anni-delluniversita-degli-studi-di-bergamo\/","url":"https:\/\/www.article-marketing.eu\/comunicatistampa\/uni-kids-per-i-50-anni-delluniversita-degli-studi-di-bergamo\/","name":"Uni.Kids, per i 50 anni dell'Universit\u00e0 degli Studi di Bergamo - Article Marketing","isPartOf":{"@id":"https:\/\/www.article-marketing.eu\/comunicatistampa\/#website"},"datePublished":"2018-06-04T12:25:52+00:00","author":{"@id":"https:\/\/www.article-marketing.eu\/comunicatistampa\/#\/schema\/person\/c0aa725eee5df8460e0adf901fde0c88"},"breadcrumb":{"@id":"https:\/\/www.article-marketing.eu\/comunicatistampa\/uni-kids-per-i-50-anni-delluniversita-degli-studi-di-bergamo\/#breadcrumb"},"inLanguage":"it-IT","potentialAction":[{"@type":"ReadAction","target":["https:\/\/www.article-marketing.eu\/comunicatistampa\/uni-kids-per-i-50-anni-delluniversita-degli-studi-di-bergamo\/"]}]},{"@type":"BreadcrumbList","@id":"https:\/\/www.article-marketing.eu\/comunicatistampa\/uni-kids-per-i-50-anni-delluniversita-degli-studi-di-bergamo\/#breadcrumb","itemListElement":[{"@type":"ListItem","position":1,"name":"Home","item":"https:\/\/www.article-marketing.eu\/comunicatistampa\/"},{"@type":"ListItem","position":2,"name":"Uni.Kids, per i 50 anni dell&#8217;Universit\u00e0 degli Studi di Bergamo"}]},{"@type":"WebSite","@id":"https:\/\/www.article-marketing.eu\/comunicatistampa\/#website","url":"https:\/\/www.article-marketing.eu\/comunicatistampa\/","name":"Article Marketing","description":"article marketing &amp; press release","potentialAction":[{"@type":"SearchAction","target":{"@type":"EntryPoint","urlTemplate":"https:\/\/www.article-marketing.eu\/comunicatistampa\/?s={search_term_string}"},"query-input":{"@type":"PropertyValueSpecification","valueRequired":true,"valueName":"search_term_string"}}],"inLanguage":"it-IT"},{"@type":"Person","@id":"https:\/\/www.article-marketing.eu\/comunicatistampa\/#\/schema\/person\/c0aa725eee5df8460e0adf901fde0c88","name":"Redaclem","image":{"@type":"ImageObject","inLanguage":"it-IT","@id":"https:\/\/secure.gravatar.com\/avatar\/4c7e41f332a0583344a91d7d39723533da9b2d0df7737c2d8c69553168c2191e?s=96&d=mm&r=g","url":"https:\/\/secure.gravatar.com\/avatar\/4c7e41f332a0583344a91d7d39723533da9b2d0df7737c2d8c69553168c2191e?s=96&d=mm&r=g","contentUrl":"https:\/\/secure.gravatar.com\/avatar\/4c7e41f332a0583344a91d7d39723533da9b2d0df7737c2d8c69553168c2191e?s=96&d=mm&r=g","caption":"Redaclem"},"url":"https:\/\/www.article-marketing.eu\/comunicatistampa\/author\/redaclem\/"}]}},"_links":{"self":[{"href":"https:\/\/www.article-marketing.eu\/comunicatistampa\/wp-json\/wp\/v2\/posts\/10408","targetHints":{"allow":["GET"]}}],"collection":[{"href":"https:\/\/www.article-marketing.eu\/comunicatistampa\/wp-json\/wp\/v2\/posts"}],"about":[{"href":"https:\/\/www.article-marketing.eu\/comunicatistampa\/wp-json\/wp\/v2\/types\/post"}],"author":[{"embeddable":true,"href":"https:\/\/www.article-marketing.eu\/comunicatistampa\/wp-json\/wp\/v2\/users\/1855"}],"replies":[{"embeddable":true,"href":"https:\/\/www.article-marketing.eu\/comunicatistampa\/wp-json\/wp\/v2\/comments?post=10408"}],"version-history":[{"count":3,"href":"https:\/\/www.article-marketing.eu\/comunicatistampa\/wp-json\/wp\/v2\/posts\/10408\/revisions"}],"predecessor-version":[{"id":10416,"href":"https:\/\/www.article-marketing.eu\/comunicatistampa\/wp-json\/wp\/v2\/posts\/10408\/revisions\/10416"}],"wp:attachment":[{"href":"https:\/\/www.article-marketing.eu\/comunicatistampa\/wp-json\/wp\/v2\/media?parent=10408"}],"wp:term":[{"taxonomy":"category","embeddable":true,"href":"https:\/\/www.article-marketing.eu\/comunicatistampa\/wp-json\/wp\/v2\/categories?post=10408"},{"taxonomy":"post_tag","embeddable":true,"href":"https:\/\/www.article-marketing.eu\/comunicatistampa\/wp-json\/wp\/v2\/tags?post=10408"}],"curies":[{"name":"wp","href":"https:\/\/api.w.org\/{rel}","templated":true}]}}