{"id":10437,"date":"2018-06-06T16:35:54","date_gmt":"2018-06-06T14:35:54","guid":{"rendered":"http:\/\/www.article-marketing.eu\/comunicatistampa\/?p=10437"},"modified":"2018-06-06T16:35:54","modified_gmt":"2018-06-06T14:35:54","slug":"la-clinica-delluno-per-uno%e2%80%a8incontro-con-il-prof-massimo-recalcati-e-presentazione-dei-piani-formativi-avercura-1-e-avercura-2","status":"publish","type":"post","link":"https:\/\/www.article-marketing.eu\/comunicatistampa\/la-clinica-delluno-per-uno%e2%80%a8incontro-con-il-prof-massimo-recalcati-e-presentazione-dei-piani-formativi-avercura-1-e-avercura-2\/","title":{"rendered":"\u201cLa clinica dell\u2019uno per uno\u201d\u2028Incontro con il prof. Massimo Recalcati e presentazione dei piani formativi AverCura 1 e AverCura 2"},"content":{"rendered":"<p>Espansione S.r.l, Provider nazionale ECM id. 235, con la collaborazione della Fondazione ISTUD e con l\u2019Ordine degli Psicologi del Lazio, organizza l\u2019evento denominato \u201cLa clinica dell\u2019uno per uno\u201d \u2013 Incontro con il Prof. Massimo Recalcati e presentazione dei piani formativi del settore socio-sanitario per l\u2019umanizzazione delle cure AverCura 1 e AverCura 2\u201d<\/p>\n<p>L\u2019evento &#8211; che si terr\u00e0 il 15 giugno, alle 9.30, presso l\u2019Auditorium Loyola Fontana di Trevi \u2013 Roma Eventi in Piazza della Pilotta 4 \u2013 \u00e8 incentrato sulla tematica dell\u2019umanizzazione delle cure, sul ridare centralit\u00e0 al paziente nell\u2019azione di cura e assistenza, alla sua esperienza di malattia e ai suoi vissuti.<\/p>\n<p>Il tema \u00e8 quello della personalizzazione e dell\u2019umanizzazione delle cure che non pu\u00f2 prescindere da una nuova cultura della salute. Per promuovere questo cambio di paradigma Espansione ha ideato i piani formativi \u201cgemelli\u201d AverCura 1 e AverCura 2, finanziati da Fondimpresa &#8211; il pi\u00f9 grande fondo interprofessionale italiano composto da Confindustria e CGIL, CISL e UIL \u2013 sull\u2019Avviso 4\/2017. Il progresso scientifico e tecnologico consentono oggi di trattare patologie un tempo incurabili; la cura del paziente non pu\u00f2 essere pi\u00f9 disgiunta, nella quotidianit\u00e0 della pratica clinica, dalla consapevolezza degli aspetti relazionali e psicologici che intervengono nel processo terapeutico. Incentivare questa consapevolezza e riposizionare l\u2019azione di cura, oggi incentrata sulla malattia, ponendo al centro il paziente sono gli obiettivi dei due piani formativi che pongono l\u2019accento sulle relazioni familiari e affettive, sulla privacy, sulla volont\u00e0 e sui desideri del paziente in questa parentesi della propria esistenza.<span class=\"Apple-converted-space\">\u00a0<\/span><\/p>\n<p>La conferenza \u00e8 incentrata sulla \u201clectio magistralis\u201d del prof. Massimo Recalcati &#8211; psicoanalista, docente dell\u2019Universit\u00e0 di Pavia, scrittore e apprezzato conduttore della fortunata rubrica \u201cLessico Famigliare\u201d<span class=\"Apple-converted-space\">\u00a0 <\/span>in onda su Rai3 e ormai virale sui social network grazie alle migliaia di condivisioni \u2013 che parler\u00e0 sul tema \u201cLa clinica dell\u2019uno per uno\u201d.<span class=\"Apple-converted-space\">\u00a0<\/span><\/p>\n<p>Insieme a Recalcati, al tavolo dei relatori saranno presenti: Amarildo Arzuffi, direttore generale di Fondimpresa, su \u201cLa formazione continua in sanit\u00e0 tra scelte etiche e sviluppo: il ruolo e i risultati di Fondimpresa\u201d; Sergio Antonio Bolognese, Progettista e Responsabile dei piani Formativi AverCura 1 e AverCura 2, su \u201cSkill degli operatori socio-sanitari e cultura delle cure\u201d e altri importanti relatori.<br \/>\nAl termine dell\u2019incontro ci sar\u00e0 un dibattito con il pubblico sui temi illustrati nelle relazioni.<span class=\"Apple-converted-space\">\u00a0<\/span><\/p>\n<p>L\u2019evento formativo \u00e8 aperto a tutte le professioni sanitarie ed \u00e8 accreditato ECM con il rilascio di 4 crediti per 100 partecipanti; \u00e8 in itinere l\u2019accreditamento anche presso l\u2019Ordine degli Assistenti Sociali. Per tutti i partecipanti la partecipazione \u00e8 gratuita, previa registrazione e limitatamente alla disponibilit\u00e0 di posti in sala.<\/p>\n<p>L\u2019iscrizione \u00e8 possibile accedendo alla piattaforma Arcadia sul sito <a href=\"http:\/\/www.espansionesrl.com\">www.espansionesrl.com<\/a> o compilando la scheda di iscrizione e inviandola all\u2019indirizzo <a href=\"mailto:luciaspina@espansionesrl.com\">luciaspina@espansionesrl.com<\/a> o via fax al numero 0825 1801013.<span class=\"Apple-converted-space\">\u00a0<\/span><\/p>\n","protected":false},"excerpt":{"rendered":"<p>Espansione S.r.l, Provider nazionale ECM id. 235, con la collaborazione della Fondazione ISTUD e con l\u2019Ordine degli Psicologi del Lazio, organizza l\u2019evento denominato \u201cLa clinica dell\u2019uno per uno\u201d \u2013 Incontro con il Prof. Massimo Recalcati e presentazione dei piani formativi del settore socio-sanitario per l\u2019umanizzazione delle cure AverCura 1 e AverCura 2\u201d L\u2019evento &#8211; che si terr\u00e0 il 15 giugno, alle 9.30, presso l\u2019Auditorium Loyola Fontana di Trevi \u2013 Roma<\/p>\n<p><a class=\"continue-reading\" href=\"https:\/\/www.article-marketing.eu\/comunicatistampa\/la-clinica-delluno-per-uno%e2%80%a8incontro-con-il-prof-massimo-recalcati-e-presentazione-dei-piani-formativi-avercura-1-e-avercura-2\/\">Continue reading&#8230;<\/a><\/p>\n","protected":false},"author":338,"featured_media":0,"comment_status":"open","ping_status":"open","sticky":false,"template":"","format":"standard","meta":{"_monsterinsights_skip_tracking":false,"_monsterinsights_sitenote_active":false,"_monsterinsights_sitenote_note":"","_monsterinsights_sitenote_category":0,"footnotes":""},"categories":[378,371],"tags":[1630,4361,4362,1631,4363],"class_list":["post-10437","post","type-post","status-publish","format-standard","hentry","category-istruzione","category-medicina","tag-espansione-srl","tag-massimo-recalcati","tag-sanita","tag-sergio-antonio-bolognese","tag-umanizzazione-delle-cure"],"yoast_head":"<!-- This site is optimized with the Yoast SEO plugin v27.3 - https:\/\/yoast.com\/product\/yoast-seo-wordpress\/ -->\n<title>\u201cLa clinica dell\u2019uno per uno\u201d\u2028Incontro con il prof. Massimo Recalcati e presentazione dei piani formativi AverCura 1 e AverCura 2 - Article Marketing<\/title>\n<meta name=\"robots\" content=\"index, follow, max-snippet:-1, max-image-preview:large, max-video-preview:-1\" \/>\n<link rel=\"canonical\" href=\"https:\/\/www.article-marketing.eu\/comunicatistampa\/la-clinica-delluno-per-uno\u2028incontro-con-il-prof-massimo-recalcati-e-presentazione-dei-piani-formativi-avercura-1-e-avercura-2\/\" \/>\n<meta property=\"og:locale\" content=\"it_IT\" \/>\n<meta property=\"og:type\" content=\"article\" \/>\n<meta property=\"og:title\" content=\"\u201cLa clinica dell\u2019uno per uno\u201d\u2028Incontro con il prof. Massimo Recalcati e presentazione dei piani formativi AverCura 1 e AverCura 2 - Article Marketing\" \/>\n<meta property=\"og:description\" content=\"Espansione S.r.l, Provider nazionale ECM id. 235, con la collaborazione della Fondazione ISTUD e con l\u2019Ordine degli Psicologi del Lazio, organizza l\u2019evento denominato \u201cLa clinica dell\u2019uno per uno\u201d \u2013 Incontro con il Prof. Massimo Recalcati e presentazione dei piani formativi del settore socio-sanitario per l\u2019umanizzazione delle cure AverCura 1 e AverCura 2\u201d L\u2019evento &#8211; che si terr\u00e0 il 15 giugno, alle 9.30, presso l\u2019Auditorium Loyola Fontana di Trevi \u2013 RomaContinue reading...\" \/>\n<meta property=\"og:url\" content=\"https:\/\/www.article-marketing.eu\/comunicatistampa\/la-clinica-delluno-per-uno\u2028incontro-con-il-prof-massimo-recalcati-e-presentazione-dei-piani-formativi-avercura-1-e-avercura-2\/\" \/>\n<meta property=\"og:site_name\" content=\"Article Marketing\" \/>\n<meta property=\"article:published_time\" content=\"2018-06-06T14:35:54+00:00\" \/>\n<meta name=\"author\" content=\"linkcomunicazione\" \/>\n<meta name=\"twitter:card\" content=\"summary_large_image\" \/>\n<meta name=\"twitter:label1\" content=\"Scritto da\" \/>\n\t<meta name=\"twitter:data1\" content=\"linkcomunicazione\" \/>\n\t<meta name=\"twitter:label2\" content=\"Tempo di lettura stimato\" \/>\n\t<meta name=\"twitter:data2\" content=\"2 minuti\" \/>\n<script type=\"application\/ld+json\" class=\"yoast-schema-graph\">{\"@context\":\"https:\\\/\\\/schema.org\",\"@graph\":[{\"@type\":\"Article\",\"@id\":\"https:\\\/\\\/www.article-marketing.eu\\\/comunicatistampa\\\/la-clinica-delluno-per-uno%e2%80%a8incontro-con-il-prof-massimo-recalcati-e-presentazione-dei-piani-formativi-avercura-1-e-avercura-2\\\/#article\",\"isPartOf\":{\"@id\":\"https:\\\/\\\/www.article-marketing.eu\\\/comunicatistampa\\\/la-clinica-delluno-per-uno%e2%80%a8incontro-con-il-prof-massimo-recalcati-e-presentazione-dei-piani-formativi-avercura-1-e-avercura-2\\\/\"},\"author\":{\"name\":\"linkcomunicazione\",\"@id\":\"https:\\\/\\\/www.article-marketing.eu\\\/comunicatistampa\\\/#\\\/schema\\\/person\\\/f93787eecfbb8885ecf51b7ba5034100\"},\"headline\":\"\u201cLa clinica dell\u2019uno per uno\u201d\\u2028Incontro con il prof. Massimo Recalcati e presentazione dei piani formativi AverCura 1 e AverCura 2\",\"datePublished\":\"2018-06-06T14:35:54+00:00\",\"mainEntityOfPage\":{\"@id\":\"https:\\\/\\\/www.article-marketing.eu\\\/comunicatistampa\\\/la-clinica-delluno-per-uno%e2%80%a8incontro-con-il-prof-massimo-recalcati-e-presentazione-dei-piani-formativi-avercura-1-e-avercura-2\\\/\"},\"wordCount\":469,\"commentCount\":0,\"keywords\":[\"Espansione srl\",\"Massimo Recalcati\",\"Sanit\u00e0\",\"Sergio Antonio Bolognese\",\"umanizzazione delle cure\"],\"articleSection\":[\"Istruzione\",\"Medicina\"],\"inLanguage\":\"it-IT\",\"potentialAction\":[{\"@type\":\"CommentAction\",\"name\":\"Comment\",\"target\":[\"https:\\\/\\\/www.article-marketing.eu\\\/comunicatistampa\\\/la-clinica-delluno-per-uno%e2%80%a8incontro-con-il-prof-massimo-recalcati-e-presentazione-dei-piani-formativi-avercura-1-e-avercura-2\\\/#respond\"]}]},{\"@type\":\"WebPage\",\"@id\":\"https:\\\/\\\/www.article-marketing.eu\\\/comunicatistampa\\\/la-clinica-delluno-per-uno%e2%80%a8incontro-con-il-prof-massimo-recalcati-e-presentazione-dei-piani-formativi-avercura-1-e-avercura-2\\\/\",\"url\":\"https:\\\/\\\/www.article-marketing.eu\\\/comunicatistampa\\\/la-clinica-delluno-per-uno%e2%80%a8incontro-con-il-prof-massimo-recalcati-e-presentazione-dei-piani-formativi-avercura-1-e-avercura-2\\\/\",\"name\":\"\u201cLa clinica dell\u2019uno per uno\u201d\\u2028Incontro con il prof. Massimo Recalcati e presentazione dei piani formativi AverCura 1 e AverCura 2 - Article Marketing\",\"isPartOf\":{\"@id\":\"https:\\\/\\\/www.article-marketing.eu\\\/comunicatistampa\\\/#website\"},\"datePublished\":\"2018-06-06T14:35:54+00:00\",\"author\":{\"@id\":\"https:\\\/\\\/www.article-marketing.eu\\\/comunicatistampa\\\/#\\\/schema\\\/person\\\/f93787eecfbb8885ecf51b7ba5034100\"},\"breadcrumb\":{\"@id\":\"https:\\\/\\\/www.article-marketing.eu\\\/comunicatistampa\\\/la-clinica-delluno-per-uno%e2%80%a8incontro-con-il-prof-massimo-recalcati-e-presentazione-dei-piani-formativi-avercura-1-e-avercura-2\\\/#breadcrumb\"},\"inLanguage\":\"it-IT\",\"potentialAction\":[{\"@type\":\"ReadAction\",\"target\":[\"https:\\\/\\\/www.article-marketing.eu\\\/comunicatistampa\\\/la-clinica-delluno-per-uno%e2%80%a8incontro-con-il-prof-massimo-recalcati-e-presentazione-dei-piani-formativi-avercura-1-e-avercura-2\\\/\"]}]},{\"@type\":\"BreadcrumbList\",\"@id\":\"https:\\\/\\\/www.article-marketing.eu\\\/comunicatistampa\\\/la-clinica-delluno-per-uno%e2%80%a8incontro-con-il-prof-massimo-recalcati-e-presentazione-dei-piani-formativi-avercura-1-e-avercura-2\\\/#breadcrumb\",\"itemListElement\":[{\"@type\":\"ListItem\",\"position\":1,\"name\":\"Home\",\"item\":\"https:\\\/\\\/www.article-marketing.eu\\\/comunicatistampa\\\/\"},{\"@type\":\"ListItem\",\"position\":2,\"name\":\"\u201cLa clinica dell\u2019uno per uno\u201d\\u2028Incontro con il prof. Massimo Recalcati e presentazione dei piani formativi AverCura 1 e AverCura 2\"}]},{\"@type\":\"WebSite\",\"@id\":\"https:\\\/\\\/www.article-marketing.eu\\\/comunicatistampa\\\/#website\",\"url\":\"https:\\\/\\\/www.article-marketing.eu\\\/comunicatistampa\\\/\",\"name\":\"Article Marketing\",\"description\":\"article marketing &amp; press release\",\"potentialAction\":[{\"@type\":\"SearchAction\",\"target\":{\"@type\":\"EntryPoint\",\"urlTemplate\":\"https:\\\/\\\/www.article-marketing.eu\\\/comunicatistampa\\\/?s={search_term_string}\"},\"query-input\":{\"@type\":\"PropertyValueSpecification\",\"valueRequired\":true,\"valueName\":\"search_term_string\"}}],\"inLanguage\":\"it-IT\"},{\"@type\":\"Person\",\"@id\":\"https:\\\/\\\/www.article-marketing.eu\\\/comunicatistampa\\\/#\\\/schema\\\/person\\\/f93787eecfbb8885ecf51b7ba5034100\",\"name\":\"linkcomunicazione\",\"image\":{\"@type\":\"ImageObject\",\"inLanguage\":\"it-IT\",\"@id\":\"https:\\\/\\\/secure.gravatar.com\\\/avatar\\\/43b39c81d29fce8129624704a4f4424e6f21642a4ef59d04e53eee6c595f6609?s=96&d=mm&r=g\",\"url\":\"https:\\\/\\\/secure.gravatar.com\\\/avatar\\\/43b39c81d29fce8129624704a4f4424e6f21642a4ef59d04e53eee6c595f6609?s=96&d=mm&r=g\",\"contentUrl\":\"https:\\\/\\\/secure.gravatar.com\\\/avatar\\\/43b39c81d29fce8129624704a4f4424e6f21642a4ef59d04e53eee6c595f6609?s=96&d=mm&r=g\",\"caption\":\"linkcomunicazione\"},\"sameAs\":[\"http:\\\/\\\/www.linkcomunicazione.eu\"],\"url\":\"https:\\\/\\\/www.article-marketing.eu\\\/comunicatistampa\\\/author\\\/linkcomunicazione\\\/\"}]}<\/script>\n<!-- \/ Yoast SEO plugin. -->","yoast_head_json":{"title":"\u201cLa clinica dell\u2019uno per uno\u201d\u2028Incontro con il prof. Massimo Recalcati e presentazione dei piani formativi AverCura 1 e AverCura 2 - Article Marketing","robots":{"index":"index","follow":"follow","max-snippet":"max-snippet:-1","max-image-preview":"max-image-preview:large","max-video-preview":"max-video-preview:-1"},"canonical":"https:\/\/www.article-marketing.eu\/comunicatistampa\/la-clinica-delluno-per-uno\u2028incontro-con-il-prof-massimo-recalcati-e-presentazione-dei-piani-formativi-avercura-1-e-avercura-2\/","og_locale":"it_IT","og_type":"article","og_title":"\u201cLa clinica dell\u2019uno per uno\u201d\u2028Incontro con il prof. Massimo Recalcati e presentazione dei piani formativi AverCura 1 e AverCura 2 - Article Marketing","og_description":"Espansione S.r.l, Provider nazionale ECM id. 235, con la collaborazione della Fondazione ISTUD e con l\u2019Ordine degli Psicologi del Lazio, organizza l\u2019evento denominato \u201cLa clinica dell\u2019uno per uno\u201d \u2013 Incontro con il Prof. Massimo Recalcati e presentazione dei piani formativi del settore socio-sanitario per l\u2019umanizzazione delle cure AverCura 1 e AverCura 2\u201d L\u2019evento &#8211; che si terr\u00e0 il 15 giugno, alle 9.30, presso l\u2019Auditorium Loyola Fontana di Trevi \u2013 RomaContinue reading...","og_url":"https:\/\/www.article-marketing.eu\/comunicatistampa\/la-clinica-delluno-per-uno\u2028incontro-con-il-prof-massimo-recalcati-e-presentazione-dei-piani-formativi-avercura-1-e-avercura-2\/","og_site_name":"Article Marketing","article_published_time":"2018-06-06T14:35:54+00:00","author":"linkcomunicazione","twitter_card":"summary_large_image","twitter_misc":{"Scritto da":"linkcomunicazione","Tempo di lettura stimato":"2 minuti"},"schema":{"@context":"https:\/\/schema.org","@graph":[{"@type":"Article","@id":"https:\/\/www.article-marketing.eu\/comunicatistampa\/la-clinica-delluno-per-uno%e2%80%a8incontro-con-il-prof-massimo-recalcati-e-presentazione-dei-piani-formativi-avercura-1-e-avercura-2\/#article","isPartOf":{"@id":"https:\/\/www.article-marketing.eu\/comunicatistampa\/la-clinica-delluno-per-uno%e2%80%a8incontro-con-il-prof-massimo-recalcati-e-presentazione-dei-piani-formativi-avercura-1-e-avercura-2\/"},"author":{"name":"linkcomunicazione","@id":"https:\/\/www.article-marketing.eu\/comunicatistampa\/#\/schema\/person\/f93787eecfbb8885ecf51b7ba5034100"},"headline":"\u201cLa clinica dell\u2019uno per uno\u201d\u2028Incontro con il prof. Massimo Recalcati e presentazione dei piani formativi AverCura 1 e AverCura 2","datePublished":"2018-06-06T14:35:54+00:00","mainEntityOfPage":{"@id":"https:\/\/www.article-marketing.eu\/comunicatistampa\/la-clinica-delluno-per-uno%e2%80%a8incontro-con-il-prof-massimo-recalcati-e-presentazione-dei-piani-formativi-avercura-1-e-avercura-2\/"},"wordCount":469,"commentCount":0,"keywords":["Espansione srl","Massimo Recalcati","Sanit\u00e0","Sergio Antonio Bolognese","umanizzazione delle cure"],"articleSection":["Istruzione","Medicina"],"inLanguage":"it-IT","potentialAction":[{"@type":"CommentAction","name":"Comment","target":["https:\/\/www.article-marketing.eu\/comunicatistampa\/la-clinica-delluno-per-uno%e2%80%a8incontro-con-il-prof-massimo-recalcati-e-presentazione-dei-piani-formativi-avercura-1-e-avercura-2\/#respond"]}]},{"@type":"WebPage","@id":"https:\/\/www.article-marketing.eu\/comunicatistampa\/la-clinica-delluno-per-uno%e2%80%a8incontro-con-il-prof-massimo-recalcati-e-presentazione-dei-piani-formativi-avercura-1-e-avercura-2\/","url":"https:\/\/www.article-marketing.eu\/comunicatistampa\/la-clinica-delluno-per-uno%e2%80%a8incontro-con-il-prof-massimo-recalcati-e-presentazione-dei-piani-formativi-avercura-1-e-avercura-2\/","name":"\u201cLa clinica dell\u2019uno per uno\u201d\u2028Incontro con il prof. Massimo Recalcati e presentazione dei piani formativi AverCura 1 e AverCura 2 - Article Marketing","isPartOf":{"@id":"https:\/\/www.article-marketing.eu\/comunicatistampa\/#website"},"datePublished":"2018-06-06T14:35:54+00:00","author":{"@id":"https:\/\/www.article-marketing.eu\/comunicatistampa\/#\/schema\/person\/f93787eecfbb8885ecf51b7ba5034100"},"breadcrumb":{"@id":"https:\/\/www.article-marketing.eu\/comunicatistampa\/la-clinica-delluno-per-uno%e2%80%a8incontro-con-il-prof-massimo-recalcati-e-presentazione-dei-piani-formativi-avercura-1-e-avercura-2\/#breadcrumb"},"inLanguage":"it-IT","potentialAction":[{"@type":"ReadAction","target":["https:\/\/www.article-marketing.eu\/comunicatistampa\/la-clinica-delluno-per-uno%e2%80%a8incontro-con-il-prof-massimo-recalcati-e-presentazione-dei-piani-formativi-avercura-1-e-avercura-2\/"]}]},{"@type":"BreadcrumbList","@id":"https:\/\/www.article-marketing.eu\/comunicatistampa\/la-clinica-delluno-per-uno%e2%80%a8incontro-con-il-prof-massimo-recalcati-e-presentazione-dei-piani-formativi-avercura-1-e-avercura-2\/#breadcrumb","itemListElement":[{"@type":"ListItem","position":1,"name":"Home","item":"https:\/\/www.article-marketing.eu\/comunicatistampa\/"},{"@type":"ListItem","position":2,"name":"\u201cLa clinica dell\u2019uno per uno\u201d\u2028Incontro con il prof. Massimo Recalcati e presentazione dei piani formativi AverCura 1 e AverCura 2"}]},{"@type":"WebSite","@id":"https:\/\/www.article-marketing.eu\/comunicatistampa\/#website","url":"https:\/\/www.article-marketing.eu\/comunicatistampa\/","name":"Article Marketing","description":"article marketing &amp; press release","potentialAction":[{"@type":"SearchAction","target":{"@type":"EntryPoint","urlTemplate":"https:\/\/www.article-marketing.eu\/comunicatistampa\/?s={search_term_string}"},"query-input":{"@type":"PropertyValueSpecification","valueRequired":true,"valueName":"search_term_string"}}],"inLanguage":"it-IT"},{"@type":"Person","@id":"https:\/\/www.article-marketing.eu\/comunicatistampa\/#\/schema\/person\/f93787eecfbb8885ecf51b7ba5034100","name":"linkcomunicazione","image":{"@type":"ImageObject","inLanguage":"it-IT","@id":"https:\/\/secure.gravatar.com\/avatar\/43b39c81d29fce8129624704a4f4424e6f21642a4ef59d04e53eee6c595f6609?s=96&d=mm&r=g","url":"https:\/\/secure.gravatar.com\/avatar\/43b39c81d29fce8129624704a4f4424e6f21642a4ef59d04e53eee6c595f6609?s=96&d=mm&r=g","contentUrl":"https:\/\/secure.gravatar.com\/avatar\/43b39c81d29fce8129624704a4f4424e6f21642a4ef59d04e53eee6c595f6609?s=96&d=mm&r=g","caption":"linkcomunicazione"},"sameAs":["http:\/\/www.linkcomunicazione.eu"],"url":"https:\/\/www.article-marketing.eu\/comunicatistampa\/author\/linkcomunicazione\/"}]}},"_links":{"self":[{"href":"https:\/\/www.article-marketing.eu\/comunicatistampa\/wp-json\/wp\/v2\/posts\/10437","targetHints":{"allow":["GET"]}}],"collection":[{"href":"https:\/\/www.article-marketing.eu\/comunicatistampa\/wp-json\/wp\/v2\/posts"}],"about":[{"href":"https:\/\/www.article-marketing.eu\/comunicatistampa\/wp-json\/wp\/v2\/types\/post"}],"author":[{"embeddable":true,"href":"https:\/\/www.article-marketing.eu\/comunicatistampa\/wp-json\/wp\/v2\/users\/338"}],"replies":[{"embeddable":true,"href":"https:\/\/www.article-marketing.eu\/comunicatistampa\/wp-json\/wp\/v2\/comments?post=10437"}],"version-history":[{"count":2,"href":"https:\/\/www.article-marketing.eu\/comunicatistampa\/wp-json\/wp\/v2\/posts\/10437\/revisions"}],"predecessor-version":[{"id":10454,"href":"https:\/\/www.article-marketing.eu\/comunicatistampa\/wp-json\/wp\/v2\/posts\/10437\/revisions\/10454"}],"wp:attachment":[{"href":"https:\/\/www.article-marketing.eu\/comunicatistampa\/wp-json\/wp\/v2\/media?parent=10437"}],"wp:term":[{"taxonomy":"category","embeddable":true,"href":"https:\/\/www.article-marketing.eu\/comunicatistampa\/wp-json\/wp\/v2\/categories?post=10437"},{"taxonomy":"post_tag","embeddable":true,"href":"https:\/\/www.article-marketing.eu\/comunicatistampa\/wp-json\/wp\/v2\/tags?post=10437"}],"curies":[{"name":"wp","href":"https:\/\/api.w.org\/{rel}","templated":true}]}}