{"id":10450,"date":"2018-06-06T16:36:37","date_gmt":"2018-06-06T14:36:37","guid":{"rendered":"http:\/\/www.article-marketing.eu\/comunicatistampa\/?p=10450"},"modified":"2018-06-06T16:36:37","modified_gmt":"2018-06-06T14:36:37","slug":"design-e-modernita-nellilluminazione-talo-parete-artemide","status":"publish","type":"post","link":"https:\/\/www.article-marketing.eu\/comunicatistampa\/design-e-modernita-nellilluminazione-talo-parete-artemide\/","title":{"rendered":"Design e modernit\u00e0 nell\u2019illuminazione: Talo parete, Artemide"},"content":{"rendered":"<table width=\"100%\">\n<tbody>\n<tr>\n<td width=\"100%\">&nbsp;<\/p>\n<p>Appassionati di arredamento e non, tutti sappiamo quanto sia importante un\u2019<strong>illuminazione di qualit\u00e0 <\/strong>per gli ambienti di tutta la casa. \u00c8 sempre pi\u00f9 importante dare la giusta attenzione al design e alla qualit\u00e0 delle modalit\u00e0 con le quali abbiamo intenzione di portare la luce all\u2019interno di sala, soggiorno o comere da letto per creare un\u2019<strong>armonia perfetta tra stile e arredamento<\/strong>. Uno stile che sicuramente sta diventando molto popolare per la scelta di lampade da interni tanto tra i professionisti e esperti di interior design che gli amatori del buon home decor \u00e8 indubbiamente lo stile moderno. Pi\u00f9 nello specifico una lampada che perfettamente si adatta moltissimi stili \u00e8 la <a href=\"https:\/\/www.agofstore.com\/vendita\/it\/Lampade-da-parete-o-soffitto\/100843-1511-talo-parete-artemide.html\">Artemide talo<\/a> da parete: una lampada da parete in un modello <strong>dal carattere moderno e raffinato, dal design di classe e con stile<\/strong>, adatta a numerosi ambienti da caratteristiche diverse. Sicuramente costituisce <strong>una scelta strategica per l\u2019arredamento degli interni<\/strong>, garantendo un vantaggioso rapporto tra qualit\u00e0 e prezzo per un pezzo di design dall\u2019aspetto originale ed elegante costruito in materiali davvero eccezionali.<\/p>\n<h2>Artemide Talo, in perfetta armonia con il tuo <em>living<\/em><\/h2>\n<p>&nbsp;<\/p>\n<p>Il Talo da parete di Artemide \u00e8 studiato e progettato per garentire una <strong>perfetta armonia di forme all\u2019interno dell\u2019arredamento <\/strong>del tuo soggiorno, delle sale, della cucina o delle camere da letto grazie al suo design dalle forme minimali e di ispirazione moderna. La struttura della lampada da parete e progettata per garantire <strong>un\u2019eccezionale diffusione della luce all\u2019interno degli ambienti<\/strong>, tanto direttamente quanto indirettamente, offrendo una <em>performance<\/em> altamente efficace ed un\u2019elevata soddisfazione del cliente per i risultati. Tra gli ambienti pi\u00f9 adatti per questo tipo di lampada figurano certamente quelli in stile minimale e ricercato, rendendo questa lampada non solo un ottimo mezzo per garantire la perfetta illuminazione degli spazi, ma anche un fantstico complemento d\u2019arredo in armonia con il resto della mobilia.\u00a0 La sua estetica per\u00f2 le permette anche di creare dei contrasti interessanti all\u2019interno di altri stili, come, per esempio, quello scandinavo , dove la lampada con le sue strutture metalliche e il design pulito crea degli affascinanti giochi visivi tra le tonalit\u00e0 bianche e l\u2019utilizzo del legno caretteristico di questo stile.<\/p>\n<p>&nbsp;<\/p>\n<h2>Una lampada da parete moderna e di design per un\u2019illuminazione con stile<\/h2>\n<p>&nbsp;<\/p>\n<p>Il Talo Parete di Artemide viene <strong>offerto in vari colori, dal bianco al cromo lucido, passando per il rame satinato e il <em>Silver<\/em><\/strong><em>, <\/em>fornendogli l\u2019abilit\u00e0 di adattarsi al contesto di diverse scelte stilistiche e prevalenze cromatiche negli ambienti ai quali \u00e8 destinato. Le possibilit\u00e0 di gioco su questi colori diventano davvero infinite, garantendo la possibilit\u00e0 di creare tanto armonie di classe, quanto contrasti dal carattere forte, originale e deciso, per dare alle proprie mura domestiche un aspetto pi\u00f9 in linea con la personalit\u00e0 dell\u2019arredamento che si desidera proiettare. Oltre alla variet\u00e0 delle tonalit\u00e0 in cui viene offerta, <strong>la potenza del faro e la tipologia della lampadina sono disponibili in diversi formati<\/strong>, per garantire una maggiore adattabilit\u00e0 alle necessit\u00e0 di luce dell\u2019ambiente. Talo Parete di Artemide \u00e8 quindi non solo un\u2019eccelente lampada, ma anche un investimento infallibile d\u2019arredamento.<\/td>\n<\/tr>\n<\/tbody>\n<\/table>\n","protected":false},"excerpt":{"rendered":"<p>&nbsp; Appassionati di arredamento e non, tutti sappiamo quanto sia importante un\u2019illuminazione di qualit\u00e0 per gli ambienti di tutta la casa. \u00c8 sempre pi\u00f9 importante dare la giusta attenzione al design e alla qualit\u00e0 delle modalit\u00e0 con le quali abbiamo intenzione di portare la luce all\u2019interno di sala, soggiorno o comere da letto per creare un\u2019armonia perfetta tra stile e arredamento. Uno stile che sicuramente sta diventando molto popolare per<\/p>\n<p><a class=\"continue-reading\" href=\"https:\/\/www.article-marketing.eu\/comunicatistampa\/design-e-modernita-nellilluminazione-talo-parete-artemide\/\">Continue reading&#8230;<\/a><\/p>\n","protected":false},"author":1037,"featured_media":0,"comment_status":"open","ping_status":"open","sticky":false,"template":"","format":"standard","meta":{"_monsterinsights_skip_tracking":false,"_monsterinsights_sitenote_active":false,"_monsterinsights_sitenote_note":"","_monsterinsights_sitenote_category":0,"footnotes":""},"categories":[415,403,406],"tags":[4367,4368,4369],"class_list":["post-10450","post","type-post","status-publish","format-standard","hentry","category-architecture","category-casa","category-interni","tag-artemide-talo","tag-lampada-parete-design","tag-lampade-da-parete-moderne"],"yoast_head":"<!-- This site is optimized with the Yoast SEO plugin v27.3 - https:\/\/yoast.com\/product\/yoast-seo-wordpress\/ -->\n<title>Design e modernit\u00e0 nell\u2019illuminazione: Talo parete, Artemide - Article Marketing<\/title>\n<meta name=\"robots\" content=\"index, follow, max-snippet:-1, max-image-preview:large, max-video-preview:-1\" \/>\n<link rel=\"canonical\" href=\"https:\/\/www.article-marketing.eu\/comunicatistampa\/design-e-modernita-nellilluminazione-talo-parete-artemide\/\" \/>\n<meta property=\"og:locale\" content=\"it_IT\" \/>\n<meta property=\"og:type\" content=\"article\" \/>\n<meta property=\"og:title\" content=\"Design e modernit\u00e0 nell\u2019illuminazione: Talo parete, Artemide - Article Marketing\" \/>\n<meta property=\"og:description\" content=\"&nbsp; Appassionati di arredamento e non, tutti sappiamo quanto sia importante un\u2019illuminazione di qualit\u00e0 per gli ambienti di tutta la casa. \u00c8 sempre pi\u00f9 importante dare la giusta attenzione al design e alla qualit\u00e0 delle modalit\u00e0 con le quali abbiamo intenzione di portare la luce all\u2019interno di sala, soggiorno o comere da letto per creare un\u2019armonia perfetta tra stile e arredamento. Uno stile che sicuramente sta diventando molto popolare perContinue reading...\" \/>\n<meta property=\"og:url\" content=\"https:\/\/www.article-marketing.eu\/comunicatistampa\/design-e-modernita-nellilluminazione-talo-parete-artemide\/\" \/>\n<meta property=\"og:site_name\" content=\"Article Marketing\" \/>\n<meta property=\"article:published_time\" content=\"2018-06-06T14:36:37+00:00\" \/>\n<meta name=\"author\" content=\"GiuliaImberti\" \/>\n<meta name=\"twitter:card\" content=\"summary_large_image\" \/>\n<meta name=\"twitter:label1\" content=\"Scritto da\" \/>\n\t<meta name=\"twitter:data1\" content=\"GiuliaImberti\" \/>\n\t<meta name=\"twitter:label2\" content=\"Tempo di lettura stimato\" \/>\n\t<meta name=\"twitter:data2\" content=\"3 minuti\" \/>\n<script type=\"application\/ld+json\" class=\"yoast-schema-graph\">{\"@context\":\"https:\\\/\\\/schema.org\",\"@graph\":[{\"@type\":\"Article\",\"@id\":\"https:\\\/\\\/www.article-marketing.eu\\\/comunicatistampa\\\/design-e-modernita-nellilluminazione-talo-parete-artemide\\\/#article\",\"isPartOf\":{\"@id\":\"https:\\\/\\\/www.article-marketing.eu\\\/comunicatistampa\\\/design-e-modernita-nellilluminazione-talo-parete-artemide\\\/\"},\"author\":{\"name\":\"GiuliaImberti\",\"@id\":\"https:\\\/\\\/www.article-marketing.eu\\\/comunicatistampa\\\/#\\\/schema\\\/person\\\/78d824cb2db3ee43b42d3721ee6fc9b9\"},\"headline\":\"Design e modernit\u00e0 nell\u2019illuminazione: Talo parete, Artemide\",\"datePublished\":\"2018-06-06T14:36:37+00:00\",\"mainEntityOfPage\":{\"@id\":\"https:\\\/\\\/www.article-marketing.eu\\\/comunicatistampa\\\/design-e-modernita-nellilluminazione-talo-parete-artemide\\\/\"},\"wordCount\":525,\"commentCount\":0,\"keywords\":[\"Artemide talo\",\"lampada parete design\",\"lampade da parete moderne\"],\"articleSection\":[\"Architecture\",\"Casa\",\"Interni\"],\"inLanguage\":\"it-IT\",\"potentialAction\":[{\"@type\":\"CommentAction\",\"name\":\"Comment\",\"target\":[\"https:\\\/\\\/www.article-marketing.eu\\\/comunicatistampa\\\/design-e-modernita-nellilluminazione-talo-parete-artemide\\\/#respond\"]}]},{\"@type\":\"WebPage\",\"@id\":\"https:\\\/\\\/www.article-marketing.eu\\\/comunicatistampa\\\/design-e-modernita-nellilluminazione-talo-parete-artemide\\\/\",\"url\":\"https:\\\/\\\/www.article-marketing.eu\\\/comunicatistampa\\\/design-e-modernita-nellilluminazione-talo-parete-artemide\\\/\",\"name\":\"Design e modernit\u00e0 nell\u2019illuminazione: Talo parete, Artemide - Article Marketing\",\"isPartOf\":{\"@id\":\"https:\\\/\\\/www.article-marketing.eu\\\/comunicatistampa\\\/#website\"},\"datePublished\":\"2018-06-06T14:36:37+00:00\",\"author\":{\"@id\":\"https:\\\/\\\/www.article-marketing.eu\\\/comunicatistampa\\\/#\\\/schema\\\/person\\\/78d824cb2db3ee43b42d3721ee6fc9b9\"},\"breadcrumb\":{\"@id\":\"https:\\\/\\\/www.article-marketing.eu\\\/comunicatistampa\\\/design-e-modernita-nellilluminazione-talo-parete-artemide\\\/#breadcrumb\"},\"inLanguage\":\"it-IT\",\"potentialAction\":[{\"@type\":\"ReadAction\",\"target\":[\"https:\\\/\\\/www.article-marketing.eu\\\/comunicatistampa\\\/design-e-modernita-nellilluminazione-talo-parete-artemide\\\/\"]}]},{\"@type\":\"BreadcrumbList\",\"@id\":\"https:\\\/\\\/www.article-marketing.eu\\\/comunicatistampa\\\/design-e-modernita-nellilluminazione-talo-parete-artemide\\\/#breadcrumb\",\"itemListElement\":[{\"@type\":\"ListItem\",\"position\":1,\"name\":\"Home\",\"item\":\"https:\\\/\\\/www.article-marketing.eu\\\/comunicatistampa\\\/\"},{\"@type\":\"ListItem\",\"position\":2,\"name\":\"Design e modernit\u00e0 nell\u2019illuminazione: Talo parete, Artemide\"}]},{\"@type\":\"WebSite\",\"@id\":\"https:\\\/\\\/www.article-marketing.eu\\\/comunicatistampa\\\/#website\",\"url\":\"https:\\\/\\\/www.article-marketing.eu\\\/comunicatistampa\\\/\",\"name\":\"Article Marketing\",\"description\":\"article marketing &amp; press release\",\"potentialAction\":[{\"@type\":\"SearchAction\",\"target\":{\"@type\":\"EntryPoint\",\"urlTemplate\":\"https:\\\/\\\/www.article-marketing.eu\\\/comunicatistampa\\\/?s={search_term_string}\"},\"query-input\":{\"@type\":\"PropertyValueSpecification\",\"valueRequired\":true,\"valueName\":\"search_term_string\"}}],\"inLanguage\":\"it-IT\"},{\"@type\":\"Person\",\"@id\":\"https:\\\/\\\/www.article-marketing.eu\\\/comunicatistampa\\\/#\\\/schema\\\/person\\\/78d824cb2db3ee43b42d3721ee6fc9b9\",\"name\":\"GiuliaImberti\",\"image\":{\"@type\":\"ImageObject\",\"inLanguage\":\"it-IT\",\"@id\":\"https:\\\/\\\/secure.gravatar.com\\\/avatar\\\/fe9f8e9f23bc5952c7a3b4020ba1058daffe74251f80bda8894948244eaf4cc3?s=96&d=mm&r=g\",\"url\":\"https:\\\/\\\/secure.gravatar.com\\\/avatar\\\/fe9f8e9f23bc5952c7a3b4020ba1058daffe74251f80bda8894948244eaf4cc3?s=96&d=mm&r=g\",\"contentUrl\":\"https:\\\/\\\/secure.gravatar.com\\\/avatar\\\/fe9f8e9f23bc5952c7a3b4020ba1058daffe74251f80bda8894948244eaf4cc3?s=96&d=mm&r=g\",\"caption\":\"GiuliaImberti\"},\"url\":\"https:\\\/\\\/www.article-marketing.eu\\\/comunicatistampa\\\/author\\\/giuliaimberti\\\/\"}]}<\/script>\n<!-- \/ Yoast SEO plugin. -->","yoast_head_json":{"title":"Design e modernit\u00e0 nell\u2019illuminazione: Talo parete, Artemide - Article Marketing","robots":{"index":"index","follow":"follow","max-snippet":"max-snippet:-1","max-image-preview":"max-image-preview:large","max-video-preview":"max-video-preview:-1"},"canonical":"https:\/\/www.article-marketing.eu\/comunicatistampa\/design-e-modernita-nellilluminazione-talo-parete-artemide\/","og_locale":"it_IT","og_type":"article","og_title":"Design e modernit\u00e0 nell\u2019illuminazione: Talo parete, Artemide - Article Marketing","og_description":"&nbsp; Appassionati di arredamento e non, tutti sappiamo quanto sia importante un\u2019illuminazione di qualit\u00e0 per gli ambienti di tutta la casa. \u00c8 sempre pi\u00f9 importante dare la giusta attenzione al design e alla qualit\u00e0 delle modalit\u00e0 con le quali abbiamo intenzione di portare la luce all\u2019interno di sala, soggiorno o comere da letto per creare un\u2019armonia perfetta tra stile e arredamento. Uno stile che sicuramente sta diventando molto popolare perContinue reading...","og_url":"https:\/\/www.article-marketing.eu\/comunicatistampa\/design-e-modernita-nellilluminazione-talo-parete-artemide\/","og_site_name":"Article Marketing","article_published_time":"2018-06-06T14:36:37+00:00","author":"GiuliaImberti","twitter_card":"summary_large_image","twitter_misc":{"Scritto da":"GiuliaImberti","Tempo di lettura stimato":"3 minuti"},"schema":{"@context":"https:\/\/schema.org","@graph":[{"@type":"Article","@id":"https:\/\/www.article-marketing.eu\/comunicatistampa\/design-e-modernita-nellilluminazione-talo-parete-artemide\/#article","isPartOf":{"@id":"https:\/\/www.article-marketing.eu\/comunicatistampa\/design-e-modernita-nellilluminazione-talo-parete-artemide\/"},"author":{"name":"GiuliaImberti","@id":"https:\/\/www.article-marketing.eu\/comunicatistampa\/#\/schema\/person\/78d824cb2db3ee43b42d3721ee6fc9b9"},"headline":"Design e modernit\u00e0 nell\u2019illuminazione: Talo parete, Artemide","datePublished":"2018-06-06T14:36:37+00:00","mainEntityOfPage":{"@id":"https:\/\/www.article-marketing.eu\/comunicatistampa\/design-e-modernita-nellilluminazione-talo-parete-artemide\/"},"wordCount":525,"commentCount":0,"keywords":["Artemide talo","lampada parete design","lampade da parete moderne"],"articleSection":["Architecture","Casa","Interni"],"inLanguage":"it-IT","potentialAction":[{"@type":"CommentAction","name":"Comment","target":["https:\/\/www.article-marketing.eu\/comunicatistampa\/design-e-modernita-nellilluminazione-talo-parete-artemide\/#respond"]}]},{"@type":"WebPage","@id":"https:\/\/www.article-marketing.eu\/comunicatistampa\/design-e-modernita-nellilluminazione-talo-parete-artemide\/","url":"https:\/\/www.article-marketing.eu\/comunicatistampa\/design-e-modernita-nellilluminazione-talo-parete-artemide\/","name":"Design e modernit\u00e0 nell\u2019illuminazione: Talo parete, Artemide - Article Marketing","isPartOf":{"@id":"https:\/\/www.article-marketing.eu\/comunicatistampa\/#website"},"datePublished":"2018-06-06T14:36:37+00:00","author":{"@id":"https:\/\/www.article-marketing.eu\/comunicatistampa\/#\/schema\/person\/78d824cb2db3ee43b42d3721ee6fc9b9"},"breadcrumb":{"@id":"https:\/\/www.article-marketing.eu\/comunicatistampa\/design-e-modernita-nellilluminazione-talo-parete-artemide\/#breadcrumb"},"inLanguage":"it-IT","potentialAction":[{"@type":"ReadAction","target":["https:\/\/www.article-marketing.eu\/comunicatistampa\/design-e-modernita-nellilluminazione-talo-parete-artemide\/"]}]},{"@type":"BreadcrumbList","@id":"https:\/\/www.article-marketing.eu\/comunicatistampa\/design-e-modernita-nellilluminazione-talo-parete-artemide\/#breadcrumb","itemListElement":[{"@type":"ListItem","position":1,"name":"Home","item":"https:\/\/www.article-marketing.eu\/comunicatistampa\/"},{"@type":"ListItem","position":2,"name":"Design e modernit\u00e0 nell\u2019illuminazione: Talo parete, Artemide"}]},{"@type":"WebSite","@id":"https:\/\/www.article-marketing.eu\/comunicatistampa\/#website","url":"https:\/\/www.article-marketing.eu\/comunicatistampa\/","name":"Article Marketing","description":"article marketing &amp; press release","potentialAction":[{"@type":"SearchAction","target":{"@type":"EntryPoint","urlTemplate":"https:\/\/www.article-marketing.eu\/comunicatistampa\/?s={search_term_string}"},"query-input":{"@type":"PropertyValueSpecification","valueRequired":true,"valueName":"search_term_string"}}],"inLanguage":"it-IT"},{"@type":"Person","@id":"https:\/\/www.article-marketing.eu\/comunicatistampa\/#\/schema\/person\/78d824cb2db3ee43b42d3721ee6fc9b9","name":"GiuliaImberti","image":{"@type":"ImageObject","inLanguage":"it-IT","@id":"https:\/\/secure.gravatar.com\/avatar\/fe9f8e9f23bc5952c7a3b4020ba1058daffe74251f80bda8894948244eaf4cc3?s=96&d=mm&r=g","url":"https:\/\/secure.gravatar.com\/avatar\/fe9f8e9f23bc5952c7a3b4020ba1058daffe74251f80bda8894948244eaf4cc3?s=96&d=mm&r=g","contentUrl":"https:\/\/secure.gravatar.com\/avatar\/fe9f8e9f23bc5952c7a3b4020ba1058daffe74251f80bda8894948244eaf4cc3?s=96&d=mm&r=g","caption":"GiuliaImberti"},"url":"https:\/\/www.article-marketing.eu\/comunicatistampa\/author\/giuliaimberti\/"}]}},"_links":{"self":[{"href":"https:\/\/www.article-marketing.eu\/comunicatistampa\/wp-json\/wp\/v2\/posts\/10450","targetHints":{"allow":["GET"]}}],"collection":[{"href":"https:\/\/www.article-marketing.eu\/comunicatistampa\/wp-json\/wp\/v2\/posts"}],"about":[{"href":"https:\/\/www.article-marketing.eu\/comunicatistampa\/wp-json\/wp\/v2\/types\/post"}],"author":[{"embeddable":true,"href":"https:\/\/www.article-marketing.eu\/comunicatistampa\/wp-json\/wp\/v2\/users\/1037"}],"replies":[{"embeddable":true,"href":"https:\/\/www.article-marketing.eu\/comunicatistampa\/wp-json\/wp\/v2\/comments?post=10450"}],"version-history":[{"count":2,"href":"https:\/\/www.article-marketing.eu\/comunicatistampa\/wp-json\/wp\/v2\/posts\/10450\/revisions"}],"predecessor-version":[{"id":10456,"href":"https:\/\/www.article-marketing.eu\/comunicatistampa\/wp-json\/wp\/v2\/posts\/10450\/revisions\/10456"}],"wp:attachment":[{"href":"https:\/\/www.article-marketing.eu\/comunicatistampa\/wp-json\/wp\/v2\/media?parent=10450"}],"wp:term":[{"taxonomy":"category","embeddable":true,"href":"https:\/\/www.article-marketing.eu\/comunicatistampa\/wp-json\/wp\/v2\/categories?post=10450"},{"taxonomy":"post_tag","embeddable":true,"href":"https:\/\/www.article-marketing.eu\/comunicatistampa\/wp-json\/wp\/v2\/tags?post=10450"}],"curies":[{"name":"wp","href":"https:\/\/api.w.org\/{rel}","templated":true}]}}