{"id":10510,"date":"2018-06-08T21:34:02","date_gmt":"2018-06-08T19:34:02","guid":{"rendered":"http:\/\/www.article-marketing.eu\/comunicatistampa\/?p=10510"},"modified":"2018-06-08T21:34:02","modified_gmt":"2018-06-08T19:34:02","slug":"cannabis-terapeutica-emilia-romagna-saccheggiata","status":"publish","type":"post","link":"https:\/\/www.article-marketing.eu\/comunicatistampa\/cannabis-terapeutica-emilia-romagna-saccheggiata\/","title":{"rendered":"Cannabis terapeutica: Emilia Romagna saccheggiata"},"content":{"rendered":"<p>Una nuova polemica \u00e8 esplosa in merito alla <strong>cannabis ad uso terapeutico <\/strong>in Emilia Romagna: \u00e8 dallo scorso Giugno che i pazienti che ne necessitano devono sudare sette camicie per recuperarne briciole in tutta la regione.<!--more--><\/p>\n<p>Nelle farmacie i telefoni squillano continuamente, i pazienti interrogano gli addetti e <strong>fioccano le proteste<\/strong> perch\u00e9 la quantit\u00e0 di farmaco non \u00e8 sufficiente per le necessit\u00e0 di tutti.<\/p>\n<p>I <a href=\"https:\/\/www.sifap.org\/sifap-societa-italiana-farmacisti-preparatori\" target=\"_blank\" rel=\"noopener\">farmacisti preparatori<\/a> sono cos\u00ec costretti a passare gran parte del tempo al telefono invece di poter prestare i loro servizi a pazienti e malati.<\/p>\n<p>Ci sono farmacie che aspettano consegne da pi\u00f9 di 8 kg di cannabis terapeutica, tra Gennaio e Marzo di quest\u2019anno \u00e8 stato effettuato un ordine di 10 kg dalla Regione Emilia ma, ad oggi, ne \u00e8 arrivato solo uno.<\/p>\n<p>La cannabis italiana \u00e8 coltivata dall\u2019<strong>Istituto Farmaceutico Militare <\/strong>di Firenze, che centellina le consegne alle varie realt\u00e0 locali, chi ne chiede 2 kg ne riceve 500 gr e intanto i pazienti soffrono e i sintomi delle malattie non danno loro tregua.<\/p>\n<p>Ma quali sono le cause di questi problemi? Il punto \u00e8 che, pur essendo la Regione Emilia uno degli enti che pi\u00f9 dispone di cannabis ad uso terapico, <strong>oltre la<\/strong> <strong>met\u00e0 delle sue scorte finisce altrove<\/strong>: chi soffre di i neuropatia, atassia e anoressia necessita di un\u2019adeguata <strong>terapia del dolore<\/strong> e l\u2019unico supporto pratico ed efficace in questo senso \u00e8 la cannabis terapeutica, quindi, da ogni regione d\u2019Italia, arrivano richieste per questo tipo di sostanza; per questo le scorte sono sempre pi\u00f9 esigue e faticano ad arrivare a chi ne ha bisogno.<\/p>\n<p>La situazione sembra aver visto uno spiraglio nel momento in cui <strong>l\u2019Emilia Romagna \u00e8 stata invitata a discutere la questione<\/strong>, il primo storico riconoscimento del comitato pazienti da parte delle istituzioni.<\/p>\n<p>Tutti intorno a un tavolo pazienti, farmacisti e istituzioni stanno lavorando per la risoluzione di questo delicato problema: con met\u00e0 delle scorte di <a href=\"https:\/\/www.sifap.org\/il-farmaco-galenico\/farmaco-galenico-infiorescenze-di-cannabis-ad-uso-medico\" target=\"_blank\" rel=\"noopener\">cannabis ad uso terapeutico<\/a> destinate ai residenti che finiscono invece in altre regioni, con la scusa che l\u2019Emilia Romagna risulta una delle regioni con maggiore facilit\u00e0 di reperimento.<\/p>\n<p>Nelle altre regioni questo tipo di medicinale si pu\u00f2 reperire solo in ospedale e in minime quantit\u00e0, in Emilia lo scorso anno, si \u00e8 fatta richiesta di passare da 37 a 60 kg con una previsione di 80 kg l\u2019anno mentre le altre regioni hanno un approvvigionamento di appena 4 kg.<\/p>\n<p>Ecco dunque scattare il <strong>fai da te all\u2019italiana<\/strong>, tra processi e arresti, nasce <strong>il turismo della cannabis<\/strong>, in Sicilia alcuni optano per l\u2019autoproduzione, associazioni distribuiscono semi online e le relative istruzioni d\u2019uso, altri sono in attesa di giudizio dopo mesi di carcere preventivo, indagati per spaccio, per aver comprato 50g da uno spacciatore per un parente, infine c\u2019\u00e8 anche chi si rivolge all\u2019estero: recandosi in paesi come Olanda, sfidando la legge, ma i pi\u00f9 finiscono in Emilia dove poi i residenti si trovano senza sufficienti forniture.<\/p>\n","protected":false},"excerpt":{"rendered":"<p>Una nuova polemica \u00e8 esplosa in merito alla cannabis ad uso terapeutico in Emilia Romagna: \u00e8 dallo scorso Giugno che i pazienti che ne necessitano devono sudare sette camicie per recuperarne briciole in tutta la regione.<\/p>\n","protected":false},"author":20,"featured_media":0,"comment_status":"open","ping_status":"open","sticky":false,"template":"","format":"standard","meta":{"_monsterinsights_skip_tracking":false,"_monsterinsights_sitenote_active":false,"_monsterinsights_sitenote_note":"","_monsterinsights_sitenote_category":0,"footnotes":""},"categories":[371],"tags":[2194,2195,3182],"class_list":["post-10510","post","type-post","status-publish","format-standard","hentry","category-medicina","tag-cannabis","tag-farmaci","tag-terapie"],"yoast_head":"<!-- This site is optimized with the Yoast SEO plugin v27.3 - https:\/\/yoast.com\/product\/yoast-seo-wordpress\/ -->\n<title>Cannabis terapeutica: Emilia Romagna saccheggiata - Article Marketing<\/title>\n<meta name=\"description\" content=\"Riesplodono le polemiche sulla cannabis ad uso terapico, questa volta per le quantit\u00e0 assegnate alle verie regioni. L&#039;Emilia Romagna, in testa per approvigionamenti, si trova sotto assedio per le richieste dagl ammalati di tutto il Paese.\" \/>\n<meta name=\"robots\" content=\"index, follow, max-snippet:-1, max-image-preview:large, max-video-preview:-1\" \/>\n<link rel=\"canonical\" href=\"https:\/\/www.article-marketing.eu\/comunicatistampa\/cannabis-terapeutica-emilia-romagna-saccheggiata\/\" \/>\n<meta property=\"og:locale\" content=\"it_IT\" \/>\n<meta property=\"og:type\" content=\"article\" \/>\n<meta property=\"og:title\" content=\"Cannabis terapeutica: Emilia Romagna saccheggiata - Article Marketing\" \/>\n<meta property=\"og:description\" content=\"Riesplodono le polemiche sulla cannabis ad uso terapico, questa volta per le quantit\u00e0 assegnate alle verie regioni. L&#039;Emilia Romagna, in testa per approvigionamenti, si trova sotto assedio per le richieste dagl ammalati di tutto il Paese.\" \/>\n<meta property=\"og:url\" content=\"https:\/\/www.article-marketing.eu\/comunicatistampa\/cannabis-terapeutica-emilia-romagna-saccheggiata\/\" \/>\n<meta property=\"og:site_name\" content=\"Article Marketing\" \/>\n<meta property=\"article:published_time\" content=\"2018-06-08T19:34:02+00:00\" \/>\n<meta name=\"author\" content=\"ictadmin\" \/>\n<meta name=\"twitter:card\" content=\"summary_large_image\" \/>\n<meta name=\"twitter:label1\" content=\"Scritto da\" \/>\n\t<meta name=\"twitter:data1\" content=\"ictadmin\" \/>\n\t<meta name=\"twitter:label2\" content=\"Tempo di lettura stimato\" \/>\n\t<meta name=\"twitter:data2\" content=\"2 minuti\" \/>\n<script type=\"application\/ld+json\" class=\"yoast-schema-graph\">{\"@context\":\"https:\\\/\\\/schema.org\",\"@graph\":[{\"@type\":\"Article\",\"@id\":\"https:\\\/\\\/www.article-marketing.eu\\\/comunicatistampa\\\/cannabis-terapeutica-emilia-romagna-saccheggiata\\\/#article\",\"isPartOf\":{\"@id\":\"https:\\\/\\\/www.article-marketing.eu\\\/comunicatistampa\\\/cannabis-terapeutica-emilia-romagna-saccheggiata\\\/\"},\"author\":{\"name\":\"ictadmin\",\"@id\":\"https:\\\/\\\/www.article-marketing.eu\\\/comunicatistampa\\\/#\\\/schema\\\/person\\\/b3bcdff9e011a199a2a599263f766107\"},\"headline\":\"Cannabis terapeutica: Emilia Romagna saccheggiata\",\"datePublished\":\"2018-06-08T19:34:02+00:00\",\"mainEntityOfPage\":{\"@id\":\"https:\\\/\\\/www.article-marketing.eu\\\/comunicatistampa\\\/cannabis-terapeutica-emilia-romagna-saccheggiata\\\/\"},\"wordCount\":479,\"commentCount\":0,\"keywords\":[\"cannabis\",\"farmaci\",\"terapie\"],\"articleSection\":[\"Medicina\"],\"inLanguage\":\"it-IT\",\"potentialAction\":[{\"@type\":\"CommentAction\",\"name\":\"Comment\",\"target\":[\"https:\\\/\\\/www.article-marketing.eu\\\/comunicatistampa\\\/cannabis-terapeutica-emilia-romagna-saccheggiata\\\/#respond\"]}]},{\"@type\":\"WebPage\",\"@id\":\"https:\\\/\\\/www.article-marketing.eu\\\/comunicatistampa\\\/cannabis-terapeutica-emilia-romagna-saccheggiata\\\/\",\"url\":\"https:\\\/\\\/www.article-marketing.eu\\\/comunicatistampa\\\/cannabis-terapeutica-emilia-romagna-saccheggiata\\\/\",\"name\":\"Cannabis terapeutica: Emilia Romagna saccheggiata - Article Marketing\",\"isPartOf\":{\"@id\":\"https:\\\/\\\/www.article-marketing.eu\\\/comunicatistampa\\\/#website\"},\"datePublished\":\"2018-06-08T19:34:02+00:00\",\"author\":{\"@id\":\"https:\\\/\\\/www.article-marketing.eu\\\/comunicatistampa\\\/#\\\/schema\\\/person\\\/b3bcdff9e011a199a2a599263f766107\"},\"description\":\"Riesplodono le polemiche sulla cannabis ad uso terapico, questa volta per le quantit\u00e0 assegnate alle verie regioni. L'Emilia Romagna, in testa per approvigionamenti, si trova sotto assedio per le richieste dagl ammalati di tutto il Paese.\",\"breadcrumb\":{\"@id\":\"https:\\\/\\\/www.article-marketing.eu\\\/comunicatistampa\\\/cannabis-terapeutica-emilia-romagna-saccheggiata\\\/#breadcrumb\"},\"inLanguage\":\"it-IT\",\"potentialAction\":[{\"@type\":\"ReadAction\",\"target\":[\"https:\\\/\\\/www.article-marketing.eu\\\/comunicatistampa\\\/cannabis-terapeutica-emilia-romagna-saccheggiata\\\/\"]}]},{\"@type\":\"BreadcrumbList\",\"@id\":\"https:\\\/\\\/www.article-marketing.eu\\\/comunicatistampa\\\/cannabis-terapeutica-emilia-romagna-saccheggiata\\\/#breadcrumb\",\"itemListElement\":[{\"@type\":\"ListItem\",\"position\":1,\"name\":\"Home\",\"item\":\"https:\\\/\\\/www.article-marketing.eu\\\/comunicatistampa\\\/\"},{\"@type\":\"ListItem\",\"position\":2,\"name\":\"Cannabis terapeutica: Emilia Romagna saccheggiata\"}]},{\"@type\":\"WebSite\",\"@id\":\"https:\\\/\\\/www.article-marketing.eu\\\/comunicatistampa\\\/#website\",\"url\":\"https:\\\/\\\/www.article-marketing.eu\\\/comunicatistampa\\\/\",\"name\":\"Article Marketing\",\"description\":\"article marketing &amp; press release\",\"potentialAction\":[{\"@type\":\"SearchAction\",\"target\":{\"@type\":\"EntryPoint\",\"urlTemplate\":\"https:\\\/\\\/www.article-marketing.eu\\\/comunicatistampa\\\/?s={search_term_string}\"},\"query-input\":{\"@type\":\"PropertyValueSpecification\",\"valueRequired\":true,\"valueName\":\"search_term_string\"}}],\"inLanguage\":\"it-IT\"},{\"@type\":\"Person\",\"@id\":\"https:\\\/\\\/www.article-marketing.eu\\\/comunicatistampa\\\/#\\\/schema\\\/person\\\/b3bcdff9e011a199a2a599263f766107\",\"name\":\"ictadmin\",\"image\":{\"@type\":\"ImageObject\",\"inLanguage\":\"it-IT\",\"@id\":\"https:\\\/\\\/secure.gravatar.com\\\/avatar\\\/4781f1aabadd09b0a8a9ebb8a05baf20204aa27c12ab5ca92f17e612775150e9?s=96&d=mm&r=g\",\"url\":\"https:\\\/\\\/secure.gravatar.com\\\/avatar\\\/4781f1aabadd09b0a8a9ebb8a05baf20204aa27c12ab5ca92f17e612775150e9?s=96&d=mm&r=g\",\"contentUrl\":\"https:\\\/\\\/secure.gravatar.com\\\/avatar\\\/4781f1aabadd09b0a8a9ebb8a05baf20204aa27c12ab5ca92f17e612775150e9?s=96&d=mm&r=g\",\"caption\":\"ictadmin\"},\"description\":\"IDRA TECNOLOGIE INFORMATICHE \u00e8 un Gruppo di consulenti con decennale esperienza, nei Servizi e nelle Soluzioni per il business in ambito Information &amp; Communication Technology (ICT). In particolare, il Gruppo si compone di tre segmenti operativi: Consulenza - progettazione, gestione e valorizzazione delle risorse ICT aziendali; Web - sviluppo siti web e soluzioni evolute per il posizionamento CRM - progettazione e implementazione di strategie per il customers relationship management\",\"sameAs\":[\"http:\\\/\\\/www.idratech.eu\\\/\"],\"url\":\"https:\\\/\\\/www.article-marketing.eu\\\/comunicatistampa\\\/author\\\/ictadmin\\\/\"}]}<\/script>\n<!-- \/ Yoast SEO plugin. -->","yoast_head_json":{"title":"Cannabis terapeutica: Emilia Romagna saccheggiata - Article Marketing","description":"Riesplodono le polemiche sulla cannabis ad uso terapico, questa volta per le quantit\u00e0 assegnate alle verie regioni. L'Emilia Romagna, in testa per approvigionamenti, si trova sotto assedio per le richieste dagl ammalati di tutto il Paese.","robots":{"index":"index","follow":"follow","max-snippet":"max-snippet:-1","max-image-preview":"max-image-preview:large","max-video-preview":"max-video-preview:-1"},"canonical":"https:\/\/www.article-marketing.eu\/comunicatistampa\/cannabis-terapeutica-emilia-romagna-saccheggiata\/","og_locale":"it_IT","og_type":"article","og_title":"Cannabis terapeutica: Emilia Romagna saccheggiata - Article Marketing","og_description":"Riesplodono le polemiche sulla cannabis ad uso terapico, questa volta per le quantit\u00e0 assegnate alle verie regioni. L'Emilia Romagna, in testa per approvigionamenti, si trova sotto assedio per le richieste dagl ammalati di tutto il Paese.","og_url":"https:\/\/www.article-marketing.eu\/comunicatistampa\/cannabis-terapeutica-emilia-romagna-saccheggiata\/","og_site_name":"Article Marketing","article_published_time":"2018-06-08T19:34:02+00:00","author":"ictadmin","twitter_card":"summary_large_image","twitter_misc":{"Scritto da":"ictadmin","Tempo di lettura stimato":"2 minuti"},"schema":{"@context":"https:\/\/schema.org","@graph":[{"@type":"Article","@id":"https:\/\/www.article-marketing.eu\/comunicatistampa\/cannabis-terapeutica-emilia-romagna-saccheggiata\/#article","isPartOf":{"@id":"https:\/\/www.article-marketing.eu\/comunicatistampa\/cannabis-terapeutica-emilia-romagna-saccheggiata\/"},"author":{"name":"ictadmin","@id":"https:\/\/www.article-marketing.eu\/comunicatistampa\/#\/schema\/person\/b3bcdff9e011a199a2a599263f766107"},"headline":"Cannabis terapeutica: Emilia Romagna saccheggiata","datePublished":"2018-06-08T19:34:02+00:00","mainEntityOfPage":{"@id":"https:\/\/www.article-marketing.eu\/comunicatistampa\/cannabis-terapeutica-emilia-romagna-saccheggiata\/"},"wordCount":479,"commentCount":0,"keywords":["cannabis","farmaci","terapie"],"articleSection":["Medicina"],"inLanguage":"it-IT","potentialAction":[{"@type":"CommentAction","name":"Comment","target":["https:\/\/www.article-marketing.eu\/comunicatistampa\/cannabis-terapeutica-emilia-romagna-saccheggiata\/#respond"]}]},{"@type":"WebPage","@id":"https:\/\/www.article-marketing.eu\/comunicatistampa\/cannabis-terapeutica-emilia-romagna-saccheggiata\/","url":"https:\/\/www.article-marketing.eu\/comunicatistampa\/cannabis-terapeutica-emilia-romagna-saccheggiata\/","name":"Cannabis terapeutica: Emilia Romagna saccheggiata - Article Marketing","isPartOf":{"@id":"https:\/\/www.article-marketing.eu\/comunicatistampa\/#website"},"datePublished":"2018-06-08T19:34:02+00:00","author":{"@id":"https:\/\/www.article-marketing.eu\/comunicatistampa\/#\/schema\/person\/b3bcdff9e011a199a2a599263f766107"},"description":"Riesplodono le polemiche sulla cannabis ad uso terapico, questa volta per le quantit\u00e0 assegnate alle verie regioni. L'Emilia Romagna, in testa per approvigionamenti, si trova sotto assedio per le richieste dagl ammalati di tutto il Paese.","breadcrumb":{"@id":"https:\/\/www.article-marketing.eu\/comunicatistampa\/cannabis-terapeutica-emilia-romagna-saccheggiata\/#breadcrumb"},"inLanguage":"it-IT","potentialAction":[{"@type":"ReadAction","target":["https:\/\/www.article-marketing.eu\/comunicatistampa\/cannabis-terapeutica-emilia-romagna-saccheggiata\/"]}]},{"@type":"BreadcrumbList","@id":"https:\/\/www.article-marketing.eu\/comunicatistampa\/cannabis-terapeutica-emilia-romagna-saccheggiata\/#breadcrumb","itemListElement":[{"@type":"ListItem","position":1,"name":"Home","item":"https:\/\/www.article-marketing.eu\/comunicatistampa\/"},{"@type":"ListItem","position":2,"name":"Cannabis terapeutica: Emilia Romagna saccheggiata"}]},{"@type":"WebSite","@id":"https:\/\/www.article-marketing.eu\/comunicatistampa\/#website","url":"https:\/\/www.article-marketing.eu\/comunicatistampa\/","name":"Article Marketing","description":"article marketing &amp; press release","potentialAction":[{"@type":"SearchAction","target":{"@type":"EntryPoint","urlTemplate":"https:\/\/www.article-marketing.eu\/comunicatistampa\/?s={search_term_string}"},"query-input":{"@type":"PropertyValueSpecification","valueRequired":true,"valueName":"search_term_string"}}],"inLanguage":"it-IT"},{"@type":"Person","@id":"https:\/\/www.article-marketing.eu\/comunicatistampa\/#\/schema\/person\/b3bcdff9e011a199a2a599263f766107","name":"ictadmin","image":{"@type":"ImageObject","inLanguage":"it-IT","@id":"https:\/\/secure.gravatar.com\/avatar\/4781f1aabadd09b0a8a9ebb8a05baf20204aa27c12ab5ca92f17e612775150e9?s=96&d=mm&r=g","url":"https:\/\/secure.gravatar.com\/avatar\/4781f1aabadd09b0a8a9ebb8a05baf20204aa27c12ab5ca92f17e612775150e9?s=96&d=mm&r=g","contentUrl":"https:\/\/secure.gravatar.com\/avatar\/4781f1aabadd09b0a8a9ebb8a05baf20204aa27c12ab5ca92f17e612775150e9?s=96&d=mm&r=g","caption":"ictadmin"},"description":"IDRA TECNOLOGIE INFORMATICHE \u00e8 un Gruppo di consulenti con decennale esperienza, nei Servizi e nelle Soluzioni per il business in ambito Information &amp; Communication Technology (ICT). In particolare, il Gruppo si compone di tre segmenti operativi: Consulenza - progettazione, gestione e valorizzazione delle risorse ICT aziendali; Web - sviluppo siti web e soluzioni evolute per il posizionamento CRM - progettazione e implementazione di strategie per il customers relationship management","sameAs":["http:\/\/www.idratech.eu\/"],"url":"https:\/\/www.article-marketing.eu\/comunicatistampa\/author\/ictadmin\/"}]}},"_links":{"self":[{"href":"https:\/\/www.article-marketing.eu\/comunicatistampa\/wp-json\/wp\/v2\/posts\/10510","targetHints":{"allow":["GET"]}}],"collection":[{"href":"https:\/\/www.article-marketing.eu\/comunicatistampa\/wp-json\/wp\/v2\/posts"}],"about":[{"href":"https:\/\/www.article-marketing.eu\/comunicatistampa\/wp-json\/wp\/v2\/types\/post"}],"author":[{"embeddable":true,"href":"https:\/\/www.article-marketing.eu\/comunicatistampa\/wp-json\/wp\/v2\/users\/20"}],"replies":[{"embeddable":true,"href":"https:\/\/www.article-marketing.eu\/comunicatistampa\/wp-json\/wp\/v2\/comments?post=10510"}],"version-history":[{"count":2,"href":"https:\/\/www.article-marketing.eu\/comunicatistampa\/wp-json\/wp\/v2\/posts\/10510\/revisions"}],"predecessor-version":[{"id":10518,"href":"https:\/\/www.article-marketing.eu\/comunicatistampa\/wp-json\/wp\/v2\/posts\/10510\/revisions\/10518"}],"wp:attachment":[{"href":"https:\/\/www.article-marketing.eu\/comunicatistampa\/wp-json\/wp\/v2\/media?parent=10510"}],"wp:term":[{"taxonomy":"category","embeddable":true,"href":"https:\/\/www.article-marketing.eu\/comunicatistampa\/wp-json\/wp\/v2\/categories?post=10510"},{"taxonomy":"post_tag","embeddable":true,"href":"https:\/\/www.article-marketing.eu\/comunicatistampa\/wp-json\/wp\/v2\/tags?post=10510"}],"curies":[{"name":"wp","href":"https:\/\/api.w.org\/{rel}","templated":true}]}}