{"id":10595,"date":"2018-06-14T17:40:00","date_gmt":"2018-06-14T15:40:00","guid":{"rendered":"http:\/\/www.article-marketing.eu\/comunicatistampa\/?p=10595"},"modified":"2018-06-14T17:40:00","modified_gmt":"2018-06-14T15:40:00","slug":"t-e-d-il-tavolo-per-educare-al-dono","status":"publish","type":"post","link":"https:\/\/www.article-marketing.eu\/comunicatistampa\/t-e-d-il-tavolo-per-educare-al-dono\/","title":{"rendered":"T.E.D  Il tavolo per educare al dono"},"content":{"rendered":"<p>Questa mattina, in occasione della <strong>Giornata mondiale del Donatore di Sangue, Avis comunale Bergamo, in rappresentanza dei suoi\u00a0 <\/strong><strong>3258 donatori,<\/strong> ha presentato il nuovo progetto di impegno sociale, il <strong>Tavolo per Educare al Dono T.E.D..<\/strong><\/p>\n<p>Il Tavolo, nato dalla collaborazione tra <strong>Avis comunale Bergamo<\/strong>, soggetto promotore e il <strong>Vicariato Urbano della Diocesi di Bergamo<\/strong>, nasce con l\u2019obiettivo di sensibilizzare i cittadini rispetto a un maggior senso del dovere per la societ\u00e0, non solo in riferimento al dono del sangue, ma in maniera universale rispetto alle altre esigenze della comunit\u00e0.<\/p>\n<p>Il progetto si ispira a quanto dichiarato all\u2019art.2 comma 2 dello <strong>Statuto Avis Nazionale<\/strong>, alla <strong>Lettera Enciclica \u00abLaudato S\u00ec\u00bb<\/strong>, Capitolo IV &#8211; Un\u2019ecologia integrale \u2013 III. Ecologia della vita quotidiana (147-155) e alle <strong>Direttive della Direzione Sanitaria<\/strong>, Dipartimento Di Igiene e Prevenzione Sanitaria, Uoc Igiene E Sanit\u00e0 Pubblica, Salute-Ambiente, Servizio Igiene e Sanit\u00e0 Pubblica.<\/p>\n<p>Partendo da queste basi, il Tavolo promuover\u00e0 <strong>azioni e iniziative<\/strong> in collaborazione con tutta la rete del dono. Il primo appuntamento sar\u00e0 un <strong>convegno aperto a tutte le agenzie educative e alla cittadinanza<\/strong> che si terr\u00e0 il <strong>15 settembre 2018<\/strong>. Il convegno punter\u00e0 alla formulazione di proposte concrete per consolidare e radicare nell\u2019opinione pubblica la sensibilit\u00e0 verso le donazioni. Inoltre, verr\u00e0 attivato un <strong>sondaggio<\/strong> i cui risultati saranno pubblicati il 15 dicembre 2018 avviando cos\u00ec i lavori per il secondo convegno del T.E.D che si terr\u00e0 nell\u2019estate del 2019. La coordinatrice sar\u00e0 <strong>suor<\/strong> <strong>Antonella Sana<\/strong> del monastero di Matris Domini, anche lei donatrice di Avis Comunale Bergamo.<\/p>\n<p><em>\u00ab\u00c8 fondamentale per noi di Avis educare alla responsabilit\u00e0 e alla bellezza del dono. Tutti sappiamo quanto siano importanti le donazioni del sangue: in alcuni casi, salvano letteralmente la vita. Ma con il Vicariato Urbano abbiamo deciso di ampliare il raggio d\u2019azione e di portare i bergamaschi a riflettere sulla responsabilit\u00e0 generale della comunit\u00e0 rispetto all\u2019intero universo delle donazioni. Un gesto che caratterizza societ\u00e0 aperte, coese, solidali, in cui chiunque pu\u00f2 essere donatore di se stesso agli altri\u00bb<\/em>\u00a0&#8211; sottolinea il presidente di Avis Comunale Bergamo, <strong>Roberto Guerini<\/strong>.<\/p>\n<p><em>\u00abI dati raccolti dal <strong>Centro Nazionale Sangue<\/strong> hanno evidenziato un calo considerevole dei donatori di sangue i quali sono stati presentati insieme a una campagna di sensibilizzazione realizzata con il <strong>CIVIS<\/strong>, il Coordinamento delle Associazioni di volontari del dono del sangue in previsione del World Blood Donor Day, che l\u2019OMS celebra il 14 giugno. In contro tendenza Avis Comunale Bergamo registra negli ultimi 4 anni un buon incremento circa 100 donatori in pi\u00f9 all\u2019anno. Questo dato porta ovviamente ad un <strong>aumento delle donazioni che l\u2019anno scorso si \u00e8 chiuso con 6505 (+71 rispetto al 2016)<\/strong> \u00bb <\/em>aggiunge il Direttore Sanitario di Avis Comunale Bergamo <strong>Dott. Pasquale Scopelliti<\/strong>.<\/p>\n<p><em>\u00abCoinvolgere le scuole di ogni ordine e grado, le famiglie, le associazioni e il terzo settore, il comparto sanitario, il mondo del volontariato, i vari ambiti lavorativi, la comunicazione, la curia, vuol dire parlare all\u2019intera societ\u00e0. \u00c8 questo il grande valore aggiunto di T.E.D. Solo cos\u00ec possiamo davvero stimolare una presa di coscienza circa l\u2019educazione al dono. L\u2019impegno verso l\u2019altro \u00e8 un valore che deve tornare a essere centrale nelle nostre comunit\u00e0. Per questo ringrazio a nome del Vicariato Urbano e del mondo ecclesiastico Avis Comunale Bergamo per aver promosso la costituzione di questo tavolo che, sono certo, operer\u00e0 con coscienza, proattivit\u00e0 e forte senso di solidariet\u00e0\u00bb <\/em>&#8211; commenta <strong>Monsignor Nozza<\/strong> vicario episcopale.<\/p>\n","protected":false},"excerpt":{"rendered":"<p>Questa mattina, in occasione della Giornata mondiale del Donatore di Sangue, Avis comunale Bergamo, in rappresentanza dei suoi\u00a0 3258 donatori, ha presentato il nuovo progetto di impegno sociale, il Tavolo per Educare al Dono T.E.D.. Il Tavolo, nato dalla collaborazione tra Avis comunale Bergamo, soggetto promotore e il Vicariato Urbano della Diocesi di Bergamo, nasce con l\u2019obiettivo di sensibilizzare i cittadini rispetto a un maggior senso del dovere per la<\/p>\n<p><a class=\"continue-reading\" href=\"https:\/\/www.article-marketing.eu\/comunicatistampa\/t-e-d-il-tavolo-per-educare-al-dono\/\">Continue reading&#8230;<\/a><\/p>\n","protected":false},"author":1855,"featured_media":0,"comment_status":"open","ping_status":"open","sticky":false,"template":"","format":"standard","meta":{"_monsterinsights_skip_tracking":false,"_monsterinsights_sitenote_active":false,"_monsterinsights_sitenote_note":"","_monsterinsights_sitenote_category":0,"footnotes":""},"categories":[78,369],"tags":[4474,4477,4476,4475],"class_list":["post-10595","post","type-post","status-publish","format-standard","hentry","category-comunicati-stampa","category-salute-e-benessere","tag-avis-comunale-bergamo","tag-donazione","tag-tavolo-per-educare-al-dono","tag-ted"],"yoast_head":"<!-- This site is optimized with the Yoast SEO plugin v27.3 - https:\/\/yoast.com\/product\/yoast-seo-wordpress\/ -->\n<title>T.E.D Il tavolo per educare al dono - Article Marketing<\/title>\n<meta name=\"robots\" content=\"index, follow, max-snippet:-1, max-image-preview:large, max-video-preview:-1\" \/>\n<link rel=\"canonical\" href=\"https:\/\/www.article-marketing.eu\/comunicatistampa\/t-e-d-il-tavolo-per-educare-al-dono\/\" \/>\n<meta property=\"og:locale\" content=\"it_IT\" \/>\n<meta property=\"og:type\" content=\"article\" \/>\n<meta property=\"og:title\" content=\"T.E.D Il tavolo per educare al dono - Article Marketing\" \/>\n<meta property=\"og:description\" content=\"Questa mattina, in occasione della Giornata mondiale del Donatore di Sangue, Avis comunale Bergamo, in rappresentanza dei suoi\u00a0 3258 donatori, ha presentato il nuovo progetto di impegno sociale, il Tavolo per Educare al Dono T.E.D.. Il Tavolo, nato dalla collaborazione tra Avis comunale Bergamo, soggetto promotore e il Vicariato Urbano della Diocesi di Bergamo, nasce con l\u2019obiettivo di sensibilizzare i cittadini rispetto a un maggior senso del dovere per laContinue reading...\" \/>\n<meta property=\"og:url\" content=\"https:\/\/www.article-marketing.eu\/comunicatistampa\/t-e-d-il-tavolo-per-educare-al-dono\/\" \/>\n<meta property=\"og:site_name\" content=\"Article Marketing\" \/>\n<meta property=\"article:published_time\" content=\"2018-06-14T15:40:00+00:00\" \/>\n<meta name=\"author\" content=\"Redaclem\" \/>\n<meta name=\"twitter:card\" content=\"summary_large_image\" \/>\n<meta name=\"twitter:label1\" content=\"Scritto da\" \/>\n\t<meta name=\"twitter:data1\" content=\"Redaclem\" \/>\n\t<meta name=\"twitter:label2\" content=\"Tempo di lettura stimato\" \/>\n\t<meta name=\"twitter:data2\" content=\"3 minuti\" \/>\n<script type=\"application\/ld+json\" class=\"yoast-schema-graph\">{\"@context\":\"https:\\\/\\\/schema.org\",\"@graph\":[{\"@type\":\"Article\",\"@id\":\"https:\\\/\\\/www.article-marketing.eu\\\/comunicatistampa\\\/t-e-d-il-tavolo-per-educare-al-dono\\\/#article\",\"isPartOf\":{\"@id\":\"https:\\\/\\\/www.article-marketing.eu\\\/comunicatistampa\\\/t-e-d-il-tavolo-per-educare-al-dono\\\/\"},\"author\":{\"name\":\"Redaclem\",\"@id\":\"https:\\\/\\\/www.article-marketing.eu\\\/comunicatistampa\\\/#\\\/schema\\\/person\\\/c0aa725eee5df8460e0adf901fde0c88\"},\"headline\":\"T.E.D Il tavolo per educare al dono\",\"datePublished\":\"2018-06-14T15:40:00+00:00\",\"mainEntityOfPage\":{\"@id\":\"https:\\\/\\\/www.article-marketing.eu\\\/comunicatistampa\\\/t-e-d-il-tavolo-per-educare-al-dono\\\/\"},\"wordCount\":568,\"commentCount\":0,\"keywords\":[\"avis comunale bergamo\",\"donazione\",\"tavolo per educare al dono\",\"ted\"],\"articleSection\":[\"Comunicati stampa\",\"Salute e benessere\"],\"inLanguage\":\"it-IT\",\"potentialAction\":[{\"@type\":\"CommentAction\",\"name\":\"Comment\",\"target\":[\"https:\\\/\\\/www.article-marketing.eu\\\/comunicatistampa\\\/t-e-d-il-tavolo-per-educare-al-dono\\\/#respond\"]}]},{\"@type\":\"WebPage\",\"@id\":\"https:\\\/\\\/www.article-marketing.eu\\\/comunicatistampa\\\/t-e-d-il-tavolo-per-educare-al-dono\\\/\",\"url\":\"https:\\\/\\\/www.article-marketing.eu\\\/comunicatistampa\\\/t-e-d-il-tavolo-per-educare-al-dono\\\/\",\"name\":\"T.E.D Il tavolo per educare al dono - Article Marketing\",\"isPartOf\":{\"@id\":\"https:\\\/\\\/www.article-marketing.eu\\\/comunicatistampa\\\/#website\"},\"datePublished\":\"2018-06-14T15:40:00+00:00\",\"author\":{\"@id\":\"https:\\\/\\\/www.article-marketing.eu\\\/comunicatistampa\\\/#\\\/schema\\\/person\\\/c0aa725eee5df8460e0adf901fde0c88\"},\"breadcrumb\":{\"@id\":\"https:\\\/\\\/www.article-marketing.eu\\\/comunicatistampa\\\/t-e-d-il-tavolo-per-educare-al-dono\\\/#breadcrumb\"},\"inLanguage\":\"it-IT\",\"potentialAction\":[{\"@type\":\"ReadAction\",\"target\":[\"https:\\\/\\\/www.article-marketing.eu\\\/comunicatistampa\\\/t-e-d-il-tavolo-per-educare-al-dono\\\/\"]}]},{\"@type\":\"BreadcrumbList\",\"@id\":\"https:\\\/\\\/www.article-marketing.eu\\\/comunicatistampa\\\/t-e-d-il-tavolo-per-educare-al-dono\\\/#breadcrumb\",\"itemListElement\":[{\"@type\":\"ListItem\",\"position\":1,\"name\":\"Home\",\"item\":\"https:\\\/\\\/www.article-marketing.eu\\\/comunicatistampa\\\/\"},{\"@type\":\"ListItem\",\"position\":2,\"name\":\"T.E.D Il tavolo per educare al dono\"}]},{\"@type\":\"WebSite\",\"@id\":\"https:\\\/\\\/www.article-marketing.eu\\\/comunicatistampa\\\/#website\",\"url\":\"https:\\\/\\\/www.article-marketing.eu\\\/comunicatistampa\\\/\",\"name\":\"Article Marketing\",\"description\":\"article marketing &amp; press release\",\"potentialAction\":[{\"@type\":\"SearchAction\",\"target\":{\"@type\":\"EntryPoint\",\"urlTemplate\":\"https:\\\/\\\/www.article-marketing.eu\\\/comunicatistampa\\\/?s={search_term_string}\"},\"query-input\":{\"@type\":\"PropertyValueSpecification\",\"valueRequired\":true,\"valueName\":\"search_term_string\"}}],\"inLanguage\":\"it-IT\"},{\"@type\":\"Person\",\"@id\":\"https:\\\/\\\/www.article-marketing.eu\\\/comunicatistampa\\\/#\\\/schema\\\/person\\\/c0aa725eee5df8460e0adf901fde0c88\",\"name\":\"Redaclem\",\"image\":{\"@type\":\"ImageObject\",\"inLanguage\":\"it-IT\",\"@id\":\"https:\\\/\\\/secure.gravatar.com\\\/avatar\\\/4c7e41f332a0583344a91d7d39723533da9b2d0df7737c2d8c69553168c2191e?s=96&d=mm&r=g\",\"url\":\"https:\\\/\\\/secure.gravatar.com\\\/avatar\\\/4c7e41f332a0583344a91d7d39723533da9b2d0df7737c2d8c69553168c2191e?s=96&d=mm&r=g\",\"contentUrl\":\"https:\\\/\\\/secure.gravatar.com\\\/avatar\\\/4c7e41f332a0583344a91d7d39723533da9b2d0df7737c2d8c69553168c2191e?s=96&d=mm&r=g\",\"caption\":\"Redaclem\"},\"url\":\"https:\\\/\\\/www.article-marketing.eu\\\/comunicatistampa\\\/author\\\/redaclem\\\/\"}]}<\/script>\n<!-- \/ Yoast SEO plugin. -->","yoast_head_json":{"title":"T.E.D Il tavolo per educare al dono - Article Marketing","robots":{"index":"index","follow":"follow","max-snippet":"max-snippet:-1","max-image-preview":"max-image-preview:large","max-video-preview":"max-video-preview:-1"},"canonical":"https:\/\/www.article-marketing.eu\/comunicatistampa\/t-e-d-il-tavolo-per-educare-al-dono\/","og_locale":"it_IT","og_type":"article","og_title":"T.E.D Il tavolo per educare al dono - Article Marketing","og_description":"Questa mattina, in occasione della Giornata mondiale del Donatore di Sangue, Avis comunale Bergamo, in rappresentanza dei suoi\u00a0 3258 donatori, ha presentato il nuovo progetto di impegno sociale, il Tavolo per Educare al Dono T.E.D.. Il Tavolo, nato dalla collaborazione tra Avis comunale Bergamo, soggetto promotore e il Vicariato Urbano della Diocesi di Bergamo, nasce con l\u2019obiettivo di sensibilizzare i cittadini rispetto a un maggior senso del dovere per laContinue reading...","og_url":"https:\/\/www.article-marketing.eu\/comunicatistampa\/t-e-d-il-tavolo-per-educare-al-dono\/","og_site_name":"Article Marketing","article_published_time":"2018-06-14T15:40:00+00:00","author":"Redaclem","twitter_card":"summary_large_image","twitter_misc":{"Scritto da":"Redaclem","Tempo di lettura stimato":"3 minuti"},"schema":{"@context":"https:\/\/schema.org","@graph":[{"@type":"Article","@id":"https:\/\/www.article-marketing.eu\/comunicatistampa\/t-e-d-il-tavolo-per-educare-al-dono\/#article","isPartOf":{"@id":"https:\/\/www.article-marketing.eu\/comunicatistampa\/t-e-d-il-tavolo-per-educare-al-dono\/"},"author":{"name":"Redaclem","@id":"https:\/\/www.article-marketing.eu\/comunicatistampa\/#\/schema\/person\/c0aa725eee5df8460e0adf901fde0c88"},"headline":"T.E.D Il tavolo per educare al dono","datePublished":"2018-06-14T15:40:00+00:00","mainEntityOfPage":{"@id":"https:\/\/www.article-marketing.eu\/comunicatistampa\/t-e-d-il-tavolo-per-educare-al-dono\/"},"wordCount":568,"commentCount":0,"keywords":["avis comunale bergamo","donazione","tavolo per educare al dono","ted"],"articleSection":["Comunicati stampa","Salute e benessere"],"inLanguage":"it-IT","potentialAction":[{"@type":"CommentAction","name":"Comment","target":["https:\/\/www.article-marketing.eu\/comunicatistampa\/t-e-d-il-tavolo-per-educare-al-dono\/#respond"]}]},{"@type":"WebPage","@id":"https:\/\/www.article-marketing.eu\/comunicatistampa\/t-e-d-il-tavolo-per-educare-al-dono\/","url":"https:\/\/www.article-marketing.eu\/comunicatistampa\/t-e-d-il-tavolo-per-educare-al-dono\/","name":"T.E.D Il tavolo per educare al dono - Article Marketing","isPartOf":{"@id":"https:\/\/www.article-marketing.eu\/comunicatistampa\/#website"},"datePublished":"2018-06-14T15:40:00+00:00","author":{"@id":"https:\/\/www.article-marketing.eu\/comunicatistampa\/#\/schema\/person\/c0aa725eee5df8460e0adf901fde0c88"},"breadcrumb":{"@id":"https:\/\/www.article-marketing.eu\/comunicatistampa\/t-e-d-il-tavolo-per-educare-al-dono\/#breadcrumb"},"inLanguage":"it-IT","potentialAction":[{"@type":"ReadAction","target":["https:\/\/www.article-marketing.eu\/comunicatistampa\/t-e-d-il-tavolo-per-educare-al-dono\/"]}]},{"@type":"BreadcrumbList","@id":"https:\/\/www.article-marketing.eu\/comunicatistampa\/t-e-d-il-tavolo-per-educare-al-dono\/#breadcrumb","itemListElement":[{"@type":"ListItem","position":1,"name":"Home","item":"https:\/\/www.article-marketing.eu\/comunicatistampa\/"},{"@type":"ListItem","position":2,"name":"T.E.D Il tavolo per educare al dono"}]},{"@type":"WebSite","@id":"https:\/\/www.article-marketing.eu\/comunicatistampa\/#website","url":"https:\/\/www.article-marketing.eu\/comunicatistampa\/","name":"Article Marketing","description":"article marketing &amp; press release","potentialAction":[{"@type":"SearchAction","target":{"@type":"EntryPoint","urlTemplate":"https:\/\/www.article-marketing.eu\/comunicatistampa\/?s={search_term_string}"},"query-input":{"@type":"PropertyValueSpecification","valueRequired":true,"valueName":"search_term_string"}}],"inLanguage":"it-IT"},{"@type":"Person","@id":"https:\/\/www.article-marketing.eu\/comunicatistampa\/#\/schema\/person\/c0aa725eee5df8460e0adf901fde0c88","name":"Redaclem","image":{"@type":"ImageObject","inLanguage":"it-IT","@id":"https:\/\/secure.gravatar.com\/avatar\/4c7e41f332a0583344a91d7d39723533da9b2d0df7737c2d8c69553168c2191e?s=96&d=mm&r=g","url":"https:\/\/secure.gravatar.com\/avatar\/4c7e41f332a0583344a91d7d39723533da9b2d0df7737c2d8c69553168c2191e?s=96&d=mm&r=g","contentUrl":"https:\/\/secure.gravatar.com\/avatar\/4c7e41f332a0583344a91d7d39723533da9b2d0df7737c2d8c69553168c2191e?s=96&d=mm&r=g","caption":"Redaclem"},"url":"https:\/\/www.article-marketing.eu\/comunicatistampa\/author\/redaclem\/"}]}},"_links":{"self":[{"href":"https:\/\/www.article-marketing.eu\/comunicatistampa\/wp-json\/wp\/v2\/posts\/10595","targetHints":{"allow":["GET"]}}],"collection":[{"href":"https:\/\/www.article-marketing.eu\/comunicatistampa\/wp-json\/wp\/v2\/posts"}],"about":[{"href":"https:\/\/www.article-marketing.eu\/comunicatistampa\/wp-json\/wp\/v2\/types\/post"}],"author":[{"embeddable":true,"href":"https:\/\/www.article-marketing.eu\/comunicatistampa\/wp-json\/wp\/v2\/users\/1855"}],"replies":[{"embeddable":true,"href":"https:\/\/www.article-marketing.eu\/comunicatistampa\/wp-json\/wp\/v2\/comments?post=10595"}],"version-history":[{"count":2,"href":"https:\/\/www.article-marketing.eu\/comunicatistampa\/wp-json\/wp\/v2\/posts\/10595\/revisions"}],"predecessor-version":[{"id":10610,"href":"https:\/\/www.article-marketing.eu\/comunicatistampa\/wp-json\/wp\/v2\/posts\/10595\/revisions\/10610"}],"wp:attachment":[{"href":"https:\/\/www.article-marketing.eu\/comunicatistampa\/wp-json\/wp\/v2\/media?parent=10595"}],"wp:term":[{"taxonomy":"category","embeddable":true,"href":"https:\/\/www.article-marketing.eu\/comunicatistampa\/wp-json\/wp\/v2\/categories?post=10595"},{"taxonomy":"post_tag","embeddable":true,"href":"https:\/\/www.article-marketing.eu\/comunicatistampa\/wp-json\/wp\/v2\/tags?post=10595"}],"curies":[{"name":"wp","href":"https:\/\/api.w.org\/{rel}","templated":true}]}}