{"id":10601,"date":"2018-06-14T17:39:25","date_gmt":"2018-06-14T15:39:25","guid":{"rendered":"http:\/\/www.article-marketing.eu\/comunicatistampa\/?p=10601"},"modified":"2018-06-14T17:39:25","modified_gmt":"2018-06-14T15:39:25","slug":"il-mod-730-precompilato-unoccasione-di-incontro-tra-lagenzia-delle-entrate-e-luniversita-degli-studi-di-bergamo","status":"publish","type":"post","link":"https:\/\/www.article-marketing.eu\/comunicatistampa\/il-mod-730-precompilato-unoccasione-di-incontro-tra-lagenzia-delle-entrate-e-luniversita-degli-studi-di-bergamo\/","title":{"rendered":"Il Mod. 730 Precompilato: un\u2019occasione di incontro tra l\u2019Agenzia delle Entrate e l\u2019Universit\u00e0 degli Studi di Bergamo"},"content":{"rendered":"<p>Nell\u2019ambito delle sue attivit\u00e0 istituzionali l\u2019Agenzia delle Entrate sta promuovendo, in questo periodo, una serie di iniziative conoscitive sul Modello730 Precompilato. Tante le Istituzioni Pubbliche e gli Enti che hanno aderito, <em>in primis<\/em> l\u2019Universit\u00e0 degli Studi di Bergamo, la quale ha aperto le porte per accogliere l\u2019Agenzia nell\u2019Aula \u201cGaleotti\u201d di Via dei Caniana, Sede dell\u2019Universit\u00e0 in citt\u00e0.<\/p>\n<p>A dare il benvenuto, il padrone di casa, Professor Remo Morzenti Pellegrini, Rettore dell\u2019Universit\u00e0 bergamasca, insieme al Direttore Generale dell\u2019Universit\u00e0, dottor Marco Rucci.<\/p>\n<p>Presenti il Direttore provinciale, Antonino Lucido e i Funzionari dell\u2019Agenzia delle Entrate di Bergamo, in qualit\u00e0 di Tutor Facilitatori. In platea:\u00a0 funzionari dipendenti, docenti, professori, impiegati e studenti dell\u2019Universit\u00e0.<\/p>\n<p>Il Rettore ha colto l\u2019occasione per ribadire l\u2019importanza della trasparenza amministrativa e dei notevoli passi avanti compiuti dall\u2019Amministrazione Finanziaria in materia di procedimento amministrativo e di diritto di accesso ai documenti amministrativi (Legge 7 agosto 1990, n. 241), confermando il forte impegno nel campo della semplificazione e della informatizzazione dell\u2019Agenzia delle Entrate nonch\u00e9 il \u201cCambia Verso\u201d in atto.<\/p>\n<p>In questo contesto, molto apprezzato, per quel che concerne la trasparenza, \u00e8 stata la <em>slide<\/em> dimostrativa dell\u2019Agenzia delle Entrate, dove nell\u2019ambito della dichiarazione del Mod. 730 Precompilato, la stessa Agenzia comunica, per ogni Cittadino, la sua partecipazione alla spesa pubblica (Sanit\u00e0, Sicurezza sociale, Istruzione, ecc. ecc.) in base ai propri redditi percepiti e dichiarati.<\/p>\n<p>Il Direttore provinciale Lucido ha spiegato i dieci punti salienti dei vantaggi del 730 Precompilato, mentre i Funzionari dell\u2019Agenzia delle Entrate hanno approfondito la materia spiegando\u00a0 chi riguarda, come accedervi e quali dati (circa un miliardo) sono gi\u00e0 inseriti da parte dell\u2019Agenzia delle Entrate, nonch\u00e9 come modificare\/integrare e trasmettere <em>on-line<\/em> il 730 Precompilato, in autonomia comodamente da casa o dall\u2019ufficio, entro i termini previsti per l\u2019invio.<\/p>\n<p>L\u2019iniziativa, inserita in una nuova politica di <em>Cooperative Tax Compliance<\/em> che vede a Bergamo e in provincia tutti gli attori di parte pubblica e privata lavorare insieme per un miglioramento del Sistema, in tutte le sue componenti, ha avuto successo: tanti i partecipanti all\u2019incontro.<\/p>\n<p>Oltre ai vantaggi offerti con questa campagna promozionale sul 730 Precompilato, l\u2019incontro \u00e8 stata un\u2019occasione\u00a0 per confermare il costruttivo rapporto di fiducia improntato al dialogo, instauratosi tra l\u2019Agenzia delle Entrate di Bergamo e l\u2019Universit\u00e0 degli Studi di Bergamo, con l&#8217;impegno delle due Istituzioni a promuovere azioni tese a sviluppare nei giovani la cultura della legalit\u00e0 fiscale.<\/p>\n<p>Il Rettore Morzenti Pellegrini e il Direttore provinciale Lucido, infatti, si sono ripromessi di continuare questa collaborazione istituzionale\u00a0 che vede interessate entrambi le parti, per coinvolgere gli studenti universitari e la societ\u00e0 civile onde diffondere la cultura solidale e contributiva, intesa come &#8220;educazione&#8221; alla concreta partecipazione dei cittadini al funzionamento dello Stato, partendo dai principi della Carta Costituzionale.<\/p>\n<p>In quest\u2019ottica, la spesa per l\u2019istruzione dalle Scuole elementari fino all\u2019Universit\u00e0 va vista come una spesa in conto capitale per le nuove generazioni e per il Paese, capace cos\u00ec di vincere la sfida mondiale della globalizzazione per una Italia 4.0.<\/p>\n<p>Il mondo della scuola e dell\u2019universit\u00e0 rappresenta un sito strategico per trasmettere tale messaggio; l\u2019Istruzione ha infatti il compito di promuovere e favorire nelle scuole, interventi di supporto all\u2019educazione e alla convivenza civile, cercando di favorire sempre pi\u00f9 l&#8217;inserimento degli studenti nella vita sociale e nel mondo del lavoro, sempre pi\u00f9 digitalizzato, professionalizzato, eticamente sostenibile. Fondamentale per questo scopo risulta l&#8217;attivit\u00e0 di informazione civica della materia fiscale, anche nell\u2019ottica del ruolo dei giovani quali futuri contribuenti, eticamente coinvolti.<\/p>\n<p>In quest\u2019ottica, \u00e8 da apprezzare il lodevole sforzo praticato dall\u2019Agenzia delle Entrate,\u00a0 Direzione provinciale di Bergamo.<\/p>\n<p>&nbsp;<\/p>\n<p>&nbsp;<\/p>\n","protected":false},"excerpt":{"rendered":"<p>Nell\u2019ambito delle sue attivit\u00e0 istituzionali l\u2019Agenzia delle Entrate sta promuovendo, in questo periodo, una serie di iniziative conoscitive sul Modello730 Precompilato. Tante le Istituzioni Pubbliche e gli Enti che hanno aderito, in primis l\u2019Universit\u00e0 degli Studi di Bergamo, la quale ha aperto le porte per accogliere l\u2019Agenzia nell\u2019Aula \u201cGaleotti\u201d di Via dei Caniana, Sede dell\u2019Universit\u00e0 in citt\u00e0. A dare il benvenuto, il padrone di casa, Professor Remo Morzenti Pellegrini, Rettore<\/p>\n<p><a class=\"continue-reading\" href=\"https:\/\/www.article-marketing.eu\/comunicatistampa\/il-mod-730-precompilato-unoccasione-di-incontro-tra-lagenzia-delle-entrate-e-luniversita-degli-studi-di-bergamo\/\">Continue reading&#8230;<\/a><\/p>\n","protected":false},"author":1855,"featured_media":0,"comment_status":"open","ping_status":"open","sticky":false,"template":"","format":"standard","meta":{"_monsterinsights_skip_tracking":false,"_monsterinsights_sitenote_active":false,"_monsterinsights_sitenote_note":"","_monsterinsights_sitenote_category":0,"footnotes":""},"categories":[78],"tags":[4483,4316],"class_list":["post-10601","post","type-post","status-publish","format-standard","hentry","category-comunicati-stampa","tag-modello-730","tag-universita-di-bergamo"],"yoast_head":"<!-- This site is optimized with the Yoast SEO plugin v27.3 - https:\/\/yoast.com\/product\/yoast-seo-wordpress\/ -->\n<title>Il Mod. 730 Precompilato: un\u2019occasione di incontro tra l\u2019Agenzia delle Entrate e l\u2019Universit\u00e0 degli Studi di Bergamo - Article Marketing<\/title>\n<meta name=\"robots\" content=\"index, follow, max-snippet:-1, max-image-preview:large, max-video-preview:-1\" \/>\n<link rel=\"canonical\" href=\"https:\/\/www.article-marketing.eu\/comunicatistampa\/il-mod-730-precompilato-unoccasione-di-incontro-tra-lagenzia-delle-entrate-e-luniversita-degli-studi-di-bergamo\/\" \/>\n<meta property=\"og:locale\" content=\"it_IT\" \/>\n<meta property=\"og:type\" content=\"article\" \/>\n<meta property=\"og:title\" content=\"Il Mod. 730 Precompilato: un\u2019occasione di incontro tra l\u2019Agenzia delle Entrate e l\u2019Universit\u00e0 degli Studi di Bergamo - Article Marketing\" \/>\n<meta property=\"og:description\" content=\"Nell\u2019ambito delle sue attivit\u00e0 istituzionali l\u2019Agenzia delle Entrate sta promuovendo, in questo periodo, una serie di iniziative conoscitive sul Modello730 Precompilato. Tante le Istituzioni Pubbliche e gli Enti che hanno aderito, in primis l\u2019Universit\u00e0 degli Studi di Bergamo, la quale ha aperto le porte per accogliere l\u2019Agenzia nell\u2019Aula \u201cGaleotti\u201d di Via dei Caniana, Sede dell\u2019Universit\u00e0 in citt\u00e0. A dare il benvenuto, il padrone di casa, Professor Remo Morzenti Pellegrini, RettoreContinue reading...\" \/>\n<meta property=\"og:url\" content=\"https:\/\/www.article-marketing.eu\/comunicatistampa\/il-mod-730-precompilato-unoccasione-di-incontro-tra-lagenzia-delle-entrate-e-luniversita-degli-studi-di-bergamo\/\" \/>\n<meta property=\"og:site_name\" content=\"Article Marketing\" \/>\n<meta property=\"article:published_time\" content=\"2018-06-14T15:39:25+00:00\" \/>\n<meta name=\"author\" content=\"Redaclem\" \/>\n<meta name=\"twitter:card\" content=\"summary_large_image\" \/>\n<meta name=\"twitter:label1\" content=\"Scritto da\" \/>\n\t<meta name=\"twitter:data1\" content=\"Redaclem\" \/>\n\t<meta name=\"twitter:label2\" content=\"Tempo di lettura stimato\" \/>\n\t<meta name=\"twitter:data2\" content=\"3 minuti\" \/>\n<script type=\"application\/ld+json\" class=\"yoast-schema-graph\">{\"@context\":\"https:\\\/\\\/schema.org\",\"@graph\":[{\"@type\":\"Article\",\"@id\":\"https:\\\/\\\/www.article-marketing.eu\\\/comunicatistampa\\\/il-mod-730-precompilato-unoccasione-di-incontro-tra-lagenzia-delle-entrate-e-luniversita-degli-studi-di-bergamo\\\/#article\",\"isPartOf\":{\"@id\":\"https:\\\/\\\/www.article-marketing.eu\\\/comunicatistampa\\\/il-mod-730-precompilato-unoccasione-di-incontro-tra-lagenzia-delle-entrate-e-luniversita-degli-studi-di-bergamo\\\/\"},\"author\":{\"name\":\"Redaclem\",\"@id\":\"https:\\\/\\\/www.article-marketing.eu\\\/comunicatistampa\\\/#\\\/schema\\\/person\\\/c0aa725eee5df8460e0adf901fde0c88\"},\"headline\":\"Il Mod. 730 Precompilato: un\u2019occasione di incontro tra l\u2019Agenzia delle Entrate e l\u2019Universit\u00e0 degli Studi di Bergamo\",\"datePublished\":\"2018-06-14T15:39:25+00:00\",\"mainEntityOfPage\":{\"@id\":\"https:\\\/\\\/www.article-marketing.eu\\\/comunicatistampa\\\/il-mod-730-precompilato-unoccasione-di-incontro-tra-lagenzia-delle-entrate-e-luniversita-degli-studi-di-bergamo\\\/\"},\"wordCount\":625,\"commentCount\":0,\"keywords\":[\"modello 730\",\"universit\u00e0 di bergamo\"],\"articleSection\":[\"Comunicati stampa\"],\"inLanguage\":\"it-IT\",\"potentialAction\":[{\"@type\":\"CommentAction\",\"name\":\"Comment\",\"target\":[\"https:\\\/\\\/www.article-marketing.eu\\\/comunicatistampa\\\/il-mod-730-precompilato-unoccasione-di-incontro-tra-lagenzia-delle-entrate-e-luniversita-degli-studi-di-bergamo\\\/#respond\"]}]},{\"@type\":\"WebPage\",\"@id\":\"https:\\\/\\\/www.article-marketing.eu\\\/comunicatistampa\\\/il-mod-730-precompilato-unoccasione-di-incontro-tra-lagenzia-delle-entrate-e-luniversita-degli-studi-di-bergamo\\\/\",\"url\":\"https:\\\/\\\/www.article-marketing.eu\\\/comunicatistampa\\\/il-mod-730-precompilato-unoccasione-di-incontro-tra-lagenzia-delle-entrate-e-luniversita-degli-studi-di-bergamo\\\/\",\"name\":\"Il Mod. 730 Precompilato: un\u2019occasione di incontro tra l\u2019Agenzia delle Entrate e l\u2019Universit\u00e0 degli Studi di Bergamo - Article Marketing\",\"isPartOf\":{\"@id\":\"https:\\\/\\\/www.article-marketing.eu\\\/comunicatistampa\\\/#website\"},\"datePublished\":\"2018-06-14T15:39:25+00:00\",\"author\":{\"@id\":\"https:\\\/\\\/www.article-marketing.eu\\\/comunicatistampa\\\/#\\\/schema\\\/person\\\/c0aa725eee5df8460e0adf901fde0c88\"},\"breadcrumb\":{\"@id\":\"https:\\\/\\\/www.article-marketing.eu\\\/comunicatistampa\\\/il-mod-730-precompilato-unoccasione-di-incontro-tra-lagenzia-delle-entrate-e-luniversita-degli-studi-di-bergamo\\\/#breadcrumb\"},\"inLanguage\":\"it-IT\",\"potentialAction\":[{\"@type\":\"ReadAction\",\"target\":[\"https:\\\/\\\/www.article-marketing.eu\\\/comunicatistampa\\\/il-mod-730-precompilato-unoccasione-di-incontro-tra-lagenzia-delle-entrate-e-luniversita-degli-studi-di-bergamo\\\/\"]}]},{\"@type\":\"BreadcrumbList\",\"@id\":\"https:\\\/\\\/www.article-marketing.eu\\\/comunicatistampa\\\/il-mod-730-precompilato-unoccasione-di-incontro-tra-lagenzia-delle-entrate-e-luniversita-degli-studi-di-bergamo\\\/#breadcrumb\",\"itemListElement\":[{\"@type\":\"ListItem\",\"position\":1,\"name\":\"Home\",\"item\":\"https:\\\/\\\/www.article-marketing.eu\\\/comunicatistampa\\\/\"},{\"@type\":\"ListItem\",\"position\":2,\"name\":\"Il Mod. 730 Precompilato: un\u2019occasione di incontro tra l\u2019Agenzia delle Entrate e l\u2019Universit\u00e0 degli Studi di Bergamo\"}]},{\"@type\":\"WebSite\",\"@id\":\"https:\\\/\\\/www.article-marketing.eu\\\/comunicatistampa\\\/#website\",\"url\":\"https:\\\/\\\/www.article-marketing.eu\\\/comunicatistampa\\\/\",\"name\":\"Article Marketing\",\"description\":\"article marketing &amp; press release\",\"potentialAction\":[{\"@type\":\"SearchAction\",\"target\":{\"@type\":\"EntryPoint\",\"urlTemplate\":\"https:\\\/\\\/www.article-marketing.eu\\\/comunicatistampa\\\/?s={search_term_string}\"},\"query-input\":{\"@type\":\"PropertyValueSpecification\",\"valueRequired\":true,\"valueName\":\"search_term_string\"}}],\"inLanguage\":\"it-IT\"},{\"@type\":\"Person\",\"@id\":\"https:\\\/\\\/www.article-marketing.eu\\\/comunicatistampa\\\/#\\\/schema\\\/person\\\/c0aa725eee5df8460e0adf901fde0c88\",\"name\":\"Redaclem\",\"image\":{\"@type\":\"ImageObject\",\"inLanguage\":\"it-IT\",\"@id\":\"https:\\\/\\\/secure.gravatar.com\\\/avatar\\\/4c7e41f332a0583344a91d7d39723533da9b2d0df7737c2d8c69553168c2191e?s=96&d=mm&r=g\",\"url\":\"https:\\\/\\\/secure.gravatar.com\\\/avatar\\\/4c7e41f332a0583344a91d7d39723533da9b2d0df7737c2d8c69553168c2191e?s=96&d=mm&r=g\",\"contentUrl\":\"https:\\\/\\\/secure.gravatar.com\\\/avatar\\\/4c7e41f332a0583344a91d7d39723533da9b2d0df7737c2d8c69553168c2191e?s=96&d=mm&r=g\",\"caption\":\"Redaclem\"},\"url\":\"https:\\\/\\\/www.article-marketing.eu\\\/comunicatistampa\\\/author\\\/redaclem\\\/\"}]}<\/script>\n<!-- \/ Yoast SEO plugin. -->","yoast_head_json":{"title":"Il Mod. 730 Precompilato: un\u2019occasione di incontro tra l\u2019Agenzia delle Entrate e l\u2019Universit\u00e0 degli Studi di Bergamo - Article Marketing","robots":{"index":"index","follow":"follow","max-snippet":"max-snippet:-1","max-image-preview":"max-image-preview:large","max-video-preview":"max-video-preview:-1"},"canonical":"https:\/\/www.article-marketing.eu\/comunicatistampa\/il-mod-730-precompilato-unoccasione-di-incontro-tra-lagenzia-delle-entrate-e-luniversita-degli-studi-di-bergamo\/","og_locale":"it_IT","og_type":"article","og_title":"Il Mod. 730 Precompilato: un\u2019occasione di incontro tra l\u2019Agenzia delle Entrate e l\u2019Universit\u00e0 degli Studi di Bergamo - Article Marketing","og_description":"Nell\u2019ambito delle sue attivit\u00e0 istituzionali l\u2019Agenzia delle Entrate sta promuovendo, in questo periodo, una serie di iniziative conoscitive sul Modello730 Precompilato. Tante le Istituzioni Pubbliche e gli Enti che hanno aderito, in primis l\u2019Universit\u00e0 degli Studi di Bergamo, la quale ha aperto le porte per accogliere l\u2019Agenzia nell\u2019Aula \u201cGaleotti\u201d di Via dei Caniana, Sede dell\u2019Universit\u00e0 in citt\u00e0. A dare il benvenuto, il padrone di casa, Professor Remo Morzenti Pellegrini, RettoreContinue reading...","og_url":"https:\/\/www.article-marketing.eu\/comunicatistampa\/il-mod-730-precompilato-unoccasione-di-incontro-tra-lagenzia-delle-entrate-e-luniversita-degli-studi-di-bergamo\/","og_site_name":"Article Marketing","article_published_time":"2018-06-14T15:39:25+00:00","author":"Redaclem","twitter_card":"summary_large_image","twitter_misc":{"Scritto da":"Redaclem","Tempo di lettura stimato":"3 minuti"},"schema":{"@context":"https:\/\/schema.org","@graph":[{"@type":"Article","@id":"https:\/\/www.article-marketing.eu\/comunicatistampa\/il-mod-730-precompilato-unoccasione-di-incontro-tra-lagenzia-delle-entrate-e-luniversita-degli-studi-di-bergamo\/#article","isPartOf":{"@id":"https:\/\/www.article-marketing.eu\/comunicatistampa\/il-mod-730-precompilato-unoccasione-di-incontro-tra-lagenzia-delle-entrate-e-luniversita-degli-studi-di-bergamo\/"},"author":{"name":"Redaclem","@id":"https:\/\/www.article-marketing.eu\/comunicatistampa\/#\/schema\/person\/c0aa725eee5df8460e0adf901fde0c88"},"headline":"Il Mod. 730 Precompilato: un\u2019occasione di incontro tra l\u2019Agenzia delle Entrate e l\u2019Universit\u00e0 degli Studi di Bergamo","datePublished":"2018-06-14T15:39:25+00:00","mainEntityOfPage":{"@id":"https:\/\/www.article-marketing.eu\/comunicatistampa\/il-mod-730-precompilato-unoccasione-di-incontro-tra-lagenzia-delle-entrate-e-luniversita-degli-studi-di-bergamo\/"},"wordCount":625,"commentCount":0,"keywords":["modello 730","universit\u00e0 di bergamo"],"articleSection":["Comunicati stampa"],"inLanguage":"it-IT","potentialAction":[{"@type":"CommentAction","name":"Comment","target":["https:\/\/www.article-marketing.eu\/comunicatistampa\/il-mod-730-precompilato-unoccasione-di-incontro-tra-lagenzia-delle-entrate-e-luniversita-degli-studi-di-bergamo\/#respond"]}]},{"@type":"WebPage","@id":"https:\/\/www.article-marketing.eu\/comunicatistampa\/il-mod-730-precompilato-unoccasione-di-incontro-tra-lagenzia-delle-entrate-e-luniversita-degli-studi-di-bergamo\/","url":"https:\/\/www.article-marketing.eu\/comunicatistampa\/il-mod-730-precompilato-unoccasione-di-incontro-tra-lagenzia-delle-entrate-e-luniversita-degli-studi-di-bergamo\/","name":"Il Mod. 730 Precompilato: un\u2019occasione di incontro tra l\u2019Agenzia delle Entrate e l\u2019Universit\u00e0 degli Studi di Bergamo - Article Marketing","isPartOf":{"@id":"https:\/\/www.article-marketing.eu\/comunicatistampa\/#website"},"datePublished":"2018-06-14T15:39:25+00:00","author":{"@id":"https:\/\/www.article-marketing.eu\/comunicatistampa\/#\/schema\/person\/c0aa725eee5df8460e0adf901fde0c88"},"breadcrumb":{"@id":"https:\/\/www.article-marketing.eu\/comunicatistampa\/il-mod-730-precompilato-unoccasione-di-incontro-tra-lagenzia-delle-entrate-e-luniversita-degli-studi-di-bergamo\/#breadcrumb"},"inLanguage":"it-IT","potentialAction":[{"@type":"ReadAction","target":["https:\/\/www.article-marketing.eu\/comunicatistampa\/il-mod-730-precompilato-unoccasione-di-incontro-tra-lagenzia-delle-entrate-e-luniversita-degli-studi-di-bergamo\/"]}]},{"@type":"BreadcrumbList","@id":"https:\/\/www.article-marketing.eu\/comunicatistampa\/il-mod-730-precompilato-unoccasione-di-incontro-tra-lagenzia-delle-entrate-e-luniversita-degli-studi-di-bergamo\/#breadcrumb","itemListElement":[{"@type":"ListItem","position":1,"name":"Home","item":"https:\/\/www.article-marketing.eu\/comunicatistampa\/"},{"@type":"ListItem","position":2,"name":"Il Mod. 730 Precompilato: un\u2019occasione di incontro tra l\u2019Agenzia delle Entrate e l\u2019Universit\u00e0 degli Studi di Bergamo"}]},{"@type":"WebSite","@id":"https:\/\/www.article-marketing.eu\/comunicatistampa\/#website","url":"https:\/\/www.article-marketing.eu\/comunicatistampa\/","name":"Article Marketing","description":"article marketing &amp; press release","potentialAction":[{"@type":"SearchAction","target":{"@type":"EntryPoint","urlTemplate":"https:\/\/www.article-marketing.eu\/comunicatistampa\/?s={search_term_string}"},"query-input":{"@type":"PropertyValueSpecification","valueRequired":true,"valueName":"search_term_string"}}],"inLanguage":"it-IT"},{"@type":"Person","@id":"https:\/\/www.article-marketing.eu\/comunicatistampa\/#\/schema\/person\/c0aa725eee5df8460e0adf901fde0c88","name":"Redaclem","image":{"@type":"ImageObject","inLanguage":"it-IT","@id":"https:\/\/secure.gravatar.com\/avatar\/4c7e41f332a0583344a91d7d39723533da9b2d0df7737c2d8c69553168c2191e?s=96&d=mm&r=g","url":"https:\/\/secure.gravatar.com\/avatar\/4c7e41f332a0583344a91d7d39723533da9b2d0df7737c2d8c69553168c2191e?s=96&d=mm&r=g","contentUrl":"https:\/\/secure.gravatar.com\/avatar\/4c7e41f332a0583344a91d7d39723533da9b2d0df7737c2d8c69553168c2191e?s=96&d=mm&r=g","caption":"Redaclem"},"url":"https:\/\/www.article-marketing.eu\/comunicatistampa\/author\/redaclem\/"}]}},"_links":{"self":[{"href":"https:\/\/www.article-marketing.eu\/comunicatistampa\/wp-json\/wp\/v2\/posts\/10601","targetHints":{"allow":["GET"]}}],"collection":[{"href":"https:\/\/www.article-marketing.eu\/comunicatistampa\/wp-json\/wp\/v2\/posts"}],"about":[{"href":"https:\/\/www.article-marketing.eu\/comunicatistampa\/wp-json\/wp\/v2\/types\/post"}],"author":[{"embeddable":true,"href":"https:\/\/www.article-marketing.eu\/comunicatistampa\/wp-json\/wp\/v2\/users\/1855"}],"replies":[{"embeddable":true,"href":"https:\/\/www.article-marketing.eu\/comunicatistampa\/wp-json\/wp\/v2\/comments?post=10601"}],"version-history":[{"count":3,"href":"https:\/\/www.article-marketing.eu\/comunicatistampa\/wp-json\/wp\/v2\/posts\/10601\/revisions"}],"predecessor-version":[{"id":10611,"href":"https:\/\/www.article-marketing.eu\/comunicatistampa\/wp-json\/wp\/v2\/posts\/10601\/revisions\/10611"}],"wp:attachment":[{"href":"https:\/\/www.article-marketing.eu\/comunicatistampa\/wp-json\/wp\/v2\/media?parent=10601"}],"wp:term":[{"taxonomy":"category","embeddable":true,"href":"https:\/\/www.article-marketing.eu\/comunicatistampa\/wp-json\/wp\/v2\/categories?post=10601"},{"taxonomy":"post_tag","embeddable":true,"href":"https:\/\/www.article-marketing.eu\/comunicatistampa\/wp-json\/wp\/v2\/tags?post=10601"}],"curies":[{"name":"wp","href":"https:\/\/api.w.org\/{rel}","templated":true}]}}