{"id":10607,"date":"2018-06-14T17:50:07","date_gmt":"2018-06-14T15:50:07","guid":{"rendered":"http:\/\/www.article-marketing.eu\/comunicatistampa\/?p=10607"},"modified":"2018-06-14T17:50:07","modified_gmt":"2018-06-14T15:50:07","slug":"leconomia-cooperativa-nella-provincia-di-bergamo","status":"publish","type":"post","link":"https:\/\/www.article-marketing.eu\/comunicatistampa\/leconomia-cooperativa-nella-provincia-di-bergamo\/","title":{"rendered":"L\u2019economia cooperativa nella provincia di Bergamo"},"content":{"rendered":"<p>Fari accesi sull\u2019impresa cooperativa e sull\u2019economia sociale come modelli di sviluppo sostenibile al convegno \u00abImprese cooperative a Bergamo. Valori comuni e specificit\u00e0\u00bb in programma luned\u00ec 18 giugno all\u2019Universit\u00e0 Studi di Bergamo, nella sala Galeotti in via dei Caniana 2, dalle ore 15.30 alle 19.00. Una giornata che sar\u00e0 l\u2019occasione per fare il punto sull\u2019economia cooperativa in Bergamasca sulla base dei dati e dei modelli di analisi contenuti nella ricerca svolta da Annalisa Cristini, Mara Grasseni e Silvana Signori \u00a0del Centro sulle Dinamiche Economiche, Sociali e della Cooperazione (CESC) dell\u2019Universit\u00e0 di Bergamo per conto di Confcooperative Bergamo e CSA Coesi, con il contributo della Camera di Commercio di Bergamo.<\/p>\n<p>\u00ab<em>Questa ricerca si sviluppa attorno a due principali interrogativi messi in evidenza a conclusione della prima ricerca condotta sempre dal CESC con particolare attenzione alle cooperative sociali \u2013 sottolinea <strong>Giuseppe Guerini<\/strong>, presidente di Confcooperative Bergamo<\/em> -. <em>Da un lato c\u2019\u00e8 il tema centrale della mutualit\u00e0, concetto proprio e comune alle cooperative, e il suo ruolo nel determinarne le dinamiche imprenditoriali ed economiche. Dall\u2019altro lato c\u2019\u00e8 l\u2019eterogeneit\u00e0 del mondo cooperativo, con focus sulle imprese distinte tra diverse categorie e settori produttivi<\/em>\u00bb.<\/p>\n<p>Oltre alla presentazione della ricerca e al punto di vista di diversi attori economici e sociali del territorio, il convegno sar\u00e0 anche l\u2019occasione per illustrare le collaborazioni in essere tra Confcooperative Bergamo e Universit\u00e0 degli Studi di Bergamo.<\/p>\n<p><em>\u00abL\u2019universit\u00e0 degli Studi di Bergamo \u2013 <\/em>sottolinea il <strong>Rettore, Remo Morzenti Pellegrini<\/strong><em> \u2013crede nell\u2019impresa cooperativa e nell\u2019economia sociale come modelli di sviluppo sostenibile. La ricerca realizzata dal CESC-<\/em><em>Universit\u00e0 di Bergamo sul modello cooperativo bergamasco \u00e8 un tassello fondamentale per la pianificazione delle prossime strategie in continuit\u00e0 all\u2019impegno preso nel 2016 e nella consapevolezza che senza rafforzare le competenze del \u201ccapitale umano cooperativo\u201d sar\u00e0 difficile affrontare le sfide con cui ci stiamo confrontando\u00bb.<\/em><\/p>\n","protected":false},"excerpt":{"rendered":"<p>Fari accesi sull\u2019impresa cooperativa e sull\u2019economia sociale come modelli di sviluppo sostenibile al convegno \u00abImprese cooperative a Bergamo. Valori comuni e specificit\u00e0\u00bb in programma luned\u00ec 18 giugno all\u2019Universit\u00e0 Studi di Bergamo, nella sala Galeotti in via dei Caniana 2, dalle ore 15.30 alle 19.00. Una giornata che sar\u00e0 l\u2019occasione per fare il punto sull\u2019economia cooperativa in Bergamasca sulla base dei dati e dei modelli di analisi contenuti nella ricerca svolta<\/p>\n<p><a class=\"continue-reading\" href=\"https:\/\/www.article-marketing.eu\/comunicatistampa\/leconomia-cooperativa-nella-provincia-di-bergamo\/\">Continue reading&#8230;<\/a><\/p>\n","protected":false},"author":1855,"featured_media":0,"comment_status":"open","ping_status":"open","sticky":false,"template":"","format":"standard","meta":{"_monsterinsights_skip_tracking":false,"_monsterinsights_sitenote_active":false,"_monsterinsights_sitenote_note":"","_monsterinsights_sitenote_category":0,"footnotes":""},"categories":[78,386,392],"tags":[4316],"class_list":["post-10607","post","type-post","status-publish","format-standard","hentry","category-comunicati-stampa","category-economia-e-lavoro","category-eventi","tag-universita-di-bergamo"],"yoast_head":"<!-- This site is optimized with the Yoast SEO plugin v27.3 - https:\/\/yoast.com\/product\/yoast-seo-wordpress\/ -->\n<title>L\u2019economia cooperativa nella provincia di Bergamo - Article Marketing<\/title>\n<meta name=\"robots\" content=\"index, follow, max-snippet:-1, max-image-preview:large, max-video-preview:-1\" \/>\n<link rel=\"canonical\" href=\"https:\/\/www.article-marketing.eu\/comunicatistampa\/leconomia-cooperativa-nella-provincia-di-bergamo\/\" \/>\n<meta property=\"og:locale\" content=\"it_IT\" \/>\n<meta property=\"og:type\" content=\"article\" \/>\n<meta property=\"og:title\" content=\"L\u2019economia cooperativa nella provincia di Bergamo - Article Marketing\" \/>\n<meta property=\"og:description\" content=\"Fari accesi sull\u2019impresa cooperativa e sull\u2019economia sociale come modelli di sviluppo sostenibile al convegno \u00abImprese cooperative a Bergamo. Valori comuni e specificit\u00e0\u00bb in programma luned\u00ec 18 giugno all\u2019Universit\u00e0 Studi di Bergamo, nella sala Galeotti in via dei Caniana 2, dalle ore 15.30 alle 19.00. Una giornata che sar\u00e0 l\u2019occasione per fare il punto sull\u2019economia cooperativa in Bergamasca sulla base dei dati e dei modelli di analisi contenuti nella ricerca svoltaContinue reading...\" \/>\n<meta property=\"og:url\" content=\"https:\/\/www.article-marketing.eu\/comunicatistampa\/leconomia-cooperativa-nella-provincia-di-bergamo\/\" \/>\n<meta property=\"og:site_name\" content=\"Article Marketing\" \/>\n<meta property=\"article:published_time\" content=\"2018-06-14T15:50:07+00:00\" \/>\n<meta name=\"author\" content=\"Redaclem\" \/>\n<meta name=\"twitter:card\" content=\"summary_large_image\" \/>\n<meta name=\"twitter:label1\" content=\"Scritto da\" \/>\n\t<meta name=\"twitter:data1\" content=\"Redaclem\" \/>\n\t<meta name=\"twitter:label2\" content=\"Tempo di lettura stimato\" \/>\n\t<meta name=\"twitter:data2\" content=\"2 minuti\" \/>\n<script type=\"application\/ld+json\" class=\"yoast-schema-graph\">{\"@context\":\"https:\\\/\\\/schema.org\",\"@graph\":[{\"@type\":\"Article\",\"@id\":\"https:\\\/\\\/www.article-marketing.eu\\\/comunicatistampa\\\/leconomia-cooperativa-nella-provincia-di-bergamo\\\/#article\",\"isPartOf\":{\"@id\":\"https:\\\/\\\/www.article-marketing.eu\\\/comunicatistampa\\\/leconomia-cooperativa-nella-provincia-di-bergamo\\\/\"},\"author\":{\"name\":\"Redaclem\",\"@id\":\"https:\\\/\\\/www.article-marketing.eu\\\/comunicatistampa\\\/#\\\/schema\\\/person\\\/c0aa725eee5df8460e0adf901fde0c88\"},\"headline\":\"L\u2019economia cooperativa nella provincia di Bergamo\",\"datePublished\":\"2018-06-14T15:50:07+00:00\",\"mainEntityOfPage\":{\"@id\":\"https:\\\/\\\/www.article-marketing.eu\\\/comunicatistampa\\\/leconomia-cooperativa-nella-provincia-di-bergamo\\\/\"},\"wordCount\":311,\"commentCount\":0,\"keywords\":[\"universit\u00e0 di bergamo\"],\"articleSection\":[\"Comunicati stampa\",\"Economia e lavoro\",\"Eventi\"],\"inLanguage\":\"it-IT\",\"potentialAction\":[{\"@type\":\"CommentAction\",\"name\":\"Comment\",\"target\":[\"https:\\\/\\\/www.article-marketing.eu\\\/comunicatistampa\\\/leconomia-cooperativa-nella-provincia-di-bergamo\\\/#respond\"]}]},{\"@type\":\"WebPage\",\"@id\":\"https:\\\/\\\/www.article-marketing.eu\\\/comunicatistampa\\\/leconomia-cooperativa-nella-provincia-di-bergamo\\\/\",\"url\":\"https:\\\/\\\/www.article-marketing.eu\\\/comunicatistampa\\\/leconomia-cooperativa-nella-provincia-di-bergamo\\\/\",\"name\":\"L\u2019economia cooperativa nella provincia di Bergamo - Article Marketing\",\"isPartOf\":{\"@id\":\"https:\\\/\\\/www.article-marketing.eu\\\/comunicatistampa\\\/#website\"},\"datePublished\":\"2018-06-14T15:50:07+00:00\",\"author\":{\"@id\":\"https:\\\/\\\/www.article-marketing.eu\\\/comunicatistampa\\\/#\\\/schema\\\/person\\\/c0aa725eee5df8460e0adf901fde0c88\"},\"breadcrumb\":{\"@id\":\"https:\\\/\\\/www.article-marketing.eu\\\/comunicatistampa\\\/leconomia-cooperativa-nella-provincia-di-bergamo\\\/#breadcrumb\"},\"inLanguage\":\"it-IT\",\"potentialAction\":[{\"@type\":\"ReadAction\",\"target\":[\"https:\\\/\\\/www.article-marketing.eu\\\/comunicatistampa\\\/leconomia-cooperativa-nella-provincia-di-bergamo\\\/\"]}]},{\"@type\":\"BreadcrumbList\",\"@id\":\"https:\\\/\\\/www.article-marketing.eu\\\/comunicatistampa\\\/leconomia-cooperativa-nella-provincia-di-bergamo\\\/#breadcrumb\",\"itemListElement\":[{\"@type\":\"ListItem\",\"position\":1,\"name\":\"Home\",\"item\":\"https:\\\/\\\/www.article-marketing.eu\\\/comunicatistampa\\\/\"},{\"@type\":\"ListItem\",\"position\":2,\"name\":\"L\u2019economia cooperativa nella provincia di Bergamo\"}]},{\"@type\":\"WebSite\",\"@id\":\"https:\\\/\\\/www.article-marketing.eu\\\/comunicatistampa\\\/#website\",\"url\":\"https:\\\/\\\/www.article-marketing.eu\\\/comunicatistampa\\\/\",\"name\":\"Article Marketing\",\"description\":\"article marketing &amp; press release\",\"potentialAction\":[{\"@type\":\"SearchAction\",\"target\":{\"@type\":\"EntryPoint\",\"urlTemplate\":\"https:\\\/\\\/www.article-marketing.eu\\\/comunicatistampa\\\/?s={search_term_string}\"},\"query-input\":{\"@type\":\"PropertyValueSpecification\",\"valueRequired\":true,\"valueName\":\"search_term_string\"}}],\"inLanguage\":\"it-IT\"},{\"@type\":\"Person\",\"@id\":\"https:\\\/\\\/www.article-marketing.eu\\\/comunicatistampa\\\/#\\\/schema\\\/person\\\/c0aa725eee5df8460e0adf901fde0c88\",\"name\":\"Redaclem\",\"image\":{\"@type\":\"ImageObject\",\"inLanguage\":\"it-IT\",\"@id\":\"https:\\\/\\\/secure.gravatar.com\\\/avatar\\\/4c7e41f332a0583344a91d7d39723533da9b2d0df7737c2d8c69553168c2191e?s=96&d=mm&r=g\",\"url\":\"https:\\\/\\\/secure.gravatar.com\\\/avatar\\\/4c7e41f332a0583344a91d7d39723533da9b2d0df7737c2d8c69553168c2191e?s=96&d=mm&r=g\",\"contentUrl\":\"https:\\\/\\\/secure.gravatar.com\\\/avatar\\\/4c7e41f332a0583344a91d7d39723533da9b2d0df7737c2d8c69553168c2191e?s=96&d=mm&r=g\",\"caption\":\"Redaclem\"},\"url\":\"https:\\\/\\\/www.article-marketing.eu\\\/comunicatistampa\\\/author\\\/redaclem\\\/\"}]}<\/script>\n<!-- \/ Yoast SEO plugin. -->","yoast_head_json":{"title":"L\u2019economia cooperativa nella provincia di Bergamo - Article Marketing","robots":{"index":"index","follow":"follow","max-snippet":"max-snippet:-1","max-image-preview":"max-image-preview:large","max-video-preview":"max-video-preview:-1"},"canonical":"https:\/\/www.article-marketing.eu\/comunicatistampa\/leconomia-cooperativa-nella-provincia-di-bergamo\/","og_locale":"it_IT","og_type":"article","og_title":"L\u2019economia cooperativa nella provincia di Bergamo - Article Marketing","og_description":"Fari accesi sull\u2019impresa cooperativa e sull\u2019economia sociale come modelli di sviluppo sostenibile al convegno \u00abImprese cooperative a Bergamo. Valori comuni e specificit\u00e0\u00bb in programma luned\u00ec 18 giugno all\u2019Universit\u00e0 Studi di Bergamo, nella sala Galeotti in via dei Caniana 2, dalle ore 15.30 alle 19.00. Una giornata che sar\u00e0 l\u2019occasione per fare il punto sull\u2019economia cooperativa in Bergamasca sulla base dei dati e dei modelli di analisi contenuti nella ricerca svoltaContinue reading...","og_url":"https:\/\/www.article-marketing.eu\/comunicatistampa\/leconomia-cooperativa-nella-provincia-di-bergamo\/","og_site_name":"Article Marketing","article_published_time":"2018-06-14T15:50:07+00:00","author":"Redaclem","twitter_card":"summary_large_image","twitter_misc":{"Scritto da":"Redaclem","Tempo di lettura stimato":"2 minuti"},"schema":{"@context":"https:\/\/schema.org","@graph":[{"@type":"Article","@id":"https:\/\/www.article-marketing.eu\/comunicatistampa\/leconomia-cooperativa-nella-provincia-di-bergamo\/#article","isPartOf":{"@id":"https:\/\/www.article-marketing.eu\/comunicatistampa\/leconomia-cooperativa-nella-provincia-di-bergamo\/"},"author":{"name":"Redaclem","@id":"https:\/\/www.article-marketing.eu\/comunicatistampa\/#\/schema\/person\/c0aa725eee5df8460e0adf901fde0c88"},"headline":"L\u2019economia cooperativa nella provincia di Bergamo","datePublished":"2018-06-14T15:50:07+00:00","mainEntityOfPage":{"@id":"https:\/\/www.article-marketing.eu\/comunicatistampa\/leconomia-cooperativa-nella-provincia-di-bergamo\/"},"wordCount":311,"commentCount":0,"keywords":["universit\u00e0 di bergamo"],"articleSection":["Comunicati stampa","Economia e lavoro","Eventi"],"inLanguage":"it-IT","potentialAction":[{"@type":"CommentAction","name":"Comment","target":["https:\/\/www.article-marketing.eu\/comunicatistampa\/leconomia-cooperativa-nella-provincia-di-bergamo\/#respond"]}]},{"@type":"WebPage","@id":"https:\/\/www.article-marketing.eu\/comunicatistampa\/leconomia-cooperativa-nella-provincia-di-bergamo\/","url":"https:\/\/www.article-marketing.eu\/comunicatistampa\/leconomia-cooperativa-nella-provincia-di-bergamo\/","name":"L\u2019economia cooperativa nella provincia di Bergamo - Article Marketing","isPartOf":{"@id":"https:\/\/www.article-marketing.eu\/comunicatistampa\/#website"},"datePublished":"2018-06-14T15:50:07+00:00","author":{"@id":"https:\/\/www.article-marketing.eu\/comunicatistampa\/#\/schema\/person\/c0aa725eee5df8460e0adf901fde0c88"},"breadcrumb":{"@id":"https:\/\/www.article-marketing.eu\/comunicatistampa\/leconomia-cooperativa-nella-provincia-di-bergamo\/#breadcrumb"},"inLanguage":"it-IT","potentialAction":[{"@type":"ReadAction","target":["https:\/\/www.article-marketing.eu\/comunicatistampa\/leconomia-cooperativa-nella-provincia-di-bergamo\/"]}]},{"@type":"BreadcrumbList","@id":"https:\/\/www.article-marketing.eu\/comunicatistampa\/leconomia-cooperativa-nella-provincia-di-bergamo\/#breadcrumb","itemListElement":[{"@type":"ListItem","position":1,"name":"Home","item":"https:\/\/www.article-marketing.eu\/comunicatistampa\/"},{"@type":"ListItem","position":2,"name":"L\u2019economia cooperativa nella provincia di Bergamo"}]},{"@type":"WebSite","@id":"https:\/\/www.article-marketing.eu\/comunicatistampa\/#website","url":"https:\/\/www.article-marketing.eu\/comunicatistampa\/","name":"Article Marketing","description":"article marketing &amp; press release","potentialAction":[{"@type":"SearchAction","target":{"@type":"EntryPoint","urlTemplate":"https:\/\/www.article-marketing.eu\/comunicatistampa\/?s={search_term_string}"},"query-input":{"@type":"PropertyValueSpecification","valueRequired":true,"valueName":"search_term_string"}}],"inLanguage":"it-IT"},{"@type":"Person","@id":"https:\/\/www.article-marketing.eu\/comunicatistampa\/#\/schema\/person\/c0aa725eee5df8460e0adf901fde0c88","name":"Redaclem","image":{"@type":"ImageObject","inLanguage":"it-IT","@id":"https:\/\/secure.gravatar.com\/avatar\/4c7e41f332a0583344a91d7d39723533da9b2d0df7737c2d8c69553168c2191e?s=96&d=mm&r=g","url":"https:\/\/secure.gravatar.com\/avatar\/4c7e41f332a0583344a91d7d39723533da9b2d0df7737c2d8c69553168c2191e?s=96&d=mm&r=g","contentUrl":"https:\/\/secure.gravatar.com\/avatar\/4c7e41f332a0583344a91d7d39723533da9b2d0df7737c2d8c69553168c2191e?s=96&d=mm&r=g","caption":"Redaclem"},"url":"https:\/\/www.article-marketing.eu\/comunicatistampa\/author\/redaclem\/"}]}},"_links":{"self":[{"href":"https:\/\/www.article-marketing.eu\/comunicatistampa\/wp-json\/wp\/v2\/posts\/10607","targetHints":{"allow":["GET"]}}],"collection":[{"href":"https:\/\/www.article-marketing.eu\/comunicatistampa\/wp-json\/wp\/v2\/posts"}],"about":[{"href":"https:\/\/www.article-marketing.eu\/comunicatistampa\/wp-json\/wp\/v2\/types\/post"}],"author":[{"embeddable":true,"href":"https:\/\/www.article-marketing.eu\/comunicatistampa\/wp-json\/wp\/v2\/users\/1855"}],"replies":[{"embeddable":true,"href":"https:\/\/www.article-marketing.eu\/comunicatistampa\/wp-json\/wp\/v2\/comments?post=10607"}],"version-history":[{"count":2,"href":"https:\/\/www.article-marketing.eu\/comunicatistampa\/wp-json\/wp\/v2\/posts\/10607\/revisions"}],"predecessor-version":[{"id":10618,"href":"https:\/\/www.article-marketing.eu\/comunicatistampa\/wp-json\/wp\/v2\/posts\/10607\/revisions\/10618"}],"wp:attachment":[{"href":"https:\/\/www.article-marketing.eu\/comunicatistampa\/wp-json\/wp\/v2\/media?parent=10607"}],"wp:term":[{"taxonomy":"category","embeddable":true,"href":"https:\/\/www.article-marketing.eu\/comunicatistampa\/wp-json\/wp\/v2\/categories?post=10607"},{"taxonomy":"post_tag","embeddable":true,"href":"https:\/\/www.article-marketing.eu\/comunicatistampa\/wp-json\/wp\/v2\/tags?post=10607"}],"curies":[{"name":"wp","href":"https:\/\/api.w.org\/{rel}","templated":true}]}}