{"id":10685,"date":"2018-06-20T03:06:12","date_gmt":"2018-06-20T01:06:12","guid":{"rendered":"http:\/\/www.article-marketing.eu\/comunicatistampa\/?p=10685"},"modified":"2018-06-20T03:06:12","modified_gmt":"2018-06-20T01:06:12","slug":"piani-di-zona-2018-2020-la-nuova-programmazione-sociale-locale","status":"publish","type":"post","link":"https:\/\/www.article-marketing.eu\/comunicatistampa\/piani-di-zona-2018-2020-la-nuova-programmazione-sociale-locale\/","title":{"rendered":"Piani di zona 2018-2020: La nuova programmazione sociale locale"},"content":{"rendered":"<p>Entro il 30 giugno 2018 l\u2019ATS di Bergamo invier\u00e0 a Regione Lombardia i Piani di Zona 2018-2020 degli Ambiti Territoriali.<\/p>\n<p>Il Piano di Zona, una sorta di piano regolatore delle politiche sociali, \u00e8 lo strumento programmatorio attraverso il quale gli Ambiti Territoriali dell\u2019ATS di Bergamo, in forma associata e in collaborazione con altri soggetti che a diverso titolo sono attivi sul territorio, progettano un piano integrato di interventi per realizzare la rete locale di servizi sociali. Questo significa far collaborare e lavorare, in modo coordinato ed efficace per i cittadini, soggetti istituzionali e non, pubblici e privati, per l\u2019attuazione di interventi a favore di anziani, disabili, minori e famiglie, ma anche di interventi relativi a politiche giovanili e prevenzione, disagio adulto, salute mentale.<\/p>\n<p>Una novit\u00e0 significativa per questa nuova triennalit\u00e0 \u00e8 che i Piani di Zona dovranno ricomprendere nella loro programmazione anche i nuovi provvedimenti nazionali e regionali per il contrasto alla povert\u00e0 (Re.I-Reddito di Inclusione), per il sostegno a persone affette da grave disabilit\u00e0 ma prive del sostegno familiare (Dopo di Noi) e per il welfare abitativo.<\/p>\n<p>Per i cittadini bergamaschi questa \u00e8 una notizia importante: basti pensare che nei 243 Comuni del territorio dell\u2019ATS di Bergamo l\u2019investimento per i Servizi Sociali ammonta a pi\u00f9 di\u00a0 140 milioni di Euro all\u2019anno ed \u00e8 garantita per il 74,06% dai Comuni stessi, per il 10,68% dalla compartecipazione alla spesa da parte del cittadino e solo dal restante 15% da trasferimenti nazionali e regionali a favore dei Comuni associati.<\/p>\n<p>I Comuni dell\u2019ATS di Bergamo hanno aumentato costantemente negli anni la spesa per l\u2019investimento sociale: in dieci anni sono passati da 90 milioni agli attuali 140 milioni di Euro all\u2019anno, registrando un aumento delle risorse allocate nelle aree disabilit\u00e0, minori e famiglie.<\/p>\n","protected":false},"excerpt":{"rendered":"<p>Entro il 30 giugno 2018 l\u2019ATS di Bergamo invier\u00e0 a Regione Lombardia i Piani di Zona 2018-2020 degli Ambiti Territoriali. Il Piano di Zona, una sorta di piano regolatore delle politiche sociali, \u00e8 lo strumento programmatorio attraverso il quale gli Ambiti Territoriali dell\u2019ATS di Bergamo, in forma associata e in collaborazione con altri soggetti che a diverso titolo sono attivi sul territorio, progettano un piano integrato di interventi per realizzare<\/p>\n<p><a class=\"continue-reading\" href=\"https:\/\/www.article-marketing.eu\/comunicatistampa\/piani-di-zona-2018-2020-la-nuova-programmazione-sociale-locale\/\">Continue reading&#8230;<\/a><\/p>\n","protected":false},"author":1855,"featured_media":0,"comment_status":"open","ping_status":"open","sticky":false,"template":"","format":"standard","meta":{"_monsterinsights_skip_tracking":false,"_monsterinsights_sitenote_active":false,"_monsterinsights_sitenote_note":"","_monsterinsights_sitenote_category":0,"footnotes":""},"categories":[78],"tags":[4327,4501],"class_list":["post-10685","post","type-post","status-publish","format-standard","hentry","category-comunicati-stampa","tag-ats-bergamo","tag-piani-di-zona"],"yoast_head":"<!-- This site is optimized with the Yoast SEO plugin v27.3 - https:\/\/yoast.com\/product\/yoast-seo-wordpress\/ -->\n<title>Piani di zona 2018-2020: La nuova programmazione sociale locale - Article Marketing<\/title>\n<meta name=\"robots\" content=\"index, follow, max-snippet:-1, max-image-preview:large, max-video-preview:-1\" \/>\n<link rel=\"canonical\" href=\"https:\/\/www.article-marketing.eu\/comunicatistampa\/piani-di-zona-2018-2020-la-nuova-programmazione-sociale-locale\/\" \/>\n<meta property=\"og:locale\" content=\"it_IT\" \/>\n<meta property=\"og:type\" content=\"article\" \/>\n<meta property=\"og:title\" content=\"Piani di zona 2018-2020: La nuova programmazione sociale locale - Article Marketing\" \/>\n<meta property=\"og:description\" content=\"Entro il 30 giugno 2018 l\u2019ATS di Bergamo invier\u00e0 a Regione Lombardia i Piani di Zona 2018-2020 degli Ambiti Territoriali. Il Piano di Zona, una sorta di piano regolatore delle politiche sociali, \u00e8 lo strumento programmatorio attraverso il quale gli Ambiti Territoriali dell\u2019ATS di Bergamo, in forma associata e in collaborazione con altri soggetti che a diverso titolo sono attivi sul territorio, progettano un piano integrato di interventi per realizzareContinue reading...\" \/>\n<meta property=\"og:url\" content=\"https:\/\/www.article-marketing.eu\/comunicatistampa\/piani-di-zona-2018-2020-la-nuova-programmazione-sociale-locale\/\" \/>\n<meta property=\"og:site_name\" content=\"Article Marketing\" \/>\n<meta property=\"article:published_time\" content=\"2018-06-20T01:06:12+00:00\" \/>\n<meta name=\"author\" content=\"Redaclem\" \/>\n<meta name=\"twitter:card\" content=\"summary_large_image\" \/>\n<meta name=\"twitter:label1\" content=\"Scritto da\" \/>\n\t<meta name=\"twitter:data1\" content=\"Redaclem\" \/>\n\t<meta name=\"twitter:label2\" content=\"Tempo di lettura stimato\" \/>\n\t<meta name=\"twitter:data2\" content=\"1 minuto\" \/>\n<script type=\"application\/ld+json\" class=\"yoast-schema-graph\">{\"@context\":\"https:\\\/\\\/schema.org\",\"@graph\":[{\"@type\":\"Article\",\"@id\":\"https:\\\/\\\/www.article-marketing.eu\\\/comunicatistampa\\\/piani-di-zona-2018-2020-la-nuova-programmazione-sociale-locale\\\/#article\",\"isPartOf\":{\"@id\":\"https:\\\/\\\/www.article-marketing.eu\\\/comunicatistampa\\\/piani-di-zona-2018-2020-la-nuova-programmazione-sociale-locale\\\/\"},\"author\":{\"name\":\"Redaclem\",\"@id\":\"https:\\\/\\\/www.article-marketing.eu\\\/comunicatistampa\\\/#\\\/schema\\\/person\\\/c0aa725eee5df8460e0adf901fde0c88\"},\"headline\":\"Piani di zona 2018-2020: La nuova programmazione sociale locale\",\"datePublished\":\"2018-06-20T01:06:12+00:00\",\"mainEntityOfPage\":{\"@id\":\"https:\\\/\\\/www.article-marketing.eu\\\/comunicatistampa\\\/piani-di-zona-2018-2020-la-nuova-programmazione-sociale-locale\\\/\"},\"wordCount\":295,\"commentCount\":0,\"keywords\":[\"ats bergamo\",\"piani di zona\"],\"articleSection\":[\"Comunicati stampa\"],\"inLanguage\":\"it-IT\",\"potentialAction\":[{\"@type\":\"CommentAction\",\"name\":\"Comment\",\"target\":[\"https:\\\/\\\/www.article-marketing.eu\\\/comunicatistampa\\\/piani-di-zona-2018-2020-la-nuova-programmazione-sociale-locale\\\/#respond\"]}]},{\"@type\":\"WebPage\",\"@id\":\"https:\\\/\\\/www.article-marketing.eu\\\/comunicatistampa\\\/piani-di-zona-2018-2020-la-nuova-programmazione-sociale-locale\\\/\",\"url\":\"https:\\\/\\\/www.article-marketing.eu\\\/comunicatistampa\\\/piani-di-zona-2018-2020-la-nuova-programmazione-sociale-locale\\\/\",\"name\":\"Piani di zona 2018-2020: La nuova programmazione sociale locale - Article Marketing\",\"isPartOf\":{\"@id\":\"https:\\\/\\\/www.article-marketing.eu\\\/comunicatistampa\\\/#website\"},\"datePublished\":\"2018-06-20T01:06:12+00:00\",\"author\":{\"@id\":\"https:\\\/\\\/www.article-marketing.eu\\\/comunicatistampa\\\/#\\\/schema\\\/person\\\/c0aa725eee5df8460e0adf901fde0c88\"},\"breadcrumb\":{\"@id\":\"https:\\\/\\\/www.article-marketing.eu\\\/comunicatistampa\\\/piani-di-zona-2018-2020-la-nuova-programmazione-sociale-locale\\\/#breadcrumb\"},\"inLanguage\":\"it-IT\",\"potentialAction\":[{\"@type\":\"ReadAction\",\"target\":[\"https:\\\/\\\/www.article-marketing.eu\\\/comunicatistampa\\\/piani-di-zona-2018-2020-la-nuova-programmazione-sociale-locale\\\/\"]}]},{\"@type\":\"BreadcrumbList\",\"@id\":\"https:\\\/\\\/www.article-marketing.eu\\\/comunicatistampa\\\/piani-di-zona-2018-2020-la-nuova-programmazione-sociale-locale\\\/#breadcrumb\",\"itemListElement\":[{\"@type\":\"ListItem\",\"position\":1,\"name\":\"Home\",\"item\":\"https:\\\/\\\/www.article-marketing.eu\\\/comunicatistampa\\\/\"},{\"@type\":\"ListItem\",\"position\":2,\"name\":\"Piani di zona 2018-2020: La nuova programmazione sociale locale\"}]},{\"@type\":\"WebSite\",\"@id\":\"https:\\\/\\\/www.article-marketing.eu\\\/comunicatistampa\\\/#website\",\"url\":\"https:\\\/\\\/www.article-marketing.eu\\\/comunicatistampa\\\/\",\"name\":\"Article Marketing\",\"description\":\"article marketing &amp; press release\",\"potentialAction\":[{\"@type\":\"SearchAction\",\"target\":{\"@type\":\"EntryPoint\",\"urlTemplate\":\"https:\\\/\\\/www.article-marketing.eu\\\/comunicatistampa\\\/?s={search_term_string}\"},\"query-input\":{\"@type\":\"PropertyValueSpecification\",\"valueRequired\":true,\"valueName\":\"search_term_string\"}}],\"inLanguage\":\"it-IT\"},{\"@type\":\"Person\",\"@id\":\"https:\\\/\\\/www.article-marketing.eu\\\/comunicatistampa\\\/#\\\/schema\\\/person\\\/c0aa725eee5df8460e0adf901fde0c88\",\"name\":\"Redaclem\",\"image\":{\"@type\":\"ImageObject\",\"inLanguage\":\"it-IT\",\"@id\":\"https:\\\/\\\/secure.gravatar.com\\\/avatar\\\/4c7e41f332a0583344a91d7d39723533da9b2d0df7737c2d8c69553168c2191e?s=96&d=mm&r=g\",\"url\":\"https:\\\/\\\/secure.gravatar.com\\\/avatar\\\/4c7e41f332a0583344a91d7d39723533da9b2d0df7737c2d8c69553168c2191e?s=96&d=mm&r=g\",\"contentUrl\":\"https:\\\/\\\/secure.gravatar.com\\\/avatar\\\/4c7e41f332a0583344a91d7d39723533da9b2d0df7737c2d8c69553168c2191e?s=96&d=mm&r=g\",\"caption\":\"Redaclem\"},\"url\":\"https:\\\/\\\/www.article-marketing.eu\\\/comunicatistampa\\\/author\\\/redaclem\\\/\"}]}<\/script>\n<!-- \/ Yoast SEO plugin. -->","yoast_head_json":{"title":"Piani di zona 2018-2020: La nuova programmazione sociale locale - Article Marketing","robots":{"index":"index","follow":"follow","max-snippet":"max-snippet:-1","max-image-preview":"max-image-preview:large","max-video-preview":"max-video-preview:-1"},"canonical":"https:\/\/www.article-marketing.eu\/comunicatistampa\/piani-di-zona-2018-2020-la-nuova-programmazione-sociale-locale\/","og_locale":"it_IT","og_type":"article","og_title":"Piani di zona 2018-2020: La nuova programmazione sociale locale - Article Marketing","og_description":"Entro il 30 giugno 2018 l\u2019ATS di Bergamo invier\u00e0 a Regione Lombardia i Piani di Zona 2018-2020 degli Ambiti Territoriali. Il Piano di Zona, una sorta di piano regolatore delle politiche sociali, \u00e8 lo strumento programmatorio attraverso il quale gli Ambiti Territoriali dell\u2019ATS di Bergamo, in forma associata e in collaborazione con altri soggetti che a diverso titolo sono attivi sul territorio, progettano un piano integrato di interventi per realizzareContinue reading...","og_url":"https:\/\/www.article-marketing.eu\/comunicatistampa\/piani-di-zona-2018-2020-la-nuova-programmazione-sociale-locale\/","og_site_name":"Article Marketing","article_published_time":"2018-06-20T01:06:12+00:00","author":"Redaclem","twitter_card":"summary_large_image","twitter_misc":{"Scritto da":"Redaclem","Tempo di lettura stimato":"1 minuto"},"schema":{"@context":"https:\/\/schema.org","@graph":[{"@type":"Article","@id":"https:\/\/www.article-marketing.eu\/comunicatistampa\/piani-di-zona-2018-2020-la-nuova-programmazione-sociale-locale\/#article","isPartOf":{"@id":"https:\/\/www.article-marketing.eu\/comunicatistampa\/piani-di-zona-2018-2020-la-nuova-programmazione-sociale-locale\/"},"author":{"name":"Redaclem","@id":"https:\/\/www.article-marketing.eu\/comunicatistampa\/#\/schema\/person\/c0aa725eee5df8460e0adf901fde0c88"},"headline":"Piani di zona 2018-2020: La nuova programmazione sociale locale","datePublished":"2018-06-20T01:06:12+00:00","mainEntityOfPage":{"@id":"https:\/\/www.article-marketing.eu\/comunicatistampa\/piani-di-zona-2018-2020-la-nuova-programmazione-sociale-locale\/"},"wordCount":295,"commentCount":0,"keywords":["ats bergamo","piani di zona"],"articleSection":["Comunicati stampa"],"inLanguage":"it-IT","potentialAction":[{"@type":"CommentAction","name":"Comment","target":["https:\/\/www.article-marketing.eu\/comunicatistampa\/piani-di-zona-2018-2020-la-nuova-programmazione-sociale-locale\/#respond"]}]},{"@type":"WebPage","@id":"https:\/\/www.article-marketing.eu\/comunicatistampa\/piani-di-zona-2018-2020-la-nuova-programmazione-sociale-locale\/","url":"https:\/\/www.article-marketing.eu\/comunicatistampa\/piani-di-zona-2018-2020-la-nuova-programmazione-sociale-locale\/","name":"Piani di zona 2018-2020: La nuova programmazione sociale locale - Article Marketing","isPartOf":{"@id":"https:\/\/www.article-marketing.eu\/comunicatistampa\/#website"},"datePublished":"2018-06-20T01:06:12+00:00","author":{"@id":"https:\/\/www.article-marketing.eu\/comunicatistampa\/#\/schema\/person\/c0aa725eee5df8460e0adf901fde0c88"},"breadcrumb":{"@id":"https:\/\/www.article-marketing.eu\/comunicatistampa\/piani-di-zona-2018-2020-la-nuova-programmazione-sociale-locale\/#breadcrumb"},"inLanguage":"it-IT","potentialAction":[{"@type":"ReadAction","target":["https:\/\/www.article-marketing.eu\/comunicatistampa\/piani-di-zona-2018-2020-la-nuova-programmazione-sociale-locale\/"]}]},{"@type":"BreadcrumbList","@id":"https:\/\/www.article-marketing.eu\/comunicatistampa\/piani-di-zona-2018-2020-la-nuova-programmazione-sociale-locale\/#breadcrumb","itemListElement":[{"@type":"ListItem","position":1,"name":"Home","item":"https:\/\/www.article-marketing.eu\/comunicatistampa\/"},{"@type":"ListItem","position":2,"name":"Piani di zona 2018-2020: La nuova programmazione sociale locale"}]},{"@type":"WebSite","@id":"https:\/\/www.article-marketing.eu\/comunicatistampa\/#website","url":"https:\/\/www.article-marketing.eu\/comunicatistampa\/","name":"Article Marketing","description":"article marketing &amp; press release","potentialAction":[{"@type":"SearchAction","target":{"@type":"EntryPoint","urlTemplate":"https:\/\/www.article-marketing.eu\/comunicatistampa\/?s={search_term_string}"},"query-input":{"@type":"PropertyValueSpecification","valueRequired":true,"valueName":"search_term_string"}}],"inLanguage":"it-IT"},{"@type":"Person","@id":"https:\/\/www.article-marketing.eu\/comunicatistampa\/#\/schema\/person\/c0aa725eee5df8460e0adf901fde0c88","name":"Redaclem","image":{"@type":"ImageObject","inLanguage":"it-IT","@id":"https:\/\/secure.gravatar.com\/avatar\/4c7e41f332a0583344a91d7d39723533da9b2d0df7737c2d8c69553168c2191e?s=96&d=mm&r=g","url":"https:\/\/secure.gravatar.com\/avatar\/4c7e41f332a0583344a91d7d39723533da9b2d0df7737c2d8c69553168c2191e?s=96&d=mm&r=g","contentUrl":"https:\/\/secure.gravatar.com\/avatar\/4c7e41f332a0583344a91d7d39723533da9b2d0df7737c2d8c69553168c2191e?s=96&d=mm&r=g","caption":"Redaclem"},"url":"https:\/\/www.article-marketing.eu\/comunicatistampa\/author\/redaclem\/"}]}},"_links":{"self":[{"href":"https:\/\/www.article-marketing.eu\/comunicatistampa\/wp-json\/wp\/v2\/posts\/10685","targetHints":{"allow":["GET"]}}],"collection":[{"href":"https:\/\/www.article-marketing.eu\/comunicatistampa\/wp-json\/wp\/v2\/posts"}],"about":[{"href":"https:\/\/www.article-marketing.eu\/comunicatistampa\/wp-json\/wp\/v2\/types\/post"}],"author":[{"embeddable":true,"href":"https:\/\/www.article-marketing.eu\/comunicatistampa\/wp-json\/wp\/v2\/users\/1855"}],"replies":[{"embeddable":true,"href":"https:\/\/www.article-marketing.eu\/comunicatistampa\/wp-json\/wp\/v2\/comments?post=10685"}],"version-history":[{"count":3,"href":"https:\/\/www.article-marketing.eu\/comunicatistampa\/wp-json\/wp\/v2\/posts\/10685\/revisions"}],"predecessor-version":[{"id":10705,"href":"https:\/\/www.article-marketing.eu\/comunicatistampa\/wp-json\/wp\/v2\/posts\/10685\/revisions\/10705"}],"wp:attachment":[{"href":"https:\/\/www.article-marketing.eu\/comunicatistampa\/wp-json\/wp\/v2\/media?parent=10685"}],"wp:term":[{"taxonomy":"category","embeddable":true,"href":"https:\/\/www.article-marketing.eu\/comunicatistampa\/wp-json\/wp\/v2\/categories?post=10685"},{"taxonomy":"post_tag","embeddable":true,"href":"https:\/\/www.article-marketing.eu\/comunicatistampa\/wp-json\/wp\/v2\/tags?post=10685"}],"curies":[{"name":"wp","href":"https:\/\/api.w.org\/{rel}","templated":true}]}}