{"id":10737,"date":"2018-07-03T17:56:19","date_gmt":"2018-07-03T15:56:19","guid":{"rendered":"http:\/\/www.article-marketing.eu\/comunicatistampa\/?p=10737"},"modified":"2018-07-03T17:56:19","modified_gmt":"2018-07-03T15:56:19","slug":"summit-politico-in-universita-per-affrontare-insieme-il-caso-bergamo","status":"publish","type":"post","link":"https:\/\/www.article-marketing.eu\/comunicatistampa\/summit-politico-in-universita-per-affrontare-insieme-il-caso-bergamo\/","title":{"rendered":"Summit politico in Universit\u00e0 per affrontare insieme \u201cil caso Bergamo\u201d"},"content":{"rendered":"<p><strong>Il rettore e i vertici dell\u2019Universit\u00e0 degli Studi di Bergamo chiedono sostegno ai rappresentanti bergamaschi in parlamento e in regione. All\u2019ateneo, il pi\u00f9 sottodimensionato d\u2019Italia, servono almeno 130 docenti e 90 amministrativi e fondi per il riequilibrio per il diritto allo studio e per spazi residenziali. Dal 2005 ad oggi, nonostante il finanziamento regionale non sia stato ritoccato, la gestione virtuosa dell\u2019Universit\u00e0 ha contribuito alla realizzazione di\u00a0 <\/strong><strong>\u00a0servizi residenziali, servizi per la mobilit\u00e0 sostenibile, di ristorazione e di spazi per lo studio. ma non basta.<\/strong><\/p>\n<p>&nbsp;<\/p>\n<p><strong>Luned\u00ec 2 luglio<\/strong>, il Rettore<strong> Remo Morzenti Pellegrini<\/strong> insieme ai vertici dell\u2019Universit\u00e0 degli studi di Bergamo <strong>Giancarlo Maccarini<\/strong>, prorettore vicario, <strong>Paolo Buonanno<\/strong>, Prorettore delegato alla Ricerca scientifica di Ateneo e alla Comunicazione istituzionale, <strong>Marco Rucci<\/strong>, direttore generale, <strong>Vittorio Mores<\/strong>, dirigente servizi allo studente, hanno invitato tutti \u00a0i parlamentari bergamaschi e gli assessori e consiglieri regionali bergamaschi per fare squadra verso il futuro di un sistema universitario solido, collocato strategicamente in aree differenti, strettamente connesso al territorio, distintivo sul piano lombardo e nazionale, di eccellenza e dal taglio internazionale. Sette dipartimenti su pi\u00f9 sedi tra Bergamo, alta e bassa, e Dalmine.<\/p>\n<p>&nbsp;<\/p>\n<p>All\u2019incontro hanno partecipato: Elena Carnevali, deputato PD, Jacopo Scandella, consigliere regionale della Lombardia, Daniele Belotti,\u00a0deputato Lega Nord, Alberto Ribolla,\u00a0deputato Lega Nord, Stefano Benigni,\u00a0deputato Forza Italia, Dario Violi,\u00a0Consigliere regionale della Lombardia M5S, Guia Termini,\u00a0deputato M5S, Giulio Centemero, deputato e tesoriere Lega Nord, Claudia Maria Terzi, assessore regionale alla mobilit\u00e0 Lega Nord, Alessandra Gallone, Senatrice Forza Italia.<\/p>\n<p>&nbsp;<\/p>\n<p>Sul tavolo, la consapevolezza che il sistema del sapere deve essere al centro di ogni idea di sviluppo e la condizione di <strong>sotto finanziamento e sotto dimensionamento<\/strong> in cui sta operando l\u2019Ateneo. \u00a0Come preannunciato da tempo dallo stesso Rettore che aveva pi\u00f9 volte manifestato l\u2019intenzione di incontrare i politici bergamaschi a Roma e in Regione, l\u2019incontro si \u00e8 svolto nella sala consiliare del Rettorato in un clima disteso e collaborativo. Un utile momento di scambio e confronto al fine di valutare le soluzioni migliori e pi\u00f9 efficaci per riequilibrare la situazione di svantaggio subita dall\u2019Ateneo ma soprattutto un appello ai parlamentari bergamaschi per il sottodimensionamento e sotto finanziamento e ai rappresentanti bergamaschi in Regione in materia di diritto allo studio e per un contributo all&#8217; edilizia residenziale universitaria, di competenza anche regionale.<\/p>\n<p>&nbsp;<\/p>\n<p>Nonostante l\u2019Universit\u00e0 degli studi di Bergamo goda di ottima reputazione internazionale, <strong>al 94\u00b0 posto nella prestigiosa Young University Rankings<\/strong>, la classifica delle universit\u00e0 mondiali di et\u00e0 pari o inferiore a 50 anni elaborata dalla rivista inglese Times Higher Education e nonostante la riconosciuta <strong>qualit\u00e0 della sua ricerca scientifica<\/strong>, come emerso dall\u2019ultima valutazione dell\u2019<strong>ANVUR<\/strong>, l\u2019Ateneo si ritrova con un rapporto docenti, personale tecnico amministrativo, studenti tra i pi\u00f9 bassi d\u2019Italia: circa <strong>il 30% in meno di docenti e il 40% in meno di personale tecnico amministrativo<\/strong> rispetto ad altri atenei con lo stesso numero di studenti. Il numero di <strong>matricole<\/strong>, di converso, negli anni, \u00e8 aumentato significativamente, passando dalle poco pi\u00f9 di 4.000 di dieci anni fa alle oltre <strong>6.000<\/strong> di oggi. Complessivamente, gli studenti iscritti per l\u2019anno accademico 2017 \u2013 2018 sono <strong>quasi 19.000 con appena 327 docenti di ruolo<\/strong> e <strong>220 addetti all\u2019area tecnica amministrativa<\/strong>.<\/p>\n<p>Non solo: sebbene l\u2019Ateneo abbia un indicatore di sostenibilit\u00e0 finanziaria al di sopra della media degli atenei italiani, gli attuali meccanismi di assegnazione del fondo di finanziamento ordinario statale hanno solo parzialmente riequilibrato il sotto finanziamento, non risolvendo il problema delle nuove assunzioni di personale docente e tecnico amministrativo, ora indispensabile per la sostenibilit\u00e0 e lo sviluppo dell\u2019attuale offerta formativa. Per tutte le ragioni esposte, infatti, l\u2019Universit\u00e0 si \u00e8 vista costretta a <strong>bloccare l\u2019incremento del turnover del personale<\/strong> docente e tecnico-amministrativo, pur disponendo delle adeguate risorse finanziarie.<\/p>\n<p>L\u2019Universit\u00e0 degli Studi di Bergamo, che ha in campo circa <strong>50 milioni di interventi senza alcun contributo esterno<\/strong>, si rivolge alla Regione Lombardia affinch\u00e9 individui un percorso che assicuri le funzioni in materia di diritto allo studio. I rapporti in questo ambito sono regolati da due convenzioni, attuative della L.R. 33\/04 sul diritto allo studio: la prima sottoscritta il 20 luglio 2006 e scaduta il 19 luglio 2008, la seconda, sottoscritta il 30 settembre 2008 valida sino al 29 settembre 2018. Questi atti normano le modalit\u00e0 di utilizzo dei beni immobili, mobili e delle attrezzature di propriet\u00e0 regionale e i finanziamenti per benefici economici (borse di studio, contributi mobilit\u00e0 internazionale e premi di laurea); contributo ordinario di funzionamento (gestione degli interventi, delle strutture residenziali e di mensa e costi del personale).<\/p>\n<p>&nbsp;<\/p>\n<p>L\u2019Universit\u00e0, unica in Lombardia insieme al Politecnico di Milano, \u00e8 sempre riuscita a corrispondere la borsa di studio a tutti gli idonei non esigendo interamente le quote della borsa in servizi, di cui si \u00e8 assunta l\u2019onere, ma destinando lo stanziamento all\u2019erogazione del beneficio in denaro agli studenti bisognosi e meritevoli. Inoltre, a partire dall\u2019a.a. 2012\/13, nell\u2019intento di attrarre i migliori diplomati, \u00e8 stato promosso il Programma \u201cPorte aperte al merito\u201d che ha consentito di esentare dalle tasse e dai contributi universitari i migliori diplomati immatricolatisi all\u2019Ateneo per gli anni accademici 2012\/13 e 2013\/14. Infine, dall\u2019a.a. 2014\/15 \u00e8 attivo un programma organico denominato \u201cTop TEN Student Program\u201d a favore degli studenti meritevoli, iscritti o che prendano iscrizione per la prima volta all\u2019Universit\u00e0 degli Studi di Bergamo. \u00a0Il programma esenta totalmente o parzialmente dal pagamento del contributo onnicomprensivo sino al 10% degli studenti iscritti alle lauree triennali, magistrali a ciclo unico e magistrali, che integrino i requisiti soggettivi di merito. Per il corrente anno accademico sono state assegnate 1.011 esenzioni dal pagamento del contributo onnicomprensivo, per \u20ac 1.135.000,00 di minori entrate a favore del bilancio dell\u2019Ateneo. Tali esenzioni si aggiungono a quelle previste per i beneficiari di borsa di studio.<\/p>\n<p>&nbsp;<\/p>\n<p>Infine, anche la domanda di residenzialit\u00e0, in costante crescita.\u00a0 A fronte dei 156 posti letto attualmente disponibili presso le residenze di Bergamo (va Garibaldi, 3\/F &#8211; 94 posti in camera singola; via Caboto, 12 &#8211; 14 posti in camera doppia e 2 in singola) e Dalmine (via Verdi, 72 \u2013 46 posti in camera doppia e 3 in singola) le domande presentate sono state oltre 270, generalmente di soggetti in possesso sia di requisiti di merito che di limitata capacit\u00e0 economica. Nel corrente anno accademico \u00e8 stato inoltre assicurato l\u2019alloggio ad oltre 300 studenti, sia curricolari che presenti in relazione ai Programmi di Mobilit\u00e0 Internazionale ed ERASMUS, attraverso un servizio di accommodation presente sul portale dell\u2019Universit\u00e0 che, in forma gratuita, pone in contatto studenti e privati garantendo la stipula di regolari contratti e assicurando una azione di supporto per eventuali difficolt\u00e0. Un\u2019emergenza abitativa universitaria in un settore in cui l\u2019offerta condiziona fortemente la domanda a discapito della possibilit\u00e0 di programmare nuovi scambi internazionali e a creare opportunit\u00e0 di crescita culturale tra gli studenti ed il Territorio<\/p>\n<p>&nbsp;<\/p>\n<p>Un quadro, come espresso dal <strong>Rettore Remo Morzenti Pellegrini<\/strong>, che necessit\u00e0 del supporto del mondo politico:<em> \u00abL\u2019Universit\u00e0 ha raggiunto ottimi risultati in termini di spazi per gli studenti, qualit\u00e0 della didattica, riconoscimenti della ricerca e bilanci, rientrando tra i pi\u00f9 alti ranking internazionali. <\/em><em>Uno studente su due arriva nel nostro ateneo da fuori provincia e in molti casi anche da fuori regione. Qui trovano una citt\u00e0 accogliente, servizi collaterali, spazi pi\u00f9 che dignitosi e un\u2019offerta formativa al passo con i tempi. A tali nuove attivit\u00e0 si \u00e8 fatto fronte attuando un rigoroso contenimento dei costi di gestione, in particolare delle residenze e del personale, e tramite un diretto intervento finanziario dell\u2019Ateneo.<\/em> <em>Ma, per\u00a0fare il salto di qualit\u00e0 e puntare alla vera eccellenza in una regione che beneficia di un contesto unico in Italia, con il Pil\u00a0pro capite superiore a quello della Germania, abbiamo bisogno di investire ulteriormente nella crescita del nostro Ateneo e per riuscirci serve il contributo di tutti. Vogliamo essere eccellenti <\/em><em>per spiegare il sapere, per attrarre risorse, per avere giovani pi\u00f9 preparati al lavoro. <\/em><em>A 50 anni dalla nascita dell\u2019Universit\u00e0 di Bergamo, risorse economiche e spazi non sono pi\u00f9 un problema eppure siamo l\u2019ateneo pi\u00f9 sottodimensionato d\u2019Italia. Ci servono almeno 130 docenti in pi\u00f9 e 90 unit\u00e0 di personale Ata per avere le stesse possibilit\u00e0 degli altri atenei delle nostre dimensioni\u00bb.<\/em><\/p>\n<p><em>\u00a0<\/em><\/p>\n<p><strong>Ufficio Stampa Universit\u00e0 degli Studi di Bergamo<\/strong><\/p>\n<p>Claudia Rota<\/p>\n<p>Cell. 348 5100463 <a href=\"mailto:Claudia.rota@unibg.it\">claudia.rota@unibg.it<\/a><\/p>\n","protected":false},"excerpt":{"rendered":"<p>Il rettore e i vertici dell\u2019Universit\u00e0 degli Studi di Bergamo chiedono sostegno ai rappresentanti bergamaschi in parlamento e in regione. All\u2019ateneo, il pi\u00f9 sottodimensionato d\u2019Italia, servono almeno 130 docenti e 90 amministrativi e fondi per il riequilibrio per il diritto allo studio e per spazi residenziali. Dal 2005 ad oggi, nonostante il finanziamento regionale non sia stato ritoccato, la gestione virtuosa dell\u2019Universit\u00e0 ha contribuito alla realizzazione di\u00a0 \u00a0servizi residenziali, servizi<\/p>\n<p><a class=\"continue-reading\" href=\"https:\/\/www.article-marketing.eu\/comunicatistampa\/summit-politico-in-universita-per-affrontare-insieme-il-caso-bergamo\/\">Continue reading&#8230;<\/a><\/p>\n","protected":false},"author":1855,"featured_media":0,"comment_status":"open","ping_status":"open","sticky":false,"template":"","format":"standard","meta":{"_monsterinsights_skip_tracking":false,"_monsterinsights_sitenote_active":false,"_monsterinsights_sitenote_note":"","_monsterinsights_sitenote_category":0,"footnotes":""},"categories":[78],"tags":[4517,4516,4515,4514,4513],"class_list":["post-10737","post","type-post","status-publish","format-standard","hentry","category-comunicati-stampa","tag-ateneo-piu-sottodimensionato","tag-50-anni","tag-94-posto-nella-prestigiosa-young-university-rankings","tag-rettore-remo-morzenti-pellegrini","tag-universita-degli-studi-di-bergamo"],"yoast_head":"<!-- This site is optimized with the Yoast SEO plugin v27.3 - https:\/\/yoast.com\/product\/yoast-seo-wordpress\/ -->\n<title>Summit politico in Universit\u00e0 per affrontare insieme \u201cil caso Bergamo\u201d - Article Marketing<\/title>\n<meta name=\"robots\" content=\"index, follow, max-snippet:-1, max-image-preview:large, max-video-preview:-1\" \/>\n<link rel=\"canonical\" href=\"https:\/\/www.article-marketing.eu\/comunicatistampa\/summit-politico-in-universita-per-affrontare-insieme-il-caso-bergamo\/\" \/>\n<meta property=\"og:locale\" content=\"it_IT\" \/>\n<meta property=\"og:type\" content=\"article\" \/>\n<meta property=\"og:title\" content=\"Summit politico in Universit\u00e0 per affrontare insieme \u201cil caso Bergamo\u201d - Article Marketing\" \/>\n<meta property=\"og:description\" content=\"Il rettore e i vertici dell\u2019Universit\u00e0 degli Studi di Bergamo chiedono sostegno ai rappresentanti bergamaschi in parlamento e in regione. All\u2019ateneo, il pi\u00f9 sottodimensionato d\u2019Italia, servono almeno 130 docenti e 90 amministrativi e fondi per il riequilibrio per il diritto allo studio e per spazi residenziali. Dal 2005 ad oggi, nonostante il finanziamento regionale non sia stato ritoccato, la gestione virtuosa dell\u2019Universit\u00e0 ha contribuito alla realizzazione di\u00a0 \u00a0servizi residenziali, serviziContinue reading...\" \/>\n<meta property=\"og:url\" content=\"https:\/\/www.article-marketing.eu\/comunicatistampa\/summit-politico-in-universita-per-affrontare-insieme-il-caso-bergamo\/\" \/>\n<meta property=\"og:site_name\" content=\"Article Marketing\" \/>\n<meta property=\"article:published_time\" content=\"2018-07-03T15:56:19+00:00\" \/>\n<meta name=\"author\" content=\"Redaclem\" \/>\n<meta name=\"twitter:card\" content=\"summary_large_image\" \/>\n<meta name=\"twitter:label1\" content=\"Scritto da\" \/>\n\t<meta name=\"twitter:data1\" content=\"Redaclem\" \/>\n\t<meta name=\"twitter:label2\" content=\"Tempo di lettura stimato\" \/>\n\t<meta name=\"twitter:data2\" content=\"7 minuti\" \/>\n<script type=\"application\/ld+json\" class=\"yoast-schema-graph\">{\"@context\":\"https:\\\/\\\/schema.org\",\"@graph\":[{\"@type\":\"Article\",\"@id\":\"https:\\\/\\\/www.article-marketing.eu\\\/comunicatistampa\\\/summit-politico-in-universita-per-affrontare-insieme-il-caso-bergamo\\\/#article\",\"isPartOf\":{\"@id\":\"https:\\\/\\\/www.article-marketing.eu\\\/comunicatistampa\\\/summit-politico-in-universita-per-affrontare-insieme-il-caso-bergamo\\\/\"},\"author\":{\"name\":\"Redaclem\",\"@id\":\"https:\\\/\\\/www.article-marketing.eu\\\/comunicatistampa\\\/#\\\/schema\\\/person\\\/c0aa725eee5df8460e0adf901fde0c88\"},\"headline\":\"Summit politico in Universit\u00e0 per affrontare insieme \u201cil caso Bergamo\u201d\",\"datePublished\":\"2018-07-03T15:56:19+00:00\",\"mainEntityOfPage\":{\"@id\":\"https:\\\/\\\/www.article-marketing.eu\\\/comunicatistampa\\\/summit-politico-in-universita-per-affrontare-insieme-il-caso-bergamo\\\/\"},\"wordCount\":1362,\"commentCount\":0,\"keywords\":[\"\u2019ateneo pi\u00f9 sottodimensionato\",\"50 anni\",\"94\u00b0 posto nella prestigiosa Young University Rankings\",\"Rettore Remo Morzenti Pellegrini\",\"Universit\u00e0 degli Studi di Bergamo\"],\"articleSection\":[\"Comunicati stampa\"],\"inLanguage\":\"it-IT\",\"potentialAction\":[{\"@type\":\"CommentAction\",\"name\":\"Comment\",\"target\":[\"https:\\\/\\\/www.article-marketing.eu\\\/comunicatistampa\\\/summit-politico-in-universita-per-affrontare-insieme-il-caso-bergamo\\\/#respond\"]}]},{\"@type\":\"WebPage\",\"@id\":\"https:\\\/\\\/www.article-marketing.eu\\\/comunicatistampa\\\/summit-politico-in-universita-per-affrontare-insieme-il-caso-bergamo\\\/\",\"url\":\"https:\\\/\\\/www.article-marketing.eu\\\/comunicatistampa\\\/summit-politico-in-universita-per-affrontare-insieme-il-caso-bergamo\\\/\",\"name\":\"Summit politico in Universit\u00e0 per affrontare insieme \u201cil caso Bergamo\u201d - Article Marketing\",\"isPartOf\":{\"@id\":\"https:\\\/\\\/www.article-marketing.eu\\\/comunicatistampa\\\/#website\"},\"datePublished\":\"2018-07-03T15:56:19+00:00\",\"author\":{\"@id\":\"https:\\\/\\\/www.article-marketing.eu\\\/comunicatistampa\\\/#\\\/schema\\\/person\\\/c0aa725eee5df8460e0adf901fde0c88\"},\"breadcrumb\":{\"@id\":\"https:\\\/\\\/www.article-marketing.eu\\\/comunicatistampa\\\/summit-politico-in-universita-per-affrontare-insieme-il-caso-bergamo\\\/#breadcrumb\"},\"inLanguage\":\"it-IT\",\"potentialAction\":[{\"@type\":\"ReadAction\",\"target\":[\"https:\\\/\\\/www.article-marketing.eu\\\/comunicatistampa\\\/summit-politico-in-universita-per-affrontare-insieme-il-caso-bergamo\\\/\"]}]},{\"@type\":\"BreadcrumbList\",\"@id\":\"https:\\\/\\\/www.article-marketing.eu\\\/comunicatistampa\\\/summit-politico-in-universita-per-affrontare-insieme-il-caso-bergamo\\\/#breadcrumb\",\"itemListElement\":[{\"@type\":\"ListItem\",\"position\":1,\"name\":\"Home\",\"item\":\"https:\\\/\\\/www.article-marketing.eu\\\/comunicatistampa\\\/\"},{\"@type\":\"ListItem\",\"position\":2,\"name\":\"Summit politico in Universit\u00e0 per affrontare insieme \u201cil caso Bergamo\u201d\"}]},{\"@type\":\"WebSite\",\"@id\":\"https:\\\/\\\/www.article-marketing.eu\\\/comunicatistampa\\\/#website\",\"url\":\"https:\\\/\\\/www.article-marketing.eu\\\/comunicatistampa\\\/\",\"name\":\"Article Marketing\",\"description\":\"article marketing &amp; press release\",\"potentialAction\":[{\"@type\":\"SearchAction\",\"target\":{\"@type\":\"EntryPoint\",\"urlTemplate\":\"https:\\\/\\\/www.article-marketing.eu\\\/comunicatistampa\\\/?s={search_term_string}\"},\"query-input\":{\"@type\":\"PropertyValueSpecification\",\"valueRequired\":true,\"valueName\":\"search_term_string\"}}],\"inLanguage\":\"it-IT\"},{\"@type\":\"Person\",\"@id\":\"https:\\\/\\\/www.article-marketing.eu\\\/comunicatistampa\\\/#\\\/schema\\\/person\\\/c0aa725eee5df8460e0adf901fde0c88\",\"name\":\"Redaclem\",\"image\":{\"@type\":\"ImageObject\",\"inLanguage\":\"it-IT\",\"@id\":\"https:\\\/\\\/secure.gravatar.com\\\/avatar\\\/4c7e41f332a0583344a91d7d39723533da9b2d0df7737c2d8c69553168c2191e?s=96&d=mm&r=g\",\"url\":\"https:\\\/\\\/secure.gravatar.com\\\/avatar\\\/4c7e41f332a0583344a91d7d39723533da9b2d0df7737c2d8c69553168c2191e?s=96&d=mm&r=g\",\"contentUrl\":\"https:\\\/\\\/secure.gravatar.com\\\/avatar\\\/4c7e41f332a0583344a91d7d39723533da9b2d0df7737c2d8c69553168c2191e?s=96&d=mm&r=g\",\"caption\":\"Redaclem\"},\"url\":\"https:\\\/\\\/www.article-marketing.eu\\\/comunicatistampa\\\/author\\\/redaclem\\\/\"}]}<\/script>\n<!-- \/ Yoast SEO plugin. -->","yoast_head_json":{"title":"Summit politico in Universit\u00e0 per affrontare insieme \u201cil caso Bergamo\u201d - Article Marketing","robots":{"index":"index","follow":"follow","max-snippet":"max-snippet:-1","max-image-preview":"max-image-preview:large","max-video-preview":"max-video-preview:-1"},"canonical":"https:\/\/www.article-marketing.eu\/comunicatistampa\/summit-politico-in-universita-per-affrontare-insieme-il-caso-bergamo\/","og_locale":"it_IT","og_type":"article","og_title":"Summit politico in Universit\u00e0 per affrontare insieme \u201cil caso Bergamo\u201d - Article Marketing","og_description":"Il rettore e i vertici dell\u2019Universit\u00e0 degli Studi di Bergamo chiedono sostegno ai rappresentanti bergamaschi in parlamento e in regione. All\u2019ateneo, il pi\u00f9 sottodimensionato d\u2019Italia, servono almeno 130 docenti e 90 amministrativi e fondi per il riequilibrio per il diritto allo studio e per spazi residenziali. Dal 2005 ad oggi, nonostante il finanziamento regionale non sia stato ritoccato, la gestione virtuosa dell\u2019Universit\u00e0 ha contribuito alla realizzazione di\u00a0 \u00a0servizi residenziali, serviziContinue reading...","og_url":"https:\/\/www.article-marketing.eu\/comunicatistampa\/summit-politico-in-universita-per-affrontare-insieme-il-caso-bergamo\/","og_site_name":"Article Marketing","article_published_time":"2018-07-03T15:56:19+00:00","author":"Redaclem","twitter_card":"summary_large_image","twitter_misc":{"Scritto da":"Redaclem","Tempo di lettura stimato":"7 minuti"},"schema":{"@context":"https:\/\/schema.org","@graph":[{"@type":"Article","@id":"https:\/\/www.article-marketing.eu\/comunicatistampa\/summit-politico-in-universita-per-affrontare-insieme-il-caso-bergamo\/#article","isPartOf":{"@id":"https:\/\/www.article-marketing.eu\/comunicatistampa\/summit-politico-in-universita-per-affrontare-insieme-il-caso-bergamo\/"},"author":{"name":"Redaclem","@id":"https:\/\/www.article-marketing.eu\/comunicatistampa\/#\/schema\/person\/c0aa725eee5df8460e0adf901fde0c88"},"headline":"Summit politico in Universit\u00e0 per affrontare insieme \u201cil caso Bergamo\u201d","datePublished":"2018-07-03T15:56:19+00:00","mainEntityOfPage":{"@id":"https:\/\/www.article-marketing.eu\/comunicatistampa\/summit-politico-in-universita-per-affrontare-insieme-il-caso-bergamo\/"},"wordCount":1362,"commentCount":0,"keywords":["\u2019ateneo pi\u00f9 sottodimensionato","50 anni","94\u00b0 posto nella prestigiosa Young University Rankings","Rettore Remo Morzenti Pellegrini","Universit\u00e0 degli Studi di Bergamo"],"articleSection":["Comunicati stampa"],"inLanguage":"it-IT","potentialAction":[{"@type":"CommentAction","name":"Comment","target":["https:\/\/www.article-marketing.eu\/comunicatistampa\/summit-politico-in-universita-per-affrontare-insieme-il-caso-bergamo\/#respond"]}]},{"@type":"WebPage","@id":"https:\/\/www.article-marketing.eu\/comunicatistampa\/summit-politico-in-universita-per-affrontare-insieme-il-caso-bergamo\/","url":"https:\/\/www.article-marketing.eu\/comunicatistampa\/summit-politico-in-universita-per-affrontare-insieme-il-caso-bergamo\/","name":"Summit politico in Universit\u00e0 per affrontare insieme \u201cil caso Bergamo\u201d - Article Marketing","isPartOf":{"@id":"https:\/\/www.article-marketing.eu\/comunicatistampa\/#website"},"datePublished":"2018-07-03T15:56:19+00:00","author":{"@id":"https:\/\/www.article-marketing.eu\/comunicatistampa\/#\/schema\/person\/c0aa725eee5df8460e0adf901fde0c88"},"breadcrumb":{"@id":"https:\/\/www.article-marketing.eu\/comunicatistampa\/summit-politico-in-universita-per-affrontare-insieme-il-caso-bergamo\/#breadcrumb"},"inLanguage":"it-IT","potentialAction":[{"@type":"ReadAction","target":["https:\/\/www.article-marketing.eu\/comunicatistampa\/summit-politico-in-universita-per-affrontare-insieme-il-caso-bergamo\/"]}]},{"@type":"BreadcrumbList","@id":"https:\/\/www.article-marketing.eu\/comunicatistampa\/summit-politico-in-universita-per-affrontare-insieme-il-caso-bergamo\/#breadcrumb","itemListElement":[{"@type":"ListItem","position":1,"name":"Home","item":"https:\/\/www.article-marketing.eu\/comunicatistampa\/"},{"@type":"ListItem","position":2,"name":"Summit politico in Universit\u00e0 per affrontare insieme \u201cil caso Bergamo\u201d"}]},{"@type":"WebSite","@id":"https:\/\/www.article-marketing.eu\/comunicatistampa\/#website","url":"https:\/\/www.article-marketing.eu\/comunicatistampa\/","name":"Article Marketing","description":"article marketing &amp; press release","potentialAction":[{"@type":"SearchAction","target":{"@type":"EntryPoint","urlTemplate":"https:\/\/www.article-marketing.eu\/comunicatistampa\/?s={search_term_string}"},"query-input":{"@type":"PropertyValueSpecification","valueRequired":true,"valueName":"search_term_string"}}],"inLanguage":"it-IT"},{"@type":"Person","@id":"https:\/\/www.article-marketing.eu\/comunicatistampa\/#\/schema\/person\/c0aa725eee5df8460e0adf901fde0c88","name":"Redaclem","image":{"@type":"ImageObject","inLanguage":"it-IT","@id":"https:\/\/secure.gravatar.com\/avatar\/4c7e41f332a0583344a91d7d39723533da9b2d0df7737c2d8c69553168c2191e?s=96&d=mm&r=g","url":"https:\/\/secure.gravatar.com\/avatar\/4c7e41f332a0583344a91d7d39723533da9b2d0df7737c2d8c69553168c2191e?s=96&d=mm&r=g","contentUrl":"https:\/\/secure.gravatar.com\/avatar\/4c7e41f332a0583344a91d7d39723533da9b2d0df7737c2d8c69553168c2191e?s=96&d=mm&r=g","caption":"Redaclem"},"url":"https:\/\/www.article-marketing.eu\/comunicatistampa\/author\/redaclem\/"}]}},"_links":{"self":[{"href":"https:\/\/www.article-marketing.eu\/comunicatistampa\/wp-json\/wp\/v2\/posts\/10737","targetHints":{"allow":["GET"]}}],"collection":[{"href":"https:\/\/www.article-marketing.eu\/comunicatistampa\/wp-json\/wp\/v2\/posts"}],"about":[{"href":"https:\/\/www.article-marketing.eu\/comunicatistampa\/wp-json\/wp\/v2\/types\/post"}],"author":[{"embeddable":true,"href":"https:\/\/www.article-marketing.eu\/comunicatistampa\/wp-json\/wp\/v2\/users\/1855"}],"replies":[{"embeddable":true,"href":"https:\/\/www.article-marketing.eu\/comunicatistampa\/wp-json\/wp\/v2\/comments?post=10737"}],"version-history":[{"count":2,"href":"https:\/\/www.article-marketing.eu\/comunicatistampa\/wp-json\/wp\/v2\/posts\/10737\/revisions"}],"predecessor-version":[{"id":10743,"href":"https:\/\/www.article-marketing.eu\/comunicatistampa\/wp-json\/wp\/v2\/posts\/10737\/revisions\/10743"}],"wp:attachment":[{"href":"https:\/\/www.article-marketing.eu\/comunicatistampa\/wp-json\/wp\/v2\/media?parent=10737"}],"wp:term":[{"taxonomy":"category","embeddable":true,"href":"https:\/\/www.article-marketing.eu\/comunicatistampa\/wp-json\/wp\/v2\/categories?post=10737"},{"taxonomy":"post_tag","embeddable":true,"href":"https:\/\/www.article-marketing.eu\/comunicatistampa\/wp-json\/wp\/v2\/tags?post=10737"}],"curies":[{"name":"wp","href":"https:\/\/api.w.org\/{rel}","templated":true}]}}