{"id":10750,"date":"2018-07-05T20:13:29","date_gmt":"2018-07-05T18:13:29","guid":{"rendered":"http:\/\/www.article-marketing.eu\/comunicatistampa\/?p=10750"},"modified":"2018-07-05T20:13:29","modified_gmt":"2018-07-05T18:13:29","slug":"al-giardino-botanico-alpino-rezia-di-bormio-il-benessere-nasce-dalle-piante","status":"publish","type":"post","link":"https:\/\/www.article-marketing.eu\/comunicatistampa\/al-giardino-botanico-alpino-rezia-di-bormio-il-benessere-nasce-dalle-piante\/","title":{"rendered":"Al Giardino Botanico Alpino \u201cRezia\u201d di Bormio  il benessere nasce dalle piante"},"content":{"rendered":"<p>Un legame primordiale lega uomini e natura e gli <strong>Orti botanici della Lombardia<\/strong> affiliati all\u2019omonima Rete sono pronti a riscoprirlo con iniziative speciali per tutta l\u2019estate 2018. A <strong>Bormio<\/strong>, sar\u00e0 il meraviglioso <strong>Giardino\u00a0Botanico Alpino \u201cRezia\u201d<\/strong> ad aprire le sue porte ai visitatori con il workshop <strong>\u201cCurarsi con il Parco\u201d<\/strong>, un ciclo di quattro incontri che si ripeteranno per tre volte nel corso dei mesi di luglio e agosto 2018, con la collaborazione della dottoressa <strong>Carmela Di Mauro, specialista in Scienze Naturali e consulente in Naturopatia.<\/strong><\/p>\n<p>L\u2019iniziativa torna a grande richiesta dopo il successo riscontrato lo scorso anno, durante la sua prima edizione, e consentir\u00e0 ai partecipanti di scoprire il Parco quale veicolo di <strong>benessere psicofisico<\/strong> in un\u2019ottica olistica. Per ogni ciclo di incontri si seguiranno quattro filoni, ognuno dei quali identificato da un colore \u2013 <strong>giallo, marrone, verde e bianco<\/strong> \u2013 a cui corrisponderanno le quattro stagioni e quattro tipologie di alberi: <strong>tiglio, castagno, mandorlo e abete<\/strong>. Ognuno di essi sar\u00e0 descritto non solo per le sue caratteristiche naturali e originarie, ma anche per le sue <strong>propriet\u00e0 terapeutiche e per i valori simbolici, mitologici e cromoterapici<\/strong> ad esso connessi, leggendo dunque i colori e le piante nel loro pi\u00f9 profondo valore archetipico.<\/p>\n<p>In particolare: il giallo, colore scelto per il primo incontro di venerd\u00ec 6 luglio, associato all\u2019<strong>estate<\/strong>, sar\u00e0 rappresentato dal tiglio con cui condivide <strong>positivit\u00e0 ed energia<\/strong>. Il marrone sar\u00e0 il colore del secondo incontro, in programma per venerd\u00ec 13 luglio, e sar\u00e0 associato al castagno, albero per eccellenza dell\u2019<strong>autunno<\/strong>, espressione di una stagione di <strong>maturit\u00e0<\/strong> <strong>e maternit\u00e0<\/strong>. Venerd\u00ec 20 luglio, invece, sar\u00e0 la volta del verde, colore con cui si guarder\u00e0 alla <strong>primavera<\/strong> e all\u2019<strong>energia vitale <\/strong>che essa trasmette, particolarmente rappresentata dal mandorlo. Infine, a chiudere il ciclo, venerd\u00ec 27 luglio, il bianco, colore dell\u2019<strong>inverno<\/strong>, del <strong>silenzio vivo e vivificante <\/strong>che contiene in s\u00e9 il segreto dell\u2019inizio, tipicamente associato all\u2019abete.<\/p>\n<p>A seconda dei colori e delle stagioni ci si immerger\u00e0 nella natura lasciandosi cullare da sensazioni ed emozioni diverse orientate al benessere. Gli appuntamenti si ripeteranno anche: <strong>mercoled\u00ec 1 agosto, venerd\u00ec 3 agosto, mercoled\u00ec 8 agosto, venerd\u00ec 10 agosto e venerd\u00ec 17 agosto, mercoled\u00ec 22 agosto, venerd\u00ec 24 agosto e mercoled\u00ec 29 agosto<\/strong>. Inoltre, saranno disponibili tutti i marted\u00ec e venerd\u00ec fino a 15 settembre, alle ore 10, visite guidate al Parco e ogni gioved\u00ec alle ore 15 coinvolgenti <strong>laboratori per bambini<\/strong> fino ai 12 anni.<\/p>\n<p>Per informazioni: <em><a href=\"http:\/\/www.reteortibotanicilombardia.it\">www.reteortibotanicilombardia.it<\/a><\/em><\/p>\n<p>&nbsp;<\/p>\n","protected":false},"excerpt":{"rendered":"<p>Un legame primordiale lega uomini e natura e gli Orti botanici della Lombardia affiliati all\u2019omonima Rete sono pronti a riscoprirlo con iniziative speciali per tutta l\u2019estate 2018. A Bormio, sar\u00e0 il meraviglioso Giardino\u00a0Botanico Alpino \u201cRezia\u201d ad aprire le sue porte ai visitatori con il workshop \u201cCurarsi con il Parco\u201d, un ciclo di quattro incontri che si ripeteranno per tre volte nel corso dei mesi di luglio e agosto 2018, con<\/p>\n<p><a class=\"continue-reading\" href=\"https:\/\/www.article-marketing.eu\/comunicatistampa\/al-giardino-botanico-alpino-rezia-di-bormio-il-benessere-nasce-dalle-piante\/\">Continue reading&#8230;<\/a><\/p>\n","protected":false},"author":1855,"featured_media":0,"comment_status":"open","ping_status":"open","sticky":false,"template":"","format":"standard","meta":{"_monsterinsights_skip_tracking":false,"_monsterinsights_sitenote_active":false,"_monsterinsights_sitenote_note":"","_monsterinsights_sitenote_category":0,"footnotes":""},"categories":[78,392,369],"tags":[4532,4531,544,4533,4397],"class_list":["post-10750","post","type-post","status-publish","format-standard","hentry","category-comunicati-stampa","category-eventi","category-salute-e-benessere","tag-bormio","tag-giardino-botanico-alpino-rezia","tag-natura","tag-piante","tag-rete-orti-botanici-lombardia"],"yoast_head":"<!-- This site is optimized with the Yoast SEO plugin v27.3 - https:\/\/yoast.com\/product\/yoast-seo-wordpress\/ -->\n<title>Al Giardino Botanico Alpino \u201cRezia\u201d di Bormio il benessere nasce dalle piante - Article Marketing<\/title>\n<meta name=\"robots\" content=\"index, follow, max-snippet:-1, max-image-preview:large, max-video-preview:-1\" \/>\n<link rel=\"canonical\" href=\"https:\/\/www.article-marketing.eu\/comunicatistampa\/al-giardino-botanico-alpino-rezia-di-bormio-il-benessere-nasce-dalle-piante\/\" \/>\n<meta property=\"og:locale\" content=\"it_IT\" \/>\n<meta property=\"og:type\" content=\"article\" \/>\n<meta property=\"og:title\" content=\"Al Giardino Botanico Alpino \u201cRezia\u201d di Bormio il benessere nasce dalle piante - Article Marketing\" \/>\n<meta property=\"og:description\" content=\"Un legame primordiale lega uomini e natura e gli Orti botanici della Lombardia affiliati all\u2019omonima Rete sono pronti a riscoprirlo con iniziative speciali per tutta l\u2019estate 2018. A Bormio, sar\u00e0 il meraviglioso Giardino\u00a0Botanico Alpino \u201cRezia\u201d ad aprire le sue porte ai visitatori con il workshop \u201cCurarsi con il Parco\u201d, un ciclo di quattro incontri che si ripeteranno per tre volte nel corso dei mesi di luglio e agosto 2018, conContinue reading...\" \/>\n<meta property=\"og:url\" content=\"https:\/\/www.article-marketing.eu\/comunicatistampa\/al-giardino-botanico-alpino-rezia-di-bormio-il-benessere-nasce-dalle-piante\/\" \/>\n<meta property=\"og:site_name\" content=\"Article Marketing\" \/>\n<meta property=\"article:published_time\" content=\"2018-07-05T18:13:29+00:00\" \/>\n<meta name=\"author\" content=\"Redaclem\" \/>\n<meta name=\"twitter:card\" content=\"summary_large_image\" \/>\n<meta name=\"twitter:label1\" content=\"Scritto da\" \/>\n\t<meta name=\"twitter:data1\" content=\"Redaclem\" \/>\n\t<meta name=\"twitter:label2\" content=\"Tempo di lettura stimato\" \/>\n\t<meta name=\"twitter:data2\" content=\"2 minuti\" \/>\n<script type=\"application\/ld+json\" class=\"yoast-schema-graph\">{\"@context\":\"https:\\\/\\\/schema.org\",\"@graph\":[{\"@type\":\"Article\",\"@id\":\"https:\\\/\\\/www.article-marketing.eu\\\/comunicatistampa\\\/al-giardino-botanico-alpino-rezia-di-bormio-il-benessere-nasce-dalle-piante\\\/#article\",\"isPartOf\":{\"@id\":\"https:\\\/\\\/www.article-marketing.eu\\\/comunicatistampa\\\/al-giardino-botanico-alpino-rezia-di-bormio-il-benessere-nasce-dalle-piante\\\/\"},\"author\":{\"name\":\"Redaclem\",\"@id\":\"https:\\\/\\\/www.article-marketing.eu\\\/comunicatistampa\\\/#\\\/schema\\\/person\\\/c0aa725eee5df8460e0adf901fde0c88\"},\"headline\":\"Al Giardino Botanico Alpino \u201cRezia\u201d di Bormio il benessere nasce dalle piante\",\"datePublished\":\"2018-07-05T18:13:29+00:00\",\"mainEntityOfPage\":{\"@id\":\"https:\\\/\\\/www.article-marketing.eu\\\/comunicatistampa\\\/al-giardino-botanico-alpino-rezia-di-bormio-il-benessere-nasce-dalle-piante\\\/\"},\"wordCount\":407,\"commentCount\":0,\"keywords\":[\"bormio\",\"giardino botanico alpino rezia\",\"natura\",\"piante\",\"rete orti botanici lombardia\"],\"articleSection\":[\"Comunicati stampa\",\"Eventi\",\"Salute e benessere\"],\"inLanguage\":\"it-IT\",\"potentialAction\":[{\"@type\":\"CommentAction\",\"name\":\"Comment\",\"target\":[\"https:\\\/\\\/www.article-marketing.eu\\\/comunicatistampa\\\/al-giardino-botanico-alpino-rezia-di-bormio-il-benessere-nasce-dalle-piante\\\/#respond\"]}]},{\"@type\":\"WebPage\",\"@id\":\"https:\\\/\\\/www.article-marketing.eu\\\/comunicatistampa\\\/al-giardino-botanico-alpino-rezia-di-bormio-il-benessere-nasce-dalle-piante\\\/\",\"url\":\"https:\\\/\\\/www.article-marketing.eu\\\/comunicatistampa\\\/al-giardino-botanico-alpino-rezia-di-bormio-il-benessere-nasce-dalle-piante\\\/\",\"name\":\"Al Giardino Botanico Alpino \u201cRezia\u201d di Bormio il benessere nasce dalle piante - Article Marketing\",\"isPartOf\":{\"@id\":\"https:\\\/\\\/www.article-marketing.eu\\\/comunicatistampa\\\/#website\"},\"datePublished\":\"2018-07-05T18:13:29+00:00\",\"author\":{\"@id\":\"https:\\\/\\\/www.article-marketing.eu\\\/comunicatistampa\\\/#\\\/schema\\\/person\\\/c0aa725eee5df8460e0adf901fde0c88\"},\"breadcrumb\":{\"@id\":\"https:\\\/\\\/www.article-marketing.eu\\\/comunicatistampa\\\/al-giardino-botanico-alpino-rezia-di-bormio-il-benessere-nasce-dalle-piante\\\/#breadcrumb\"},\"inLanguage\":\"it-IT\",\"potentialAction\":[{\"@type\":\"ReadAction\",\"target\":[\"https:\\\/\\\/www.article-marketing.eu\\\/comunicatistampa\\\/al-giardino-botanico-alpino-rezia-di-bormio-il-benessere-nasce-dalle-piante\\\/\"]}]},{\"@type\":\"BreadcrumbList\",\"@id\":\"https:\\\/\\\/www.article-marketing.eu\\\/comunicatistampa\\\/al-giardino-botanico-alpino-rezia-di-bormio-il-benessere-nasce-dalle-piante\\\/#breadcrumb\",\"itemListElement\":[{\"@type\":\"ListItem\",\"position\":1,\"name\":\"Home\",\"item\":\"https:\\\/\\\/www.article-marketing.eu\\\/comunicatistampa\\\/\"},{\"@type\":\"ListItem\",\"position\":2,\"name\":\"Al Giardino Botanico Alpino \u201cRezia\u201d di Bormio il benessere nasce dalle piante\"}]},{\"@type\":\"WebSite\",\"@id\":\"https:\\\/\\\/www.article-marketing.eu\\\/comunicatistampa\\\/#website\",\"url\":\"https:\\\/\\\/www.article-marketing.eu\\\/comunicatistampa\\\/\",\"name\":\"Article Marketing\",\"description\":\"article marketing &amp; press release\",\"potentialAction\":[{\"@type\":\"SearchAction\",\"target\":{\"@type\":\"EntryPoint\",\"urlTemplate\":\"https:\\\/\\\/www.article-marketing.eu\\\/comunicatistampa\\\/?s={search_term_string}\"},\"query-input\":{\"@type\":\"PropertyValueSpecification\",\"valueRequired\":true,\"valueName\":\"search_term_string\"}}],\"inLanguage\":\"it-IT\"},{\"@type\":\"Person\",\"@id\":\"https:\\\/\\\/www.article-marketing.eu\\\/comunicatistampa\\\/#\\\/schema\\\/person\\\/c0aa725eee5df8460e0adf901fde0c88\",\"name\":\"Redaclem\",\"image\":{\"@type\":\"ImageObject\",\"inLanguage\":\"it-IT\",\"@id\":\"https:\\\/\\\/secure.gravatar.com\\\/avatar\\\/4c7e41f332a0583344a91d7d39723533da9b2d0df7737c2d8c69553168c2191e?s=96&d=mm&r=g\",\"url\":\"https:\\\/\\\/secure.gravatar.com\\\/avatar\\\/4c7e41f332a0583344a91d7d39723533da9b2d0df7737c2d8c69553168c2191e?s=96&d=mm&r=g\",\"contentUrl\":\"https:\\\/\\\/secure.gravatar.com\\\/avatar\\\/4c7e41f332a0583344a91d7d39723533da9b2d0df7737c2d8c69553168c2191e?s=96&d=mm&r=g\",\"caption\":\"Redaclem\"},\"url\":\"https:\\\/\\\/www.article-marketing.eu\\\/comunicatistampa\\\/author\\\/redaclem\\\/\"}]}<\/script>\n<!-- \/ Yoast SEO plugin. -->","yoast_head_json":{"title":"Al Giardino Botanico Alpino \u201cRezia\u201d di Bormio il benessere nasce dalle piante - Article Marketing","robots":{"index":"index","follow":"follow","max-snippet":"max-snippet:-1","max-image-preview":"max-image-preview:large","max-video-preview":"max-video-preview:-1"},"canonical":"https:\/\/www.article-marketing.eu\/comunicatistampa\/al-giardino-botanico-alpino-rezia-di-bormio-il-benessere-nasce-dalle-piante\/","og_locale":"it_IT","og_type":"article","og_title":"Al Giardino Botanico Alpino \u201cRezia\u201d di Bormio il benessere nasce dalle piante - Article Marketing","og_description":"Un legame primordiale lega uomini e natura e gli Orti botanici della Lombardia affiliati all\u2019omonima Rete sono pronti a riscoprirlo con iniziative speciali per tutta l\u2019estate 2018. A Bormio, sar\u00e0 il meraviglioso Giardino\u00a0Botanico Alpino \u201cRezia\u201d ad aprire le sue porte ai visitatori con il workshop \u201cCurarsi con il Parco\u201d, un ciclo di quattro incontri che si ripeteranno per tre volte nel corso dei mesi di luglio e agosto 2018, conContinue reading...","og_url":"https:\/\/www.article-marketing.eu\/comunicatistampa\/al-giardino-botanico-alpino-rezia-di-bormio-il-benessere-nasce-dalle-piante\/","og_site_name":"Article Marketing","article_published_time":"2018-07-05T18:13:29+00:00","author":"Redaclem","twitter_card":"summary_large_image","twitter_misc":{"Scritto da":"Redaclem","Tempo di lettura stimato":"2 minuti"},"schema":{"@context":"https:\/\/schema.org","@graph":[{"@type":"Article","@id":"https:\/\/www.article-marketing.eu\/comunicatistampa\/al-giardino-botanico-alpino-rezia-di-bormio-il-benessere-nasce-dalle-piante\/#article","isPartOf":{"@id":"https:\/\/www.article-marketing.eu\/comunicatistampa\/al-giardino-botanico-alpino-rezia-di-bormio-il-benessere-nasce-dalle-piante\/"},"author":{"name":"Redaclem","@id":"https:\/\/www.article-marketing.eu\/comunicatistampa\/#\/schema\/person\/c0aa725eee5df8460e0adf901fde0c88"},"headline":"Al Giardino Botanico Alpino \u201cRezia\u201d di Bormio il benessere nasce dalle piante","datePublished":"2018-07-05T18:13:29+00:00","mainEntityOfPage":{"@id":"https:\/\/www.article-marketing.eu\/comunicatistampa\/al-giardino-botanico-alpino-rezia-di-bormio-il-benessere-nasce-dalle-piante\/"},"wordCount":407,"commentCount":0,"keywords":["bormio","giardino botanico alpino rezia","natura","piante","rete orti botanici lombardia"],"articleSection":["Comunicati stampa","Eventi","Salute e benessere"],"inLanguage":"it-IT","potentialAction":[{"@type":"CommentAction","name":"Comment","target":["https:\/\/www.article-marketing.eu\/comunicatistampa\/al-giardino-botanico-alpino-rezia-di-bormio-il-benessere-nasce-dalle-piante\/#respond"]}]},{"@type":"WebPage","@id":"https:\/\/www.article-marketing.eu\/comunicatistampa\/al-giardino-botanico-alpino-rezia-di-bormio-il-benessere-nasce-dalle-piante\/","url":"https:\/\/www.article-marketing.eu\/comunicatistampa\/al-giardino-botanico-alpino-rezia-di-bormio-il-benessere-nasce-dalle-piante\/","name":"Al Giardino Botanico Alpino \u201cRezia\u201d di Bormio il benessere nasce dalle piante - Article Marketing","isPartOf":{"@id":"https:\/\/www.article-marketing.eu\/comunicatistampa\/#website"},"datePublished":"2018-07-05T18:13:29+00:00","author":{"@id":"https:\/\/www.article-marketing.eu\/comunicatistampa\/#\/schema\/person\/c0aa725eee5df8460e0adf901fde0c88"},"breadcrumb":{"@id":"https:\/\/www.article-marketing.eu\/comunicatistampa\/al-giardino-botanico-alpino-rezia-di-bormio-il-benessere-nasce-dalle-piante\/#breadcrumb"},"inLanguage":"it-IT","potentialAction":[{"@type":"ReadAction","target":["https:\/\/www.article-marketing.eu\/comunicatistampa\/al-giardino-botanico-alpino-rezia-di-bormio-il-benessere-nasce-dalle-piante\/"]}]},{"@type":"BreadcrumbList","@id":"https:\/\/www.article-marketing.eu\/comunicatistampa\/al-giardino-botanico-alpino-rezia-di-bormio-il-benessere-nasce-dalle-piante\/#breadcrumb","itemListElement":[{"@type":"ListItem","position":1,"name":"Home","item":"https:\/\/www.article-marketing.eu\/comunicatistampa\/"},{"@type":"ListItem","position":2,"name":"Al Giardino Botanico Alpino \u201cRezia\u201d di Bormio il benessere nasce dalle piante"}]},{"@type":"WebSite","@id":"https:\/\/www.article-marketing.eu\/comunicatistampa\/#website","url":"https:\/\/www.article-marketing.eu\/comunicatistampa\/","name":"Article Marketing","description":"article marketing &amp; press release","potentialAction":[{"@type":"SearchAction","target":{"@type":"EntryPoint","urlTemplate":"https:\/\/www.article-marketing.eu\/comunicatistampa\/?s={search_term_string}"},"query-input":{"@type":"PropertyValueSpecification","valueRequired":true,"valueName":"search_term_string"}}],"inLanguage":"it-IT"},{"@type":"Person","@id":"https:\/\/www.article-marketing.eu\/comunicatistampa\/#\/schema\/person\/c0aa725eee5df8460e0adf901fde0c88","name":"Redaclem","image":{"@type":"ImageObject","inLanguage":"it-IT","@id":"https:\/\/secure.gravatar.com\/avatar\/4c7e41f332a0583344a91d7d39723533da9b2d0df7737c2d8c69553168c2191e?s=96&d=mm&r=g","url":"https:\/\/secure.gravatar.com\/avatar\/4c7e41f332a0583344a91d7d39723533da9b2d0df7737c2d8c69553168c2191e?s=96&d=mm&r=g","contentUrl":"https:\/\/secure.gravatar.com\/avatar\/4c7e41f332a0583344a91d7d39723533da9b2d0df7737c2d8c69553168c2191e?s=96&d=mm&r=g","caption":"Redaclem"},"url":"https:\/\/www.article-marketing.eu\/comunicatistampa\/author\/redaclem\/"}]}},"_links":{"self":[{"href":"https:\/\/www.article-marketing.eu\/comunicatistampa\/wp-json\/wp\/v2\/posts\/10750","targetHints":{"allow":["GET"]}}],"collection":[{"href":"https:\/\/www.article-marketing.eu\/comunicatistampa\/wp-json\/wp\/v2\/posts"}],"about":[{"href":"https:\/\/www.article-marketing.eu\/comunicatistampa\/wp-json\/wp\/v2\/types\/post"}],"author":[{"embeddable":true,"href":"https:\/\/www.article-marketing.eu\/comunicatistampa\/wp-json\/wp\/v2\/users\/1855"}],"replies":[{"embeddable":true,"href":"https:\/\/www.article-marketing.eu\/comunicatistampa\/wp-json\/wp\/v2\/comments?post=10750"}],"version-history":[{"count":2,"href":"https:\/\/www.article-marketing.eu\/comunicatistampa\/wp-json\/wp\/v2\/posts\/10750\/revisions"}],"predecessor-version":[{"id":10776,"href":"https:\/\/www.article-marketing.eu\/comunicatistampa\/wp-json\/wp\/v2\/posts\/10750\/revisions\/10776"}],"wp:attachment":[{"href":"https:\/\/www.article-marketing.eu\/comunicatistampa\/wp-json\/wp\/v2\/media?parent=10750"}],"wp:term":[{"taxonomy":"category","embeddable":true,"href":"https:\/\/www.article-marketing.eu\/comunicatistampa\/wp-json\/wp\/v2\/categories?post=10750"},{"taxonomy":"post_tag","embeddable":true,"href":"https:\/\/www.article-marketing.eu\/comunicatistampa\/wp-json\/wp\/v2\/tags?post=10750"}],"curies":[{"name":"wp","href":"https:\/\/api.w.org\/{rel}","templated":true}]}}