{"id":10801,"date":"2018-07-10T22:34:34","date_gmt":"2018-07-10T20:34:34","guid":{"rendered":"http:\/\/www.article-marketing.eu\/comunicatistampa\/?p=10801"},"modified":"2018-07-10T22:34:34","modified_gmt":"2018-07-10T20:34:34","slug":"geometri-la-professione-si-rinnova","status":"publish","type":"post","link":"https:\/\/www.article-marketing.eu\/comunicatistampa\/geometri-la-professione-si-rinnova\/","title":{"rendered":"Geometri: la professione si rinnova"},"content":{"rendered":"<p>All\u2019interno del rinnovato corso di laurea in Ingegneria delle Tecnologie per l\u2019Edilizia al via il nuovo Piano di Studi per Geometri Laureati.\u00a0L\u2019Universit\u00e0 degli Studi di Bergamo, con il Collegio Geometri e Geometri Laureati, \u00e8 tra i primi atenei in Italia ad avviare il nuovo piano di studi.<\/p>\n<p>Nuovi orizzonti per i geometri. Dall\u2019anno accademico 2018 \/ 2019 potranno scegliere il piano di studi per Geometri Laureati nell\u2019ambito del rinnovato Corso di Laurea in <strong>Ingegneria delle Tecnologie per l\u2019Edilizia<\/strong>. Il Piano di studi \u00e8 stato attivato dall\u2019<strong>Universit\u00e0 degli studi di Bergamo <\/strong>in collaborazione con il <strong>Collegio dei Geometri e Geometri Laureati di Bergamo<\/strong> ed \u00e8 afferente al Dipartimento di Ingegneria e Scienze Applicate, nella <strong>sede di Dalmine.\u00a0 <\/strong><\/p>\n<p>Il Piano consentir\u00e0 agli studenti di acquisire le competenze pi\u00f9 importanti per l\u2019esercizio della professione di Geometra Laureato, con specifica attenzione a <strong>edilizia, urbanistica e ambiente<\/strong>,<strong>estimo e attivit\u00e0 peritali, topografia, cartografia, geodesia e catasto<\/strong><strong>\u2028<\/strong>e fornendo utili skills per la gestione di attivit\u00e0 di <strong>tecnico comunale e consulente di enti pubblici<\/strong>.<\/p>\n<p>Geometri e Ingegneri, infatti, svolgono compiti primari in molteplici ambiti: dall\u2019ambiente, per la certificazione energetica e le applicazioni delle tecniche della bioedilizia, all\u2019acustica, dall\u2019agricoltura, come periti per la definizione dei danni da calamit\u00e0 naturali, ai lavori pubblici\u2028passando per la gestione dei rifiuti, per la sicurezza nei cantieri temporanei, nei luoghi di lavoro e per la prevenzione del pericolo incendi fino all\u2019amministrazione condominiale, alla consulenza tecnica nelle controversie, all\u2019affiancamento ai notai e alle famiglie e alla valutazione immobiliare. Tutte attivit\u00e0 che richiedono <strong>formazione e aggiornamento costanti <\/strong>con elevati livelli di specializzazione.<\/p>\n<p>A portare all\u2019avvio del nuovo Piano di studi, infatti, sono proprio <strong>le mutate esigenze del mondo industriale e di quello delle costruzioni<\/strong>, con nuovi ambiti che, oltre alle competenze pi\u00f9 tradizionali, necessitano anche di nuove e specifiche conoscenze. Per questo, il nuovo Piano risponder\u00e0 alle esigenze dei <strong>geometri laureati<\/strong> che, subito dopo il termine del percorso, potranno inserirsi nel mondo del lavoro, beneficiando, per altro, della possibilit\u00e0 offerta dal percorso universitario, di svolgere <strong>tirocini extracurricolari <\/strong>presso studi professionali o in altre strutture proposte dal Collegio Geometri di Bergamo. In questo modo, al termine dei tre anni, sar\u00e0 possibile sostenere l\u2019esame di abilitazione per l\u2019iscrizione all\u2019Albo professionale senza il passaggio del praticantato.<\/p>\n<p>Il nuovo Piano si inserisce nel percorso classico della Laurea triennale in Ingegneria delle Tecnologie per l\u2019edilizia, recentemente rinnovato nel suo impianto formativo per venire incontro alle mutate esigenze del settore, percorso strutturato per gli allievi che intendano proseguire gli studi con la laurea magistrale in Ingegneria delle Costruzioni Edili o accedere direttamente al mondo del lavoro con competenze proprie della figura dell\u2019Ingegnere Junior.<\/p>\n<p><em>\u00abDa sempre siamo in ascolto del territorio e della comunit\u00e0 e calibriamo la nostra offerta formativa, rispondendo in maniera immediata ed efficace alle trasformazioni imposte dal mondo del lavoro. L\u2019attivazione di questo Piano di studi va esattamente in questa direzione. Siamo molto felici di poter contrare sulla collaborazione del Collegio dei Geometri e di aver con loro definito un\u2019iniziativa di alto livello, flessibile e con contenuti tecnici assolutamente spendibili nel<\/em><em>\u2028<\/em><em>mondo del lavoro. La creazione di un piano professionalizzante all\u2019interno di una laurea triennale affermata, svolto presso le nostre strutture universitarie, con la rilevanza scientifica e tecnica riconosciuta al nostro Ateneo, garantir\u00e0 l\u2019elevata qualit\u00e0 dei percorsi formativi necessari alla crescita culturale<\/em><em>\u2028<\/em><em>e di competenza dei futuri professionisti\u00bb<\/em>\u00a0&#8211; ha dichiarato il Rettore <strong>Remo Morzenti Pellegrini<\/strong> ricordando che l\u2019avvio del nuovo Piano di studi risponde anche alle indicazioni della direttiva europea che prevede \u201cUna formazione universitaria di alto livello\u201d quale requisito per le nuove iscrizioni negli albi professionali, a partire dal 2020, come pubblicato nella Gazzetta Ufficiale dell\u2019UE del 16 luglio 2012 2014 \/ C 226 \/ 02.<\/p>\n<p><em>\u00abIl geometra \u00e8 una figura molto importante sul territorio in quanto primario riferimento per risolvere molteplici problemi tecnici e di gestione.<\/em><em>\u2028<\/em><em>Ma oggi, si sono sviluppati nuovi ambiti che richiedono una formazione specifica e con la collaborazione di un partner d\u2019eccezione come l\u2019Universit\u00e0 degli Studi di Bergamo, istituzione universitaria di riconosciuto livello nazionale e internazionale, potremo fornire ai futuri geometri laureati tutte le professionalit\u00e0\u00a0 di cui avranno bisogno per dare avvio a una brillante carriera. Oggi, infatti, nessuna attivit\u00e0 pu\u00f2 avere successo se non si basa su elevati livelli di competenza e specializzazione, requisiti che sono ancora pi\u00f9 importanti per una categoria come la nostra\u00bb\u00a0&#8211;<\/em> ha dichiarato <strong>Renato Ferrari, presidente Collegio Geometri e Geometri Laureati di Bergamo. <\/strong><\/p>\n","protected":false},"excerpt":{"rendered":"<p>All\u2019interno del rinnovato corso di laurea in Ingegneria delle Tecnologie per l\u2019Edilizia al via il nuovo Piano di Studi per Geometri Laureati.\u00a0L\u2019Universit\u00e0 degli Studi di Bergamo, con il Collegio Geometri e Geometri Laureati, \u00e8 tra i primi atenei in Italia ad avviare il nuovo piano di studi. Nuovi orizzonti per i geometri. Dall\u2019anno accademico 2018 \/ 2019 potranno scegliere il piano di studi per Geometri Laureati nell\u2019ambito del rinnovato Corso<\/p>\n<p><a class=\"continue-reading\" href=\"https:\/\/www.article-marketing.eu\/comunicatistampa\/geometri-la-professione-si-rinnova\/\">Continue reading&#8230;<\/a><\/p>\n","protected":false},"author":1855,"featured_media":0,"comment_status":"open","ping_status":"open","sticky":false,"template":"","format":"standard","meta":{"_monsterinsights_skip_tracking":false,"_monsterinsights_sitenote_active":false,"_monsterinsights_sitenote_note":"","_monsterinsights_sitenote_category":0,"footnotes":""},"categories":[78,378],"tags":[4567,4568,4513],"class_list":["post-10801","post","type-post","status-publish","format-standard","hentry","category-comunicati-stampa","category-istruzione","tag-geometri-laureati","tag-nuovi-corsi-di-laurea","tag-universita-degli-studi-di-bergamo"],"yoast_head":"<!-- This site is optimized with the Yoast SEO plugin v27.3 - https:\/\/yoast.com\/product\/yoast-seo-wordpress\/ -->\n<title>Geometri: la professione si rinnova - Article Marketing<\/title>\n<meta name=\"robots\" content=\"index, follow, max-snippet:-1, max-image-preview:large, max-video-preview:-1\" \/>\n<link rel=\"canonical\" href=\"https:\/\/www.article-marketing.eu\/comunicatistampa\/geometri-la-professione-si-rinnova\/\" \/>\n<meta property=\"og:locale\" content=\"it_IT\" \/>\n<meta property=\"og:type\" content=\"article\" \/>\n<meta property=\"og:title\" content=\"Geometri: la professione si rinnova - Article Marketing\" \/>\n<meta property=\"og:description\" content=\"All\u2019interno del rinnovato corso di laurea in Ingegneria delle Tecnologie per l\u2019Edilizia al via il nuovo Piano di Studi per Geometri Laureati.\u00a0L\u2019Universit\u00e0 degli Studi di Bergamo, con il Collegio Geometri e Geometri Laureati, \u00e8 tra i primi atenei in Italia ad avviare il nuovo piano di studi. Nuovi orizzonti per i geometri. Dall\u2019anno accademico 2018 \/ 2019 potranno scegliere il piano di studi per Geometri Laureati nell\u2019ambito del rinnovato CorsoContinue reading...\" \/>\n<meta property=\"og:url\" content=\"https:\/\/www.article-marketing.eu\/comunicatistampa\/geometri-la-professione-si-rinnova\/\" \/>\n<meta property=\"og:site_name\" content=\"Article Marketing\" \/>\n<meta property=\"article:published_time\" content=\"2018-07-10T20:34:34+00:00\" \/>\n<meta name=\"author\" content=\"Redaclem\" \/>\n<meta name=\"twitter:card\" content=\"summary_large_image\" \/>\n<meta name=\"twitter:label1\" content=\"Scritto da\" \/>\n\t<meta name=\"twitter:data1\" content=\"Redaclem\" \/>\n\t<meta name=\"twitter:label2\" content=\"Tempo di lettura stimato\" \/>\n\t<meta name=\"twitter:data2\" content=\"4 minuti\" \/>\n<script type=\"application\/ld+json\" class=\"yoast-schema-graph\">{\"@context\":\"https:\\\/\\\/schema.org\",\"@graph\":[{\"@type\":\"Article\",\"@id\":\"https:\\\/\\\/www.article-marketing.eu\\\/comunicatistampa\\\/geometri-la-professione-si-rinnova\\\/#article\",\"isPartOf\":{\"@id\":\"https:\\\/\\\/www.article-marketing.eu\\\/comunicatistampa\\\/geometri-la-professione-si-rinnova\\\/\"},\"author\":{\"name\":\"Redaclem\",\"@id\":\"https:\\\/\\\/www.article-marketing.eu\\\/comunicatistampa\\\/#\\\/schema\\\/person\\\/c0aa725eee5df8460e0adf901fde0c88\"},\"headline\":\"Geometri: la professione si rinnova\",\"datePublished\":\"2018-07-10T20:34:34+00:00\",\"mainEntityOfPage\":{\"@id\":\"https:\\\/\\\/www.article-marketing.eu\\\/comunicatistampa\\\/geometri-la-professione-si-rinnova\\\/\"},\"wordCount\":747,\"commentCount\":0,\"keywords\":[\"geometri laureati\",\"nuovi corsi di laurea\",\"Universit\u00e0 degli Studi di Bergamo\"],\"articleSection\":[\"Comunicati stampa\",\"Istruzione\"],\"inLanguage\":\"it-IT\",\"potentialAction\":[{\"@type\":\"CommentAction\",\"name\":\"Comment\",\"target\":[\"https:\\\/\\\/www.article-marketing.eu\\\/comunicatistampa\\\/geometri-la-professione-si-rinnova\\\/#respond\"]}]},{\"@type\":\"WebPage\",\"@id\":\"https:\\\/\\\/www.article-marketing.eu\\\/comunicatistampa\\\/geometri-la-professione-si-rinnova\\\/\",\"url\":\"https:\\\/\\\/www.article-marketing.eu\\\/comunicatistampa\\\/geometri-la-professione-si-rinnova\\\/\",\"name\":\"Geometri: la professione si rinnova - Article Marketing\",\"isPartOf\":{\"@id\":\"https:\\\/\\\/www.article-marketing.eu\\\/comunicatistampa\\\/#website\"},\"datePublished\":\"2018-07-10T20:34:34+00:00\",\"author\":{\"@id\":\"https:\\\/\\\/www.article-marketing.eu\\\/comunicatistampa\\\/#\\\/schema\\\/person\\\/c0aa725eee5df8460e0adf901fde0c88\"},\"breadcrumb\":{\"@id\":\"https:\\\/\\\/www.article-marketing.eu\\\/comunicatistampa\\\/geometri-la-professione-si-rinnova\\\/#breadcrumb\"},\"inLanguage\":\"it-IT\",\"potentialAction\":[{\"@type\":\"ReadAction\",\"target\":[\"https:\\\/\\\/www.article-marketing.eu\\\/comunicatistampa\\\/geometri-la-professione-si-rinnova\\\/\"]}]},{\"@type\":\"BreadcrumbList\",\"@id\":\"https:\\\/\\\/www.article-marketing.eu\\\/comunicatistampa\\\/geometri-la-professione-si-rinnova\\\/#breadcrumb\",\"itemListElement\":[{\"@type\":\"ListItem\",\"position\":1,\"name\":\"Home\",\"item\":\"https:\\\/\\\/www.article-marketing.eu\\\/comunicatistampa\\\/\"},{\"@type\":\"ListItem\",\"position\":2,\"name\":\"Geometri: la professione si rinnova\"}]},{\"@type\":\"WebSite\",\"@id\":\"https:\\\/\\\/www.article-marketing.eu\\\/comunicatistampa\\\/#website\",\"url\":\"https:\\\/\\\/www.article-marketing.eu\\\/comunicatistampa\\\/\",\"name\":\"Article Marketing\",\"description\":\"article marketing &amp; press release\",\"potentialAction\":[{\"@type\":\"SearchAction\",\"target\":{\"@type\":\"EntryPoint\",\"urlTemplate\":\"https:\\\/\\\/www.article-marketing.eu\\\/comunicatistampa\\\/?s={search_term_string}\"},\"query-input\":{\"@type\":\"PropertyValueSpecification\",\"valueRequired\":true,\"valueName\":\"search_term_string\"}}],\"inLanguage\":\"it-IT\"},{\"@type\":\"Person\",\"@id\":\"https:\\\/\\\/www.article-marketing.eu\\\/comunicatistampa\\\/#\\\/schema\\\/person\\\/c0aa725eee5df8460e0adf901fde0c88\",\"name\":\"Redaclem\",\"image\":{\"@type\":\"ImageObject\",\"inLanguage\":\"it-IT\",\"@id\":\"https:\\\/\\\/secure.gravatar.com\\\/avatar\\\/4c7e41f332a0583344a91d7d39723533da9b2d0df7737c2d8c69553168c2191e?s=96&d=mm&r=g\",\"url\":\"https:\\\/\\\/secure.gravatar.com\\\/avatar\\\/4c7e41f332a0583344a91d7d39723533da9b2d0df7737c2d8c69553168c2191e?s=96&d=mm&r=g\",\"contentUrl\":\"https:\\\/\\\/secure.gravatar.com\\\/avatar\\\/4c7e41f332a0583344a91d7d39723533da9b2d0df7737c2d8c69553168c2191e?s=96&d=mm&r=g\",\"caption\":\"Redaclem\"},\"url\":\"https:\\\/\\\/www.article-marketing.eu\\\/comunicatistampa\\\/author\\\/redaclem\\\/\"}]}<\/script>\n<!-- \/ Yoast SEO plugin. -->","yoast_head_json":{"title":"Geometri: la professione si rinnova - Article Marketing","robots":{"index":"index","follow":"follow","max-snippet":"max-snippet:-1","max-image-preview":"max-image-preview:large","max-video-preview":"max-video-preview:-1"},"canonical":"https:\/\/www.article-marketing.eu\/comunicatistampa\/geometri-la-professione-si-rinnova\/","og_locale":"it_IT","og_type":"article","og_title":"Geometri: la professione si rinnova - Article Marketing","og_description":"All\u2019interno del rinnovato corso di laurea in Ingegneria delle Tecnologie per l\u2019Edilizia al via il nuovo Piano di Studi per Geometri Laureati.\u00a0L\u2019Universit\u00e0 degli Studi di Bergamo, con il Collegio Geometri e Geometri Laureati, \u00e8 tra i primi atenei in Italia ad avviare il nuovo piano di studi. Nuovi orizzonti per i geometri. Dall\u2019anno accademico 2018 \/ 2019 potranno scegliere il piano di studi per Geometri Laureati nell\u2019ambito del rinnovato CorsoContinue reading...","og_url":"https:\/\/www.article-marketing.eu\/comunicatistampa\/geometri-la-professione-si-rinnova\/","og_site_name":"Article Marketing","article_published_time":"2018-07-10T20:34:34+00:00","author":"Redaclem","twitter_card":"summary_large_image","twitter_misc":{"Scritto da":"Redaclem","Tempo di lettura stimato":"4 minuti"},"schema":{"@context":"https:\/\/schema.org","@graph":[{"@type":"Article","@id":"https:\/\/www.article-marketing.eu\/comunicatistampa\/geometri-la-professione-si-rinnova\/#article","isPartOf":{"@id":"https:\/\/www.article-marketing.eu\/comunicatistampa\/geometri-la-professione-si-rinnova\/"},"author":{"name":"Redaclem","@id":"https:\/\/www.article-marketing.eu\/comunicatistampa\/#\/schema\/person\/c0aa725eee5df8460e0adf901fde0c88"},"headline":"Geometri: la professione si rinnova","datePublished":"2018-07-10T20:34:34+00:00","mainEntityOfPage":{"@id":"https:\/\/www.article-marketing.eu\/comunicatistampa\/geometri-la-professione-si-rinnova\/"},"wordCount":747,"commentCount":0,"keywords":["geometri laureati","nuovi corsi di laurea","Universit\u00e0 degli Studi di Bergamo"],"articleSection":["Comunicati stampa","Istruzione"],"inLanguage":"it-IT","potentialAction":[{"@type":"CommentAction","name":"Comment","target":["https:\/\/www.article-marketing.eu\/comunicatistampa\/geometri-la-professione-si-rinnova\/#respond"]}]},{"@type":"WebPage","@id":"https:\/\/www.article-marketing.eu\/comunicatistampa\/geometri-la-professione-si-rinnova\/","url":"https:\/\/www.article-marketing.eu\/comunicatistampa\/geometri-la-professione-si-rinnova\/","name":"Geometri: la professione si rinnova - Article Marketing","isPartOf":{"@id":"https:\/\/www.article-marketing.eu\/comunicatistampa\/#website"},"datePublished":"2018-07-10T20:34:34+00:00","author":{"@id":"https:\/\/www.article-marketing.eu\/comunicatistampa\/#\/schema\/person\/c0aa725eee5df8460e0adf901fde0c88"},"breadcrumb":{"@id":"https:\/\/www.article-marketing.eu\/comunicatistampa\/geometri-la-professione-si-rinnova\/#breadcrumb"},"inLanguage":"it-IT","potentialAction":[{"@type":"ReadAction","target":["https:\/\/www.article-marketing.eu\/comunicatistampa\/geometri-la-professione-si-rinnova\/"]}]},{"@type":"BreadcrumbList","@id":"https:\/\/www.article-marketing.eu\/comunicatistampa\/geometri-la-professione-si-rinnova\/#breadcrumb","itemListElement":[{"@type":"ListItem","position":1,"name":"Home","item":"https:\/\/www.article-marketing.eu\/comunicatistampa\/"},{"@type":"ListItem","position":2,"name":"Geometri: la professione si rinnova"}]},{"@type":"WebSite","@id":"https:\/\/www.article-marketing.eu\/comunicatistampa\/#website","url":"https:\/\/www.article-marketing.eu\/comunicatistampa\/","name":"Article Marketing","description":"article marketing &amp; press release","potentialAction":[{"@type":"SearchAction","target":{"@type":"EntryPoint","urlTemplate":"https:\/\/www.article-marketing.eu\/comunicatistampa\/?s={search_term_string}"},"query-input":{"@type":"PropertyValueSpecification","valueRequired":true,"valueName":"search_term_string"}}],"inLanguage":"it-IT"},{"@type":"Person","@id":"https:\/\/www.article-marketing.eu\/comunicatistampa\/#\/schema\/person\/c0aa725eee5df8460e0adf901fde0c88","name":"Redaclem","image":{"@type":"ImageObject","inLanguage":"it-IT","@id":"https:\/\/secure.gravatar.com\/avatar\/4c7e41f332a0583344a91d7d39723533da9b2d0df7737c2d8c69553168c2191e?s=96&d=mm&r=g","url":"https:\/\/secure.gravatar.com\/avatar\/4c7e41f332a0583344a91d7d39723533da9b2d0df7737c2d8c69553168c2191e?s=96&d=mm&r=g","contentUrl":"https:\/\/secure.gravatar.com\/avatar\/4c7e41f332a0583344a91d7d39723533da9b2d0df7737c2d8c69553168c2191e?s=96&d=mm&r=g","caption":"Redaclem"},"url":"https:\/\/www.article-marketing.eu\/comunicatistampa\/author\/redaclem\/"}]}},"_links":{"self":[{"href":"https:\/\/www.article-marketing.eu\/comunicatistampa\/wp-json\/wp\/v2\/posts\/10801","targetHints":{"allow":["GET"]}}],"collection":[{"href":"https:\/\/www.article-marketing.eu\/comunicatistampa\/wp-json\/wp\/v2\/posts"}],"about":[{"href":"https:\/\/www.article-marketing.eu\/comunicatistampa\/wp-json\/wp\/v2\/types\/post"}],"author":[{"embeddable":true,"href":"https:\/\/www.article-marketing.eu\/comunicatistampa\/wp-json\/wp\/v2\/users\/1855"}],"replies":[{"embeddable":true,"href":"https:\/\/www.article-marketing.eu\/comunicatistampa\/wp-json\/wp\/v2\/comments?post=10801"}],"version-history":[{"count":2,"href":"https:\/\/www.article-marketing.eu\/comunicatistampa\/wp-json\/wp\/v2\/posts\/10801\/revisions"}],"predecessor-version":[{"id":10809,"href":"https:\/\/www.article-marketing.eu\/comunicatistampa\/wp-json\/wp\/v2\/posts\/10801\/revisions\/10809"}],"wp:attachment":[{"href":"https:\/\/www.article-marketing.eu\/comunicatistampa\/wp-json\/wp\/v2\/media?parent=10801"}],"wp:term":[{"taxonomy":"category","embeddable":true,"href":"https:\/\/www.article-marketing.eu\/comunicatistampa\/wp-json\/wp\/v2\/categories?post=10801"},{"taxonomy":"post_tag","embeddable":true,"href":"https:\/\/www.article-marketing.eu\/comunicatistampa\/wp-json\/wp\/v2\/tags?post=10801"}],"curies":[{"name":"wp","href":"https:\/\/api.w.org\/{rel}","templated":true}]}}