{"id":10821,"date":"2018-07-13T04:21:37","date_gmt":"2018-07-13T02:21:37","guid":{"rendered":"http:\/\/www.article-marketing.eu\/comunicatistampa\/?p=10821"},"modified":"2018-07-13T04:21:37","modified_gmt":"2018-07-13T02:21:37","slug":"grado-61-svela-il-suo-lato-fashion-con-miss-bologna-2018","status":"publish","type":"post","link":"https:\/\/www.article-marketing.eu\/comunicatistampa\/grado-61-svela-il-suo-lato-fashion-con-miss-bologna-2018\/","title":{"rendered":"Grado 61 svela il suo lato fashion con Miss Bologna 2018"},"content":{"rendered":"<p><em>Il 19 luglio il locale bolognese di via Stalingrado 61 cambia veste per accogliere le passerelle di Miss Bologna, attraverso una serata ricca di ospiti e intrattenimento alla presenza di Miss Romagna \u201817 Laura Coden.<\/em><\/p>\n<p>Si avvicina l\u2019edizione 2018 del pi\u00f9 celebre concorso di bellezza dedicato al capoluogo emiliano, <strong>Miss Bologna<\/strong>, ospitato quest\u2019anno dalla location bolognese Grado 61.<\/p>\n<p>Il <strong>19 luglio<\/strong>, <strong>dalle 20.00 alle 23.30<\/strong>, i partecipanti alla serata potranno muoversi all\u2019interno di un\u2019ambientazione ricreata ad hoc per l\u2019evento, con un articolato percorso di 12 metri riservato al d\u00e9fil\u00e9 e un dehor coperto allestito con tavoli e divanetti, oltre a un ampio palco rivolto verso la principale via Stalingrado, adatto a sostenere l\u2019alternanza di esibizioni e interventi dei vari ospiti presenti.<\/p>\n<p>In rappresentanza dello storico Concorso istituito nel 1939 da Enzo Mirigliani, ci saranno il direttore artistico <strong>Antonio Borrelli<\/strong> \u2013 chiamato a presentare la Selezione \u2013 e <strong>Giuseppe de Medici, <\/strong>grande professionista della televisione e dal 2004 uno dei coreografi ufficiali della competizione.<\/p>\n<p>La cena sar\u00e0 servita con modalit\u00e0 di <strong>men\u00f9 fisso<\/strong> durante lo svolgimento delle sfilate, che si articoleranno in tre differenti riprese giungendo, infine, al momento pi\u00f9 atteso: l\u2019elezione della nuova reginetta bolognese. Per chi non desiderer\u00e0 assaggiare i piatti previsti per la cena, l\u2019ingresso sar\u00e0 da considerarsi libero e gratuito.<\/p>\n<p>Seguiranno fuori gara degli speciali d\u00e9fil\u00e9 a cura delle aziende coinvolte nell\u2019organizzazione dell\u2019evento in qualit\u00e0 di <strong>sponsor<\/strong>, cui sar\u00e0 riservato anche un corner espositivo. Tra le realt\u00e0 interessate \u2013 e ben radicate sul territorio \u2013 spiccano Kia Kshop, Kia Motorplus, Rinaldi Outdoor Space, \u0160koda Auto Commerciale, Urban Flower e Volkswagen Auto Commerciale.<\/p>\n<p>Il concept di Grado 61 \u00e8 il risultato di un progetto che prevede da un lato una proposta gastronomica diversificata e rispondente a tutte le esigenze, e dall\u2019altro una programmazione di eventi ad ampio spettro, resi possibili da un ambiente stimolante e congeniale.<\/p>\n<p>L\u2019offerta del locale di via Stalingrado spazia dalle <strong>colazioni<\/strong> \u2013 impreziosite dalla mano del loro autore, Gabriele Spinelli, maestro pasticcere di fama internazionale titolare del locale Dolce Salato di Pianoro (BO) \u2013 ai <strong>pranzi<\/strong>, realizzati dalla chef ed inseriti in una carta soggetta a variazioni stagionali.<\/p>\n<p>Completa il quadro un\u2019accurata selezione di vini e di birre artigianali, protagonisti indiscussi dell\u2019<strong>aperitivo<\/strong>, accompagnati da una gustosa e ricercata offerta di appetizer a scelta tra salumi, panini gourmet e pasticceria salata.<\/p>\n<p><a href=\"http:\/\/www.facebook.com\/grado61CafeCucina\">www.facebook.com\/grado61CafeCucina<\/a><\/p>\n<p>&nbsp;<\/p>\n<p><strong>Sviluppi Urbani srl<\/strong> nasce a Bologna trent&#8217;anni fa dall\u2019unione di professionisti con esperienze di successo nel settore immobiliare, nella consulenza retail e nella gestione e commercializzazione di complessi commerciali. Negli anni si \u00e8 occupata anche di progetti di start up legati al retail e alla ristorazione nei quali \u00e8 stato ideato il concept architettonico e l&#8217;immagine interna, definito il format, e realizzato il locale, grazie ad un team di architetti interni in grado di seguire le fasi di progettazione, costruzione e allestimento dei punti vendita.<\/p>\n","protected":false},"excerpt":{"rendered":"<p>Il 19 luglio il locale bolognese di via Stalingrado 61 cambia veste per accogliere le passerelle di Miss Bologna, attraverso una serata ricca di ospiti e intrattenimento alla presenza di Miss Romagna \u201817 Laura Coden. Si avvicina l\u2019edizione 2018 del pi\u00f9 celebre concorso di bellezza dedicato al capoluogo emiliano, Miss Bologna, ospitato quest\u2019anno dalla location bolognese Grado 61. Il 19 luglio, dalle 20.00 alle 23.30, i partecipanti alla serata potranno<\/p>\n<p><a class=\"continue-reading\" href=\"https:\/\/www.article-marketing.eu\/comunicatistampa\/grado-61-svela-il-suo-lato-fashion-con-miss-bologna-2018\/\">Continue reading&#8230;<\/a><\/p>\n","protected":false},"author":397,"featured_media":0,"comment_status":"open","ping_status":"open","sticky":false,"template":"","format":"standard","meta":{"_monsterinsights_skip_tracking":false,"_monsterinsights_sitenote_active":false,"_monsterinsights_sitenote_note":"","_monsterinsights_sitenote_category":0,"footnotes":""},"categories":[78,392,353,391,351],"tags":[2074,4576,2707,4578,4579],"class_list":["post-10821","post","type-post","status-publish","format-standard","hentry","category-comunicati-stampa","category-eventi","category-intrattenimento","category-ristoranti","category-tempo-libero","tag-bologna","tag-grado-61","tag-locali-bolognesi","tag-miss-bologna","tag-miss-italia"],"yoast_head":"<!-- This site is optimized with the Yoast SEO plugin v27.3 - https:\/\/yoast.com\/product\/yoast-seo-wordpress\/ -->\n<title>Grado 61 svela il suo lato fashion con Miss Bologna 2018 - Article Marketing<\/title>\n<meta name=\"robots\" content=\"index, follow, max-snippet:-1, max-image-preview:large, max-video-preview:-1\" \/>\n<link rel=\"canonical\" href=\"https:\/\/www.article-marketing.eu\/comunicatistampa\/grado-61-svela-il-suo-lato-fashion-con-miss-bologna-2018\/\" \/>\n<meta property=\"og:locale\" content=\"it_IT\" \/>\n<meta property=\"og:type\" content=\"article\" \/>\n<meta property=\"og:title\" content=\"Grado 61 svela il suo lato fashion con Miss Bologna 2018 - Article Marketing\" \/>\n<meta property=\"og:description\" content=\"Il 19 luglio il locale bolognese di via Stalingrado 61 cambia veste per accogliere le passerelle di Miss Bologna, attraverso una serata ricca di ospiti e intrattenimento alla presenza di Miss Romagna \u201817 Laura Coden. Si avvicina l\u2019edizione 2018 del pi\u00f9 celebre concorso di bellezza dedicato al capoluogo emiliano, Miss Bologna, ospitato quest\u2019anno dalla location bolognese Grado 61. Il 19 luglio, dalle 20.00 alle 23.30, i partecipanti alla serata potrannoContinue reading...\" \/>\n<meta property=\"og:url\" content=\"https:\/\/www.article-marketing.eu\/comunicatistampa\/grado-61-svela-il-suo-lato-fashion-con-miss-bologna-2018\/\" \/>\n<meta property=\"og:site_name\" content=\"Article Marketing\" \/>\n<meta property=\"article:published_time\" content=\"2018-07-13T02:21:37+00:00\" \/>\n<meta name=\"author\" content=\"Borderline Agency\" \/>\n<meta name=\"twitter:card\" content=\"summary_large_image\" \/>\n<meta name=\"twitter:label1\" content=\"Scritto da\" \/>\n\t<meta name=\"twitter:data1\" content=\"Borderline Agency\" \/>\n\t<meta name=\"twitter:label2\" content=\"Tempo di lettura stimato\" \/>\n\t<meta name=\"twitter:data2\" content=\"2 minuti\" \/>\n<script type=\"application\/ld+json\" class=\"yoast-schema-graph\">{\"@context\":\"https:\\\/\\\/schema.org\",\"@graph\":[{\"@type\":\"Article\",\"@id\":\"https:\\\/\\\/www.article-marketing.eu\\\/comunicatistampa\\\/grado-61-svela-il-suo-lato-fashion-con-miss-bologna-2018\\\/#article\",\"isPartOf\":{\"@id\":\"https:\\\/\\\/www.article-marketing.eu\\\/comunicatistampa\\\/grado-61-svela-il-suo-lato-fashion-con-miss-bologna-2018\\\/\"},\"author\":{\"name\":\"Borderline Agency\",\"@id\":\"https:\\\/\\\/www.article-marketing.eu\\\/comunicatistampa\\\/#\\\/schema\\\/person\\\/1c4ab1c7aad84347e26e78235da6ff1b\"},\"headline\":\"Grado 61 svela il suo lato fashion con Miss Bologna 2018\",\"datePublished\":\"2018-07-13T02:21:37+00:00\",\"mainEntityOfPage\":{\"@id\":\"https:\\\/\\\/www.article-marketing.eu\\\/comunicatistampa\\\/grado-61-svela-il-suo-lato-fashion-con-miss-bologna-2018\\\/\"},\"wordCount\":482,\"commentCount\":0,\"keywords\":[\"Bologna\",\"Grado 61\",\"locali bolognesi\",\"Miss Bologna\",\"Miss Italia\"],\"articleSection\":[\"Comunicati stampa\",\"Eventi\",\"Intrattenimento\",\"Ristoranti\",\"Tempo libero\"],\"inLanguage\":\"it-IT\",\"potentialAction\":[{\"@type\":\"CommentAction\",\"name\":\"Comment\",\"target\":[\"https:\\\/\\\/www.article-marketing.eu\\\/comunicatistampa\\\/grado-61-svela-il-suo-lato-fashion-con-miss-bologna-2018\\\/#respond\"]}]},{\"@type\":\"WebPage\",\"@id\":\"https:\\\/\\\/www.article-marketing.eu\\\/comunicatistampa\\\/grado-61-svela-il-suo-lato-fashion-con-miss-bologna-2018\\\/\",\"url\":\"https:\\\/\\\/www.article-marketing.eu\\\/comunicatistampa\\\/grado-61-svela-il-suo-lato-fashion-con-miss-bologna-2018\\\/\",\"name\":\"Grado 61 svela il suo lato fashion con Miss Bologna 2018 - Article Marketing\",\"isPartOf\":{\"@id\":\"https:\\\/\\\/www.article-marketing.eu\\\/comunicatistampa\\\/#website\"},\"datePublished\":\"2018-07-13T02:21:37+00:00\",\"author\":{\"@id\":\"https:\\\/\\\/www.article-marketing.eu\\\/comunicatistampa\\\/#\\\/schema\\\/person\\\/1c4ab1c7aad84347e26e78235da6ff1b\"},\"breadcrumb\":{\"@id\":\"https:\\\/\\\/www.article-marketing.eu\\\/comunicatistampa\\\/grado-61-svela-il-suo-lato-fashion-con-miss-bologna-2018\\\/#breadcrumb\"},\"inLanguage\":\"it-IT\",\"potentialAction\":[{\"@type\":\"ReadAction\",\"target\":[\"https:\\\/\\\/www.article-marketing.eu\\\/comunicatistampa\\\/grado-61-svela-il-suo-lato-fashion-con-miss-bologna-2018\\\/\"]}]},{\"@type\":\"BreadcrumbList\",\"@id\":\"https:\\\/\\\/www.article-marketing.eu\\\/comunicatistampa\\\/grado-61-svela-il-suo-lato-fashion-con-miss-bologna-2018\\\/#breadcrumb\",\"itemListElement\":[{\"@type\":\"ListItem\",\"position\":1,\"name\":\"Home\",\"item\":\"https:\\\/\\\/www.article-marketing.eu\\\/comunicatistampa\\\/\"},{\"@type\":\"ListItem\",\"position\":2,\"name\":\"Grado 61 svela il suo lato fashion con Miss Bologna 2018\"}]},{\"@type\":\"WebSite\",\"@id\":\"https:\\\/\\\/www.article-marketing.eu\\\/comunicatistampa\\\/#website\",\"url\":\"https:\\\/\\\/www.article-marketing.eu\\\/comunicatistampa\\\/\",\"name\":\"Article Marketing\",\"description\":\"article marketing &amp; press release\",\"potentialAction\":[{\"@type\":\"SearchAction\",\"target\":{\"@type\":\"EntryPoint\",\"urlTemplate\":\"https:\\\/\\\/www.article-marketing.eu\\\/comunicatistampa\\\/?s={search_term_string}\"},\"query-input\":{\"@type\":\"PropertyValueSpecification\",\"valueRequired\":true,\"valueName\":\"search_term_string\"}}],\"inLanguage\":\"it-IT\"},{\"@type\":\"Person\",\"@id\":\"https:\\\/\\\/www.article-marketing.eu\\\/comunicatistampa\\\/#\\\/schema\\\/person\\\/1c4ab1c7aad84347e26e78235da6ff1b\",\"name\":\"Borderline Agency\",\"image\":{\"@type\":\"ImageObject\",\"inLanguage\":\"it-IT\",\"@id\":\"https:\\\/\\\/secure.gravatar.com\\\/avatar\\\/741fa053101610cb0be7dc835c116926549ae4ae2142ff35eac04d78fda61461?s=96&d=mm&r=g\",\"url\":\"https:\\\/\\\/secure.gravatar.com\\\/avatar\\\/741fa053101610cb0be7dc835c116926549ae4ae2142ff35eac04d78fda61461?s=96&d=mm&r=g\",\"contentUrl\":\"https:\\\/\\\/secure.gravatar.com\\\/avatar\\\/741fa053101610cb0be7dc835c116926549ae4ae2142ff35eac04d78fda61461?s=96&d=mm&r=g\",\"caption\":\"Borderline Agency\"},\"url\":\"https:\\\/\\\/www.article-marketing.eu\\\/comunicatistampa\\\/author\\\/borderline-agency\\\/\"}]}<\/script>\n<!-- \/ Yoast SEO plugin. -->","yoast_head_json":{"title":"Grado 61 svela il suo lato fashion con Miss Bologna 2018 - Article Marketing","robots":{"index":"index","follow":"follow","max-snippet":"max-snippet:-1","max-image-preview":"max-image-preview:large","max-video-preview":"max-video-preview:-1"},"canonical":"https:\/\/www.article-marketing.eu\/comunicatistampa\/grado-61-svela-il-suo-lato-fashion-con-miss-bologna-2018\/","og_locale":"it_IT","og_type":"article","og_title":"Grado 61 svela il suo lato fashion con Miss Bologna 2018 - Article Marketing","og_description":"Il 19 luglio il locale bolognese di via Stalingrado 61 cambia veste per accogliere le passerelle di Miss Bologna, attraverso una serata ricca di ospiti e intrattenimento alla presenza di Miss Romagna \u201817 Laura Coden. Si avvicina l\u2019edizione 2018 del pi\u00f9 celebre concorso di bellezza dedicato al capoluogo emiliano, Miss Bologna, ospitato quest\u2019anno dalla location bolognese Grado 61. Il 19 luglio, dalle 20.00 alle 23.30, i partecipanti alla serata potrannoContinue reading...","og_url":"https:\/\/www.article-marketing.eu\/comunicatistampa\/grado-61-svela-il-suo-lato-fashion-con-miss-bologna-2018\/","og_site_name":"Article Marketing","article_published_time":"2018-07-13T02:21:37+00:00","author":"Borderline Agency","twitter_card":"summary_large_image","twitter_misc":{"Scritto da":"Borderline Agency","Tempo di lettura stimato":"2 minuti"},"schema":{"@context":"https:\/\/schema.org","@graph":[{"@type":"Article","@id":"https:\/\/www.article-marketing.eu\/comunicatistampa\/grado-61-svela-il-suo-lato-fashion-con-miss-bologna-2018\/#article","isPartOf":{"@id":"https:\/\/www.article-marketing.eu\/comunicatistampa\/grado-61-svela-il-suo-lato-fashion-con-miss-bologna-2018\/"},"author":{"name":"Borderline Agency","@id":"https:\/\/www.article-marketing.eu\/comunicatistampa\/#\/schema\/person\/1c4ab1c7aad84347e26e78235da6ff1b"},"headline":"Grado 61 svela il suo lato fashion con Miss Bologna 2018","datePublished":"2018-07-13T02:21:37+00:00","mainEntityOfPage":{"@id":"https:\/\/www.article-marketing.eu\/comunicatistampa\/grado-61-svela-il-suo-lato-fashion-con-miss-bologna-2018\/"},"wordCount":482,"commentCount":0,"keywords":["Bologna","Grado 61","locali bolognesi","Miss Bologna","Miss Italia"],"articleSection":["Comunicati stampa","Eventi","Intrattenimento","Ristoranti","Tempo libero"],"inLanguage":"it-IT","potentialAction":[{"@type":"CommentAction","name":"Comment","target":["https:\/\/www.article-marketing.eu\/comunicatistampa\/grado-61-svela-il-suo-lato-fashion-con-miss-bologna-2018\/#respond"]}]},{"@type":"WebPage","@id":"https:\/\/www.article-marketing.eu\/comunicatistampa\/grado-61-svela-il-suo-lato-fashion-con-miss-bologna-2018\/","url":"https:\/\/www.article-marketing.eu\/comunicatistampa\/grado-61-svela-il-suo-lato-fashion-con-miss-bologna-2018\/","name":"Grado 61 svela il suo lato fashion con Miss Bologna 2018 - Article Marketing","isPartOf":{"@id":"https:\/\/www.article-marketing.eu\/comunicatistampa\/#website"},"datePublished":"2018-07-13T02:21:37+00:00","author":{"@id":"https:\/\/www.article-marketing.eu\/comunicatistampa\/#\/schema\/person\/1c4ab1c7aad84347e26e78235da6ff1b"},"breadcrumb":{"@id":"https:\/\/www.article-marketing.eu\/comunicatistampa\/grado-61-svela-il-suo-lato-fashion-con-miss-bologna-2018\/#breadcrumb"},"inLanguage":"it-IT","potentialAction":[{"@type":"ReadAction","target":["https:\/\/www.article-marketing.eu\/comunicatistampa\/grado-61-svela-il-suo-lato-fashion-con-miss-bologna-2018\/"]}]},{"@type":"BreadcrumbList","@id":"https:\/\/www.article-marketing.eu\/comunicatistampa\/grado-61-svela-il-suo-lato-fashion-con-miss-bologna-2018\/#breadcrumb","itemListElement":[{"@type":"ListItem","position":1,"name":"Home","item":"https:\/\/www.article-marketing.eu\/comunicatistampa\/"},{"@type":"ListItem","position":2,"name":"Grado 61 svela il suo lato fashion con Miss Bologna 2018"}]},{"@type":"WebSite","@id":"https:\/\/www.article-marketing.eu\/comunicatistampa\/#website","url":"https:\/\/www.article-marketing.eu\/comunicatistampa\/","name":"Article Marketing","description":"article marketing &amp; press release","potentialAction":[{"@type":"SearchAction","target":{"@type":"EntryPoint","urlTemplate":"https:\/\/www.article-marketing.eu\/comunicatistampa\/?s={search_term_string}"},"query-input":{"@type":"PropertyValueSpecification","valueRequired":true,"valueName":"search_term_string"}}],"inLanguage":"it-IT"},{"@type":"Person","@id":"https:\/\/www.article-marketing.eu\/comunicatistampa\/#\/schema\/person\/1c4ab1c7aad84347e26e78235da6ff1b","name":"Borderline Agency","image":{"@type":"ImageObject","inLanguage":"it-IT","@id":"https:\/\/secure.gravatar.com\/avatar\/741fa053101610cb0be7dc835c116926549ae4ae2142ff35eac04d78fda61461?s=96&d=mm&r=g","url":"https:\/\/secure.gravatar.com\/avatar\/741fa053101610cb0be7dc835c116926549ae4ae2142ff35eac04d78fda61461?s=96&d=mm&r=g","contentUrl":"https:\/\/secure.gravatar.com\/avatar\/741fa053101610cb0be7dc835c116926549ae4ae2142ff35eac04d78fda61461?s=96&d=mm&r=g","caption":"Borderline Agency"},"url":"https:\/\/www.article-marketing.eu\/comunicatistampa\/author\/borderline-agency\/"}]}},"_links":{"self":[{"href":"https:\/\/www.article-marketing.eu\/comunicatistampa\/wp-json\/wp\/v2\/posts\/10821","targetHints":{"allow":["GET"]}}],"collection":[{"href":"https:\/\/www.article-marketing.eu\/comunicatistampa\/wp-json\/wp\/v2\/posts"}],"about":[{"href":"https:\/\/www.article-marketing.eu\/comunicatistampa\/wp-json\/wp\/v2\/types\/post"}],"author":[{"embeddable":true,"href":"https:\/\/www.article-marketing.eu\/comunicatistampa\/wp-json\/wp\/v2\/users\/397"}],"replies":[{"embeddable":true,"href":"https:\/\/www.article-marketing.eu\/comunicatistampa\/wp-json\/wp\/v2\/comments?post=10821"}],"version-history":[{"count":2,"href":"https:\/\/www.article-marketing.eu\/comunicatistampa\/wp-json\/wp\/v2\/posts\/10821\/revisions"}],"predecessor-version":[{"id":10848,"href":"https:\/\/www.article-marketing.eu\/comunicatistampa\/wp-json\/wp\/v2\/posts\/10821\/revisions\/10848"}],"wp:attachment":[{"href":"https:\/\/www.article-marketing.eu\/comunicatistampa\/wp-json\/wp\/v2\/media?parent=10821"}],"wp:term":[{"taxonomy":"category","embeddable":true,"href":"https:\/\/www.article-marketing.eu\/comunicatistampa\/wp-json\/wp\/v2\/categories?post=10821"},{"taxonomy":"post_tag","embeddable":true,"href":"https:\/\/www.article-marketing.eu\/comunicatistampa\/wp-json\/wp\/v2\/tags?post=10821"}],"curies":[{"name":"wp","href":"https:\/\/api.w.org\/{rel}","templated":true}]}}