{"id":10832,"date":"2018-07-13T04:22:32","date_gmt":"2018-07-13T02:22:32","guid":{"rendered":"http:\/\/www.article-marketing.eu\/comunicatistampa\/?p=10832"},"modified":"2018-07-13T04:22:32","modified_gmt":"2018-07-13T02:22:32","slug":"workshop-a-safety-expo-2018-per-migliorare-prevenzione-e-formazione","status":"publish","type":"post","link":"https:\/\/www.article-marketing.eu\/comunicatistampa\/workshop-a-safety-expo-2018-per-migliorare-prevenzione-e-formazione\/","title":{"rendered":"Workshop a Safety Expo 2018 per migliorare prevenzione e formazione"},"content":{"rendered":"<h3>Comunicato Stampa<\/h3>\n<h3>Workshop a Safety Expo 2018 per migliorare prevenzione e formazione<\/h3>\n<p><strong><em>Dal 19 al 20 settembre a Safety Expo 2018 di Bergamo l\u2019Associazione AiFOS organizza sette nuovi workshop per rendere pi\u00f9 efficace la prevenzione di infortuni e malattie professionali e offrire nuovi strumenti a operatori e formatori.<\/em><\/strong><\/p>\n<p>\u00c8 evidente che l\u2019efficacia delle strategie di prevenzione di infortuni e malattie professionali nelle aziende dipende anche dalla <strong>qualit\u00e0 della formazione<\/strong> dei suoi lavoratori. Una formazione che deve essere realizzata con competenze adeguate, con conoscenze aggiornate e con strumenti formativi idonei e attivi, in grado cio\u00e8 di coinvolgere i lavoratori e incidere sui loro comportamenti. E per ogni percorso formativo \u00e8 necessario avere appropriati strumenti per verificare gli apprendimenti e rendere la formazione sempre pi\u00f9 adatta al contesto lavorativo.<\/p>\n<p>&nbsp;<\/p>\n<p><strong>La partecipazione di AiFOS a Safety Expo 2018<\/strong><\/p>\n<p>Per approfondire la conoscenza di rilevanti temi e strumenti per gli operatori in materia di salute e sicurezza sul lavoro, l\u2019<strong>Associazione Italiana Formatori ed Operatori della Sicurezza sul Lavoro<\/strong> (AiFOS) partecipa &#8211; con tutto il suo bagaglio di esperienze, competenze e attivit\u00e0 di ricerca in materia di formazione &#8211; alla manifestazione \u201c<strong>Safety Expo 2018<\/strong>\u201d che si terr\u00e0 a <strong>Bergamo<\/strong> il <strong>19 e 20 settembre 2018 <\/strong>e che unisce al suo interno la XIV edizione del Forum di Prevenzione Incendi e la VII edizione del Forum di Sicurezza sul Lavoro.<\/p>\n<p>Quest\u2019anno sono <strong>sette<\/strong> i <strong>workshop tematici<\/strong> organizzati dall\u2019Associazione AiFOS sui temi pi\u00f9 rilevanti e delicati per la gestione della sicurezza nelle aziende e l\u2019organizzazione di idonei percorsi formativi: la gestione dello stress, i comportamenti sicuri dei lavoratori, la conduzione della formazione in aula, i rischi negli spazi confinati, le metodologie formative attive, i rischi ergonomici e posturali e la verifica dell\u2019apprendimento.<\/p>\n<p>Nel contesto di \u201c<strong>Safety Expo 2018<\/strong>\u201d saranno poi organizzati da AiFOS ulteriori <strong>corsi con attivit\u00e0 pratiche<\/strong> &#8211; relativi alla guida in sicurezza e ai dispositivi di protezione per lavorare in quota e negli spazi confinati &#8211; che verranno promossi e pubblicizzati nei prossimi giorni.<\/p>\n<p>&nbsp;<\/p>\n<p><strong>I programmi dei workshop presentati da AiFOS<\/strong><\/p>\n<p>Ci soffermiamo sui programmi dei sette workshop &#8211; sei corsi e un seminario &#8211; organizzati a \u201c<strong>Safety Expo 2018<\/strong>\u201d dall\u2019Associazione AiFOS.<\/p>\n<p>&nbsp;<\/p>\n<p><strong>GESTIONE DELLO STRESS ED ELEMENTI DI PSICOSOMATICA NELLA PREVENZIONE DEI RISCHI NEI LUOGHI DI LAVORO<\/strong><\/p>\n<p>Da tempo la ricerca, in parallelo alla normativa in tema di sicurezza, sta sempre pi\u00f9 sottolineando l\u2019importanza di far prevenzione in azienda contemplando la relazione fra individuo e ambiente\/luogo di lavoro. Partendo da tale presupposto emerge sempre pi\u00f9 l\u2019esigenza di approcciarsi non solo agli aspetti tecnici ma anche a quelli psico-fisici e sociali che condizionano il benessere dell\u2019individuo. In quest\u2019ottica, osservare i fenomeni legati allo stress, ponendo attenzione oltre che all&#8217;importanza delle relazioni negli ambienti di lavoro anche ai fattori di carattere psicosomatico diviene un nuovo elemento di sfida.<\/p>\n<p>Docente del corso in aula:<\/p>\n<p>Sonia Colombo, <em>formatrice e psicoterapeuta ad indirizzo psicosomatico<\/em><\/p>\n<p><strong><em>Mercoled\u00ec 19 settembre 2018<\/em><\/strong><em> &#8211; dalle 09.15 alle 11.15 \u2013 Aula da 35 posti<\/em><\/p>\n<p><em>Workshop valido per 2 crediti di aggiornamento per ASPP e RSPP, RLS, Formatori Area 2, CSP\/CSE<\/em><\/p>\n<p>&nbsp;<\/p>\n<p><strong>I COMPORTAMENTI SICURI DEL LAVORATORE<\/strong><\/p>\n<p>Per acquisire un\u2019effettiva cultura della sicurezza \u00e8 necessario incidere su atteggiamenti e comportamenti del lavoratore. Il principio basilare per il cambiamento culturale \u00e8 espresso nell&#8217;evidenza di coinvolgere concretamente le persone con azioni legate al tema della sicurezza nel proprio ambiente lavorativo, facilitando la responsabilizzazione, la disponibilit\u00e0 e modificazione della percezione del rischio. Il ragionamento umano utilizza due modalit\u00e0 di pensiero, una pi\u00f9 strutturata e lenta e una pi\u00f9 rapida. Quest\u2019ultima utilizza scorciatoie (euristiche) che influenzano il modo in cui interpretiamo i rischi, il modo in cui valutiamo le probabilit\u00e0 degli eventi futuri in modo inconsapevole. Se si vuole ottenere un certo risultato in termini di \u201clavoro sicuro\u201d \u00e8 necessario agire anche sul comportamento individuale per ridurre i comportamenti a rischio.<\/p>\n<p>Docente del corso in aula:<\/p>\n<p>Sandra Frigerio, <em>formatrice qualificata AiFOS, Psicologa del lavoro<\/em><\/p>\n<p><strong><em>Mercoled\u00ec 19 settembre 2018<\/em><\/strong><em> &#8211;\u00a0 dalle 11.30 alle 13.30 \u2013 Aula da 35 posti<\/em><\/p>\n<p><em>Workshop valido per 2 crediti di aggiornamento per ASPP e RSPP, RLS, Formatori Area 3, CSP\/CSE<\/em><\/p>\n<p><em>\u00a0<\/em><\/p>\n<p><strong>CLASSROOM TRAINING<\/strong><\/p>\n<p>La performance formativa richiede una preparazione che consenta di gestire le situazioni che si presenteranno, valorizzando i propri punti di forza, minimizzando le proprie debolezze e facendo fronte ai possibili imprevisti. Agli aspetti di sicurezza, di preparazione, di &#8220;certezza&#8221;, si uniscono aspetti di forte incertezza e imprevedibilit\u00e0: come andr\u00e0 l&#8217;aula? Quali saranno i miei interlocutori? Come riceveranno i miei stimoli formativi? Riuscir\u00f2 a trasmettere i contenuti? E soprattutto, quale immagine di me avranno i partecipanti? Porsi queste domande non \u00e8 segno di debolezza, bens\u00ec di seriet\u00e0 nella preparazione di un&#8217;aula. Non sempre la &#8220;figuraccia&#8221; \u00e8 dietro l&#8217;angolo, ma il successo dipende da molti fattori.<\/p>\n<p>Il workshop passer\u00e0 in rassegna tutti quei dettagli che consentono di arrivare in aula preparati e, allo stesso tempo, aperti alle specificit\u00e0 e alle potenzialit\u00e0 formative del gruppo che si andr\u00e0 a formare.<\/p>\n<p>Docente del corso in aula:<\/p>\n<p>Emanuele Serrelli, <em>esperto nei processi di comunicazione<\/em><\/p>\n<p><strong><em>Mercoled\u00ec 19 settembre 2018<\/em><\/strong><em> &#8211; dalle 14.45 alle 16.45 \u2013 Aula da 35 posti<\/em><\/p>\n<p><em>Workshop valido per 2 crediti di aggiornamento per ASPP e RSPP, RLS, Formatori Area 3, CSP\/CSE<\/em><\/p>\n<p><em>\u00a0<\/em><\/p>\n<p><strong>Spazi Confinati: formazione, addestramento, equipaggiamento <\/strong>(seminario)<\/p>\n<p>I lavori svolti in ambienti confinati e\/o sospetti d\u2019inquinamento sono certamente tra i pi\u00f9 pericolosi. Il seminario ha lo scopo di evidenziare suggerimenti utili ai fini di una maggior sicurezza di tali luoghi. Verr\u00e0 rivolta particolare attenzione a tutto ci\u00f2 che sul piano pratico costituisce un importante elemento valutativo, secondo un\u2019idea della sicurezza legata essenzialmente al saper fare. Durante l\u2019incontro verr\u00e0 presentata una guida pratica all\u2019implementazione di misure preventive e protettive in ambienti confinati e\/o sospetti di inquinamento.<\/p>\n<p>Relatore:<br \/>\n&#8211; Christian Sbocchi<em>, Consulente, RSPP, formatore, istruttore, ideatore del sistema Safety First e dell\u2019Unit\u00e0 Mobile Addestrativa (UMA)<\/em><\/p>\n<p><strong><em>Mercoled\u00ec 19 settembre 2018<\/em><\/strong><em> &#8211; dalle 17.00 alle 18.00 \u2013 Aula da 35 posti<\/em><\/p>\n<p><em>Seminario valido per 1 credito di aggiornamento per ASPP e RSPP, RLS, Formatori Area 2, CSP\/CSE<\/em><\/p>\n<p><em>\u00a0<\/em><\/p>\n<p><strong>METODOLOGIE ATTIVE DELLA FORMAZIONE: LO STORYTELLING<\/strong><\/p>\n<p>Il workshop si svolger\u00e0 ponendo l&#8217;attenzione su due punti chiave ovvero l&#8217;efficacia della formazione vista come &#8220;risultato&#8221; dell&#8217;intervento formativo e lo storytelling come metodologia attiva della formazione e narrazione dei contenuti della salute e sicurezza 4.0. Una formazione che si avvale del concetto di &#8220;ricordo&#8221; come risultato &#8220;oggettivo&#8221; \u00e8 pi\u00f9 efficace per i partecipanti?<\/p>\n<p>Docente del corso in aula:<\/p>\n<p>Gian Piero Marabelli, <em>formatore qualificato AiFOS<\/em><\/p>\n<p><strong><em>Gioved\u00ec 20 settembre 2018<\/em><\/strong><em> &#8211; dalle 09.15 alle 11.15 \u2013 Aula da 35 posti<\/em><\/p>\n<p><em>Workshop valido per 2 crediti di aggiornamento per ASPP e RSPP, RLS, Formatori Area 3, CSP\/CSE<\/em><\/p>\n<p><em>\u00a0<\/em><\/p>\n<p><strong>ERGONOMIA, POSTURA E DOLORI MUSCOLOSCHELETRICI<\/strong><\/p>\n<p>Il workshop vuole porre l\u2019attenzione sul benessere negli ambienti di vita e di lavoro, fornendo nozioni facilmente applicabili nei diversi contesti. Verranno, inoltre, introdotti concetti relativi a rischi ergonomici e posturali, con delle pillole di esercizi pratici utili a prevenire ed alleviare i dolori muscolo-scheletrici. Scopo del corso sar\u00e0 quello di fornire delle strategie volte al mantenimento del benessere psico-fisico del lavoratore.<\/p>\n<p>Docente del corso in aula:<\/p>\n<p>Emanuele Toso, <em>fisioterapista esperto di ergonomia e metodo Back School<\/em><\/p>\n<p><strong><em>Gioved\u00ec 20 settembre 2018<\/em><\/strong><em> &#8211; dalle 11.30 alle 13.30 \u2013 Aula da 35 posti<\/em><\/p>\n<p><em>Workshop valido per 2 crediti di aggiornamento per ASPP e RSPP, RLS, Formatori Area 2, CSP\/CSE<\/em><\/p>\n<p>&nbsp;<\/p>\n<p><strong>STRUMENTI DI VERIFICA DELL&#8217;APPRENDIMENTO<\/strong><\/p>\n<p>La valutazione dell&#8217;apprendimento \u00e8 un\u2019importante fase del processo formativo. Come scegliere quesiti efficaci ma non banali? Come raccogliere dati di buona qualit\u00e0 e quantit\u00e0? Come costruire o condurre un colloquio o un test efficace? Queste sono alcune delle domande a cui cercheremo di rispondere nello svolgimento del workshop.<\/p>\n<p>Docente del corso in aula:<\/p>\n<p>Chiara Bellotti, <em>esperta di processi formativi<\/em><\/p>\n<p><strong><em>Gioved\u00ec 20 settembre 2018<\/em><\/strong><em> &#8211; dalle 14.45 alle 16.45 \u2013 Aula da 35 posti<\/em><\/p>\n<p><em>Workshop valido per 2 crediti di aggiornamento per ASPP e RSPP, RLS, Formatori Area 3, CSP\/CSE<\/em><\/p>\n<p>&nbsp;<\/p>\n<p><strong>Le informazioni per la partecipazione<\/strong><\/p>\n<p>Per tutti gli eventi, a parte il seminario gratuito, \u00e8 prevista una quota di iscrizione obbligatoria pagabile online.<\/p>\n<p>&nbsp;<\/p>\n<p>Riportiamo il link per avere ulteriori informazioni sui workshop di AiFOS a Safety Expo 2018:<\/p>\n<p><a href=\"https:\/\/aifos.org\/home\/eventi\/intev\/convegni_aifos\/safety_expo_2018_workshop\">https:\/\/aifos.org\/home\/eventi\/intev\/convegni_aifos\/safety_expo_2018_workshop<\/a><\/p>\n<p>&nbsp;<\/p>\n<p>Ricordiamo, infine, che le spese di partecipazione a convegni, congressi e simili o a corsi di aggiornamento professionale, nonch\u00e9 le spese di viaggio e soggiorno, sono integralmente deducibili &#8211; entro il limite annuo di 10.000 euro &#8211; come previsto dall&#8217;articolo 9 della Legge 22 maggio 2017, n\u00b0 81 (cosiddetto &#8220;<em>Jobs Act dei lavoratori autonomi<\/em>&#8220;).<\/p>\n<p>&nbsp;<\/p>\n<p>&nbsp;<\/p>\n<p>Per informazioni:<\/p>\n<p><strong>Sede nazionale AiFOS<\/strong>: via Branze, 45 &#8211; 25123 Brescia c\/o CSMT, Universit\u00e0 degli Studi di Brescia tel.030.6595031 &#8211; fax 030.6595040 <a href=\"http:\/\/www.aifos.it\">www.aifos.it<\/a>\u00a0\u00a0 &#8211; <a href=\"mailto:info@aifos.it\">info@aifos.it<\/a>\u00a0 &#8211; convegni@aifos.it<\/p>\n<p>&nbsp;<\/p>\n<p>&nbsp;<\/p>\n<p><em>12 luglio 2018<\/em><\/p>\n<p>&nbsp;<\/p>\n<p>Ufficio Stampa di AiFOS<\/p>\n<p>ufficiostampa@aifos.it<\/p>\n<p>http:\/\/www.aifos.it\/<\/p>\n","protected":false},"excerpt":{"rendered":"<p>Comunicato Stampa Workshop a Safety Expo 2018 per migliorare prevenzione e formazione Dal 19 al 20 settembre a Safety Expo 2018 di Bergamo l\u2019Associazione AiFOS organizza sette nuovi workshop per rendere pi\u00f9 efficace la prevenzione di infortuni e malattie professionali e offrire nuovi strumenti a operatori e formatori. \u00c8 evidente che l\u2019efficacia delle strategie di prevenzione di infortuni e malattie professionali nelle aziende dipende anche dalla qualit\u00e0 della formazione dei<\/p>\n<p><a class=\"continue-reading\" href=\"https:\/\/www.article-marketing.eu\/comunicatistampa\/workshop-a-safety-expo-2018-per-migliorare-prevenzione-e-formazione\/\">Continue reading&#8230;<\/a><\/p>\n","protected":false},"author":881,"featured_media":0,"comment_status":"open","ping_status":"open","sticky":false,"template":"","format":"standard","meta":{"_monsterinsights_skip_tracking":false,"_monsterinsights_sitenote_active":false,"_monsterinsights_sitenote_note":"","_monsterinsights_sitenote_category":0,"footnotes":""},"categories":[78,379,392,394],"tags":[3301,4590,4589,3662,3300,4588,4592,4594,4586,4587,4585,4068,1538,4591,4069,4593,4595,198],"class_list":["post-10832","post","type-post","status-publish","format-standard","hentry","category-comunicati-stampa","category-corsi","category-eventi","category-servizi","tag-aifos","tag-classroom-training","tag-comportamenti-sicuri","tag-ergonomia","tag-formazione-alla-sicurezza","tag-gestione-dello-stress","tag-metodologie-attive-della-formazione","tag-postura-e-dolori-muscoloscheletrici","tag-prevenzione-di-infortuni-e-malattie-professionali","tag-qualita-della-formazione","tag-safety-expo-2018-di-bergamo","tag-salute-e-sicurezza-sul-lavoro","tag-sicurezza-sul-lavoro","tag-spazi-confinati","tag-ssl","tag-storytelling","tag-strumenti-di-verifica-dellapprendimento","tag-workshop"],"yoast_head":"<!-- This site is optimized with the Yoast SEO plugin v27.3 - https:\/\/yoast.com\/product\/yoast-seo-wordpress\/ -->\n<title>Workshop a Safety Expo 2018 per migliorare prevenzione e formazione - Article Marketing<\/title>\n<meta name=\"robots\" content=\"index, follow, max-snippet:-1, max-image-preview:large, max-video-preview:-1\" \/>\n<link rel=\"canonical\" href=\"https:\/\/www.article-marketing.eu\/comunicatistampa\/workshop-a-safety-expo-2018-per-migliorare-prevenzione-e-formazione\/\" \/>\n<meta property=\"og:locale\" content=\"it_IT\" \/>\n<meta property=\"og:type\" content=\"article\" \/>\n<meta property=\"og:title\" content=\"Workshop a Safety Expo 2018 per migliorare prevenzione e formazione - Article Marketing\" \/>\n<meta property=\"og:description\" content=\"Comunicato Stampa Workshop a Safety Expo 2018 per migliorare prevenzione e formazione Dal 19 al 20 settembre a Safety Expo 2018 di Bergamo l\u2019Associazione AiFOS organizza sette nuovi workshop per rendere pi\u00f9 efficace la prevenzione di infortuni e malattie professionali e offrire nuovi strumenti a operatori e formatori. \u00c8 evidente che l\u2019efficacia delle strategie di prevenzione di infortuni e malattie professionali nelle aziende dipende anche dalla qualit\u00e0 della formazione deiContinue reading...\" \/>\n<meta property=\"og:url\" content=\"https:\/\/www.article-marketing.eu\/comunicatistampa\/workshop-a-safety-expo-2018-per-migliorare-prevenzione-e-formazione\/\" \/>\n<meta property=\"og:site_name\" content=\"Article Marketing\" \/>\n<meta property=\"article:published_time\" content=\"2018-07-13T02:22:32+00:00\" \/>\n<meta name=\"author\" content=\"AIFUS\" \/>\n<meta name=\"twitter:card\" content=\"summary_large_image\" \/>\n<meta name=\"twitter:label1\" content=\"Scritto da\" \/>\n\t<meta name=\"twitter:data1\" content=\"AIFUS\" \/>\n\t<meta name=\"twitter:label2\" content=\"Tempo di lettura stimato\" \/>\n\t<meta name=\"twitter:data2\" content=\"7 minuti\" \/>\n<script type=\"application\/ld+json\" class=\"yoast-schema-graph\">{\"@context\":\"https:\\\/\\\/schema.org\",\"@graph\":[{\"@type\":\"Article\",\"@id\":\"https:\\\/\\\/www.article-marketing.eu\\\/comunicatistampa\\\/workshop-a-safety-expo-2018-per-migliorare-prevenzione-e-formazione\\\/#article\",\"isPartOf\":{\"@id\":\"https:\\\/\\\/www.article-marketing.eu\\\/comunicatistampa\\\/workshop-a-safety-expo-2018-per-migliorare-prevenzione-e-formazione\\\/\"},\"author\":{\"name\":\"AIFUS\",\"@id\":\"https:\\\/\\\/www.article-marketing.eu\\\/comunicatistampa\\\/#\\\/schema\\\/person\\\/d1985c4955ff71a05f49d68e3034b3cd\"},\"headline\":\"Workshop a Safety Expo 2018 per migliorare prevenzione e formazione\",\"datePublished\":\"2018-07-13T02:22:32+00:00\",\"mainEntityOfPage\":{\"@id\":\"https:\\\/\\\/www.article-marketing.eu\\\/comunicatistampa\\\/workshop-a-safety-expo-2018-per-migliorare-prevenzione-e-formazione\\\/\"},\"wordCount\":1406,\"commentCount\":0,\"keywords\":[\"Aifos\",\"classroom training\",\"comportamenti sicuri\",\"ergonomia\",\"formazione alla sicurezza\",\"gestione dello stress\",\"metodologie attive della formazione\",\"postura e dolori muscoloscheletrici\",\"prevenzione di infortuni e malattie professionali\",\"qualit\u00e0 della formazione\",\"Safety Expo 2018 di Bergamo\",\"salute e sicurezza sul lavoro\",\"sicurezza sul lavoro\",\"spazi confinati\",\"SSL\",\"storytelling\",\"strumenti di verifica dell'apprendimento\",\"workshop\"],\"articleSection\":[\"Comunicati stampa\",\"Corsi\",\"Eventi\",\"Servizi\"],\"inLanguage\":\"it-IT\",\"potentialAction\":[{\"@type\":\"CommentAction\",\"name\":\"Comment\",\"target\":[\"https:\\\/\\\/www.article-marketing.eu\\\/comunicatistampa\\\/workshop-a-safety-expo-2018-per-migliorare-prevenzione-e-formazione\\\/#respond\"]}]},{\"@type\":\"WebPage\",\"@id\":\"https:\\\/\\\/www.article-marketing.eu\\\/comunicatistampa\\\/workshop-a-safety-expo-2018-per-migliorare-prevenzione-e-formazione\\\/\",\"url\":\"https:\\\/\\\/www.article-marketing.eu\\\/comunicatistampa\\\/workshop-a-safety-expo-2018-per-migliorare-prevenzione-e-formazione\\\/\",\"name\":\"Workshop a Safety Expo 2018 per migliorare prevenzione e formazione - Article Marketing\",\"isPartOf\":{\"@id\":\"https:\\\/\\\/www.article-marketing.eu\\\/comunicatistampa\\\/#website\"},\"datePublished\":\"2018-07-13T02:22:32+00:00\",\"author\":{\"@id\":\"https:\\\/\\\/www.article-marketing.eu\\\/comunicatistampa\\\/#\\\/schema\\\/person\\\/d1985c4955ff71a05f49d68e3034b3cd\"},\"breadcrumb\":{\"@id\":\"https:\\\/\\\/www.article-marketing.eu\\\/comunicatistampa\\\/workshop-a-safety-expo-2018-per-migliorare-prevenzione-e-formazione\\\/#breadcrumb\"},\"inLanguage\":\"it-IT\",\"potentialAction\":[{\"@type\":\"ReadAction\",\"target\":[\"https:\\\/\\\/www.article-marketing.eu\\\/comunicatistampa\\\/workshop-a-safety-expo-2018-per-migliorare-prevenzione-e-formazione\\\/\"]}]},{\"@type\":\"BreadcrumbList\",\"@id\":\"https:\\\/\\\/www.article-marketing.eu\\\/comunicatistampa\\\/workshop-a-safety-expo-2018-per-migliorare-prevenzione-e-formazione\\\/#breadcrumb\",\"itemListElement\":[{\"@type\":\"ListItem\",\"position\":1,\"name\":\"Home\",\"item\":\"https:\\\/\\\/www.article-marketing.eu\\\/comunicatistampa\\\/\"},{\"@type\":\"ListItem\",\"position\":2,\"name\":\"Workshop a Safety Expo 2018 per migliorare prevenzione e formazione\"}]},{\"@type\":\"WebSite\",\"@id\":\"https:\\\/\\\/www.article-marketing.eu\\\/comunicatistampa\\\/#website\",\"url\":\"https:\\\/\\\/www.article-marketing.eu\\\/comunicatistampa\\\/\",\"name\":\"Article Marketing\",\"description\":\"article marketing &amp; press release\",\"potentialAction\":[{\"@type\":\"SearchAction\",\"target\":{\"@type\":\"EntryPoint\",\"urlTemplate\":\"https:\\\/\\\/www.article-marketing.eu\\\/comunicatistampa\\\/?s={search_term_string}\"},\"query-input\":{\"@type\":\"PropertyValueSpecification\",\"valueRequired\":true,\"valueName\":\"search_term_string\"}}],\"inLanguage\":\"it-IT\"},{\"@type\":\"Person\",\"@id\":\"https:\\\/\\\/www.article-marketing.eu\\\/comunicatistampa\\\/#\\\/schema\\\/person\\\/d1985c4955ff71a05f49d68e3034b3cd\",\"name\":\"AIFUS\",\"image\":{\"@type\":\"ImageObject\",\"inLanguage\":\"it-IT\",\"@id\":\"https:\\\/\\\/secure.gravatar.com\\\/avatar\\\/05cf2a2ba057667571308b94c84f00ff48766ffac95710a87491a9b3ddcee484?s=96&d=mm&r=g\",\"url\":\"https:\\\/\\\/secure.gravatar.com\\\/avatar\\\/05cf2a2ba057667571308b94c84f00ff48766ffac95710a87491a9b3ddcee484?s=96&d=mm&r=g\",\"contentUrl\":\"https:\\\/\\\/secure.gravatar.com\\\/avatar\\\/05cf2a2ba057667571308b94c84f00ff48766ffac95710a87491a9b3ddcee484?s=96&d=mm&r=g\",\"caption\":\"AIFUS\"},\"url\":\"https:\\\/\\\/www.article-marketing.eu\\\/comunicatistampa\\\/author\\\/aifus\\\/\"}]}<\/script>\n<!-- \/ Yoast SEO plugin. -->","yoast_head_json":{"title":"Workshop a Safety Expo 2018 per migliorare prevenzione e formazione - Article Marketing","robots":{"index":"index","follow":"follow","max-snippet":"max-snippet:-1","max-image-preview":"max-image-preview:large","max-video-preview":"max-video-preview:-1"},"canonical":"https:\/\/www.article-marketing.eu\/comunicatistampa\/workshop-a-safety-expo-2018-per-migliorare-prevenzione-e-formazione\/","og_locale":"it_IT","og_type":"article","og_title":"Workshop a Safety Expo 2018 per migliorare prevenzione e formazione - Article Marketing","og_description":"Comunicato Stampa Workshop a Safety Expo 2018 per migliorare prevenzione e formazione Dal 19 al 20 settembre a Safety Expo 2018 di Bergamo l\u2019Associazione AiFOS organizza sette nuovi workshop per rendere pi\u00f9 efficace la prevenzione di infortuni e malattie professionali e offrire nuovi strumenti a operatori e formatori. \u00c8 evidente che l\u2019efficacia delle strategie di prevenzione di infortuni e malattie professionali nelle aziende dipende anche dalla qualit\u00e0 della formazione deiContinue reading...","og_url":"https:\/\/www.article-marketing.eu\/comunicatistampa\/workshop-a-safety-expo-2018-per-migliorare-prevenzione-e-formazione\/","og_site_name":"Article Marketing","article_published_time":"2018-07-13T02:22:32+00:00","author":"AIFUS","twitter_card":"summary_large_image","twitter_misc":{"Scritto da":"AIFUS","Tempo di lettura stimato":"7 minuti"},"schema":{"@context":"https:\/\/schema.org","@graph":[{"@type":"Article","@id":"https:\/\/www.article-marketing.eu\/comunicatistampa\/workshop-a-safety-expo-2018-per-migliorare-prevenzione-e-formazione\/#article","isPartOf":{"@id":"https:\/\/www.article-marketing.eu\/comunicatistampa\/workshop-a-safety-expo-2018-per-migliorare-prevenzione-e-formazione\/"},"author":{"name":"AIFUS","@id":"https:\/\/www.article-marketing.eu\/comunicatistampa\/#\/schema\/person\/d1985c4955ff71a05f49d68e3034b3cd"},"headline":"Workshop a Safety Expo 2018 per migliorare prevenzione e formazione","datePublished":"2018-07-13T02:22:32+00:00","mainEntityOfPage":{"@id":"https:\/\/www.article-marketing.eu\/comunicatistampa\/workshop-a-safety-expo-2018-per-migliorare-prevenzione-e-formazione\/"},"wordCount":1406,"commentCount":0,"keywords":["Aifos","classroom training","comportamenti sicuri","ergonomia","formazione alla sicurezza","gestione dello stress","metodologie attive della formazione","postura e dolori muscoloscheletrici","prevenzione di infortuni e malattie professionali","qualit\u00e0 della formazione","Safety Expo 2018 di Bergamo","salute e sicurezza sul lavoro","sicurezza sul lavoro","spazi confinati","SSL","storytelling","strumenti di verifica dell'apprendimento","workshop"],"articleSection":["Comunicati stampa","Corsi","Eventi","Servizi"],"inLanguage":"it-IT","potentialAction":[{"@type":"CommentAction","name":"Comment","target":["https:\/\/www.article-marketing.eu\/comunicatistampa\/workshop-a-safety-expo-2018-per-migliorare-prevenzione-e-formazione\/#respond"]}]},{"@type":"WebPage","@id":"https:\/\/www.article-marketing.eu\/comunicatistampa\/workshop-a-safety-expo-2018-per-migliorare-prevenzione-e-formazione\/","url":"https:\/\/www.article-marketing.eu\/comunicatistampa\/workshop-a-safety-expo-2018-per-migliorare-prevenzione-e-formazione\/","name":"Workshop a Safety Expo 2018 per migliorare prevenzione e formazione - Article Marketing","isPartOf":{"@id":"https:\/\/www.article-marketing.eu\/comunicatistampa\/#website"},"datePublished":"2018-07-13T02:22:32+00:00","author":{"@id":"https:\/\/www.article-marketing.eu\/comunicatistampa\/#\/schema\/person\/d1985c4955ff71a05f49d68e3034b3cd"},"breadcrumb":{"@id":"https:\/\/www.article-marketing.eu\/comunicatistampa\/workshop-a-safety-expo-2018-per-migliorare-prevenzione-e-formazione\/#breadcrumb"},"inLanguage":"it-IT","potentialAction":[{"@type":"ReadAction","target":["https:\/\/www.article-marketing.eu\/comunicatistampa\/workshop-a-safety-expo-2018-per-migliorare-prevenzione-e-formazione\/"]}]},{"@type":"BreadcrumbList","@id":"https:\/\/www.article-marketing.eu\/comunicatistampa\/workshop-a-safety-expo-2018-per-migliorare-prevenzione-e-formazione\/#breadcrumb","itemListElement":[{"@type":"ListItem","position":1,"name":"Home","item":"https:\/\/www.article-marketing.eu\/comunicatistampa\/"},{"@type":"ListItem","position":2,"name":"Workshop a Safety Expo 2018 per migliorare prevenzione e formazione"}]},{"@type":"WebSite","@id":"https:\/\/www.article-marketing.eu\/comunicatistampa\/#website","url":"https:\/\/www.article-marketing.eu\/comunicatistampa\/","name":"Article Marketing","description":"article marketing &amp; press release","potentialAction":[{"@type":"SearchAction","target":{"@type":"EntryPoint","urlTemplate":"https:\/\/www.article-marketing.eu\/comunicatistampa\/?s={search_term_string}"},"query-input":{"@type":"PropertyValueSpecification","valueRequired":true,"valueName":"search_term_string"}}],"inLanguage":"it-IT"},{"@type":"Person","@id":"https:\/\/www.article-marketing.eu\/comunicatistampa\/#\/schema\/person\/d1985c4955ff71a05f49d68e3034b3cd","name":"AIFUS","image":{"@type":"ImageObject","inLanguage":"it-IT","@id":"https:\/\/secure.gravatar.com\/avatar\/05cf2a2ba057667571308b94c84f00ff48766ffac95710a87491a9b3ddcee484?s=96&d=mm&r=g","url":"https:\/\/secure.gravatar.com\/avatar\/05cf2a2ba057667571308b94c84f00ff48766ffac95710a87491a9b3ddcee484?s=96&d=mm&r=g","contentUrl":"https:\/\/secure.gravatar.com\/avatar\/05cf2a2ba057667571308b94c84f00ff48766ffac95710a87491a9b3ddcee484?s=96&d=mm&r=g","caption":"AIFUS"},"url":"https:\/\/www.article-marketing.eu\/comunicatistampa\/author\/aifus\/"}]}},"_links":{"self":[{"href":"https:\/\/www.article-marketing.eu\/comunicatistampa\/wp-json\/wp\/v2\/posts\/10832","targetHints":{"allow":["GET"]}}],"collection":[{"href":"https:\/\/www.article-marketing.eu\/comunicatistampa\/wp-json\/wp\/v2\/posts"}],"about":[{"href":"https:\/\/www.article-marketing.eu\/comunicatistampa\/wp-json\/wp\/v2\/types\/post"}],"author":[{"embeddable":true,"href":"https:\/\/www.article-marketing.eu\/comunicatistampa\/wp-json\/wp\/v2\/users\/881"}],"replies":[{"embeddable":true,"href":"https:\/\/www.article-marketing.eu\/comunicatistampa\/wp-json\/wp\/v2\/comments?post=10832"}],"version-history":[{"count":2,"href":"https:\/\/www.article-marketing.eu\/comunicatistampa\/wp-json\/wp\/v2\/posts\/10832\/revisions"}],"predecessor-version":[{"id":10851,"href":"https:\/\/www.article-marketing.eu\/comunicatistampa\/wp-json\/wp\/v2\/posts\/10832\/revisions\/10851"}],"wp:attachment":[{"href":"https:\/\/www.article-marketing.eu\/comunicatistampa\/wp-json\/wp\/v2\/media?parent=10832"}],"wp:term":[{"taxonomy":"category","embeddable":true,"href":"https:\/\/www.article-marketing.eu\/comunicatistampa\/wp-json\/wp\/v2\/categories?post=10832"},{"taxonomy":"post_tag","embeddable":true,"href":"https:\/\/www.article-marketing.eu\/comunicatistampa\/wp-json\/wp\/v2\/tags?post=10832"}],"curies":[{"name":"wp","href":"https:\/\/api.w.org\/{rel}","templated":true}]}}