{"id":10857,"date":"2018-07-13T20:22:03","date_gmt":"2018-07-13T18:22:03","guid":{"rendered":"http:\/\/www.article-marketing.eu\/comunicatistampa\/?p=10857"},"modified":"2018-07-13T20:22:03","modified_gmt":"2018-07-13T18:22:03","slug":"niente-vacanze-per-8-milioni-di-italiani","status":"publish","type":"post","link":"https:\/\/www.article-marketing.eu\/comunicatistampa\/niente-vacanze-per-8-milioni-di-italiani\/","title":{"rendered":"Niente vacanze per 8 milioni di italiani"},"content":{"rendered":"<p><strong><em>\u00a0<\/em><\/strong><\/p>\n<p>Il momento di staccare la spina e godersi le meritate vacanze sta per arrivare per molti italiani, ma non per tutti. Secondo un\u2019indagine commissionata da <strong><a href=\"https:\/\/www.facile.it\/\">Facile.it<\/a> <\/strong>all\u2019istituto di ricerca <strong>mUp Research<\/strong> e condotta con l\u2019ausilio di Norstat su un campione rappresentativo della popolazione nazionale*, sono <strong>8,3 milioni i nostri connazionali che quest\u2019anno non partiranno per le ferie estive<\/strong>, vale a dire poco meno di 1 italiano adulto su 5.<\/p>\n<p><strong>Chi resta a casa\u2026<\/strong><\/p>\n<p>La prima ragione per cui non si parte \u00e8 di natura economica; il <strong>64%<\/strong> di chi rinuncer\u00e0 alle vacanze, ovvero <strong>5,3 milioni di persone<\/strong>, ha dichiarato, semplicemente, di <strong>non potersele permettere<\/strong>. Appuntamento invece solo rimandato per 1,4 milioni di persone (<strong>17%<\/strong> dei rispondenti che non partiranno); faranno s\u00ec le ferie, ma pi\u00f9 avanti. Pu\u00f2 sembrare curioso, eppure ci sono ben 1,2 milioni di italiani (<strong>15%<\/strong>) che non faranno ferie perch\u00e9\u2026 non hanno interesse a farle!<\/p>\n<p>Se a livello complessivo a<strong> non partire questa estate saranno soprattutto i single<\/strong> (1 su 3 rester\u00e0 a casa), gli <strong>over 55 <\/strong>(pi\u00f9 di 1 su 4) e i <strong>residenti nel Centro Sud<\/strong> (pi\u00f9 di uno su cinque), analizzando la sola parte di rispondenti che hanno dichiarato di <strong>non potersi economicamente permettere le vacanze<\/strong>, emerge un altro quadro.<\/p>\n<p>A dover rinunciare alle ferie per motivi economici sono principalmente le <strong>famiglie con 3 o 4 componenti<\/strong>, ma anche i giovani con et\u00e0 compresa fra <strong>i 25 ed i 34 anni<\/strong> (fra chi, in questa fascia d\u2019et\u00e0 non parte, quasi 7 su 10 lo fa per ragioni economiche).<\/p>\n<p><strong>\u2026e chi va in vacanza<\/strong><\/p>\n<p>Guardando all\u2019altra met\u00e0 della mela, sono circa <strong>35,5 milioni gli italiani che partiranno<\/strong> per le ferie,<strong> ma dove andranno? Il Belpaese si conferma la meta privilegiata per i vacanzieri 2018, tanto che pi\u00f9 di 7 rispondenti su 10 <\/strong>(73%) hanno dichiarato di scegliere come destinazione una delle localit\u00e0 di villeggiatura italiane, mentre il 18% trascorrer\u00e0 le ferie all\u2019estero e il 9% dei rispondenti all\u2019indagine ha dichiarato che alterner\u00e0 un viaggio in Italia con uno oltre confine.<\/p>\n<p>In media gli italiani che <strong>partiranno trascorreranno in vacanza 10,6 giorni<\/strong> e se \u00e8 vero che il budget pro capite mediamente stanziato per le ferie \u00e8 risultato pari a <strong>1.580<\/strong> euro, <strong>il 52% dei vacanzieri non arriver\u00e0 a spendere pi\u00f9 di 1.000 euro<\/strong>.<\/p>\n<p>Questo valore, per\u00f2, cambia sensibilmente a seconda dell\u2019et\u00e0 del viaggiatore; se gli under 25 sono quelli che spenderanno di meno, in media 785 euro, saranno gli adulti tra i 35 e 54 anni e gli over 55 a destinare maggiori risorse economiche alla vacanza, con una spesa media pro capite pari a, rispettivamente, 1.700 euro e 1.913 euro.<\/p>\n<p>Budget diversi e, evidentemente, legati anche alla durata delle vacanze, che si preannunciano mediamente corte per i giovani con meno di 35 anni, dei quali circa il 50% far\u00e0 viaggi inferiori ai 7 giorni, mentre i pi\u00f9 adulti si concederanno soggiorni di durata maggiore, superiori alla settimana per il 62% di coloro che hanno tra i 35 e 54 anni e per il 69% degli over 55.<\/p>\n<p>Per tutelarsi dai rischi connessi alle vacanze, chi parte, soprattutto per viaggi lunghi e fuori dall\u2019Italia, sempre pi\u00f9 frequentemente si assicura da eventuali imprevisti sottoscrivendo una <strong>polizza viaggio<\/strong>; secondo l\u2019analisi di Facile.it nei primi 5 mesi del 2018 <strong>le richieste di polizze vacanza raccolte tramite il sito sono aumentate del 30,4% <\/strong>rispetto allo stesso periodo del 2017.<\/p>\n<p>Tra le assicurazioni pi\u00f9 diffuse c\u2019\u00e8 quella per <strong>l\u2019annullamento della vacanza<\/strong>, che rimborsa il cliente nel caso in cui fosse costretto a cancellare il viaggio per gravi motivi, e quella per le <strong>spese mediche<\/strong>, che serve per pagare i costi legati a eventuali prestazioni sanitarie urgenti non coperte dal Servizio Sanitario Nazionale del Paese in cui si soggiorna.<\/p>\n<p><em>\u00abI benefici offerti da queste tipologie di assicurazioni sono molteplici a fronte di costi decisamente contenuti\u00bb,<\/em> spiega <strong>Lodovico Agnoli<\/strong>, responsabile new business di Facile.it. <em>\u00abI premi variano a seconda della tipologia di polizza e della destinazione, ma guardando alle<\/em><em> migliori tariffe disponibili su Facile.it a giugno 2018, si parte dai 10 euro a persona per l\u2019assicurazione sanitaria se si viaggia 1 settimana in Europa, fino ad arrivare a circa 20 euro per un pacchetto che include anche la garanzia annullamento. I prezzi salgono un po\u2019 se ci si sposta fuori dal continente; per un viaggio di 1 settimana negli USA, ad esempio, i costi partono da 22 euro per la copertura sanitaria, mentre per un pacchetto con annullamento i premi partono dai 50 euro<\/em>.<em>\u00bb.<\/em><\/p>\n<p>&nbsp;<\/p>\n<p><em>\u00a0<\/em><\/p>\n<p><em>* Metodologia: n.1018 interviste CAWI con individui in et\u00e0 tra i 18 e i 74 anni ed oltre, ad un campione rappresentativo della popolazione italiana adulta. Gli intervistati sono stati raggiunti tramite l\u2019invio di un\u2019email di istruzioni e di invito alla compilazione e hanno avuto accesso al questionario solo se qualificabili nel target stabilito per questa indagine. Indagine condotta fra il 7 e l\u201911 giugno 2018. <\/em><\/p>\n<p>&nbsp;<\/p>\n<p>&nbsp;<\/p>\n","protected":false},"excerpt":{"rendered":"<p>\u00a0 Il momento di staccare la spina e godersi le meritate vacanze sta per arrivare per molti italiani, ma non per tutti. Secondo un\u2019indagine commissionata da Facile.it all\u2019istituto di ricerca mUp Research e condotta con l\u2019ausilio di Norstat su un campione rappresentativo della popolazione nazionale*, sono 8,3 milioni i nostri connazionali che quest\u2019anno non partiranno per le ferie estive, vale a dire poco meno di 1 italiano adulto su 5.<\/p>\n<p><a class=\"continue-reading\" href=\"https:\/\/www.article-marketing.eu\/comunicatistampa\/niente-vacanze-per-8-milioni-di-italiani\/\">Continue reading&#8230;<\/a><\/p>\n","protected":false},"author":62,"featured_media":0,"comment_status":"open","ping_status":"open","sticky":false,"template":"","format":"standard","meta":{"_monsterinsights_skip_tracking":false,"_monsterinsights_sitenote_active":false,"_monsterinsights_sitenote_note":"","_monsterinsights_sitenote_category":0,"footnotes":""},"categories":[367],"tags":[1336,555,1957,865,870],"class_list":["post-10857","post","type-post","status-publish","format-standard","hentry","category-news-e-attualita","tag-estate","tag-facile-it","tag-italia","tag-soldi","tag-vacanze"],"yoast_head":"<!-- This site is optimized with the Yoast SEO plugin v27.3 - https:\/\/yoast.com\/product\/yoast-seo-wordpress\/ -->\n<title>Niente vacanze per 8 milioni di italiani - Article Marketing<\/title>\n<meta name=\"robots\" content=\"index, follow, max-snippet:-1, max-image-preview:large, max-video-preview:-1\" \/>\n<link rel=\"canonical\" href=\"https:\/\/www.article-marketing.eu\/comunicatistampa\/niente-vacanze-per-8-milioni-di-italiani\/\" \/>\n<meta property=\"og:locale\" content=\"it_IT\" \/>\n<meta property=\"og:type\" content=\"article\" \/>\n<meta property=\"og:title\" content=\"Niente vacanze per 8 milioni di italiani - Article Marketing\" \/>\n<meta property=\"og:description\" content=\"\u00a0 Il momento di staccare la spina e godersi le meritate vacanze sta per arrivare per molti italiani, ma non per tutti. Secondo un\u2019indagine commissionata da Facile.it all\u2019istituto di ricerca mUp Research e condotta con l\u2019ausilio di Norstat su un campione rappresentativo della popolazione nazionale*, sono 8,3 milioni i nostri connazionali che quest\u2019anno non partiranno per le ferie estive, vale a dire poco meno di 1 italiano adulto su 5.Continue reading...\" \/>\n<meta property=\"og:url\" content=\"https:\/\/www.article-marketing.eu\/comunicatistampa\/niente-vacanze-per-8-milioni-di-italiani\/\" \/>\n<meta property=\"og:site_name\" content=\"Article Marketing\" \/>\n<meta property=\"article:published_time\" content=\"2018-07-13T18:22:03+00:00\" \/>\n<meta name=\"author\" content=\"Facile.it\" \/>\n<meta name=\"twitter:card\" content=\"summary_large_image\" \/>\n<meta name=\"twitter:label1\" content=\"Scritto da\" \/>\n\t<meta name=\"twitter:data1\" content=\"Facile.it\" \/>\n\t<meta name=\"twitter:label2\" content=\"Tempo di lettura stimato\" \/>\n\t<meta name=\"twitter:data2\" content=\"4 minuti\" \/>\n<script type=\"application\/ld+json\" class=\"yoast-schema-graph\">{\"@context\":\"https:\\\/\\\/schema.org\",\"@graph\":[{\"@type\":\"Article\",\"@id\":\"https:\\\/\\\/www.article-marketing.eu\\\/comunicatistampa\\\/niente-vacanze-per-8-milioni-di-italiani\\\/#article\",\"isPartOf\":{\"@id\":\"https:\\\/\\\/www.article-marketing.eu\\\/comunicatistampa\\\/niente-vacanze-per-8-milioni-di-italiani\\\/\"},\"author\":{\"name\":\"Facile.it\",\"@id\":\"https:\\\/\\\/www.article-marketing.eu\\\/comunicatistampa\\\/#\\\/schema\\\/person\\\/1deca6d9e0cf173abfe76a90ef261a2a\"},\"headline\":\"Niente vacanze per 8 milioni di italiani\",\"datePublished\":\"2018-07-13T18:22:03+00:00\",\"mainEntityOfPage\":{\"@id\":\"https:\\\/\\\/www.article-marketing.eu\\\/comunicatistampa\\\/niente-vacanze-per-8-milioni-di-italiani\\\/\"},\"wordCount\":771,\"commentCount\":0,\"keywords\":[\"estate\",\"facile.it\",\"Italia\",\"soldi\",\"vacanze\"],\"articleSection\":[\"News e Attualit\u00e0\"],\"inLanguage\":\"it-IT\",\"potentialAction\":[{\"@type\":\"CommentAction\",\"name\":\"Comment\",\"target\":[\"https:\\\/\\\/www.article-marketing.eu\\\/comunicatistampa\\\/niente-vacanze-per-8-milioni-di-italiani\\\/#respond\"]}]},{\"@type\":\"WebPage\",\"@id\":\"https:\\\/\\\/www.article-marketing.eu\\\/comunicatistampa\\\/niente-vacanze-per-8-milioni-di-italiani\\\/\",\"url\":\"https:\\\/\\\/www.article-marketing.eu\\\/comunicatistampa\\\/niente-vacanze-per-8-milioni-di-italiani\\\/\",\"name\":\"Niente vacanze per 8 milioni di italiani - Article Marketing\",\"isPartOf\":{\"@id\":\"https:\\\/\\\/www.article-marketing.eu\\\/comunicatistampa\\\/#website\"},\"datePublished\":\"2018-07-13T18:22:03+00:00\",\"author\":{\"@id\":\"https:\\\/\\\/www.article-marketing.eu\\\/comunicatistampa\\\/#\\\/schema\\\/person\\\/1deca6d9e0cf173abfe76a90ef261a2a\"},\"breadcrumb\":{\"@id\":\"https:\\\/\\\/www.article-marketing.eu\\\/comunicatistampa\\\/niente-vacanze-per-8-milioni-di-italiani\\\/#breadcrumb\"},\"inLanguage\":\"it-IT\",\"potentialAction\":[{\"@type\":\"ReadAction\",\"target\":[\"https:\\\/\\\/www.article-marketing.eu\\\/comunicatistampa\\\/niente-vacanze-per-8-milioni-di-italiani\\\/\"]}]},{\"@type\":\"BreadcrumbList\",\"@id\":\"https:\\\/\\\/www.article-marketing.eu\\\/comunicatistampa\\\/niente-vacanze-per-8-milioni-di-italiani\\\/#breadcrumb\",\"itemListElement\":[{\"@type\":\"ListItem\",\"position\":1,\"name\":\"Home\",\"item\":\"https:\\\/\\\/www.article-marketing.eu\\\/comunicatistampa\\\/\"},{\"@type\":\"ListItem\",\"position\":2,\"name\":\"Niente vacanze per 8 milioni di italiani\"}]},{\"@type\":\"WebSite\",\"@id\":\"https:\\\/\\\/www.article-marketing.eu\\\/comunicatistampa\\\/#website\",\"url\":\"https:\\\/\\\/www.article-marketing.eu\\\/comunicatistampa\\\/\",\"name\":\"Article Marketing\",\"description\":\"article marketing &amp; press release\",\"potentialAction\":[{\"@type\":\"SearchAction\",\"target\":{\"@type\":\"EntryPoint\",\"urlTemplate\":\"https:\\\/\\\/www.article-marketing.eu\\\/comunicatistampa\\\/?s={search_term_string}\"},\"query-input\":{\"@type\":\"PropertyValueSpecification\",\"valueRequired\":true,\"valueName\":\"search_term_string\"}}],\"inLanguage\":\"it-IT\"},{\"@type\":\"Person\",\"@id\":\"https:\\\/\\\/www.article-marketing.eu\\\/comunicatistampa\\\/#\\\/schema\\\/person\\\/1deca6d9e0cf173abfe76a90ef261a2a\",\"name\":\"Facile.it\",\"image\":{\"@type\":\"ImageObject\",\"inLanguage\":\"it-IT\",\"@id\":\"https:\\\/\\\/secure.gravatar.com\\\/avatar\\\/2623775dfcd174bde1a788a4bc028e9035747fa40886953f4954f56c45cf4b34?s=96&d=mm&r=g\",\"url\":\"https:\\\/\\\/secure.gravatar.com\\\/avatar\\\/2623775dfcd174bde1a788a4bc028e9035747fa40886953f4954f56c45cf4b34?s=96&d=mm&r=g\",\"contentUrl\":\"https:\\\/\\\/secure.gravatar.com\\\/avatar\\\/2623775dfcd174bde1a788a4bc028e9035747fa40886953f4954f56c45cf4b34?s=96&d=mm&r=g\",\"caption\":\"Facile.it\"},\"url\":\"https:\\\/\\\/www.article-marketing.eu\\\/comunicatistampa\\\/author\\\/facile-it\\\/\"}]}<\/script>\n<!-- \/ Yoast SEO plugin. -->","yoast_head_json":{"title":"Niente vacanze per 8 milioni di italiani - Article Marketing","robots":{"index":"index","follow":"follow","max-snippet":"max-snippet:-1","max-image-preview":"max-image-preview:large","max-video-preview":"max-video-preview:-1"},"canonical":"https:\/\/www.article-marketing.eu\/comunicatistampa\/niente-vacanze-per-8-milioni-di-italiani\/","og_locale":"it_IT","og_type":"article","og_title":"Niente vacanze per 8 milioni di italiani - Article Marketing","og_description":"\u00a0 Il momento di staccare la spina e godersi le meritate vacanze sta per arrivare per molti italiani, ma non per tutti. Secondo un\u2019indagine commissionata da Facile.it all\u2019istituto di ricerca mUp Research e condotta con l\u2019ausilio di Norstat su un campione rappresentativo della popolazione nazionale*, sono 8,3 milioni i nostri connazionali che quest\u2019anno non partiranno per le ferie estive, vale a dire poco meno di 1 italiano adulto su 5.Continue reading...","og_url":"https:\/\/www.article-marketing.eu\/comunicatistampa\/niente-vacanze-per-8-milioni-di-italiani\/","og_site_name":"Article Marketing","article_published_time":"2018-07-13T18:22:03+00:00","author":"Facile.it","twitter_card":"summary_large_image","twitter_misc":{"Scritto da":"Facile.it","Tempo di lettura stimato":"4 minuti"},"schema":{"@context":"https:\/\/schema.org","@graph":[{"@type":"Article","@id":"https:\/\/www.article-marketing.eu\/comunicatistampa\/niente-vacanze-per-8-milioni-di-italiani\/#article","isPartOf":{"@id":"https:\/\/www.article-marketing.eu\/comunicatistampa\/niente-vacanze-per-8-milioni-di-italiani\/"},"author":{"name":"Facile.it","@id":"https:\/\/www.article-marketing.eu\/comunicatistampa\/#\/schema\/person\/1deca6d9e0cf173abfe76a90ef261a2a"},"headline":"Niente vacanze per 8 milioni di italiani","datePublished":"2018-07-13T18:22:03+00:00","mainEntityOfPage":{"@id":"https:\/\/www.article-marketing.eu\/comunicatistampa\/niente-vacanze-per-8-milioni-di-italiani\/"},"wordCount":771,"commentCount":0,"keywords":["estate","facile.it","Italia","soldi","vacanze"],"articleSection":["News e Attualit\u00e0"],"inLanguage":"it-IT","potentialAction":[{"@type":"CommentAction","name":"Comment","target":["https:\/\/www.article-marketing.eu\/comunicatistampa\/niente-vacanze-per-8-milioni-di-italiani\/#respond"]}]},{"@type":"WebPage","@id":"https:\/\/www.article-marketing.eu\/comunicatistampa\/niente-vacanze-per-8-milioni-di-italiani\/","url":"https:\/\/www.article-marketing.eu\/comunicatistampa\/niente-vacanze-per-8-milioni-di-italiani\/","name":"Niente vacanze per 8 milioni di italiani - Article Marketing","isPartOf":{"@id":"https:\/\/www.article-marketing.eu\/comunicatistampa\/#website"},"datePublished":"2018-07-13T18:22:03+00:00","author":{"@id":"https:\/\/www.article-marketing.eu\/comunicatistampa\/#\/schema\/person\/1deca6d9e0cf173abfe76a90ef261a2a"},"breadcrumb":{"@id":"https:\/\/www.article-marketing.eu\/comunicatistampa\/niente-vacanze-per-8-milioni-di-italiani\/#breadcrumb"},"inLanguage":"it-IT","potentialAction":[{"@type":"ReadAction","target":["https:\/\/www.article-marketing.eu\/comunicatistampa\/niente-vacanze-per-8-milioni-di-italiani\/"]}]},{"@type":"BreadcrumbList","@id":"https:\/\/www.article-marketing.eu\/comunicatistampa\/niente-vacanze-per-8-milioni-di-italiani\/#breadcrumb","itemListElement":[{"@type":"ListItem","position":1,"name":"Home","item":"https:\/\/www.article-marketing.eu\/comunicatistampa\/"},{"@type":"ListItem","position":2,"name":"Niente vacanze per 8 milioni di italiani"}]},{"@type":"WebSite","@id":"https:\/\/www.article-marketing.eu\/comunicatistampa\/#website","url":"https:\/\/www.article-marketing.eu\/comunicatistampa\/","name":"Article Marketing","description":"article marketing &amp; press release","potentialAction":[{"@type":"SearchAction","target":{"@type":"EntryPoint","urlTemplate":"https:\/\/www.article-marketing.eu\/comunicatistampa\/?s={search_term_string}"},"query-input":{"@type":"PropertyValueSpecification","valueRequired":true,"valueName":"search_term_string"}}],"inLanguage":"it-IT"},{"@type":"Person","@id":"https:\/\/www.article-marketing.eu\/comunicatistampa\/#\/schema\/person\/1deca6d9e0cf173abfe76a90ef261a2a","name":"Facile.it","image":{"@type":"ImageObject","inLanguage":"it-IT","@id":"https:\/\/secure.gravatar.com\/avatar\/2623775dfcd174bde1a788a4bc028e9035747fa40886953f4954f56c45cf4b34?s=96&d=mm&r=g","url":"https:\/\/secure.gravatar.com\/avatar\/2623775dfcd174bde1a788a4bc028e9035747fa40886953f4954f56c45cf4b34?s=96&d=mm&r=g","contentUrl":"https:\/\/secure.gravatar.com\/avatar\/2623775dfcd174bde1a788a4bc028e9035747fa40886953f4954f56c45cf4b34?s=96&d=mm&r=g","caption":"Facile.it"},"url":"https:\/\/www.article-marketing.eu\/comunicatistampa\/author\/facile-it\/"}]}},"_links":{"self":[{"href":"https:\/\/www.article-marketing.eu\/comunicatistampa\/wp-json\/wp\/v2\/posts\/10857","targetHints":{"allow":["GET"]}}],"collection":[{"href":"https:\/\/www.article-marketing.eu\/comunicatistampa\/wp-json\/wp\/v2\/posts"}],"about":[{"href":"https:\/\/www.article-marketing.eu\/comunicatistampa\/wp-json\/wp\/v2\/types\/post"}],"author":[{"embeddable":true,"href":"https:\/\/www.article-marketing.eu\/comunicatistampa\/wp-json\/wp\/v2\/users\/62"}],"replies":[{"embeddable":true,"href":"https:\/\/www.article-marketing.eu\/comunicatistampa\/wp-json\/wp\/v2\/comments?post=10857"}],"version-history":[{"count":2,"href":"https:\/\/www.article-marketing.eu\/comunicatistampa\/wp-json\/wp\/v2\/posts\/10857\/revisions"}],"predecessor-version":[{"id":10859,"href":"https:\/\/www.article-marketing.eu\/comunicatistampa\/wp-json\/wp\/v2\/posts\/10857\/revisions\/10859"}],"wp:attachment":[{"href":"https:\/\/www.article-marketing.eu\/comunicatistampa\/wp-json\/wp\/v2\/media?parent=10857"}],"wp:term":[{"taxonomy":"category","embeddable":true,"href":"https:\/\/www.article-marketing.eu\/comunicatistampa\/wp-json\/wp\/v2\/categories?post=10857"},{"taxonomy":"post_tag","embeddable":true,"href":"https:\/\/www.article-marketing.eu\/comunicatistampa\/wp-json\/wp\/v2\/tags?post=10857"}],"curies":[{"name":"wp","href":"https:\/\/api.w.org\/{rel}","templated":true}]}}