{"id":10890,"date":"2018-07-18T17:43:36","date_gmt":"2018-07-18T15:43:36","guid":{"rendered":"http:\/\/www.article-marketing.eu\/comunicatistampa\/?p=10890"},"modified":"2018-07-18T17:43:36","modified_gmt":"2018-07-18T15:43:36","slug":"risk-management-e-riabilitazione-neuropsicologica-focusfad-it","status":"publish","type":"post","link":"https:\/\/www.article-marketing.eu\/comunicatistampa\/risk-management-e-riabilitazione-neuropsicologica-focusfad-it\/","title":{"rendered":"Risk Management e Riabilitazione Neuropsicologica &#8211; FocusFad.it"},"content":{"rendered":"<p><strong>Dal 2 luglio 2018 fino al 1\u00b0 luglio 2019 \u00e8 online il corso FAD \u201cGESTIONE DEL RISCHIO IN RIABILITAZIONE: SICUREZZA, PROTEZIONE DEI DATI E RISCHIO CLINICO&#8221;<\/strong>, promosso da Focus Fad provider accreditato n.1029 in collaborazione con il Centro di Riabilitazione AXIA di Bologna.<\/p>\n<p><strong>Il corso ECM FAD \u00e8 incentrato sul Risk Management ed \u00e8 rivolto a tutti gli operatori della riabilitazione<\/strong>, tra cui: chirurghi, psicologi, assistenti sanitari, educatori, fisioterapisti, infermieri, pediatri, logopedisti, ostetriche, audiometristi, audioprotesisti, tecnici della fisiopatologia cardiocircolatoria, tecnici della prevenzione ambientale e nei luoghi di lavoro, tecnici della riabilitazione psichiatrica, terapisti occupazionali. In particolare, il corso \u00e8 indirizzato ai professionisti che operano in strutture di riabilitazione o a domicilio, i quali potranno ottenere alla fine del corso, oltre all\u2019attestato di partecipazione, 10 crediti ECM in base a quanto viene sancito dal Programma Nazionale per l&#8217;Educazione Continua in Sanit\u00e0.<\/p>\n<p><strong>Le lezioni si articolano in differenti moduli<\/strong>: dapprima verranno analizzate le varie tipologie di rischio clinico, come ad esempio il rischio per il paziente, per l\u2019operatore, il rischio ambientale e il rischio economico; verr\u00e0 eseguita una premessa sulla qualit\u00e0 in sanit\u00e0 e verranno illustrate le modalit\u00e0 principali di gestione del rischio. Successivamente, verr\u00e0 presa in esame la normativa sulle sicurezza e saranno programmati degli interventi sulla base dei diversi contesti riabilitativi. L\u2019ultima parte \u00e8 dedicata alla privacy in sanit\u00e0, in specifico sulla protezione e gestione dei dati clinici.<\/p>\n<p><strong>Le iscrizioni sono aperte fino al 30 giugno 2019 e le lezioni sono presso il Centro di Riabilitazione AXIA in via Grieco 8 a Bologna.<\/strong><\/p>\n<p><strong>Dal 25 giugno 2018 al 24 giugno 2019 \u00e8 attiva la FAD \u201cLA RIABILITAZIONE NEUROPSICOLOGICA\u201d<\/strong>, che fornisce un importante aggiornamento sulle competenze tecnico-professionali inerenti il trattamento riabilitativo in adulti affetti da disturbi di natura neuropsicologica. Il corso permette anche l\u2019acquisizione di competenze di processo e di sistema, in particolare sull\u2019approccio multidisciplinare al trattamento e sulla progettazione di attivit\u00e0 di training.<\/p>\n<p>Essendo il corso finalizzato all\u2019acquisizione di competenze nell\u2019ambito della riabilitazione neuropsicologica, <strong>\u00e8 necessario che i partecipanti abbiamo gi\u00e0 un know-how acquisito rispetto ai diversi domini cognitivi trattati e ai modelli teorici di riferimento<\/strong>, e quindi al loro funzionamento non patologico.<\/p>\n<p><strong>Info: 051 6190214 e <a href=\"https:\/\/www.focusfad.it\/\">www.focusfad.it<\/a><\/strong><\/p>\n","protected":false},"excerpt":{"rendered":"<p>Dal 2 luglio 2018 fino al 1\u00b0 luglio 2019 \u00e8 online il corso FAD \u201cGESTIONE DEL RISCHIO IN RIABILITAZIONE: SICUREZZA, PROTEZIONE DEI DATI E RISCHIO CLINICO&#8221;, promosso da Focus Fad provider accreditato n.1029 in collaborazione con il Centro di Riabilitazione AXIA di Bologna. Il corso ECM FAD \u00e8 incentrato sul Risk Management ed \u00e8 rivolto a tutti gli operatori della riabilitazione, tra cui: chirurghi, psicologi, assistenti sanitari, educatori, fisioterapisti, infermieri,<\/p>\n<p><a class=\"continue-reading\" href=\"https:\/\/www.article-marketing.eu\/comunicatistampa\/risk-management-e-riabilitazione-neuropsicologica-focusfad-it\/\">Continue reading&#8230;<\/a><\/p>\n","protected":false},"author":2429,"featured_media":0,"comment_status":"open","ping_status":"open","sticky":false,"template":"","format":"standard","meta":{"_monsterinsights_skip_tracking":false,"_monsterinsights_sitenote_active":false,"_monsterinsights_sitenote_note":"","_monsterinsights_sitenote_category":0,"footnotes":""},"categories":[369],"tags":[4624],"class_list":["post-10890","post","type-post","status-publish","format-standard","hentry","category-salute-e-benessere","tag-corsi-fad"],"yoast_head":"<!-- This site is optimized with the Yoast SEO plugin v27.3 - https:\/\/yoast.com\/product\/yoast-seo-wordpress\/ -->\n<title>Corsi FAD - Risk Management e Riabilitazione Neuropsicologica - Focus Fad<\/title>\n<meta name=\"description\" content=\"Dal 2 luglio 2018 fino al 1\u00b0 luglio 2019 \u00e8 online il corso FAD \u201cGESTIONE DEL RISCHIO IN RIABILITAZIONE: SICUREZZA, PROTEZIONE DEI DATI E RISCHIO CLINICO&quot;, promosso da Focus Fad.\" \/>\n<meta name=\"robots\" content=\"index, follow, max-snippet:-1, max-image-preview:large, max-video-preview:-1\" \/>\n<link rel=\"canonical\" href=\"https:\/\/www.article-marketing.eu\/comunicatistampa\/risk-management-e-riabilitazione-neuropsicologica-focusfad-it\/\" \/>\n<meta property=\"og:locale\" content=\"it_IT\" \/>\n<meta property=\"og:type\" content=\"article\" \/>\n<meta property=\"og:title\" content=\"Corsi FAD - Risk Management e Riabilitazione Neuropsicologica - Focus Fad\" \/>\n<meta property=\"og:description\" content=\"Dal 2 luglio 2018 fino al 1\u00b0 luglio 2019 \u00e8 online il corso FAD \u201cGESTIONE DEL RISCHIO IN RIABILITAZIONE: SICUREZZA, PROTEZIONE DEI DATI E RISCHIO CLINICO&quot;, promosso da Focus Fad.\" \/>\n<meta property=\"og:url\" content=\"https:\/\/www.article-marketing.eu\/comunicatistampa\/risk-management-e-riabilitazione-neuropsicologica-focusfad-it\/\" \/>\n<meta property=\"og:site_name\" content=\"Article Marketing\" \/>\n<meta property=\"article:published_time\" content=\"2018-07-18T15:43:36+00:00\" \/>\n<meta name=\"author\" content=\"semdmlogica\" \/>\n<meta name=\"twitter:card\" content=\"summary_large_image\" \/>\n<meta name=\"twitter:label1\" content=\"Scritto da\" \/>\n\t<meta name=\"twitter:data1\" content=\"semdmlogica\" \/>\n\t<meta name=\"twitter:label2\" content=\"Tempo di lettura stimato\" \/>\n\t<meta name=\"twitter:data2\" content=\"2 minuti\" \/>\n<script type=\"application\/ld+json\" class=\"yoast-schema-graph\">{\"@context\":\"https:\\\/\\\/schema.org\",\"@graph\":[{\"@type\":\"Article\",\"@id\":\"https:\\\/\\\/www.article-marketing.eu\\\/comunicatistampa\\\/risk-management-e-riabilitazione-neuropsicologica-focusfad-it\\\/#article\",\"isPartOf\":{\"@id\":\"https:\\\/\\\/www.article-marketing.eu\\\/comunicatistampa\\\/risk-management-e-riabilitazione-neuropsicologica-focusfad-it\\\/\"},\"author\":{\"name\":\"semdmlogica\",\"@id\":\"https:\\\/\\\/www.article-marketing.eu\\\/comunicatistampa\\\/#\\\/schema\\\/person\\\/df97ad297fdb7a4e43876d749e7d5f1a\"},\"headline\":\"Risk Management e Riabilitazione Neuropsicologica &#8211; FocusFad.it\",\"datePublished\":\"2018-07-18T15:43:36+00:00\",\"mainEntityOfPage\":{\"@id\":\"https:\\\/\\\/www.article-marketing.eu\\\/comunicatistampa\\\/risk-management-e-riabilitazione-neuropsicologica-focusfad-it\\\/\"},\"wordCount\":354,\"commentCount\":0,\"keywords\":[\"corsi fad\"],\"articleSection\":[\"Salute e benessere\"],\"inLanguage\":\"it-IT\",\"potentialAction\":[{\"@type\":\"CommentAction\",\"name\":\"Comment\",\"target\":[\"https:\\\/\\\/www.article-marketing.eu\\\/comunicatistampa\\\/risk-management-e-riabilitazione-neuropsicologica-focusfad-it\\\/#respond\"]}]},{\"@type\":\"WebPage\",\"@id\":\"https:\\\/\\\/www.article-marketing.eu\\\/comunicatistampa\\\/risk-management-e-riabilitazione-neuropsicologica-focusfad-it\\\/\",\"url\":\"https:\\\/\\\/www.article-marketing.eu\\\/comunicatistampa\\\/risk-management-e-riabilitazione-neuropsicologica-focusfad-it\\\/\",\"name\":\"Corsi FAD - Risk Management e Riabilitazione Neuropsicologica - Focus Fad\",\"isPartOf\":{\"@id\":\"https:\\\/\\\/www.article-marketing.eu\\\/comunicatistampa\\\/#website\"},\"datePublished\":\"2018-07-18T15:43:36+00:00\",\"author\":{\"@id\":\"https:\\\/\\\/www.article-marketing.eu\\\/comunicatistampa\\\/#\\\/schema\\\/person\\\/df97ad297fdb7a4e43876d749e7d5f1a\"},\"description\":\"Dal 2 luglio 2018 fino al 1\u00b0 luglio 2019 \u00e8 online il corso FAD \u201cGESTIONE DEL RISCHIO IN RIABILITAZIONE: SICUREZZA, PROTEZIONE DEI DATI E RISCHIO CLINICO\\\", promosso da Focus Fad.\",\"breadcrumb\":{\"@id\":\"https:\\\/\\\/www.article-marketing.eu\\\/comunicatistampa\\\/risk-management-e-riabilitazione-neuropsicologica-focusfad-it\\\/#breadcrumb\"},\"inLanguage\":\"it-IT\",\"potentialAction\":[{\"@type\":\"ReadAction\",\"target\":[\"https:\\\/\\\/www.article-marketing.eu\\\/comunicatistampa\\\/risk-management-e-riabilitazione-neuropsicologica-focusfad-it\\\/\"]}]},{\"@type\":\"BreadcrumbList\",\"@id\":\"https:\\\/\\\/www.article-marketing.eu\\\/comunicatistampa\\\/risk-management-e-riabilitazione-neuropsicologica-focusfad-it\\\/#breadcrumb\",\"itemListElement\":[{\"@type\":\"ListItem\",\"position\":1,\"name\":\"Home\",\"item\":\"https:\\\/\\\/www.article-marketing.eu\\\/comunicatistampa\\\/\"},{\"@type\":\"ListItem\",\"position\":2,\"name\":\"Risk Management e Riabilitazione Neuropsicologica &#8211; FocusFad.it\"}]},{\"@type\":\"WebSite\",\"@id\":\"https:\\\/\\\/www.article-marketing.eu\\\/comunicatistampa\\\/#website\",\"url\":\"https:\\\/\\\/www.article-marketing.eu\\\/comunicatistampa\\\/\",\"name\":\"Article Marketing\",\"description\":\"article marketing &amp; press release\",\"potentialAction\":[{\"@type\":\"SearchAction\",\"target\":{\"@type\":\"EntryPoint\",\"urlTemplate\":\"https:\\\/\\\/www.article-marketing.eu\\\/comunicatistampa\\\/?s={search_term_string}\"},\"query-input\":{\"@type\":\"PropertyValueSpecification\",\"valueRequired\":true,\"valueName\":\"search_term_string\"}}],\"inLanguage\":\"it-IT\"},{\"@type\":\"Person\",\"@id\":\"https:\\\/\\\/www.article-marketing.eu\\\/comunicatistampa\\\/#\\\/schema\\\/person\\\/df97ad297fdb7a4e43876d749e7d5f1a\",\"name\":\"semdmlogica\",\"image\":{\"@type\":\"ImageObject\",\"inLanguage\":\"it-IT\",\"@id\":\"https:\\\/\\\/secure.gravatar.com\\\/avatar\\\/ee46ac21978146803ef5b76c5ce174b696f952819bd8f40a465a815ca50d54bb?s=96&d=mm&r=g\",\"url\":\"https:\\\/\\\/secure.gravatar.com\\\/avatar\\\/ee46ac21978146803ef5b76c5ce174b696f952819bd8f40a465a815ca50d54bb?s=96&d=mm&r=g\",\"contentUrl\":\"https:\\\/\\\/secure.gravatar.com\\\/avatar\\\/ee46ac21978146803ef5b76c5ce174b696f952819bd8f40a465a815ca50d54bb?s=96&d=mm&r=g\",\"caption\":\"semdmlogica\"},\"url\":\"https:\\\/\\\/www.article-marketing.eu\\\/comunicatistampa\\\/author\\\/semdmlogica\\\/\"}]}<\/script>\n<!-- \/ Yoast SEO plugin. -->","yoast_head_json":{"title":"Corsi FAD - Risk Management e Riabilitazione Neuropsicologica - Focus Fad","description":"Dal 2 luglio 2018 fino al 1\u00b0 luglio 2019 \u00e8 online il corso FAD \u201cGESTIONE DEL RISCHIO IN RIABILITAZIONE: SICUREZZA, PROTEZIONE DEI DATI E RISCHIO CLINICO\", promosso da Focus Fad.","robots":{"index":"index","follow":"follow","max-snippet":"max-snippet:-1","max-image-preview":"max-image-preview:large","max-video-preview":"max-video-preview:-1"},"canonical":"https:\/\/www.article-marketing.eu\/comunicatistampa\/risk-management-e-riabilitazione-neuropsicologica-focusfad-it\/","og_locale":"it_IT","og_type":"article","og_title":"Corsi FAD - Risk Management e Riabilitazione Neuropsicologica - Focus Fad","og_description":"Dal 2 luglio 2018 fino al 1\u00b0 luglio 2019 \u00e8 online il corso FAD \u201cGESTIONE DEL RISCHIO IN RIABILITAZIONE: SICUREZZA, PROTEZIONE DEI DATI E RISCHIO CLINICO\", promosso da Focus Fad.","og_url":"https:\/\/www.article-marketing.eu\/comunicatistampa\/risk-management-e-riabilitazione-neuropsicologica-focusfad-it\/","og_site_name":"Article Marketing","article_published_time":"2018-07-18T15:43:36+00:00","author":"semdmlogica","twitter_card":"summary_large_image","twitter_misc":{"Scritto da":"semdmlogica","Tempo di lettura stimato":"2 minuti"},"schema":{"@context":"https:\/\/schema.org","@graph":[{"@type":"Article","@id":"https:\/\/www.article-marketing.eu\/comunicatistampa\/risk-management-e-riabilitazione-neuropsicologica-focusfad-it\/#article","isPartOf":{"@id":"https:\/\/www.article-marketing.eu\/comunicatistampa\/risk-management-e-riabilitazione-neuropsicologica-focusfad-it\/"},"author":{"name":"semdmlogica","@id":"https:\/\/www.article-marketing.eu\/comunicatistampa\/#\/schema\/person\/df97ad297fdb7a4e43876d749e7d5f1a"},"headline":"Risk Management e Riabilitazione Neuropsicologica &#8211; FocusFad.it","datePublished":"2018-07-18T15:43:36+00:00","mainEntityOfPage":{"@id":"https:\/\/www.article-marketing.eu\/comunicatistampa\/risk-management-e-riabilitazione-neuropsicologica-focusfad-it\/"},"wordCount":354,"commentCount":0,"keywords":["corsi fad"],"articleSection":["Salute e benessere"],"inLanguage":"it-IT","potentialAction":[{"@type":"CommentAction","name":"Comment","target":["https:\/\/www.article-marketing.eu\/comunicatistampa\/risk-management-e-riabilitazione-neuropsicologica-focusfad-it\/#respond"]}]},{"@type":"WebPage","@id":"https:\/\/www.article-marketing.eu\/comunicatistampa\/risk-management-e-riabilitazione-neuropsicologica-focusfad-it\/","url":"https:\/\/www.article-marketing.eu\/comunicatistampa\/risk-management-e-riabilitazione-neuropsicologica-focusfad-it\/","name":"Corsi FAD - Risk Management e Riabilitazione Neuropsicologica - Focus Fad","isPartOf":{"@id":"https:\/\/www.article-marketing.eu\/comunicatistampa\/#website"},"datePublished":"2018-07-18T15:43:36+00:00","author":{"@id":"https:\/\/www.article-marketing.eu\/comunicatistampa\/#\/schema\/person\/df97ad297fdb7a4e43876d749e7d5f1a"},"description":"Dal 2 luglio 2018 fino al 1\u00b0 luglio 2019 \u00e8 online il corso FAD \u201cGESTIONE DEL RISCHIO IN RIABILITAZIONE: SICUREZZA, PROTEZIONE DEI DATI E RISCHIO CLINICO\", promosso da Focus Fad.","breadcrumb":{"@id":"https:\/\/www.article-marketing.eu\/comunicatistampa\/risk-management-e-riabilitazione-neuropsicologica-focusfad-it\/#breadcrumb"},"inLanguage":"it-IT","potentialAction":[{"@type":"ReadAction","target":["https:\/\/www.article-marketing.eu\/comunicatistampa\/risk-management-e-riabilitazione-neuropsicologica-focusfad-it\/"]}]},{"@type":"BreadcrumbList","@id":"https:\/\/www.article-marketing.eu\/comunicatistampa\/risk-management-e-riabilitazione-neuropsicologica-focusfad-it\/#breadcrumb","itemListElement":[{"@type":"ListItem","position":1,"name":"Home","item":"https:\/\/www.article-marketing.eu\/comunicatistampa\/"},{"@type":"ListItem","position":2,"name":"Risk Management e Riabilitazione Neuropsicologica &#8211; FocusFad.it"}]},{"@type":"WebSite","@id":"https:\/\/www.article-marketing.eu\/comunicatistampa\/#website","url":"https:\/\/www.article-marketing.eu\/comunicatistampa\/","name":"Article Marketing","description":"article marketing &amp; press release","potentialAction":[{"@type":"SearchAction","target":{"@type":"EntryPoint","urlTemplate":"https:\/\/www.article-marketing.eu\/comunicatistampa\/?s={search_term_string}"},"query-input":{"@type":"PropertyValueSpecification","valueRequired":true,"valueName":"search_term_string"}}],"inLanguage":"it-IT"},{"@type":"Person","@id":"https:\/\/www.article-marketing.eu\/comunicatistampa\/#\/schema\/person\/df97ad297fdb7a4e43876d749e7d5f1a","name":"semdmlogica","image":{"@type":"ImageObject","inLanguage":"it-IT","@id":"https:\/\/secure.gravatar.com\/avatar\/ee46ac21978146803ef5b76c5ce174b696f952819bd8f40a465a815ca50d54bb?s=96&d=mm&r=g","url":"https:\/\/secure.gravatar.com\/avatar\/ee46ac21978146803ef5b76c5ce174b696f952819bd8f40a465a815ca50d54bb?s=96&d=mm&r=g","contentUrl":"https:\/\/secure.gravatar.com\/avatar\/ee46ac21978146803ef5b76c5ce174b696f952819bd8f40a465a815ca50d54bb?s=96&d=mm&r=g","caption":"semdmlogica"},"url":"https:\/\/www.article-marketing.eu\/comunicatistampa\/author\/semdmlogica\/"}]}},"_links":{"self":[{"href":"https:\/\/www.article-marketing.eu\/comunicatistampa\/wp-json\/wp\/v2\/posts\/10890","targetHints":{"allow":["GET"]}}],"collection":[{"href":"https:\/\/www.article-marketing.eu\/comunicatistampa\/wp-json\/wp\/v2\/posts"}],"about":[{"href":"https:\/\/www.article-marketing.eu\/comunicatistampa\/wp-json\/wp\/v2\/types\/post"}],"author":[{"embeddable":true,"href":"https:\/\/www.article-marketing.eu\/comunicatistampa\/wp-json\/wp\/v2\/users\/2429"}],"replies":[{"embeddable":true,"href":"https:\/\/www.article-marketing.eu\/comunicatistampa\/wp-json\/wp\/v2\/comments?post=10890"}],"version-history":[{"count":2,"href":"https:\/\/www.article-marketing.eu\/comunicatistampa\/wp-json\/wp\/v2\/posts\/10890\/revisions"}],"predecessor-version":[{"id":10951,"href":"https:\/\/www.article-marketing.eu\/comunicatistampa\/wp-json\/wp\/v2\/posts\/10890\/revisions\/10951"}],"wp:attachment":[{"href":"https:\/\/www.article-marketing.eu\/comunicatistampa\/wp-json\/wp\/v2\/media?parent=10890"}],"wp:term":[{"taxonomy":"category","embeddable":true,"href":"https:\/\/www.article-marketing.eu\/comunicatistampa\/wp-json\/wp\/v2\/categories?post=10890"},{"taxonomy":"post_tag","embeddable":true,"href":"https:\/\/www.article-marketing.eu\/comunicatistampa\/wp-json\/wp\/v2\/tags?post=10890"}],"curies":[{"name":"wp","href":"https:\/\/api.w.org\/{rel}","templated":true}]}}