{"id":10961,"date":"2018-07-20T00:10:34","date_gmt":"2018-07-19T22:10:34","guid":{"rendered":"http:\/\/www.article-marketing.eu\/comunicatistampa\/?p=10961"},"modified":"2018-07-20T00:10:34","modified_gmt":"2018-07-19T22:10:34","slug":"aifos-a-safety-expo-lefficacia-dei-corsi-con-attivita-pratiche","status":"publish","type":"post","link":"https:\/\/www.article-marketing.eu\/comunicatistampa\/aifos-a-safety-expo-lefficacia-dei-corsi-con-attivita-pratiche\/","title":{"rendered":"Aifos a Safety Expo: l\u2019efficacia dei corsi con attivit\u00e0 pratiche"},"content":{"rendered":"<h3>Comunicato Stampa<\/h3>\n<h3>Aifos a Safety Expo: l\u2019efficacia dei corsi con attivit\u00e0 pratiche<\/h3>\n<p><strong><em>Dal 19 al 20 settembre a Safety Expo 2018 di Bergamo l\u2019Associazione AiFOS organizza tre corsi con attivit\u00e0 pratiche per la guida in sicurezza, il primo soccorso e l\u2019utilizzo dei DPI in quota e negli spazi confinati.<\/em><\/strong><\/p>\n<p>&nbsp;<\/p>\n<p>Perch\u00e9 la <strong>formazione alla sicurezza<\/strong>, colonna portante di ogni strategia di prevenzione di infortuni e malattie professionali nei luoghi di lavoro, possa realmente modificare i comportamenti e ridurre i rischi, deve essere innovativa, coinvolgente e, per alcune attivit\u00e0 e rischi elevati, deve essere anche sperimentabile dagli stessi lavoratori.<\/p>\n<p>Parliamo, ad esempio, dei rischi elevati di chi svolge la propria attivit\u00e0 lavorativa direttamente alla <strong>guida di un veicolo<\/strong> o che potrebbe essere soggetto a \u201cinfortuni in itinere\u201d. O delle attivit\u00e0 nei <strong>lavori in quota<\/strong>, ad esempio sulle coperture degli edifici, o negli <strong>spazi confinati<\/strong>, spazi circoscritti in cui possono avvenire gravi infortuni. Infortuni che in molti casi potrebbero essere evitati anche attraverso un uso adeguato e corretto dei <strong>dispositivi di protezione individuale<\/strong> (DPI).<\/p>\n<p>Senza dimenticare poi quanto possa essere importante sperimentare le misure di emergenza da attuare in caso di primo soccorso nei luoghi di lavoro. Solo con un\u2019adeguata formazione il primo soccorso pu\u00f2 contribuire a creare ambienti di lavoro sani e sicuri.<\/p>\n<p>&nbsp;<\/p>\n<p><strong>I workshop di AiFOS a Safety Expo 2018<\/strong><\/p>\n<p>Proprio per proporre idonei percorsi formativi su questi temi, l\u2019<strong>Associazione Italiana Formatori ed Operatori della Sicurezza sul Lavoro<\/strong> (AiFOS) organizza tre diversi <strong>workshop con attivit\u00e0 pratiche <\/strong>durante la manifestazione \u201c<strong>Safety Expo 2018<\/strong>\u201d che si terr\u00e0 a Bergamo il 19 e 20 settembre 2018 e che unisce al suo interno la XIV edizione del Forum di Prevenzione Incendi e la VII edizione del Forum di Sicurezza sul Lavoro.<\/p>\n<p>&nbsp;<\/p>\n<p>Ricordiamo che a <strong>Safety Expo 2018 <\/strong>l\u2019Associazione AiFOS organizza, oltre a questi tre corsi con attivit\u00e0 pratiche, altri sei diversi workshop e un seminario:<\/p>\n<p><strong>&#8211; Gestione dello stress ed elementi di psicosomatica nella prevenzione dei rischi nei luoghi di lavoro <\/strong>(19 settembre 2018);<\/p>\n<p><em>&#8211; <\/em><strong>I comportamenti sicuri del lavoratore <\/strong>(19 settembre 2018);<\/p>\n<p><em>&#8211; <\/em><strong>Classroom training <\/strong>(19 settembre 2018);<\/p>\n<p><strong>&#8211; Spazi confinati: formazione, addestramento, equipaggiamento <\/strong>(seminario &#8211; 19 settembre 2018);<\/p>\n<p>&#8211; <strong>Metodologie attive della formazione: lo storytelling <\/strong>(20 settembre 2018);<\/p>\n<p>&#8211; <strong>Ergonomia, postura e dolori muscoloscheletrici <\/strong>(20 settembre 2018);<\/p>\n<p>&#8211; <strong>Strumenti di verifica dell&#8217;apprendimento <\/strong>(20 settembre 2018).<\/p>\n<p><em>\u00a0<\/em><\/p>\n<p><strong>I programmi dei tre corsi con attivit\u00e0 pratiche<\/strong><\/p>\n<p>Presentiamo i programmi dei tre nuovi corsi con attivit\u00e0 pratiche e le varie date in cui si svolgono a Safety Expo.<\/p>\n<p><em>\u00a0<\/em><\/p>\n<p><strong>GUIDA IN SICUREZZA<\/strong><\/p>\n<p>Il corso intende sensibilizzare datori di lavoro, responsabili e consulenti della sicurezza sulle tecniche corrette di guida, sulla gestione dell&#8217;automezzo in caso d\u2019emergenza e su tutti quei comportamenti che andrebbero evitati per migliorare il livello di sicurezza del conducente, dei passeggeri e di tutte le persone che quotidianamente percorrono le nostre strade. I partecipanti grazie a degli istruttori professionisti, avranno modo di cimentarsi in una parte pratica che prevede lo svolgimento di diversi esercizi.<\/p>\n<p>&nbsp;<\/p>\n<p>Seminario realizzato in collaborazione con Teamforma e con l\u2019Autodromo di Franciacorta &#8220;Daniel Bonara&#8221;.<\/p>\n<p>Il seminario di due ore complessive si terr\u00e0 in otto diversi momenti (aule da 8 posti):<\/p>\n<p><em>Mercoled\u00ec 19 settembre 2018: 09:00 &#8211; 11:00; 10:15 &#8211; 12:15; 11:30 &#8211; 13:30; 14:00 &#8211; 16:00.<\/em><\/p>\n<p><em>Gioved\u00ec 20 settembre 2018: 09:00 &#8211; 11:00; 10:15 &#8211; 12:15; 11:30 &#8211; 13:30; 14:00 &#8211; 16:00.<\/em><\/p>\n<p><em>\u00a0<\/em><\/p>\n<p><em>Seminario valido per n. 2 crediti di aggiornamento per Coordinatore alla sicurezza, ASPP e RSPP, RLS, Formatori Area 2<\/em><\/p>\n<p><em>\u00a0<\/em><\/p>\n<p><strong>I DISPOSITIVI DI PROTEZIONE PER LAVORARE IN QUOTA E NEGLI SPAZI CONFINATI<\/strong><\/p>\n<p>Un\u2019occasione utile per confrontarsi relativamente ad una tematica della quale purtroppo si sa ancora poco nonostante siano passati diversi anni dall\u2019uscita del Decreto 81 e le statistiche ci dicano che la maggior parte delle morti sul lavoro \u00e8 da imputarsi a cadute dall\u2019alto. Grande attenzione verr\u00e0 data alla scelta dei DPI nonch\u00e9 alla corretta programmazione del lavoro.<\/p>\n<p>Grazie al prezioso supporto tecnico di MSA ci sar\u00e0 la possibilit\u00e0 di visionare un \u201ctruck dimostrativo\u201d all\u2019interno del quale i partecipanti potranno indossare e provare le imbracature, toccare con mano cordini e retrattili, sperimentare le problematiche di installazione di un sistema completo per spazi confinati in modo da capire gli aspetti importanti dei sistemi e dei componenti. Si potr\u00e0, inoltre, sperimentare la realt\u00e0 virtuale che consentir\u00e0 di salire in quota ed usare un\u2019innovativa imbracatura di autosalvataggio. I partecipanti vedranno come entrare e soprattutto uscire in sicurezza da uno spazio confinato.<\/p>\n<p>&nbsp;<\/p>\n<p>Seminario realizzato in collaborazione con MSA.<\/p>\n<p>Il seminario di due ore complessive si terr\u00e0 in sei diversi momenti (aule da 15 posti):<\/p>\n<p><em>Mercoled\u00ec 19 settembre 2018: 09:00 &#8211; 11:00; 11:30 &#8211; 13:30; 14:30 &#8211; 16:30.<\/em><\/p>\n<p><em>Gioved\u00ec 20 settembre 2018: 09:00 &#8211; 11:00; 11:30 &#8211; 13:30; 14:30 &#8211; 16:30.<\/em><\/p>\n<p><em>\u00a0<\/em><\/p>\n<p><em>Seminario valido per n. 2 crediti di aggiornamento per Coordinatore alla sicurezza, ASPP e RSPP, RLS, Formatori Area 2<\/em><\/p>\n<p><strong>\u00a0<\/strong><\/p>\n<p><strong>PRIMO SOCCORSO: L\u2019IMPORTANZA DELLA CONOSCENZA PER L\u2019ESECUZIONE DELLE CORRETTE BUONE PRASSI<\/strong><\/p>\n<p>Durante il workshop si rifletter\u00e0 sull\u2019importanza della conoscenza (sapere, saper fare e saper essere) attraverso una prima brevissima fase teorica seguita da un\u2019attivit\u00e0 pratica ed un addestramento collettivo.<\/p>\n<p>Una buona preparazione \u00e8 utile per gestire nel modo corretto una situazione imprevista e gi\u00e0 ricca di criticit\u00e0 quale quella degli interventi nel primo soccorso. Verr\u00e0 effettuato un focus relativo all\u2019organizzazione ed al rispetto dei ruoli nella catena dei soccorsi: chi fa cosa e quando.<\/p>\n<p>&nbsp;<\/p>\n<p>Docenti: Massimiliano Longhi (Disaster Manager e Vigile del Fuoco Volontario), Gregorio Barberi (Disaster Manager e Docente Universitario Universit\u00e0 Statale di Scutari Luigj Gurakuqi).<\/p>\n<p>Il seminario di due ore complessive si terr\u00e0 in sei diversi momenti (aule da 15 posti):<\/p>\n<p><em>Mercoled\u00ec 19 settembre 2018: 10:15 &#8211; 12:15; 13:30 \u2013 15.30; 15:45 &#8211; 17:45.<\/em><\/p>\n<p><em>Gioved\u00ec 20 settembre 2018: 10:15 &#8211; 12:15; 13:30 \u2013 15.30; 15:45 &#8211; 17:45.<\/em><\/p>\n<p><em>\u00a0<\/em><\/p>\n<p><em>Seminario valido per n. 2 crediti di aggiornamento per Coordinatore alla sicurezza, ASPP e RSPP, RLS, Formatori Area 2<\/em><\/p>\n<p><em>\u00a0<\/em><\/p>\n<p>Per tutti gli eventi \u00e8 necessaria la prenotazione ed \u00e8 prevista una quota di iscrizione pagabile online. Questo \u00e8 il link per avere ulteriori informazioni:<\/p>\n<p><a href=\"https:\/\/aifos.org\/home\/eventi\/intev\/convegni_aifos\/safety_expo_2018_corsi\">https:\/\/aifos.org\/home\/eventi\/intev\/convegni_aifos\/safety_expo_2018_corsi<\/a><\/p>\n<p>&nbsp;<\/p>\n<p>Ricordiamo, infine, che le spese di partecipazione a convegni, congressi e simili o a corsi di aggiornamento professionale, nonch\u00e9 le spese di viaggio e soggiorno, sono integralmente deducibili &#8211; entro il limite annuo di 10.000 euro &#8211; come previsto dall&#8217;articolo 9 della Legge 22 maggio 2017, n\u00b0 81 (cosiddetto &#8220;<em>Jobs Act dei lavoratori autonomi<\/em>&#8220;).<\/p>\n<p>&nbsp;<\/p>\n<p>&nbsp;<\/p>\n<p>&nbsp;<\/p>\n<p>Per informazioni:<\/p>\n<p><strong>Sede nazionale AiFOS<\/strong>: via Branze, 45 &#8211; 25123 Brescia c\/o CSMT, Universit\u00e0 degli Studi di Brescia tel.030.6595031 &#8211; fax 030.6595040 <a href=\"http:\/\/www.aifos.it\">www.aifos.it<\/a>\u00a0\u00a0 &#8211; <a href=\"mailto:info@aifos.it\">info@aifos.it<\/a>\u00a0 &#8211; convegni@aifos.it<\/p>\n<p>&nbsp;<\/p>\n<p>&nbsp;<\/p>\n<p><em>19 luglio 2018<\/em><\/p>\n<p>&nbsp;<\/p>\n<p>Ufficio Stampa di AiFOS<\/p>\n<p>ufficiostampa@aifos.it<\/p>\n<p>http:\/\/www.aifos.it\/<\/p>\n","protected":false},"excerpt":{"rendered":"<p>Comunicato Stampa Aifos a Safety Expo: l\u2019efficacia dei corsi con attivit\u00e0 pratiche Dal 19 al 20 settembre a Safety Expo 2018 di Bergamo l\u2019Associazione AiFOS organizza tre corsi con attivit\u00e0 pratiche per la guida in sicurezza, il primo soccorso e l\u2019utilizzo dei DPI in quota e negli spazi confinati. &nbsp; Perch\u00e9 la formazione alla sicurezza, colonna portante di ogni strategia di prevenzione di infortuni e malattie professionali nei luoghi di<\/p>\n<p><a class=\"continue-reading\" href=\"https:\/\/www.article-marketing.eu\/comunicatistampa\/aifos-a-safety-expo-lefficacia-dei-corsi-con-attivita-pratiche\/\">Continue reading&#8230;<\/a><\/p>\n","protected":false},"author":881,"featured_media":0,"comment_status":"open","ping_status":"open","sticky":false,"template":"","format":"standard","meta":{"_monsterinsights_skip_tracking":false,"_monsterinsights_sitenote_active":false,"_monsterinsights_sitenote_note":"","_monsterinsights_sitenote_category":0,"footnotes":""},"categories":[78,379,392,378],"tags":[3301,4647,4648,3300,4644,4645,4646,4585,4068,1538,4591,4069,198],"class_list":["post-10961","post","type-post","status-publish","format-standard","hentry","category-comunicati-stampa","category-corsi","category-eventi","category-istruzione","tag-aifos","tag-dispositivi-di-protezione-individuale","tag-dpi","tag-formazione-alla-sicurezza","tag-guida-in-sicurezza","tag-lavori-in-quota","tag-primo-soccorso","tag-safety-expo-2018-di-bergamo","tag-salute-e-sicurezza-sul-lavoro","tag-sicurezza-sul-lavoro","tag-spazi-confinati","tag-ssl","tag-workshop"],"yoast_head":"<!-- This site is optimized with the Yoast SEO plugin v27.3 - https:\/\/yoast.com\/product\/yoast-seo-wordpress\/ -->\n<title>Aifos a Safety Expo: l\u2019efficacia dei corsi con attivit\u00e0 pratiche - Article Marketing<\/title>\n<meta name=\"robots\" content=\"index, follow, max-snippet:-1, max-image-preview:large, max-video-preview:-1\" \/>\n<link rel=\"canonical\" href=\"https:\/\/www.article-marketing.eu\/comunicatistampa\/aifos-a-safety-expo-lefficacia-dei-corsi-con-attivita-pratiche\/\" \/>\n<meta property=\"og:locale\" content=\"it_IT\" \/>\n<meta property=\"og:type\" content=\"article\" \/>\n<meta property=\"og:title\" content=\"Aifos a Safety Expo: l\u2019efficacia dei corsi con attivit\u00e0 pratiche - Article Marketing\" \/>\n<meta property=\"og:description\" content=\"Comunicato Stampa Aifos a Safety Expo: l\u2019efficacia dei corsi con attivit\u00e0 pratiche Dal 19 al 20 settembre a Safety Expo 2018 di Bergamo l\u2019Associazione AiFOS organizza tre corsi con attivit\u00e0 pratiche per la guida in sicurezza, il primo soccorso e l\u2019utilizzo dei DPI in quota e negli spazi confinati. &nbsp; Perch\u00e9 la formazione alla sicurezza, colonna portante di ogni strategia di prevenzione di infortuni e malattie professionali nei luoghi diContinue reading...\" \/>\n<meta property=\"og:url\" content=\"https:\/\/www.article-marketing.eu\/comunicatistampa\/aifos-a-safety-expo-lefficacia-dei-corsi-con-attivita-pratiche\/\" \/>\n<meta property=\"og:site_name\" content=\"Article Marketing\" \/>\n<meta property=\"article:published_time\" content=\"2018-07-19T22:10:34+00:00\" \/>\n<meta name=\"author\" content=\"AIFUS\" \/>\n<meta name=\"twitter:card\" content=\"summary_large_image\" \/>\n<meta name=\"twitter:label1\" content=\"Scritto da\" \/>\n\t<meta name=\"twitter:data1\" content=\"AIFUS\" \/>\n\t<meta name=\"twitter:label2\" content=\"Tempo di lettura stimato\" \/>\n\t<meta name=\"twitter:data2\" content=\"5 minuti\" \/>\n<script type=\"application\/ld+json\" class=\"yoast-schema-graph\">{\"@context\":\"https:\\\/\\\/schema.org\",\"@graph\":[{\"@type\":\"Article\",\"@id\":\"https:\\\/\\\/www.article-marketing.eu\\\/comunicatistampa\\\/aifos-a-safety-expo-lefficacia-dei-corsi-con-attivita-pratiche\\\/#article\",\"isPartOf\":{\"@id\":\"https:\\\/\\\/www.article-marketing.eu\\\/comunicatistampa\\\/aifos-a-safety-expo-lefficacia-dei-corsi-con-attivita-pratiche\\\/\"},\"author\":{\"name\":\"AIFUS\",\"@id\":\"https:\\\/\\\/www.article-marketing.eu\\\/comunicatistampa\\\/#\\\/schema\\\/person\\\/d1985c4955ff71a05f49d68e3034b3cd\"},\"headline\":\"Aifos a Safety Expo: l\u2019efficacia dei corsi con attivit\u00e0 pratiche\",\"datePublished\":\"2018-07-19T22:10:34+00:00\",\"mainEntityOfPage\":{\"@id\":\"https:\\\/\\\/www.article-marketing.eu\\\/comunicatistampa\\\/aifos-a-safety-expo-lefficacia-dei-corsi-con-attivita-pratiche\\\/\"},\"wordCount\":1040,\"commentCount\":0,\"keywords\":[\"Aifos\",\"dispositivi di protezione individuale\",\"DPI\",\"formazione alla sicurezza\",\"guida in sicurezza\",\"lavori in quota\",\"primo soccorso\",\"Safety Expo 2018 di Bergamo\",\"salute e sicurezza sul lavoro\",\"sicurezza sul lavoro\",\"spazi confinati\",\"SSL\",\"workshop\"],\"articleSection\":[\"Comunicati stampa\",\"Corsi\",\"Eventi\",\"Istruzione\"],\"inLanguage\":\"it-IT\",\"potentialAction\":[{\"@type\":\"CommentAction\",\"name\":\"Comment\",\"target\":[\"https:\\\/\\\/www.article-marketing.eu\\\/comunicatistampa\\\/aifos-a-safety-expo-lefficacia-dei-corsi-con-attivita-pratiche\\\/#respond\"]}]},{\"@type\":\"WebPage\",\"@id\":\"https:\\\/\\\/www.article-marketing.eu\\\/comunicatistampa\\\/aifos-a-safety-expo-lefficacia-dei-corsi-con-attivita-pratiche\\\/\",\"url\":\"https:\\\/\\\/www.article-marketing.eu\\\/comunicatistampa\\\/aifos-a-safety-expo-lefficacia-dei-corsi-con-attivita-pratiche\\\/\",\"name\":\"Aifos a Safety Expo: l\u2019efficacia dei corsi con attivit\u00e0 pratiche - Article Marketing\",\"isPartOf\":{\"@id\":\"https:\\\/\\\/www.article-marketing.eu\\\/comunicatistampa\\\/#website\"},\"datePublished\":\"2018-07-19T22:10:34+00:00\",\"author\":{\"@id\":\"https:\\\/\\\/www.article-marketing.eu\\\/comunicatistampa\\\/#\\\/schema\\\/person\\\/d1985c4955ff71a05f49d68e3034b3cd\"},\"breadcrumb\":{\"@id\":\"https:\\\/\\\/www.article-marketing.eu\\\/comunicatistampa\\\/aifos-a-safety-expo-lefficacia-dei-corsi-con-attivita-pratiche\\\/#breadcrumb\"},\"inLanguage\":\"it-IT\",\"potentialAction\":[{\"@type\":\"ReadAction\",\"target\":[\"https:\\\/\\\/www.article-marketing.eu\\\/comunicatistampa\\\/aifos-a-safety-expo-lefficacia-dei-corsi-con-attivita-pratiche\\\/\"]}]},{\"@type\":\"BreadcrumbList\",\"@id\":\"https:\\\/\\\/www.article-marketing.eu\\\/comunicatistampa\\\/aifos-a-safety-expo-lefficacia-dei-corsi-con-attivita-pratiche\\\/#breadcrumb\",\"itemListElement\":[{\"@type\":\"ListItem\",\"position\":1,\"name\":\"Home\",\"item\":\"https:\\\/\\\/www.article-marketing.eu\\\/comunicatistampa\\\/\"},{\"@type\":\"ListItem\",\"position\":2,\"name\":\"Aifos a Safety Expo: l\u2019efficacia dei corsi con attivit\u00e0 pratiche\"}]},{\"@type\":\"WebSite\",\"@id\":\"https:\\\/\\\/www.article-marketing.eu\\\/comunicatistampa\\\/#website\",\"url\":\"https:\\\/\\\/www.article-marketing.eu\\\/comunicatistampa\\\/\",\"name\":\"Article Marketing\",\"description\":\"article marketing &amp; press release\",\"potentialAction\":[{\"@type\":\"SearchAction\",\"target\":{\"@type\":\"EntryPoint\",\"urlTemplate\":\"https:\\\/\\\/www.article-marketing.eu\\\/comunicatistampa\\\/?s={search_term_string}\"},\"query-input\":{\"@type\":\"PropertyValueSpecification\",\"valueRequired\":true,\"valueName\":\"search_term_string\"}}],\"inLanguage\":\"it-IT\"},{\"@type\":\"Person\",\"@id\":\"https:\\\/\\\/www.article-marketing.eu\\\/comunicatistampa\\\/#\\\/schema\\\/person\\\/d1985c4955ff71a05f49d68e3034b3cd\",\"name\":\"AIFUS\",\"image\":{\"@type\":\"ImageObject\",\"inLanguage\":\"it-IT\",\"@id\":\"https:\\\/\\\/secure.gravatar.com\\\/avatar\\\/05cf2a2ba057667571308b94c84f00ff48766ffac95710a87491a9b3ddcee484?s=96&d=mm&r=g\",\"url\":\"https:\\\/\\\/secure.gravatar.com\\\/avatar\\\/05cf2a2ba057667571308b94c84f00ff48766ffac95710a87491a9b3ddcee484?s=96&d=mm&r=g\",\"contentUrl\":\"https:\\\/\\\/secure.gravatar.com\\\/avatar\\\/05cf2a2ba057667571308b94c84f00ff48766ffac95710a87491a9b3ddcee484?s=96&d=mm&r=g\",\"caption\":\"AIFUS\"},\"url\":\"https:\\\/\\\/www.article-marketing.eu\\\/comunicatistampa\\\/author\\\/aifus\\\/\"}]}<\/script>\n<!-- \/ Yoast SEO plugin. -->","yoast_head_json":{"title":"Aifos a Safety Expo: l\u2019efficacia dei corsi con attivit\u00e0 pratiche - Article Marketing","robots":{"index":"index","follow":"follow","max-snippet":"max-snippet:-1","max-image-preview":"max-image-preview:large","max-video-preview":"max-video-preview:-1"},"canonical":"https:\/\/www.article-marketing.eu\/comunicatistampa\/aifos-a-safety-expo-lefficacia-dei-corsi-con-attivita-pratiche\/","og_locale":"it_IT","og_type":"article","og_title":"Aifos a Safety Expo: l\u2019efficacia dei corsi con attivit\u00e0 pratiche - Article Marketing","og_description":"Comunicato Stampa Aifos a Safety Expo: l\u2019efficacia dei corsi con attivit\u00e0 pratiche Dal 19 al 20 settembre a Safety Expo 2018 di Bergamo l\u2019Associazione AiFOS organizza tre corsi con attivit\u00e0 pratiche per la guida in sicurezza, il primo soccorso e l\u2019utilizzo dei DPI in quota e negli spazi confinati. &nbsp; Perch\u00e9 la formazione alla sicurezza, colonna portante di ogni strategia di prevenzione di infortuni e malattie professionali nei luoghi diContinue reading...","og_url":"https:\/\/www.article-marketing.eu\/comunicatistampa\/aifos-a-safety-expo-lefficacia-dei-corsi-con-attivita-pratiche\/","og_site_name":"Article Marketing","article_published_time":"2018-07-19T22:10:34+00:00","author":"AIFUS","twitter_card":"summary_large_image","twitter_misc":{"Scritto da":"AIFUS","Tempo di lettura stimato":"5 minuti"},"schema":{"@context":"https:\/\/schema.org","@graph":[{"@type":"Article","@id":"https:\/\/www.article-marketing.eu\/comunicatistampa\/aifos-a-safety-expo-lefficacia-dei-corsi-con-attivita-pratiche\/#article","isPartOf":{"@id":"https:\/\/www.article-marketing.eu\/comunicatistampa\/aifos-a-safety-expo-lefficacia-dei-corsi-con-attivita-pratiche\/"},"author":{"name":"AIFUS","@id":"https:\/\/www.article-marketing.eu\/comunicatistampa\/#\/schema\/person\/d1985c4955ff71a05f49d68e3034b3cd"},"headline":"Aifos a Safety Expo: l\u2019efficacia dei corsi con attivit\u00e0 pratiche","datePublished":"2018-07-19T22:10:34+00:00","mainEntityOfPage":{"@id":"https:\/\/www.article-marketing.eu\/comunicatistampa\/aifos-a-safety-expo-lefficacia-dei-corsi-con-attivita-pratiche\/"},"wordCount":1040,"commentCount":0,"keywords":["Aifos","dispositivi di protezione individuale","DPI","formazione alla sicurezza","guida in sicurezza","lavori in quota","primo soccorso","Safety Expo 2018 di Bergamo","salute e sicurezza sul lavoro","sicurezza sul lavoro","spazi confinati","SSL","workshop"],"articleSection":["Comunicati stampa","Corsi","Eventi","Istruzione"],"inLanguage":"it-IT","potentialAction":[{"@type":"CommentAction","name":"Comment","target":["https:\/\/www.article-marketing.eu\/comunicatistampa\/aifos-a-safety-expo-lefficacia-dei-corsi-con-attivita-pratiche\/#respond"]}]},{"@type":"WebPage","@id":"https:\/\/www.article-marketing.eu\/comunicatistampa\/aifos-a-safety-expo-lefficacia-dei-corsi-con-attivita-pratiche\/","url":"https:\/\/www.article-marketing.eu\/comunicatistampa\/aifos-a-safety-expo-lefficacia-dei-corsi-con-attivita-pratiche\/","name":"Aifos a Safety Expo: l\u2019efficacia dei corsi con attivit\u00e0 pratiche - Article Marketing","isPartOf":{"@id":"https:\/\/www.article-marketing.eu\/comunicatistampa\/#website"},"datePublished":"2018-07-19T22:10:34+00:00","author":{"@id":"https:\/\/www.article-marketing.eu\/comunicatistampa\/#\/schema\/person\/d1985c4955ff71a05f49d68e3034b3cd"},"breadcrumb":{"@id":"https:\/\/www.article-marketing.eu\/comunicatistampa\/aifos-a-safety-expo-lefficacia-dei-corsi-con-attivita-pratiche\/#breadcrumb"},"inLanguage":"it-IT","potentialAction":[{"@type":"ReadAction","target":["https:\/\/www.article-marketing.eu\/comunicatistampa\/aifos-a-safety-expo-lefficacia-dei-corsi-con-attivita-pratiche\/"]}]},{"@type":"BreadcrumbList","@id":"https:\/\/www.article-marketing.eu\/comunicatistampa\/aifos-a-safety-expo-lefficacia-dei-corsi-con-attivita-pratiche\/#breadcrumb","itemListElement":[{"@type":"ListItem","position":1,"name":"Home","item":"https:\/\/www.article-marketing.eu\/comunicatistampa\/"},{"@type":"ListItem","position":2,"name":"Aifos a Safety Expo: l\u2019efficacia dei corsi con attivit\u00e0 pratiche"}]},{"@type":"WebSite","@id":"https:\/\/www.article-marketing.eu\/comunicatistampa\/#website","url":"https:\/\/www.article-marketing.eu\/comunicatistampa\/","name":"Article Marketing","description":"article marketing &amp; press release","potentialAction":[{"@type":"SearchAction","target":{"@type":"EntryPoint","urlTemplate":"https:\/\/www.article-marketing.eu\/comunicatistampa\/?s={search_term_string}"},"query-input":{"@type":"PropertyValueSpecification","valueRequired":true,"valueName":"search_term_string"}}],"inLanguage":"it-IT"},{"@type":"Person","@id":"https:\/\/www.article-marketing.eu\/comunicatistampa\/#\/schema\/person\/d1985c4955ff71a05f49d68e3034b3cd","name":"AIFUS","image":{"@type":"ImageObject","inLanguage":"it-IT","@id":"https:\/\/secure.gravatar.com\/avatar\/05cf2a2ba057667571308b94c84f00ff48766ffac95710a87491a9b3ddcee484?s=96&d=mm&r=g","url":"https:\/\/secure.gravatar.com\/avatar\/05cf2a2ba057667571308b94c84f00ff48766ffac95710a87491a9b3ddcee484?s=96&d=mm&r=g","contentUrl":"https:\/\/secure.gravatar.com\/avatar\/05cf2a2ba057667571308b94c84f00ff48766ffac95710a87491a9b3ddcee484?s=96&d=mm&r=g","caption":"AIFUS"},"url":"https:\/\/www.article-marketing.eu\/comunicatistampa\/author\/aifus\/"}]}},"_links":{"self":[{"href":"https:\/\/www.article-marketing.eu\/comunicatistampa\/wp-json\/wp\/v2\/posts\/10961","targetHints":{"allow":["GET"]}}],"collection":[{"href":"https:\/\/www.article-marketing.eu\/comunicatistampa\/wp-json\/wp\/v2\/posts"}],"about":[{"href":"https:\/\/www.article-marketing.eu\/comunicatistampa\/wp-json\/wp\/v2\/types\/post"}],"author":[{"embeddable":true,"href":"https:\/\/www.article-marketing.eu\/comunicatistampa\/wp-json\/wp\/v2\/users\/881"}],"replies":[{"embeddable":true,"href":"https:\/\/www.article-marketing.eu\/comunicatistampa\/wp-json\/wp\/v2\/comments?post=10961"}],"version-history":[{"count":2,"href":"https:\/\/www.article-marketing.eu\/comunicatistampa\/wp-json\/wp\/v2\/posts\/10961\/revisions"}],"predecessor-version":[{"id":10989,"href":"https:\/\/www.article-marketing.eu\/comunicatistampa\/wp-json\/wp\/v2\/posts\/10961\/revisions\/10989"}],"wp:attachment":[{"href":"https:\/\/www.article-marketing.eu\/comunicatistampa\/wp-json\/wp\/v2\/media?parent=10961"}],"wp:term":[{"taxonomy":"category","embeddable":true,"href":"https:\/\/www.article-marketing.eu\/comunicatistampa\/wp-json\/wp\/v2\/categories?post=10961"},{"taxonomy":"post_tag","embeddable":true,"href":"https:\/\/www.article-marketing.eu\/comunicatistampa\/wp-json\/wp\/v2\/tags?post=10961"}],"curies":[{"name":"wp","href":"https:\/\/api.w.org\/{rel}","templated":true}]}}