{"id":10998,"date":"2018-07-23T22:41:23","date_gmt":"2018-07-23T20:41:23","guid":{"rendered":"http:\/\/www.article-marketing.eu\/comunicatistampa\/?p=10998"},"modified":"2018-07-23T22:41:23","modified_gmt":"2018-07-23T20:41:23","slug":"tutti-benvenuti-al-congresso-del-2018-sii-coraggioso","status":"publish","type":"post","link":"https:\/\/www.article-marketing.eu\/comunicatistampa\/tutti-benvenuti-al-congresso-del-2018-sii-coraggioso\/","title":{"rendered":"Tutti benvenuti al Congresso del 2018 &#8220;Sii coraggioso!&#8221;"},"content":{"rendered":"<p>Quest\u2019anno i Testimoni di Geova hanno scelto la fiera di Roma, per la loro serie di Congressi estivi nella nostra zona, dall\u2019avvincente <strong>tema \u201cSii coraggioso!\u201d<\/strong>. Saranno tre i fine settimana che vedranno i testimoni e simpatizzanti radunarsi alla Fiera di Roma, e si terranno nel <strong>periodo, 20-22 luglio, 27- 29 luglio e 3-5 agosto 2018,<\/strong> per tutti i delegati provenienti da tutto il Lazio e parte dell\u2019Abruzzo.<\/p>\n<p><img decoding=\"async\" src=\"https:\/\/img.evbuc.com\/https%3A%2F%2Fcdn.evbuc.com%2Fimages%2F47416580%2F240347937379%2F1%2Foriginal.jpg?w=800&amp;auto=compress&amp;rect=0%2C78%2C510%2C255&amp;s=6bf1fb4ce4d6e0a1dc2c9a04ff2fd5b8\" alt=\"Congresso 2018 Sii Coraggioso!\" \/><\/p>\n<p>A partire da questo fine settimana, e fino all\u2019ultimo appuntamento di agosto, i Testimoni di Geova <u>consegneranno personalmente a tutti gli abitanti della zona<\/u>\u00a0l&#8217;invito ad assistere al congresso.<\/p>\n<p>Si pu\u00f2 essere coraggiosi per affrontare le ingiustizie, le malattie, la mancanza di rispetto per le regole, il bullismo, la violenza, la depressione, la morte?\u00a0 I Testimoni di Geova sono convinti che tutto questo stia per finire. Sar\u00e0 durante questi Congressi che sar\u00e0 spiegato come diventare coraggiosi davanti alle avversit\u00e0 e come mantenere il proprio equilibrio durante le sfide quotidiane della vita. Si tratta di un congresso in cui verranno esaminati passi della Bibbia e personaggi biblici, con l\u2019ausilio di numerosi contributi video, il tutto con lo scopo \u201cdi aiutare i presenti ad affrontare le ansiet\u00e0 e i timori della vita con coraggio; Molto attesa \u00e8 la proiezione del lungometraggio: \u201cGiona, una storia sul coraggio e la misericordia\u201d, un personaggio della Bibbia, che narra di un uomo che ha vissuto un\u2019esperienza unica, una storia che ha molto da insegnarci.<\/p>\n<p>Altri momenti attesi del congresso saranno l\u2019emozionante cerimonia del battesimo il sabato mattina ed il discorso pubblico della domenica mattina dal tema: \u201cLa speranza della risurrezione ci d\u00e0 coraggio\u201d.<\/p>\n<p>Per ciascun giorno di congresso, il programma inizier\u00e0 alle ore 9.20 per concludersi alle ore 16.50. La domenica, il programma prevede la fine dell\u2019evento alle ore 15.50.<\/p>\n<p>Si calcola che presso la fiera di Roma,<strong> ci sar\u00e0 un\u2019affluenza complessiva di circa 30.000 persone<\/strong> per assistere al programma in tutti e tre fine settimana.<\/p>\n<p><strong>L\u2019ingresso al congresso \u00e8 libero<\/strong> e non si fanno collette. Per ulteriori informazioni e per scaricare il programma siete invitati a consultare il sito ufficiale: <strong><a href=\"https:\/\/www.jw.org\/it\/pubblicazioni\/libri\/programma-congresso-2018\/\">https:\/\/www.jw.org\/it\/pubblicazioni\/libri\/programma-congresso-2018\/<\/a><\/strong><\/p>\n","protected":false},"excerpt":{"rendered":"<p>Quest\u2019anno i Testimoni di Geova hanno scelto la fiera di Roma, per la loro serie di Congressi estivi nella nostra zona, dall\u2019avvincente tema \u201cSii coraggioso!\u201d. Saranno tre i fine settimana che vedranno i testimoni e simpatizzanti radunarsi alla Fiera di Roma, e si terranno nel periodo, 20-22 luglio, 27- 29 luglio e 3-5 agosto 2018, per tutti i delegati provenienti da tutto il Lazio e parte dell\u2019Abruzzo. A partire da<\/p>\n<p><a class=\"continue-reading\" href=\"https:\/\/www.article-marketing.eu\/comunicatistampa\/tutti-benvenuti-al-congresso-del-2018-sii-coraggioso\/\">Continue reading&#8230;<\/a><\/p>\n","protected":false},"author":574,"featured_media":0,"comment_status":"open","ping_status":"open","sticky":false,"template":"","format":"standard","meta":{"_monsterinsights_skip_tracking":false,"_monsterinsights_sitenote_active":false,"_monsterinsights_sitenote_note":"","_monsterinsights_sitenote_category":0,"footnotes":""},"categories":[78,392,360],"tags":[1735,4665,4664],"class_list":["post-10998","post","type-post","status-publish","format-standard","hentry","category-comunicati-stampa","category-eventi","category-religione","tag-congresso","tag-coraggio","tag-fiera-di-roma"],"yoast_head":"<!-- This site is optimized with the Yoast SEO plugin v27.3 - https:\/\/yoast.com\/product\/yoast-seo-wordpress\/ -->\n<title>Tutti benvenuti al Congresso del 2018 &quot;Sii coraggioso!&quot; - Article Marketing<\/title>\n<meta name=\"robots\" content=\"index, follow, max-snippet:-1, max-image-preview:large, max-video-preview:-1\" \/>\n<link rel=\"canonical\" href=\"https:\/\/www.article-marketing.eu\/comunicatistampa\/tutti-benvenuti-al-congresso-del-2018-sii-coraggioso\/\" \/>\n<meta property=\"og:locale\" content=\"it_IT\" \/>\n<meta property=\"og:type\" content=\"article\" \/>\n<meta property=\"og:title\" content=\"Tutti benvenuti al Congresso del 2018 &quot;Sii coraggioso!&quot; - Article Marketing\" \/>\n<meta property=\"og:description\" content=\"Quest\u2019anno i Testimoni di Geova hanno scelto la fiera di Roma, per la loro serie di Congressi estivi nella nostra zona, dall\u2019avvincente tema \u201cSii coraggioso!\u201d. Saranno tre i fine settimana che vedranno i testimoni e simpatizzanti radunarsi alla Fiera di Roma, e si terranno nel periodo, 20-22 luglio, 27- 29 luglio e 3-5 agosto 2018, per tutti i delegati provenienti da tutto il Lazio e parte dell\u2019Abruzzo. A partire daContinue reading...\" \/>\n<meta property=\"og:url\" content=\"https:\/\/www.article-marketing.eu\/comunicatistampa\/tutti-benvenuti-al-congresso-del-2018-sii-coraggioso\/\" \/>\n<meta property=\"og:site_name\" content=\"Article Marketing\" \/>\n<meta property=\"article:published_time\" content=\"2018-07-23T20:41:23+00:00\" \/>\n<meta property=\"og:image\" content=\"https:\/\/img.evbuc.com\/https%3A%2F%2Fcdn.evbuc.com%2Fimages%2F47416580%2F240347937379%2F1%2Foriginal.jpg?w=800&amp;auto=compress&amp;rect=0%2C78%2C510%2C255&amp;s=6bf1fb4ce4d6e0a1dc2c9a04ff2fd5b8\" \/>\n<meta name=\"author\" content=\"tgcastelli\" \/>\n<meta name=\"twitter:card\" content=\"summary_large_image\" \/>\n<meta name=\"twitter:label1\" content=\"Scritto da\" \/>\n\t<meta name=\"twitter:data1\" content=\"tgcastelli\" \/>\n\t<meta name=\"twitter:label2\" content=\"Tempo di lettura stimato\" \/>\n\t<meta name=\"twitter:data2\" content=\"2 minuti\" \/>\n<script type=\"application\/ld+json\" class=\"yoast-schema-graph\">{\"@context\":\"https:\\\/\\\/schema.org\",\"@graph\":[{\"@type\":\"Article\",\"@id\":\"https:\\\/\\\/www.article-marketing.eu\\\/comunicatistampa\\\/tutti-benvenuti-al-congresso-del-2018-sii-coraggioso\\\/#article\",\"isPartOf\":{\"@id\":\"https:\\\/\\\/www.article-marketing.eu\\\/comunicatistampa\\\/tutti-benvenuti-al-congresso-del-2018-sii-coraggioso\\\/\"},\"author\":{\"name\":\"tgcastelli\",\"@id\":\"https:\\\/\\\/www.article-marketing.eu\\\/comunicatistampa\\\/#\\\/schema\\\/person\\\/46386ec4fc62eea7f23a2a91280c2c62\"},\"headline\":\"Tutti benvenuti al Congresso del 2018 &#8220;Sii coraggioso!&#8221;\",\"datePublished\":\"2018-07-23T20:41:23+00:00\",\"mainEntityOfPage\":{\"@id\":\"https:\\\/\\\/www.article-marketing.eu\\\/comunicatistampa\\\/tutti-benvenuti-al-congresso-del-2018-sii-coraggioso\\\/\"},\"wordCount\":359,\"commentCount\":0,\"image\":{\"@id\":\"https:\\\/\\\/www.article-marketing.eu\\\/comunicatistampa\\\/tutti-benvenuti-al-congresso-del-2018-sii-coraggioso\\\/#primaryimage\"},\"thumbnailUrl\":\"https:\\\/\\\/img.evbuc.com\\\/https%3A%2F%2Fcdn.evbuc.com%2Fimages%2F47416580%2F240347937379%2F1%2Foriginal.jpg?w=800&amp;auto=compress&amp;rect=0%2C78%2C510%2C255&amp;s=6bf1fb4ce4d6e0a1dc2c9a04ff2fd5b8\",\"keywords\":[\"congresso\",\"coraggio\",\"fiera di roma\"],\"articleSection\":[\"Comunicati stampa\",\"Eventi\",\"Religione\"],\"inLanguage\":\"it-IT\",\"potentialAction\":[{\"@type\":\"CommentAction\",\"name\":\"Comment\",\"target\":[\"https:\\\/\\\/www.article-marketing.eu\\\/comunicatistampa\\\/tutti-benvenuti-al-congresso-del-2018-sii-coraggioso\\\/#respond\"]}]},{\"@type\":\"WebPage\",\"@id\":\"https:\\\/\\\/www.article-marketing.eu\\\/comunicatistampa\\\/tutti-benvenuti-al-congresso-del-2018-sii-coraggioso\\\/\",\"url\":\"https:\\\/\\\/www.article-marketing.eu\\\/comunicatistampa\\\/tutti-benvenuti-al-congresso-del-2018-sii-coraggioso\\\/\",\"name\":\"Tutti benvenuti al Congresso del 2018 \\\"Sii coraggioso!\\\" - Article Marketing\",\"isPartOf\":{\"@id\":\"https:\\\/\\\/www.article-marketing.eu\\\/comunicatistampa\\\/#website\"},\"primaryImageOfPage\":{\"@id\":\"https:\\\/\\\/www.article-marketing.eu\\\/comunicatistampa\\\/tutti-benvenuti-al-congresso-del-2018-sii-coraggioso\\\/#primaryimage\"},\"image\":{\"@id\":\"https:\\\/\\\/www.article-marketing.eu\\\/comunicatistampa\\\/tutti-benvenuti-al-congresso-del-2018-sii-coraggioso\\\/#primaryimage\"},\"thumbnailUrl\":\"https:\\\/\\\/img.evbuc.com\\\/https%3A%2F%2Fcdn.evbuc.com%2Fimages%2F47416580%2F240347937379%2F1%2Foriginal.jpg?w=800&amp;auto=compress&amp;rect=0%2C78%2C510%2C255&amp;s=6bf1fb4ce4d6e0a1dc2c9a04ff2fd5b8\",\"datePublished\":\"2018-07-23T20:41:23+00:00\",\"author\":{\"@id\":\"https:\\\/\\\/www.article-marketing.eu\\\/comunicatistampa\\\/#\\\/schema\\\/person\\\/46386ec4fc62eea7f23a2a91280c2c62\"},\"breadcrumb\":{\"@id\":\"https:\\\/\\\/www.article-marketing.eu\\\/comunicatistampa\\\/tutti-benvenuti-al-congresso-del-2018-sii-coraggioso\\\/#breadcrumb\"},\"inLanguage\":\"it-IT\",\"potentialAction\":[{\"@type\":\"ReadAction\",\"target\":[\"https:\\\/\\\/www.article-marketing.eu\\\/comunicatistampa\\\/tutti-benvenuti-al-congresso-del-2018-sii-coraggioso\\\/\"]}]},{\"@type\":\"ImageObject\",\"inLanguage\":\"it-IT\",\"@id\":\"https:\\\/\\\/www.article-marketing.eu\\\/comunicatistampa\\\/tutti-benvenuti-al-congresso-del-2018-sii-coraggioso\\\/#primaryimage\",\"url\":\"https:\\\/\\\/img.evbuc.com\\\/https%3A%2F%2Fcdn.evbuc.com%2Fimages%2F47416580%2F240347937379%2F1%2Foriginal.jpg?w=800&amp;auto=compress&amp;rect=0%2C78%2C510%2C255&amp;s=6bf1fb4ce4d6e0a1dc2c9a04ff2fd5b8\",\"contentUrl\":\"https:\\\/\\\/img.evbuc.com\\\/https%3A%2F%2Fcdn.evbuc.com%2Fimages%2F47416580%2F240347937379%2F1%2Foriginal.jpg?w=800&amp;auto=compress&amp;rect=0%2C78%2C510%2C255&amp;s=6bf1fb4ce4d6e0a1dc2c9a04ff2fd5b8\"},{\"@type\":\"BreadcrumbList\",\"@id\":\"https:\\\/\\\/www.article-marketing.eu\\\/comunicatistampa\\\/tutti-benvenuti-al-congresso-del-2018-sii-coraggioso\\\/#breadcrumb\",\"itemListElement\":[{\"@type\":\"ListItem\",\"position\":1,\"name\":\"Home\",\"item\":\"https:\\\/\\\/www.article-marketing.eu\\\/comunicatistampa\\\/\"},{\"@type\":\"ListItem\",\"position\":2,\"name\":\"Tutti benvenuti al Congresso del 2018 &#8220;Sii coraggioso!&#8221;\"}]},{\"@type\":\"WebSite\",\"@id\":\"https:\\\/\\\/www.article-marketing.eu\\\/comunicatistampa\\\/#website\",\"url\":\"https:\\\/\\\/www.article-marketing.eu\\\/comunicatistampa\\\/\",\"name\":\"Article Marketing\",\"description\":\"article marketing &amp; press release\",\"potentialAction\":[{\"@type\":\"SearchAction\",\"target\":{\"@type\":\"EntryPoint\",\"urlTemplate\":\"https:\\\/\\\/www.article-marketing.eu\\\/comunicatistampa\\\/?s={search_term_string}\"},\"query-input\":{\"@type\":\"PropertyValueSpecification\",\"valueRequired\":true,\"valueName\":\"search_term_string\"}}],\"inLanguage\":\"it-IT\"},{\"@type\":\"Person\",\"@id\":\"https:\\\/\\\/www.article-marketing.eu\\\/comunicatistampa\\\/#\\\/schema\\\/person\\\/46386ec4fc62eea7f23a2a91280c2c62\",\"name\":\"tgcastelli\",\"image\":{\"@type\":\"ImageObject\",\"inLanguage\":\"it-IT\",\"@id\":\"https:\\\/\\\/secure.gravatar.com\\\/avatar\\\/95e05da8c0e3ddcbfe8c905cd7cfdc44042f49a9816aedd05ef3d424253ec95a?s=96&d=mm&r=g\",\"url\":\"https:\\\/\\\/secure.gravatar.com\\\/avatar\\\/95e05da8c0e3ddcbfe8c905cd7cfdc44042f49a9816aedd05ef3d424253ec95a?s=96&d=mm&r=g\",\"contentUrl\":\"https:\\\/\\\/secure.gravatar.com\\\/avatar\\\/95e05da8c0e3ddcbfe8c905cd7cfdc44042f49a9816aedd05ef3d424253ec95a?s=96&d=mm&r=g\",\"caption\":\"tgcastelli\"},\"url\":\"https:\\\/\\\/www.article-marketing.eu\\\/comunicatistampa\\\/author\\\/tgcastelli\\\/\"}]}<\/script>\n<!-- \/ Yoast SEO plugin. -->","yoast_head_json":{"title":"Tutti benvenuti al Congresso del 2018 \"Sii coraggioso!\" - Article Marketing","robots":{"index":"index","follow":"follow","max-snippet":"max-snippet:-1","max-image-preview":"max-image-preview:large","max-video-preview":"max-video-preview:-1"},"canonical":"https:\/\/www.article-marketing.eu\/comunicatistampa\/tutti-benvenuti-al-congresso-del-2018-sii-coraggioso\/","og_locale":"it_IT","og_type":"article","og_title":"Tutti benvenuti al Congresso del 2018 \"Sii coraggioso!\" - Article Marketing","og_description":"Quest\u2019anno i Testimoni di Geova hanno scelto la fiera di Roma, per la loro serie di Congressi estivi nella nostra zona, dall\u2019avvincente tema \u201cSii coraggioso!\u201d. Saranno tre i fine settimana che vedranno i testimoni e simpatizzanti radunarsi alla Fiera di Roma, e si terranno nel periodo, 20-22 luglio, 27- 29 luglio e 3-5 agosto 2018, per tutti i delegati provenienti da tutto il Lazio e parte dell\u2019Abruzzo. A partire daContinue reading...","og_url":"https:\/\/www.article-marketing.eu\/comunicatistampa\/tutti-benvenuti-al-congresso-del-2018-sii-coraggioso\/","og_site_name":"Article Marketing","article_published_time":"2018-07-23T20:41:23+00:00","og_image":[{"url":"https:\/\/img.evbuc.com\/https%3A%2F%2Fcdn.evbuc.com%2Fimages%2F47416580%2F240347937379%2F1%2Foriginal.jpg?w=800&amp;auto=compress&amp;rect=0%2C78%2C510%2C255&amp;s=6bf1fb4ce4d6e0a1dc2c9a04ff2fd5b8","type":"","width":"","height":""}],"author":"tgcastelli","twitter_card":"summary_large_image","twitter_misc":{"Scritto da":"tgcastelli","Tempo di lettura stimato":"2 minuti"},"schema":{"@context":"https:\/\/schema.org","@graph":[{"@type":"Article","@id":"https:\/\/www.article-marketing.eu\/comunicatistampa\/tutti-benvenuti-al-congresso-del-2018-sii-coraggioso\/#article","isPartOf":{"@id":"https:\/\/www.article-marketing.eu\/comunicatistampa\/tutti-benvenuti-al-congresso-del-2018-sii-coraggioso\/"},"author":{"name":"tgcastelli","@id":"https:\/\/www.article-marketing.eu\/comunicatistampa\/#\/schema\/person\/46386ec4fc62eea7f23a2a91280c2c62"},"headline":"Tutti benvenuti al Congresso del 2018 &#8220;Sii coraggioso!&#8221;","datePublished":"2018-07-23T20:41:23+00:00","mainEntityOfPage":{"@id":"https:\/\/www.article-marketing.eu\/comunicatistampa\/tutti-benvenuti-al-congresso-del-2018-sii-coraggioso\/"},"wordCount":359,"commentCount":0,"image":{"@id":"https:\/\/www.article-marketing.eu\/comunicatistampa\/tutti-benvenuti-al-congresso-del-2018-sii-coraggioso\/#primaryimage"},"thumbnailUrl":"https:\/\/img.evbuc.com\/https%3A%2F%2Fcdn.evbuc.com%2Fimages%2F47416580%2F240347937379%2F1%2Foriginal.jpg?w=800&amp;auto=compress&amp;rect=0%2C78%2C510%2C255&amp;s=6bf1fb4ce4d6e0a1dc2c9a04ff2fd5b8","keywords":["congresso","coraggio","fiera di roma"],"articleSection":["Comunicati stampa","Eventi","Religione"],"inLanguage":"it-IT","potentialAction":[{"@type":"CommentAction","name":"Comment","target":["https:\/\/www.article-marketing.eu\/comunicatistampa\/tutti-benvenuti-al-congresso-del-2018-sii-coraggioso\/#respond"]}]},{"@type":"WebPage","@id":"https:\/\/www.article-marketing.eu\/comunicatistampa\/tutti-benvenuti-al-congresso-del-2018-sii-coraggioso\/","url":"https:\/\/www.article-marketing.eu\/comunicatistampa\/tutti-benvenuti-al-congresso-del-2018-sii-coraggioso\/","name":"Tutti benvenuti al Congresso del 2018 \"Sii coraggioso!\" - Article Marketing","isPartOf":{"@id":"https:\/\/www.article-marketing.eu\/comunicatistampa\/#website"},"primaryImageOfPage":{"@id":"https:\/\/www.article-marketing.eu\/comunicatistampa\/tutti-benvenuti-al-congresso-del-2018-sii-coraggioso\/#primaryimage"},"image":{"@id":"https:\/\/www.article-marketing.eu\/comunicatistampa\/tutti-benvenuti-al-congresso-del-2018-sii-coraggioso\/#primaryimage"},"thumbnailUrl":"https:\/\/img.evbuc.com\/https%3A%2F%2Fcdn.evbuc.com%2Fimages%2F47416580%2F240347937379%2F1%2Foriginal.jpg?w=800&amp;auto=compress&amp;rect=0%2C78%2C510%2C255&amp;s=6bf1fb4ce4d6e0a1dc2c9a04ff2fd5b8","datePublished":"2018-07-23T20:41:23+00:00","author":{"@id":"https:\/\/www.article-marketing.eu\/comunicatistampa\/#\/schema\/person\/46386ec4fc62eea7f23a2a91280c2c62"},"breadcrumb":{"@id":"https:\/\/www.article-marketing.eu\/comunicatistampa\/tutti-benvenuti-al-congresso-del-2018-sii-coraggioso\/#breadcrumb"},"inLanguage":"it-IT","potentialAction":[{"@type":"ReadAction","target":["https:\/\/www.article-marketing.eu\/comunicatistampa\/tutti-benvenuti-al-congresso-del-2018-sii-coraggioso\/"]}]},{"@type":"ImageObject","inLanguage":"it-IT","@id":"https:\/\/www.article-marketing.eu\/comunicatistampa\/tutti-benvenuti-al-congresso-del-2018-sii-coraggioso\/#primaryimage","url":"https:\/\/img.evbuc.com\/https%3A%2F%2Fcdn.evbuc.com%2Fimages%2F47416580%2F240347937379%2F1%2Foriginal.jpg?w=800&amp;auto=compress&amp;rect=0%2C78%2C510%2C255&amp;s=6bf1fb4ce4d6e0a1dc2c9a04ff2fd5b8","contentUrl":"https:\/\/img.evbuc.com\/https%3A%2F%2Fcdn.evbuc.com%2Fimages%2F47416580%2F240347937379%2F1%2Foriginal.jpg?w=800&amp;auto=compress&amp;rect=0%2C78%2C510%2C255&amp;s=6bf1fb4ce4d6e0a1dc2c9a04ff2fd5b8"},{"@type":"BreadcrumbList","@id":"https:\/\/www.article-marketing.eu\/comunicatistampa\/tutti-benvenuti-al-congresso-del-2018-sii-coraggioso\/#breadcrumb","itemListElement":[{"@type":"ListItem","position":1,"name":"Home","item":"https:\/\/www.article-marketing.eu\/comunicatistampa\/"},{"@type":"ListItem","position":2,"name":"Tutti benvenuti al Congresso del 2018 &#8220;Sii coraggioso!&#8221;"}]},{"@type":"WebSite","@id":"https:\/\/www.article-marketing.eu\/comunicatistampa\/#website","url":"https:\/\/www.article-marketing.eu\/comunicatistampa\/","name":"Article Marketing","description":"article marketing &amp; press release","potentialAction":[{"@type":"SearchAction","target":{"@type":"EntryPoint","urlTemplate":"https:\/\/www.article-marketing.eu\/comunicatistampa\/?s={search_term_string}"},"query-input":{"@type":"PropertyValueSpecification","valueRequired":true,"valueName":"search_term_string"}}],"inLanguage":"it-IT"},{"@type":"Person","@id":"https:\/\/www.article-marketing.eu\/comunicatistampa\/#\/schema\/person\/46386ec4fc62eea7f23a2a91280c2c62","name":"tgcastelli","image":{"@type":"ImageObject","inLanguage":"it-IT","@id":"https:\/\/secure.gravatar.com\/avatar\/95e05da8c0e3ddcbfe8c905cd7cfdc44042f49a9816aedd05ef3d424253ec95a?s=96&d=mm&r=g","url":"https:\/\/secure.gravatar.com\/avatar\/95e05da8c0e3ddcbfe8c905cd7cfdc44042f49a9816aedd05ef3d424253ec95a?s=96&d=mm&r=g","contentUrl":"https:\/\/secure.gravatar.com\/avatar\/95e05da8c0e3ddcbfe8c905cd7cfdc44042f49a9816aedd05ef3d424253ec95a?s=96&d=mm&r=g","caption":"tgcastelli"},"url":"https:\/\/www.article-marketing.eu\/comunicatistampa\/author\/tgcastelli\/"}]}},"_links":{"self":[{"href":"https:\/\/www.article-marketing.eu\/comunicatistampa\/wp-json\/wp\/v2\/posts\/10998","targetHints":{"allow":["GET"]}}],"collection":[{"href":"https:\/\/www.article-marketing.eu\/comunicatistampa\/wp-json\/wp\/v2\/posts"}],"about":[{"href":"https:\/\/www.article-marketing.eu\/comunicatistampa\/wp-json\/wp\/v2\/types\/post"}],"author":[{"embeddable":true,"href":"https:\/\/www.article-marketing.eu\/comunicatistampa\/wp-json\/wp\/v2\/users\/574"}],"replies":[{"embeddable":true,"href":"https:\/\/www.article-marketing.eu\/comunicatistampa\/wp-json\/wp\/v2\/comments?post=10998"}],"version-history":[{"count":3,"href":"https:\/\/www.article-marketing.eu\/comunicatistampa\/wp-json\/wp\/v2\/posts\/10998\/revisions"}],"predecessor-version":[{"id":11034,"href":"https:\/\/www.article-marketing.eu\/comunicatistampa\/wp-json\/wp\/v2\/posts\/10998\/revisions\/11034"}],"wp:attachment":[{"href":"https:\/\/www.article-marketing.eu\/comunicatistampa\/wp-json\/wp\/v2\/media?parent=10998"}],"wp:term":[{"taxonomy":"category","embeddable":true,"href":"https:\/\/www.article-marketing.eu\/comunicatistampa\/wp-json\/wp\/v2\/categories?post=10998"},{"taxonomy":"post_tag","embeddable":true,"href":"https:\/\/www.article-marketing.eu\/comunicatistampa\/wp-json\/wp\/v2\/tags?post=10998"}],"curies":[{"name":"wp","href":"https:\/\/api.w.org\/{rel}","templated":true}]}}