{"id":11021,"date":"2018-07-23T22:42:49","date_gmt":"2018-07-23T20:42:49","guid":{"rendered":"http:\/\/www.article-marketing.eu\/comunicatistampa\/?p=11021"},"modified":"2018-07-23T22:42:49","modified_gmt":"2018-07-23T20:42:49","slug":"da-oggi-piazza-vittorio-veneto-diventa-un-salotto-en-plein-air-grazie-a-il-legno-dalla-natura-alle-cose","status":"publish","type":"post","link":"https:\/\/www.article-marketing.eu\/comunicatistampa\/da-oggi-piazza-vittorio-veneto-diventa-un-salotto-en-plein-air-grazie-a-il-legno-dalla-natura-alle-cose\/","title":{"rendered":"Da oggi Piazza Vittorio Veneto diventa un salotto &#8220;en plein air&#8221; grazie a IL LEGNO dalla Natura alle Cose"},"content":{"rendered":"<p><strong>\u201c<\/strong><strong>IL LEGNO dalla Natura alle Cose\u201d<\/strong>, manifestazione voluta e ideata dalla\u00a0<strong><a href=\"http:\/\/www.museotinosana.it\/\">Fondazione Museo del Falegname<\/a><\/strong><strong>\u00a0Tino Sana<\/strong>\u00a0che riunisce le principali aziende del territorio con l\u2019intento di diffondere la cultura della materia, alza il sipario sulla sua nuova installazione: <strong>un salotto \u201cen plein air\u201d in piazza Vittorio Veneto <\/strong>dedicato a tutti coloro che a settembre arriveranno in citt\u00e0 per partecipare agli eventi de <strong>I Maestri del Paesaggio 2018.<\/strong><\/p>\n<p>Bergamaschi e turisti che accorreranno in citt\u00e0 per la famosa kermesse, potranno cos\u00ec trovare un luogo delizioso in cui riposarsi dopo aver passeggiato tra le vie di Bergamo ed essere informati delle tante iniziative che animeranno la citt\u00e0 <strong>dal 6 al 23 settembre<\/strong>, alcune delle quali impreziosite dalla manifestazione de IL LEGNO dalla Natura alle Cose.<\/p>\n<p>Tra queste, la mostra \u201c<strong>IL LEGNO dalla Natura alle Cose _ La straordinaria quotidianit\u00e0 del legno<\/strong>\u201d che sar\u00e0 ospitata al palazzo della Ragione in Piazza Vecchia di Citt\u00e0 Alta durante tutto il periodo della rassegna green e che ospiter\u00e0 100&#215;100 Achille, la mostra dedicata agli oggetti anonimi dell\u2019architetto. Per ricordare <strong>Achille Castiglioni<\/strong> nel centenario della sua nascita, gli architetti Alberto Basaglia e Natalia Rota Nodari hanno pensato il <strong>puzzle di 11 immagini<\/strong> per celebrare il grande maestro attraverso il gioco, in un\u2019iniziativa \u201c<strong>100 Achille Castiglioni playing with design and wood\u201d<\/strong>, che oltre alla produzione del puzzle, annovera l\u2019<strong>installazione site specific <\/strong>gi\u00e0 visitabile in Citt\u00e0 Bassa.<\/p>\n<p>L\u2019allestimento in Piazza Vittorio Veneto, le sagome in Citt\u00e0 Bassa e il puzzle in legno sono tutti realizzati da <strong>IL LEGNO dalla Natura alle Cose<\/strong>, la manifestazione voluta e pensata dal Museo del Falegname Tino Sana che accoglie una quarantina di aziende tutte abili nella lavorazione di questo materiale straordinario producendo semilavorati o prodotti finiti. Promuovere la cultura e l\u2019uso del legno come materia rinnovabile ed ecosostenibile, valorizzando il territorio e le sue eccellenze produttive, un principio ripreso nelle semplici scelte quotidiane, nelle modalit\u00e0 produttive e nelle riflessioni progettuali.<\/p>\n","protected":false},"excerpt":{"rendered":"<p>\u201cIL LEGNO dalla Natura alle Cose\u201d, manifestazione voluta e ideata dalla\u00a0Fondazione Museo del Falegname\u00a0Tino Sana\u00a0che riunisce le principali aziende del territorio con l\u2019intento di diffondere la cultura della materia, alza il sipario sulla sua nuova installazione: un salotto \u201cen plein air\u201d in piazza Vittorio Veneto dedicato a tutti coloro che a settembre arriveranno in citt\u00e0 per partecipare agli eventi de I Maestri del Paesaggio 2018. Bergamaschi e turisti che accorreranno<\/p>\n<p><a class=\"continue-reading\" href=\"https:\/\/www.article-marketing.eu\/comunicatistampa\/da-oggi-piazza-vittorio-veneto-diventa-un-salotto-en-plein-air-grazie-a-il-legno-dalla-natura-alle-cose\/\">Continue reading&#8230;<\/a><\/p>\n","protected":false},"author":1855,"featured_media":0,"comment_status":"open","ping_status":"open","sticky":false,"template":"","format":"standard","meta":{"_monsterinsights_skip_tracking":false,"_monsterinsights_sitenote_active":false,"_monsterinsights_sitenote_note":"","_monsterinsights_sitenote_category":0,"footnotes":""},"categories":[407,388,78,392],"tags":[4672],"class_list":["post-11021","post","type-post","status-publish","format-standard","hentry","category-arte-e-cultura","category-aziende","category-comunicati-stampa","category-eventi","tag-lnc-illegnodallanaturaallecose-imdp18-pleinair-legno-landscape-design-fondazioneachillecastiglioni-albertobasaglianataliarotanodari-bergamo"],"yoast_head":"<!-- This site is optimized with the Yoast SEO plugin v27.3 - https:\/\/yoast.com\/product\/yoast-seo-wordpress\/ -->\n<title>Da oggi Piazza Vittorio Veneto diventa un salotto &quot;en plein air&quot; grazie a IL LEGNO dalla Natura alle Cose - Article Marketing<\/title>\n<meta name=\"robots\" content=\"index, follow, max-snippet:-1, max-image-preview:large, max-video-preview:-1\" \/>\n<link rel=\"canonical\" href=\"https:\/\/www.article-marketing.eu\/comunicatistampa\/da-oggi-piazza-vittorio-veneto-diventa-un-salotto-en-plein-air-grazie-a-il-legno-dalla-natura-alle-cose\/\" \/>\n<meta property=\"og:locale\" content=\"it_IT\" \/>\n<meta property=\"og:type\" content=\"article\" \/>\n<meta property=\"og:title\" content=\"Da oggi Piazza Vittorio Veneto diventa un salotto &quot;en plein air&quot; grazie a IL LEGNO dalla Natura alle Cose - Article Marketing\" \/>\n<meta property=\"og:description\" content=\"\u201cIL LEGNO dalla Natura alle Cose\u201d, manifestazione voluta e ideata dalla\u00a0Fondazione Museo del Falegname\u00a0Tino Sana\u00a0che riunisce le principali aziende del territorio con l\u2019intento di diffondere la cultura della materia, alza il sipario sulla sua nuova installazione: un salotto \u201cen plein air\u201d in piazza Vittorio Veneto dedicato a tutti coloro che a settembre arriveranno in citt\u00e0 per partecipare agli eventi de I Maestri del Paesaggio 2018. Bergamaschi e turisti che accorrerannoContinue reading...\" \/>\n<meta property=\"og:url\" content=\"https:\/\/www.article-marketing.eu\/comunicatistampa\/da-oggi-piazza-vittorio-veneto-diventa-un-salotto-en-plein-air-grazie-a-il-legno-dalla-natura-alle-cose\/\" \/>\n<meta property=\"og:site_name\" content=\"Article Marketing\" \/>\n<meta property=\"article:published_time\" content=\"2018-07-23T20:42:49+00:00\" \/>\n<meta name=\"author\" content=\"Redaclem\" \/>\n<meta name=\"twitter:card\" content=\"summary_large_image\" \/>\n<meta name=\"twitter:label1\" content=\"Scritto da\" \/>\n\t<meta name=\"twitter:data1\" content=\"Redaclem\" \/>\n\t<meta name=\"twitter:label2\" content=\"Tempo di lettura stimato\" \/>\n\t<meta name=\"twitter:data2\" content=\"2 minuti\" \/>\n<script type=\"application\/ld+json\" class=\"yoast-schema-graph\">{\"@context\":\"https:\\\/\\\/schema.org\",\"@graph\":[{\"@type\":\"Article\",\"@id\":\"https:\\\/\\\/www.article-marketing.eu\\\/comunicatistampa\\\/da-oggi-piazza-vittorio-veneto-diventa-un-salotto-en-plein-air-grazie-a-il-legno-dalla-natura-alle-cose\\\/#article\",\"isPartOf\":{\"@id\":\"https:\\\/\\\/www.article-marketing.eu\\\/comunicatistampa\\\/da-oggi-piazza-vittorio-veneto-diventa-un-salotto-en-plein-air-grazie-a-il-legno-dalla-natura-alle-cose\\\/\"},\"author\":{\"name\":\"Redaclem\",\"@id\":\"https:\\\/\\\/www.article-marketing.eu\\\/comunicatistampa\\\/#\\\/schema\\\/person\\\/c0aa725eee5df8460e0adf901fde0c88\"},\"headline\":\"Da oggi Piazza Vittorio Veneto diventa un salotto &#8220;en plein air&#8221; grazie a IL LEGNO dalla Natura alle Cose\",\"datePublished\":\"2018-07-23T20:42:49+00:00\",\"mainEntityOfPage\":{\"@id\":\"https:\\\/\\\/www.article-marketing.eu\\\/comunicatistampa\\\/da-oggi-piazza-vittorio-veneto-diventa-un-salotto-en-plein-air-grazie-a-il-legno-dalla-natura-alle-cose\\\/\"},\"wordCount\":337,\"commentCount\":0,\"keywords\":[\"#lnc #illegnodallanaturaallecose #iMdP18 #pleinair #legno #landscape #design #fondazioneachillecastiglioni #albertobasaglianataliarotanodari #bergamo\"],\"articleSection\":[\"Arte e cultura\",\"Aziende\",\"Comunicati stampa\",\"Eventi\"],\"inLanguage\":\"it-IT\",\"potentialAction\":[{\"@type\":\"CommentAction\",\"name\":\"Comment\",\"target\":[\"https:\\\/\\\/www.article-marketing.eu\\\/comunicatistampa\\\/da-oggi-piazza-vittorio-veneto-diventa-un-salotto-en-plein-air-grazie-a-il-legno-dalla-natura-alle-cose\\\/#respond\"]}]},{\"@type\":\"WebPage\",\"@id\":\"https:\\\/\\\/www.article-marketing.eu\\\/comunicatistampa\\\/da-oggi-piazza-vittorio-veneto-diventa-un-salotto-en-plein-air-grazie-a-il-legno-dalla-natura-alle-cose\\\/\",\"url\":\"https:\\\/\\\/www.article-marketing.eu\\\/comunicatistampa\\\/da-oggi-piazza-vittorio-veneto-diventa-un-salotto-en-plein-air-grazie-a-il-legno-dalla-natura-alle-cose\\\/\",\"name\":\"Da oggi Piazza Vittorio Veneto diventa un salotto \\\"en plein air\\\" grazie a IL LEGNO dalla Natura alle Cose - Article Marketing\",\"isPartOf\":{\"@id\":\"https:\\\/\\\/www.article-marketing.eu\\\/comunicatistampa\\\/#website\"},\"datePublished\":\"2018-07-23T20:42:49+00:00\",\"author\":{\"@id\":\"https:\\\/\\\/www.article-marketing.eu\\\/comunicatistampa\\\/#\\\/schema\\\/person\\\/c0aa725eee5df8460e0adf901fde0c88\"},\"breadcrumb\":{\"@id\":\"https:\\\/\\\/www.article-marketing.eu\\\/comunicatistampa\\\/da-oggi-piazza-vittorio-veneto-diventa-un-salotto-en-plein-air-grazie-a-il-legno-dalla-natura-alle-cose\\\/#breadcrumb\"},\"inLanguage\":\"it-IT\",\"potentialAction\":[{\"@type\":\"ReadAction\",\"target\":[\"https:\\\/\\\/www.article-marketing.eu\\\/comunicatistampa\\\/da-oggi-piazza-vittorio-veneto-diventa-un-salotto-en-plein-air-grazie-a-il-legno-dalla-natura-alle-cose\\\/\"]}]},{\"@type\":\"BreadcrumbList\",\"@id\":\"https:\\\/\\\/www.article-marketing.eu\\\/comunicatistampa\\\/da-oggi-piazza-vittorio-veneto-diventa-un-salotto-en-plein-air-grazie-a-il-legno-dalla-natura-alle-cose\\\/#breadcrumb\",\"itemListElement\":[{\"@type\":\"ListItem\",\"position\":1,\"name\":\"Home\",\"item\":\"https:\\\/\\\/www.article-marketing.eu\\\/comunicatistampa\\\/\"},{\"@type\":\"ListItem\",\"position\":2,\"name\":\"Da oggi Piazza Vittorio Veneto diventa un salotto &#8220;en plein air&#8221; grazie a IL LEGNO dalla Natura alle Cose\"}]},{\"@type\":\"WebSite\",\"@id\":\"https:\\\/\\\/www.article-marketing.eu\\\/comunicatistampa\\\/#website\",\"url\":\"https:\\\/\\\/www.article-marketing.eu\\\/comunicatistampa\\\/\",\"name\":\"Article Marketing\",\"description\":\"article marketing &amp; press release\",\"potentialAction\":[{\"@type\":\"SearchAction\",\"target\":{\"@type\":\"EntryPoint\",\"urlTemplate\":\"https:\\\/\\\/www.article-marketing.eu\\\/comunicatistampa\\\/?s={search_term_string}\"},\"query-input\":{\"@type\":\"PropertyValueSpecification\",\"valueRequired\":true,\"valueName\":\"search_term_string\"}}],\"inLanguage\":\"it-IT\"},{\"@type\":\"Person\",\"@id\":\"https:\\\/\\\/www.article-marketing.eu\\\/comunicatistampa\\\/#\\\/schema\\\/person\\\/c0aa725eee5df8460e0adf901fde0c88\",\"name\":\"Redaclem\",\"image\":{\"@type\":\"ImageObject\",\"inLanguage\":\"it-IT\",\"@id\":\"https:\\\/\\\/secure.gravatar.com\\\/avatar\\\/4c7e41f332a0583344a91d7d39723533da9b2d0df7737c2d8c69553168c2191e?s=96&d=mm&r=g\",\"url\":\"https:\\\/\\\/secure.gravatar.com\\\/avatar\\\/4c7e41f332a0583344a91d7d39723533da9b2d0df7737c2d8c69553168c2191e?s=96&d=mm&r=g\",\"contentUrl\":\"https:\\\/\\\/secure.gravatar.com\\\/avatar\\\/4c7e41f332a0583344a91d7d39723533da9b2d0df7737c2d8c69553168c2191e?s=96&d=mm&r=g\",\"caption\":\"Redaclem\"},\"url\":\"https:\\\/\\\/www.article-marketing.eu\\\/comunicatistampa\\\/author\\\/redaclem\\\/\"}]}<\/script>\n<!-- \/ Yoast SEO plugin. -->","yoast_head_json":{"title":"Da oggi Piazza Vittorio Veneto diventa un salotto \"en plein air\" grazie a IL LEGNO dalla Natura alle Cose - Article Marketing","robots":{"index":"index","follow":"follow","max-snippet":"max-snippet:-1","max-image-preview":"max-image-preview:large","max-video-preview":"max-video-preview:-1"},"canonical":"https:\/\/www.article-marketing.eu\/comunicatistampa\/da-oggi-piazza-vittorio-veneto-diventa-un-salotto-en-plein-air-grazie-a-il-legno-dalla-natura-alle-cose\/","og_locale":"it_IT","og_type":"article","og_title":"Da oggi Piazza Vittorio Veneto diventa un salotto \"en plein air\" grazie a IL LEGNO dalla Natura alle Cose - Article Marketing","og_description":"\u201cIL LEGNO dalla Natura alle Cose\u201d, manifestazione voluta e ideata dalla\u00a0Fondazione Museo del Falegname\u00a0Tino Sana\u00a0che riunisce le principali aziende del territorio con l\u2019intento di diffondere la cultura della materia, alza il sipario sulla sua nuova installazione: un salotto \u201cen plein air\u201d in piazza Vittorio Veneto dedicato a tutti coloro che a settembre arriveranno in citt\u00e0 per partecipare agli eventi de I Maestri del Paesaggio 2018. Bergamaschi e turisti che accorrerannoContinue reading...","og_url":"https:\/\/www.article-marketing.eu\/comunicatistampa\/da-oggi-piazza-vittorio-veneto-diventa-un-salotto-en-plein-air-grazie-a-il-legno-dalla-natura-alle-cose\/","og_site_name":"Article Marketing","article_published_time":"2018-07-23T20:42:49+00:00","author":"Redaclem","twitter_card":"summary_large_image","twitter_misc":{"Scritto da":"Redaclem","Tempo di lettura stimato":"2 minuti"},"schema":{"@context":"https:\/\/schema.org","@graph":[{"@type":"Article","@id":"https:\/\/www.article-marketing.eu\/comunicatistampa\/da-oggi-piazza-vittorio-veneto-diventa-un-salotto-en-plein-air-grazie-a-il-legno-dalla-natura-alle-cose\/#article","isPartOf":{"@id":"https:\/\/www.article-marketing.eu\/comunicatistampa\/da-oggi-piazza-vittorio-veneto-diventa-un-salotto-en-plein-air-grazie-a-il-legno-dalla-natura-alle-cose\/"},"author":{"name":"Redaclem","@id":"https:\/\/www.article-marketing.eu\/comunicatistampa\/#\/schema\/person\/c0aa725eee5df8460e0adf901fde0c88"},"headline":"Da oggi Piazza Vittorio Veneto diventa un salotto &#8220;en plein air&#8221; grazie a IL LEGNO dalla Natura alle Cose","datePublished":"2018-07-23T20:42:49+00:00","mainEntityOfPage":{"@id":"https:\/\/www.article-marketing.eu\/comunicatistampa\/da-oggi-piazza-vittorio-veneto-diventa-un-salotto-en-plein-air-grazie-a-il-legno-dalla-natura-alle-cose\/"},"wordCount":337,"commentCount":0,"keywords":["#lnc #illegnodallanaturaallecose #iMdP18 #pleinair #legno #landscape #design #fondazioneachillecastiglioni #albertobasaglianataliarotanodari #bergamo"],"articleSection":["Arte e cultura","Aziende","Comunicati stampa","Eventi"],"inLanguage":"it-IT","potentialAction":[{"@type":"CommentAction","name":"Comment","target":["https:\/\/www.article-marketing.eu\/comunicatistampa\/da-oggi-piazza-vittorio-veneto-diventa-un-salotto-en-plein-air-grazie-a-il-legno-dalla-natura-alle-cose\/#respond"]}]},{"@type":"WebPage","@id":"https:\/\/www.article-marketing.eu\/comunicatistampa\/da-oggi-piazza-vittorio-veneto-diventa-un-salotto-en-plein-air-grazie-a-il-legno-dalla-natura-alle-cose\/","url":"https:\/\/www.article-marketing.eu\/comunicatistampa\/da-oggi-piazza-vittorio-veneto-diventa-un-salotto-en-plein-air-grazie-a-il-legno-dalla-natura-alle-cose\/","name":"Da oggi Piazza Vittorio Veneto diventa un salotto \"en plein air\" grazie a IL LEGNO dalla Natura alle Cose - Article Marketing","isPartOf":{"@id":"https:\/\/www.article-marketing.eu\/comunicatistampa\/#website"},"datePublished":"2018-07-23T20:42:49+00:00","author":{"@id":"https:\/\/www.article-marketing.eu\/comunicatistampa\/#\/schema\/person\/c0aa725eee5df8460e0adf901fde0c88"},"breadcrumb":{"@id":"https:\/\/www.article-marketing.eu\/comunicatistampa\/da-oggi-piazza-vittorio-veneto-diventa-un-salotto-en-plein-air-grazie-a-il-legno-dalla-natura-alle-cose\/#breadcrumb"},"inLanguage":"it-IT","potentialAction":[{"@type":"ReadAction","target":["https:\/\/www.article-marketing.eu\/comunicatistampa\/da-oggi-piazza-vittorio-veneto-diventa-un-salotto-en-plein-air-grazie-a-il-legno-dalla-natura-alle-cose\/"]}]},{"@type":"BreadcrumbList","@id":"https:\/\/www.article-marketing.eu\/comunicatistampa\/da-oggi-piazza-vittorio-veneto-diventa-un-salotto-en-plein-air-grazie-a-il-legno-dalla-natura-alle-cose\/#breadcrumb","itemListElement":[{"@type":"ListItem","position":1,"name":"Home","item":"https:\/\/www.article-marketing.eu\/comunicatistampa\/"},{"@type":"ListItem","position":2,"name":"Da oggi Piazza Vittorio Veneto diventa un salotto &#8220;en plein air&#8221; grazie a IL LEGNO dalla Natura alle Cose"}]},{"@type":"WebSite","@id":"https:\/\/www.article-marketing.eu\/comunicatistampa\/#website","url":"https:\/\/www.article-marketing.eu\/comunicatistampa\/","name":"Article Marketing","description":"article marketing &amp; press release","potentialAction":[{"@type":"SearchAction","target":{"@type":"EntryPoint","urlTemplate":"https:\/\/www.article-marketing.eu\/comunicatistampa\/?s={search_term_string}"},"query-input":{"@type":"PropertyValueSpecification","valueRequired":true,"valueName":"search_term_string"}}],"inLanguage":"it-IT"},{"@type":"Person","@id":"https:\/\/www.article-marketing.eu\/comunicatistampa\/#\/schema\/person\/c0aa725eee5df8460e0adf901fde0c88","name":"Redaclem","image":{"@type":"ImageObject","inLanguage":"it-IT","@id":"https:\/\/secure.gravatar.com\/avatar\/4c7e41f332a0583344a91d7d39723533da9b2d0df7737c2d8c69553168c2191e?s=96&d=mm&r=g","url":"https:\/\/secure.gravatar.com\/avatar\/4c7e41f332a0583344a91d7d39723533da9b2d0df7737c2d8c69553168c2191e?s=96&d=mm&r=g","contentUrl":"https:\/\/secure.gravatar.com\/avatar\/4c7e41f332a0583344a91d7d39723533da9b2d0df7737c2d8c69553168c2191e?s=96&d=mm&r=g","caption":"Redaclem"},"url":"https:\/\/www.article-marketing.eu\/comunicatistampa\/author\/redaclem\/"}]}},"_links":{"self":[{"href":"https:\/\/www.article-marketing.eu\/comunicatistampa\/wp-json\/wp\/v2\/posts\/11021","targetHints":{"allow":["GET"]}}],"collection":[{"href":"https:\/\/www.article-marketing.eu\/comunicatistampa\/wp-json\/wp\/v2\/posts"}],"about":[{"href":"https:\/\/www.article-marketing.eu\/comunicatistampa\/wp-json\/wp\/v2\/types\/post"}],"author":[{"embeddable":true,"href":"https:\/\/www.article-marketing.eu\/comunicatistampa\/wp-json\/wp\/v2\/users\/1855"}],"replies":[{"embeddable":true,"href":"https:\/\/www.article-marketing.eu\/comunicatistampa\/wp-json\/wp\/v2\/comments?post=11021"}],"version-history":[{"count":2,"href":"https:\/\/www.article-marketing.eu\/comunicatistampa\/wp-json\/wp\/v2\/posts\/11021\/revisions"}],"predecessor-version":[{"id":11036,"href":"https:\/\/www.article-marketing.eu\/comunicatistampa\/wp-json\/wp\/v2\/posts\/11021\/revisions\/11036"}],"wp:attachment":[{"href":"https:\/\/www.article-marketing.eu\/comunicatistampa\/wp-json\/wp\/v2\/media?parent=11021"}],"wp:term":[{"taxonomy":"category","embeddable":true,"href":"https:\/\/www.article-marketing.eu\/comunicatistampa\/wp-json\/wp\/v2\/categories?post=11021"},{"taxonomy":"post_tag","embeddable":true,"href":"https:\/\/www.article-marketing.eu\/comunicatistampa\/wp-json\/wp\/v2\/tags?post=11021"}],"curies":[{"name":"wp","href":"https:\/\/api.w.org\/{rel}","templated":true}]}}