{"id":11041,"date":"2018-07-25T23:44:03","date_gmt":"2018-07-25T21:44:03","guid":{"rendered":"http:\/\/www.article-marketing.eu\/comunicatistampa\/?p=11041"},"modified":"2018-07-25T23:44:03","modified_gmt":"2018-07-25T21:44:03","slug":"la-nuova-frontiera-della-comunicazione-scolastica-preparati-al-futuro","status":"publish","type":"post","link":"https:\/\/www.article-marketing.eu\/comunicatistampa\/la-nuova-frontiera-della-comunicazione-scolastica-preparati-al-futuro\/","title":{"rendered":"La nuova frontiera della comunicazione scolastica \u00abPreparati al Futuro\u00bb"},"content":{"rendered":"<p><strong>Il video social di iSchool per raccontarsi.<\/strong> <strong>Protagonisti i ragazzi degli istituti superiori di iSchool.<\/strong><\/p>\n<p class=\"x_MsoNormal\">L\u2019Istituto scolastico di Bergamo<span class=\"x_apple-converted-space\">\u00a0<\/span><b>iSchool<\/b><span class=\"x_apple-converted-space\">\u00a0<\/span>sceglie la via pi\u00f9 giovane e immediata per parlare ai futuri studenti: il video, rigorosamente, social<span class=\"x_apple-converted-space\">\u00a0<\/span><b>\u00abPrepararti al futuro\u00bb<\/b>. A idearlo, giocando sulla doppia declinazione del termine \u00abpreparare\u00bb intesa come \u00abprep\u00e0rati\u00bb e \u00abprepar\u00e0ti\u00bb, sono stati gli studenti di High, le scuole secondarie di secondo grado di iSchool, supportati dall\u2019Agenzia creativa<span class=\"x_apple-converted-space\">\u00a0<\/span><b>Dugongo.<span class=\"x_apple-converted-space\">\u00a0<\/span><\/b><\/p>\n<p class=\"x_MsoNormal\">Il video, pubblicato sui canali social\u00a0della scuola, ha una durata di un minuto e racconta i diversi indirizzi con<span class=\"x_apple-converted-space\">\u00a0<\/span><b>protagonisti gli studenti<\/b><span class=\"x_apple-converted-space\">\u00a0<\/span>attraversati da un\u2019energia travolgente mixata a una grande dose di passione. Passione per le scienze, per le lingue, per l\u2019informatica e le tecnologie, per le scienze umane, per la ristorazione e l\u2019accoglienza. Ovvero, per tutti i volti di iSchool High: Liceo Scientifico, Liceo delle Scienze Umane, Liceo Linguistico, Istituto Alberghiero e Istituto Tecnico \u2013 Informatico.<span class=\"x_apple-converted-space\">\u00a0<\/span><b>A ogni indirizzo<\/b><span class=\"x_apple-converted-space\">\u00a0<\/span><b>corrispondono valori e colori<\/b><span class=\"x_apple-converted-space\">\u00a0<\/span>ben precisi, declinabili attraverso lo studio e con tante esperienze sul campo. Per essere \u00abprepar\u00e0ti\u00bb a un brillante futuro professionale.<span class=\"x_apple-converted-space\">\u00a0<\/span><\/p>\n<p class=\"x_MsoNormal\">Cos\u00ec, nel video, l\u2019indirizzo delle Scienze Applicate, con il Liceo Scientifico, \u00e8 indicato dal colore<span class=\"x_apple-converted-space\">\u00a0<\/span><b>verde<\/b>, e si declina in cultura scientifica, metodo, precisione e tradizione umanistica. L\u2019Istituto professionale per l\u2019Enogastronomia e l\u2019Ospitalit\u00e0 per i Servizi Alberghieri, con tanto di ristorante didattico Taste e di esperienze formative all\u2019estero, invece, risponde al colore<span class=\"x_apple-converted-space\">\u00a0<\/span><b>giallo<\/b>. Il Liceo Linguistico, per imparare a conoscere e comunicare il mondo, scoprendone, anche grazie agli insegnamenti di docenti madrelingua, le lingue e la cultura, con un accesso privilegiato al mondo del lavoro e alle universit\u00e0, brilla in<span class=\"x_apple-converted-space\">\u00a0<\/span><b>azzurro<\/b>. L\u2019indirizzo socio-economico con il Liceo delle Scienze Umane, basato su logica, confronto e ragionamento, si identifica nel colore<span class=\"x_apple-converted-space\">\u00a0<\/span><b>viola<\/b><span class=\"x_apple-converted-space\">\u00a0<\/span>e infine, l\u2019Istituto tecnico-informatico in Grafica e Comunicazione, basato su progettazione, multimedialit\u00e0 e creativit\u00e0, risponde al colore<span class=\"x_apple-converted-space\">\u00a0<\/span><b>rosso<\/b>.<span class=\"x_apple-converted-space\">\u00a0<\/span><\/p>\n<p class=\"x_MsoNormal\">E da ogni indirizzo nasce un\u2019identit\u00e0 pi\u00f9 complessa e completa con i ragazzi che, prima ripresi in singoli gruppi, si ritrovano alla fine del video<span class=\"x_apple-converted-space\">\u00a0<\/span><b>tutti insieme \u00abprepar\u00e0ti\u00bb ad affrontare un nuovo anno scolastico<\/b><span class=\"x_apple-converted-space\">\u00a0<\/span>e ad accogliere i nuovi arrivati. Del resto, come recita l\u2019ultimo frame del video, \u00e8 il momento di \u00ab<b>Prep\u00e0rarsi al futuro<\/b>\u00bb e le iscrizioni per l\u2019anno scolastico 2018 \u2013 2019 sono aperte.<\/p>\n<p class=\"x_MsoNormal\">Il video, le cui riprese sono state tutte eseguite in live, con<span class=\"x_apple-converted-space\">\u00a0<\/span><b>animazioni frame by frame in overlay sul girato<span class=\"x_apple-converted-space\">\u00a0<\/span><\/b>e con regista Simone Rovaris e direttore della fotografia Andrea Stancheris, rappresenta dunque un modo nuovo per rapportarsi con i pi\u00f9 giovani, rendendo la scuola un luogo di reale confronto reciproco. Pi\u00f9 flessibile, pi\u00f9 giovane,<span class=\"x_apple-converted-space\">\u00a0<\/span><b>pi\u00f9 attenta ai nuovi linguaggi della comunicazione.<span class=\"x_apple-converted-space\">\u00a0<\/span><\/b>Cosa aspetti?<span class=\"x_apple-converted-space\">\u00a0<\/span><b>Prep\u00e0rati al futuro con iSchool!<\/b><\/p>\n<p class=\"x_MsoNormal\"><a href=\"https:\/\/www.facebook.com\/ischool.bg\/videos\/2070470679693969\/\" target=\"_blank\" rel=\"noopener noreferrer\">https:\/\/www.facebook.com\/ischool.bg\/videos\/2070470679693969\/<\/a><span class=\"x_apple-converted-space\">\u00a0<\/span><\/p>\n<p class=\"x_MsoNormal\">CREDITS<br \/>\n\u00b7\u00a0<span class=\"x_apple-converted-space\">\u00a0<\/span>Agenzia Creativa: gli studenti di iSchool affiancati da Dugongo.<br \/>\n\u00b7\u00a0<span class=\"x_apple-converted-space\">\u00a0<\/span>Regista: Simone Rovaris<br \/>\n\u00b7\u00a0<span class=\"x_apple-converted-space\">\u00a0<\/span>Direttore della fotografia: Andrea Stancheris<span class=\"x_apple-converted-space\"><br \/>\n<\/span>\u00b7\u00a0<span class=\"x_apple-converted-space\">\u00a0<\/span>Ideazione del soggetto: studenti iSchool<span class=\"x_apple-converted-space\"><br \/>\n<\/span>\u00b7\u00a0<span class=\"x_apple-converted-space\">\u00a0<\/span>iSchool:<span class=\"x_apple-converted-space\">\u00a0<\/span><a href=\"http:\/\/www.ischool.bg.it\/\" target=\"_blank\" rel=\"noopener noreferrer\">www.ischool.bg.it<\/a><\/p>\n","protected":false},"excerpt":{"rendered":"<p>Il video social di iSchool per raccontarsi. Protagonisti i ragazzi degli istituti superiori di iSchool. L\u2019Istituto scolastico di Bergamo\u00a0iSchool\u00a0sceglie la via pi\u00f9 giovane e immediata per parlare ai futuri studenti: il video, rigorosamente, social\u00a0\u00abPrepararti al futuro\u00bb. A idearlo, giocando sulla doppia declinazione del termine \u00abpreparare\u00bb intesa come \u00abprep\u00e0rati\u00bb e \u00abprepar\u00e0ti\u00bb, sono stati gli studenti di High, le scuole secondarie di secondo grado di iSchool, supportati dall\u2019Agenzia creativa\u00a0Dugongo.\u00a0 Il video, pubblicato<\/p>\n<p><a class=\"continue-reading\" href=\"https:\/\/www.article-marketing.eu\/comunicatistampa\/la-nuova-frontiera-della-comunicazione-scolastica-preparati-al-futuro\/\">Continue reading&#8230;<\/a><\/p>\n","protected":false},"author":1855,"featured_media":0,"comment_status":"open","ping_status":"open","sticky":false,"template":"","format":"standard","meta":{"_monsterinsights_skip_tracking":false,"_monsterinsights_sitenote_active":false,"_monsterinsights_sitenote_note":"","_monsterinsights_sitenote_category":0,"footnotes":""},"categories":[78,378,367,395],"tags":[4617,4676,4677],"class_list":["post-11041","post","type-post","status-publish","format-standard","hentry","category-comunicati-stampa","category-istruzione","category-news-e-attualita","category-web","tag-ischool","tag-preparati-al-futuro","tag-video-social"],"yoast_head":"<!-- This site is optimized with the Yoast SEO plugin v27.3 - https:\/\/yoast.com\/product\/yoast-seo-wordpress\/ -->\n<title>La nuova frontiera della comunicazione scolastica \u00abPreparati al Futuro\u00bb - Article Marketing<\/title>\n<meta name=\"robots\" content=\"index, follow, max-snippet:-1, max-image-preview:large, max-video-preview:-1\" \/>\n<link rel=\"canonical\" href=\"https:\/\/www.article-marketing.eu\/comunicatistampa\/la-nuova-frontiera-della-comunicazione-scolastica-preparati-al-futuro\/\" \/>\n<meta property=\"og:locale\" content=\"it_IT\" \/>\n<meta property=\"og:type\" content=\"article\" \/>\n<meta property=\"og:title\" content=\"La nuova frontiera della comunicazione scolastica \u00abPreparati al Futuro\u00bb - Article Marketing\" \/>\n<meta property=\"og:description\" content=\"Il video social di iSchool per raccontarsi. Protagonisti i ragazzi degli istituti superiori di iSchool. L\u2019Istituto scolastico di Bergamo\u00a0iSchool\u00a0sceglie la via pi\u00f9 giovane e immediata per parlare ai futuri studenti: il video, rigorosamente, social\u00a0\u00abPrepararti al futuro\u00bb. A idearlo, giocando sulla doppia declinazione del termine \u00abpreparare\u00bb intesa come \u00abprep\u00e0rati\u00bb e \u00abprepar\u00e0ti\u00bb, sono stati gli studenti di High, le scuole secondarie di secondo grado di iSchool, supportati dall\u2019Agenzia creativa\u00a0Dugongo.\u00a0 Il video, pubblicatoContinue reading...\" \/>\n<meta property=\"og:url\" content=\"https:\/\/www.article-marketing.eu\/comunicatistampa\/la-nuova-frontiera-della-comunicazione-scolastica-preparati-al-futuro\/\" \/>\n<meta property=\"og:site_name\" content=\"Article Marketing\" \/>\n<meta property=\"article:published_time\" content=\"2018-07-25T21:44:03+00:00\" \/>\n<meta name=\"author\" content=\"Redaclem\" \/>\n<meta name=\"twitter:card\" content=\"summary_large_image\" \/>\n<meta name=\"twitter:label1\" content=\"Scritto da\" \/>\n\t<meta name=\"twitter:data1\" content=\"Redaclem\" \/>\n\t<meta name=\"twitter:label2\" content=\"Tempo di lettura stimato\" \/>\n\t<meta name=\"twitter:data2\" content=\"2 minuti\" \/>\n<script type=\"application\/ld+json\" class=\"yoast-schema-graph\">{\"@context\":\"https:\\\/\\\/schema.org\",\"@graph\":[{\"@type\":\"Article\",\"@id\":\"https:\\\/\\\/www.article-marketing.eu\\\/comunicatistampa\\\/la-nuova-frontiera-della-comunicazione-scolastica-preparati-al-futuro\\\/#article\",\"isPartOf\":{\"@id\":\"https:\\\/\\\/www.article-marketing.eu\\\/comunicatistampa\\\/la-nuova-frontiera-della-comunicazione-scolastica-preparati-al-futuro\\\/\"},\"author\":{\"name\":\"Redaclem\",\"@id\":\"https:\\\/\\\/www.article-marketing.eu\\\/comunicatistampa\\\/#\\\/schema\\\/person\\\/c0aa725eee5df8460e0adf901fde0c88\"},\"headline\":\"La nuova frontiera della comunicazione scolastica \u00abPreparati al Futuro\u00bb\",\"datePublished\":\"2018-07-25T21:44:03+00:00\",\"mainEntityOfPage\":{\"@id\":\"https:\\\/\\\/www.article-marketing.eu\\\/comunicatistampa\\\/la-nuova-frontiera-della-comunicazione-scolastica-preparati-al-futuro\\\/\"},\"wordCount\":498,\"commentCount\":0,\"keywords\":[\"ischool\",\"preparati al futuro\",\"video social\"],\"articleSection\":[\"Comunicati stampa\",\"Istruzione\",\"News e Attualit\u00e0\",\"Web\"],\"inLanguage\":\"it-IT\",\"potentialAction\":[{\"@type\":\"CommentAction\",\"name\":\"Comment\",\"target\":[\"https:\\\/\\\/www.article-marketing.eu\\\/comunicatistampa\\\/la-nuova-frontiera-della-comunicazione-scolastica-preparati-al-futuro\\\/#respond\"]}]},{\"@type\":\"WebPage\",\"@id\":\"https:\\\/\\\/www.article-marketing.eu\\\/comunicatistampa\\\/la-nuova-frontiera-della-comunicazione-scolastica-preparati-al-futuro\\\/\",\"url\":\"https:\\\/\\\/www.article-marketing.eu\\\/comunicatistampa\\\/la-nuova-frontiera-della-comunicazione-scolastica-preparati-al-futuro\\\/\",\"name\":\"La nuova frontiera della comunicazione scolastica \u00abPreparati al Futuro\u00bb - Article Marketing\",\"isPartOf\":{\"@id\":\"https:\\\/\\\/www.article-marketing.eu\\\/comunicatistampa\\\/#website\"},\"datePublished\":\"2018-07-25T21:44:03+00:00\",\"author\":{\"@id\":\"https:\\\/\\\/www.article-marketing.eu\\\/comunicatistampa\\\/#\\\/schema\\\/person\\\/c0aa725eee5df8460e0adf901fde0c88\"},\"breadcrumb\":{\"@id\":\"https:\\\/\\\/www.article-marketing.eu\\\/comunicatistampa\\\/la-nuova-frontiera-della-comunicazione-scolastica-preparati-al-futuro\\\/#breadcrumb\"},\"inLanguage\":\"it-IT\",\"potentialAction\":[{\"@type\":\"ReadAction\",\"target\":[\"https:\\\/\\\/www.article-marketing.eu\\\/comunicatistampa\\\/la-nuova-frontiera-della-comunicazione-scolastica-preparati-al-futuro\\\/\"]}]},{\"@type\":\"BreadcrumbList\",\"@id\":\"https:\\\/\\\/www.article-marketing.eu\\\/comunicatistampa\\\/la-nuova-frontiera-della-comunicazione-scolastica-preparati-al-futuro\\\/#breadcrumb\",\"itemListElement\":[{\"@type\":\"ListItem\",\"position\":1,\"name\":\"Home\",\"item\":\"https:\\\/\\\/www.article-marketing.eu\\\/comunicatistampa\\\/\"},{\"@type\":\"ListItem\",\"position\":2,\"name\":\"La nuova frontiera della comunicazione scolastica \u00abPreparati al Futuro\u00bb\"}]},{\"@type\":\"WebSite\",\"@id\":\"https:\\\/\\\/www.article-marketing.eu\\\/comunicatistampa\\\/#website\",\"url\":\"https:\\\/\\\/www.article-marketing.eu\\\/comunicatistampa\\\/\",\"name\":\"Article Marketing\",\"description\":\"article marketing &amp; press release\",\"potentialAction\":[{\"@type\":\"SearchAction\",\"target\":{\"@type\":\"EntryPoint\",\"urlTemplate\":\"https:\\\/\\\/www.article-marketing.eu\\\/comunicatistampa\\\/?s={search_term_string}\"},\"query-input\":{\"@type\":\"PropertyValueSpecification\",\"valueRequired\":true,\"valueName\":\"search_term_string\"}}],\"inLanguage\":\"it-IT\"},{\"@type\":\"Person\",\"@id\":\"https:\\\/\\\/www.article-marketing.eu\\\/comunicatistampa\\\/#\\\/schema\\\/person\\\/c0aa725eee5df8460e0adf901fde0c88\",\"name\":\"Redaclem\",\"image\":{\"@type\":\"ImageObject\",\"inLanguage\":\"it-IT\",\"@id\":\"https:\\\/\\\/secure.gravatar.com\\\/avatar\\\/4c7e41f332a0583344a91d7d39723533da9b2d0df7737c2d8c69553168c2191e?s=96&d=mm&r=g\",\"url\":\"https:\\\/\\\/secure.gravatar.com\\\/avatar\\\/4c7e41f332a0583344a91d7d39723533da9b2d0df7737c2d8c69553168c2191e?s=96&d=mm&r=g\",\"contentUrl\":\"https:\\\/\\\/secure.gravatar.com\\\/avatar\\\/4c7e41f332a0583344a91d7d39723533da9b2d0df7737c2d8c69553168c2191e?s=96&d=mm&r=g\",\"caption\":\"Redaclem\"},\"url\":\"https:\\\/\\\/www.article-marketing.eu\\\/comunicatistampa\\\/author\\\/redaclem\\\/\"}]}<\/script>\n<!-- \/ Yoast SEO plugin. -->","yoast_head_json":{"title":"La nuova frontiera della comunicazione scolastica \u00abPreparati al Futuro\u00bb - Article Marketing","robots":{"index":"index","follow":"follow","max-snippet":"max-snippet:-1","max-image-preview":"max-image-preview:large","max-video-preview":"max-video-preview:-1"},"canonical":"https:\/\/www.article-marketing.eu\/comunicatistampa\/la-nuova-frontiera-della-comunicazione-scolastica-preparati-al-futuro\/","og_locale":"it_IT","og_type":"article","og_title":"La nuova frontiera della comunicazione scolastica \u00abPreparati al Futuro\u00bb - Article Marketing","og_description":"Il video social di iSchool per raccontarsi. Protagonisti i ragazzi degli istituti superiori di iSchool. L\u2019Istituto scolastico di Bergamo\u00a0iSchool\u00a0sceglie la via pi\u00f9 giovane e immediata per parlare ai futuri studenti: il video, rigorosamente, social\u00a0\u00abPrepararti al futuro\u00bb. A idearlo, giocando sulla doppia declinazione del termine \u00abpreparare\u00bb intesa come \u00abprep\u00e0rati\u00bb e \u00abprepar\u00e0ti\u00bb, sono stati gli studenti di High, le scuole secondarie di secondo grado di iSchool, supportati dall\u2019Agenzia creativa\u00a0Dugongo.\u00a0 Il video, pubblicatoContinue reading...","og_url":"https:\/\/www.article-marketing.eu\/comunicatistampa\/la-nuova-frontiera-della-comunicazione-scolastica-preparati-al-futuro\/","og_site_name":"Article Marketing","article_published_time":"2018-07-25T21:44:03+00:00","author":"Redaclem","twitter_card":"summary_large_image","twitter_misc":{"Scritto da":"Redaclem","Tempo di lettura stimato":"2 minuti"},"schema":{"@context":"https:\/\/schema.org","@graph":[{"@type":"Article","@id":"https:\/\/www.article-marketing.eu\/comunicatistampa\/la-nuova-frontiera-della-comunicazione-scolastica-preparati-al-futuro\/#article","isPartOf":{"@id":"https:\/\/www.article-marketing.eu\/comunicatistampa\/la-nuova-frontiera-della-comunicazione-scolastica-preparati-al-futuro\/"},"author":{"name":"Redaclem","@id":"https:\/\/www.article-marketing.eu\/comunicatistampa\/#\/schema\/person\/c0aa725eee5df8460e0adf901fde0c88"},"headline":"La nuova frontiera della comunicazione scolastica \u00abPreparati al Futuro\u00bb","datePublished":"2018-07-25T21:44:03+00:00","mainEntityOfPage":{"@id":"https:\/\/www.article-marketing.eu\/comunicatistampa\/la-nuova-frontiera-della-comunicazione-scolastica-preparati-al-futuro\/"},"wordCount":498,"commentCount":0,"keywords":["ischool","preparati al futuro","video social"],"articleSection":["Comunicati stampa","Istruzione","News e Attualit\u00e0","Web"],"inLanguage":"it-IT","potentialAction":[{"@type":"CommentAction","name":"Comment","target":["https:\/\/www.article-marketing.eu\/comunicatistampa\/la-nuova-frontiera-della-comunicazione-scolastica-preparati-al-futuro\/#respond"]}]},{"@type":"WebPage","@id":"https:\/\/www.article-marketing.eu\/comunicatistampa\/la-nuova-frontiera-della-comunicazione-scolastica-preparati-al-futuro\/","url":"https:\/\/www.article-marketing.eu\/comunicatistampa\/la-nuova-frontiera-della-comunicazione-scolastica-preparati-al-futuro\/","name":"La nuova frontiera della comunicazione scolastica \u00abPreparati al Futuro\u00bb - Article Marketing","isPartOf":{"@id":"https:\/\/www.article-marketing.eu\/comunicatistampa\/#website"},"datePublished":"2018-07-25T21:44:03+00:00","author":{"@id":"https:\/\/www.article-marketing.eu\/comunicatistampa\/#\/schema\/person\/c0aa725eee5df8460e0adf901fde0c88"},"breadcrumb":{"@id":"https:\/\/www.article-marketing.eu\/comunicatistampa\/la-nuova-frontiera-della-comunicazione-scolastica-preparati-al-futuro\/#breadcrumb"},"inLanguage":"it-IT","potentialAction":[{"@type":"ReadAction","target":["https:\/\/www.article-marketing.eu\/comunicatistampa\/la-nuova-frontiera-della-comunicazione-scolastica-preparati-al-futuro\/"]}]},{"@type":"BreadcrumbList","@id":"https:\/\/www.article-marketing.eu\/comunicatistampa\/la-nuova-frontiera-della-comunicazione-scolastica-preparati-al-futuro\/#breadcrumb","itemListElement":[{"@type":"ListItem","position":1,"name":"Home","item":"https:\/\/www.article-marketing.eu\/comunicatistampa\/"},{"@type":"ListItem","position":2,"name":"La nuova frontiera della comunicazione scolastica \u00abPreparati al Futuro\u00bb"}]},{"@type":"WebSite","@id":"https:\/\/www.article-marketing.eu\/comunicatistampa\/#website","url":"https:\/\/www.article-marketing.eu\/comunicatistampa\/","name":"Article Marketing","description":"article marketing &amp; press release","potentialAction":[{"@type":"SearchAction","target":{"@type":"EntryPoint","urlTemplate":"https:\/\/www.article-marketing.eu\/comunicatistampa\/?s={search_term_string}"},"query-input":{"@type":"PropertyValueSpecification","valueRequired":true,"valueName":"search_term_string"}}],"inLanguage":"it-IT"},{"@type":"Person","@id":"https:\/\/www.article-marketing.eu\/comunicatistampa\/#\/schema\/person\/c0aa725eee5df8460e0adf901fde0c88","name":"Redaclem","image":{"@type":"ImageObject","inLanguage":"it-IT","@id":"https:\/\/secure.gravatar.com\/avatar\/4c7e41f332a0583344a91d7d39723533da9b2d0df7737c2d8c69553168c2191e?s=96&d=mm&r=g","url":"https:\/\/secure.gravatar.com\/avatar\/4c7e41f332a0583344a91d7d39723533da9b2d0df7737c2d8c69553168c2191e?s=96&d=mm&r=g","contentUrl":"https:\/\/secure.gravatar.com\/avatar\/4c7e41f332a0583344a91d7d39723533da9b2d0df7737c2d8c69553168c2191e?s=96&d=mm&r=g","caption":"Redaclem"},"url":"https:\/\/www.article-marketing.eu\/comunicatistampa\/author\/redaclem\/"}]}},"_links":{"self":[{"href":"https:\/\/www.article-marketing.eu\/comunicatistampa\/wp-json\/wp\/v2\/posts\/11041","targetHints":{"allow":["GET"]}}],"collection":[{"href":"https:\/\/www.article-marketing.eu\/comunicatistampa\/wp-json\/wp\/v2\/posts"}],"about":[{"href":"https:\/\/www.article-marketing.eu\/comunicatistampa\/wp-json\/wp\/v2\/types\/post"}],"author":[{"embeddable":true,"href":"https:\/\/www.article-marketing.eu\/comunicatistampa\/wp-json\/wp\/v2\/users\/1855"}],"replies":[{"embeddable":true,"href":"https:\/\/www.article-marketing.eu\/comunicatistampa\/wp-json\/wp\/v2\/comments?post=11041"}],"version-history":[{"count":2,"href":"https:\/\/www.article-marketing.eu\/comunicatistampa\/wp-json\/wp\/v2\/posts\/11041\/revisions"}],"predecessor-version":[{"id":11059,"href":"https:\/\/www.article-marketing.eu\/comunicatistampa\/wp-json\/wp\/v2\/posts\/11041\/revisions\/11059"}],"wp:attachment":[{"href":"https:\/\/www.article-marketing.eu\/comunicatistampa\/wp-json\/wp\/v2\/media?parent=11041"}],"wp:term":[{"taxonomy":"category","embeddable":true,"href":"https:\/\/www.article-marketing.eu\/comunicatistampa\/wp-json\/wp\/v2\/categories?post=11041"},{"taxonomy":"post_tag","embeddable":true,"href":"https:\/\/www.article-marketing.eu\/comunicatistampa\/wp-json\/wp\/v2\/tags?post=11041"}],"curies":[{"name":"wp","href":"https:\/\/api.w.org\/{rel}","templated":true}]}}