{"id":11044,"date":"2018-07-25T23:43:53","date_gmt":"2018-07-25T21:43:53","guid":{"rendered":"http:\/\/www.article-marketing.eu\/comunicatistampa\/?p=11044"},"modified":"2018-07-25T23:43:53","modified_gmt":"2018-07-25T21:43:53","slug":"i-colori-di-carioca-in-campo-per-sos-villaggi-dei-bambini","status":"publish","type":"post","link":"https:\/\/www.article-marketing.eu\/comunicatistampa\/i-colori-di-carioca-in-campo-per-sos-villaggi-dei-bambini\/","title":{"rendered":"I COLORI DI CARIOCA\u00ae IN CAMPO PER  \u00abSOS VILLAGGI DEI BAMBINI\u00bb"},"content":{"rendered":"<p>CARIOCA\u00ae, lo storico brand di Settimo Torinese che con pennarelli e matite ha rappresentato un vero e proprio cult per intere generazioni, partecipa al progetto di solidariet\u00e0 in favore dell\u2019associazione SOS Villaggi dei Bambini per permettere a tutti i bambini di far volare alta la loro creativit\u00e0.<\/p>\n<p>L\u2019iniziativa che vede CARIOCA\u00ae al fianco di Auchan e Simply, consentir\u00e0, fino al 30 settembre di acquistare negli ipermercati Auchan e nei supermercati Simply aderenti, al costo di 3,99 euro, l\u2019edizione speciale di 24 matite Carioca Tita che l\u2019azienda ha dedicato a SOS Villaggi dei Bambini. E per ogni confezione acquistata, sar\u00e0 donato 1 euro all\u2019associazione.<\/p>\n<p>SOS Villaggi dei Bambini \u00e8 la pi\u00f9 grande organizzazione a livello mondiale impegnata nel sostegno di bambini privi di cure familiari o a rischio di perderle. Nata nel 1949, accoglie all\u2019interno dei suoi Villaggi SOS, 80.000 bambini ai quali garantisce istruzione, cure mediche e tutela in situazioni di emergenza. Promuove i loro diritti e si impegna ogni giorno affinch\u00e9 partecipino alle decisioni che riguardano la loro vita. Sviluppa programmi di supporto alle famiglie che vivono momenti di fragilit\u00e0 ed \u00e8 presente in 135 Paesi nel mondo, dove aiuta oltre 1 milione di persone. In Italia \u00e8 membro dell\u2019Osservatorio nazionale per l\u2019infanzia e l\u2019adolescenza e aiuta oltre 900 bambini e ragazzi e le loro famiglie attraverso 7 Villaggi SOS a Trento, Vicenza, Ostuni (BR), Morosolo (VA), Saronno (VA), Roma e Mantova con un programma di affido familiare a Torino e un programma di sostegno psicosociale per minori stranieri non accompagnati a Crotone.<\/p>\n<p>L\u2019edizione speciale di 24 matite Carioca Tita pensata dall\u2019azienda per l\u2019iniziativa di solidariet\u00e0, custodisce matite in resina a ridotto impatto ambientale che con i loro colori brillanti, una mina sicura e resistente alla caduta, assicurano ai bambini il massimo della creativit\u00e0, con una scrittura morbida e fantasiosa. Le matite Tita consentiranno cos\u00ec a tutti i bambini, anche a coloro che non possono contare sul sostegno e sulla presenza della loro famiglia, di vivere momenti di gioia e di divertirsi disegnando, colorando e valorizzando la loro personalit\u00e0.<\/p>\n<p>\u00abPer noi di CARIOCA\u00ae la creativit\u00e0 dei bambini \u00e8 importantissima. Ci adoperiamo per donare loro i prodotti migliori: sicuri, di alta qualit\u00e0, fantasiosi e affascinanti, cosicch\u00e9 possano mettersi in gioco in prima persona, esprimendo al meglio le loro idee. E questa \u00e8 una possibilit\u00e0 che deve essere garantita a tutti, anche e soprattutto ai bambini che si trovano a vivere momenti di particolare difficolt\u00e0. Per questo siamo molto orgogliosi dell\u2019iniziativa di solidariet\u00e0 in favore di SOS Villaggi dei Bambini e speriamo di poter contare sulla generosit\u00e0 di tutti\u00bb &#8211; ha dichiarato Giorgio Bertolo Marketing Director Carioca.<\/p>\n<p>Il progetto condurr\u00e0 anche all\u2019incontro con la terza edizione della \u201cColletta Scolastica Nazionale\u201d organizzata da Auchan Retail Italia e SOS Villaggi dei Bambini in occasione della Giornata Internazionale dell\u2019Alfabetizzazione il prossimo 8 settembre. Durante la giornata sar\u00e0 possibile acquistare presso i punti vendita Auchan e Simply, dalle ore 10.00 alle 14.00 e dalle 15.00 alle 19.00, su tutto il territorio italiano materiale scolastico come quaderni, cartelle, diari, astucci, ma anche penne, matite colorate, pennarelli e gomme, tra cui i prodotti a marchio CARIOCA\u00ae, per donarli ai bambini che non possono crescere con i propri genitori, che hanno bisogno di essere protetti o a famiglie in difficolt\u00e0 economica. E questo con l\u2019obiettivo di sostenere la formazione e l\u2019educazione dei bambini, con la consapevolezza che anche la creativit\u00e0 \u00e8 un aspetto importante per la loro crescita. Una capacit\u00e0 innata che pu\u00f2 essere allenata anche a scuola. Lo scorso anno, grazie alla partecipazione dei consumatori e al supporto di circa 300 volontari di SOS Villaggi dei Bambini e di altre 56 realt\u00e0 associative locali impegnate a favore dell\u2019infanzia, sono state raccolte 27.000 confezioni di materiale scolastico.<\/p>\n","protected":false},"excerpt":{"rendered":"<p>CARIOCA\u00ae, lo storico brand di Settimo Torinese che con pennarelli e matite ha rappresentato un vero e proprio cult per intere generazioni, partecipa al progetto di solidariet\u00e0 in favore dell\u2019associazione SOS Villaggi dei Bambini per permettere a tutti i bambini di far volare alta la loro creativit\u00e0. L\u2019iniziativa che vede CARIOCA\u00ae al fianco di Auchan e Simply, consentir\u00e0, fino al 30 settembre di acquistare negli ipermercati Auchan e nei supermercati<\/p>\n<p><a class=\"continue-reading\" href=\"https:\/\/www.article-marketing.eu\/comunicatistampa\/i-colori-di-carioca-in-campo-per-sos-villaggi-dei-bambini\/\">Continue reading&#8230;<\/a><\/p>\n","protected":false},"author":1855,"featured_media":0,"comment_status":"open","ping_status":"open","sticky":false,"template":"","format":"standard","meta":{"_monsterinsights_skip_tracking":false,"_monsterinsights_sitenote_active":false,"_monsterinsights_sitenote_note":"","_monsterinsights_sitenote_category":0,"footnotes":""},"categories":[388,78,392,393,369],"tags":[4678,4679,875],"class_list":["post-11044","post","type-post","status-publish","format-standard","hentry","category-aziende","category-comunicati-stampa","category-eventi","category-prodotti","category-salute-e-benessere","tag-carioca","tag-sos-villaggideibambini","tag-solidarieta"],"yoast_head":"<!-- This site is optimized with the Yoast SEO plugin v27.3 - https:\/\/yoast.com\/product\/yoast-seo-wordpress\/ -->\n<title>I COLORI DI CARIOCA\u00ae IN CAMPO PER \u00abSOS VILLAGGI DEI BAMBINI\u00bb - Article Marketing<\/title>\n<meta name=\"robots\" content=\"index, follow, max-snippet:-1, max-image-preview:large, max-video-preview:-1\" \/>\n<link rel=\"canonical\" href=\"https:\/\/www.article-marketing.eu\/comunicatistampa\/i-colori-di-carioca-in-campo-per-sos-villaggi-dei-bambini\/\" \/>\n<meta property=\"og:locale\" content=\"it_IT\" \/>\n<meta property=\"og:type\" content=\"article\" \/>\n<meta property=\"og:title\" content=\"I COLORI DI CARIOCA\u00ae IN CAMPO PER \u00abSOS VILLAGGI DEI BAMBINI\u00bb - Article Marketing\" \/>\n<meta property=\"og:description\" content=\"CARIOCA\u00ae, lo storico brand di Settimo Torinese che con pennarelli e matite ha rappresentato un vero e proprio cult per intere generazioni, partecipa al progetto di solidariet\u00e0 in favore dell\u2019associazione SOS Villaggi dei Bambini per permettere a tutti i bambini di far volare alta la loro creativit\u00e0. L\u2019iniziativa che vede CARIOCA\u00ae al fianco di Auchan e Simply, consentir\u00e0, fino al 30 settembre di acquistare negli ipermercati Auchan e nei supermercatiContinue reading...\" \/>\n<meta property=\"og:url\" content=\"https:\/\/www.article-marketing.eu\/comunicatistampa\/i-colori-di-carioca-in-campo-per-sos-villaggi-dei-bambini\/\" \/>\n<meta property=\"og:site_name\" content=\"Article Marketing\" \/>\n<meta property=\"article:published_time\" content=\"2018-07-25T21:43:53+00:00\" \/>\n<meta name=\"author\" content=\"Redaclem\" \/>\n<meta name=\"twitter:card\" content=\"summary_large_image\" \/>\n<meta name=\"twitter:label1\" content=\"Scritto da\" \/>\n\t<meta name=\"twitter:data1\" content=\"Redaclem\" \/>\n\t<meta name=\"twitter:label2\" content=\"Tempo di lettura stimato\" \/>\n\t<meta name=\"twitter:data2\" content=\"3 minuti\" \/>\n<script type=\"application\/ld+json\" class=\"yoast-schema-graph\">{\"@context\":\"https:\\\/\\\/schema.org\",\"@graph\":[{\"@type\":\"Article\",\"@id\":\"https:\\\/\\\/www.article-marketing.eu\\\/comunicatistampa\\\/i-colori-di-carioca-in-campo-per-sos-villaggi-dei-bambini\\\/#article\",\"isPartOf\":{\"@id\":\"https:\\\/\\\/www.article-marketing.eu\\\/comunicatistampa\\\/i-colori-di-carioca-in-campo-per-sos-villaggi-dei-bambini\\\/\"},\"author\":{\"name\":\"Redaclem\",\"@id\":\"https:\\\/\\\/www.article-marketing.eu\\\/comunicatistampa\\\/#\\\/schema\\\/person\\\/c0aa725eee5df8460e0adf901fde0c88\"},\"headline\":\"I COLORI DI CARIOCA\u00ae IN CAMPO PER \u00abSOS VILLAGGI DEI BAMBINI\u00bb\",\"datePublished\":\"2018-07-25T21:43:53+00:00\",\"mainEntityOfPage\":{\"@id\":\"https:\\\/\\\/www.article-marketing.eu\\\/comunicatistampa\\\/i-colori-di-carioca-in-campo-per-sos-villaggi-dei-bambini\\\/\"},\"wordCount\":623,\"commentCount\":0,\"keywords\":[\"#carioca\",\"#sos #villaggideibambini\",\"solidariet\u00e0\"],\"articleSection\":[\"Aziende\",\"Comunicati stampa\",\"Eventi\",\"Prodotti\",\"Salute e benessere\"],\"inLanguage\":\"it-IT\",\"potentialAction\":[{\"@type\":\"CommentAction\",\"name\":\"Comment\",\"target\":[\"https:\\\/\\\/www.article-marketing.eu\\\/comunicatistampa\\\/i-colori-di-carioca-in-campo-per-sos-villaggi-dei-bambini\\\/#respond\"]}]},{\"@type\":\"WebPage\",\"@id\":\"https:\\\/\\\/www.article-marketing.eu\\\/comunicatistampa\\\/i-colori-di-carioca-in-campo-per-sos-villaggi-dei-bambini\\\/\",\"url\":\"https:\\\/\\\/www.article-marketing.eu\\\/comunicatistampa\\\/i-colori-di-carioca-in-campo-per-sos-villaggi-dei-bambini\\\/\",\"name\":\"I COLORI DI CARIOCA\u00ae IN CAMPO PER \u00abSOS VILLAGGI DEI BAMBINI\u00bb - Article Marketing\",\"isPartOf\":{\"@id\":\"https:\\\/\\\/www.article-marketing.eu\\\/comunicatistampa\\\/#website\"},\"datePublished\":\"2018-07-25T21:43:53+00:00\",\"author\":{\"@id\":\"https:\\\/\\\/www.article-marketing.eu\\\/comunicatistampa\\\/#\\\/schema\\\/person\\\/c0aa725eee5df8460e0adf901fde0c88\"},\"breadcrumb\":{\"@id\":\"https:\\\/\\\/www.article-marketing.eu\\\/comunicatistampa\\\/i-colori-di-carioca-in-campo-per-sos-villaggi-dei-bambini\\\/#breadcrumb\"},\"inLanguage\":\"it-IT\",\"potentialAction\":[{\"@type\":\"ReadAction\",\"target\":[\"https:\\\/\\\/www.article-marketing.eu\\\/comunicatistampa\\\/i-colori-di-carioca-in-campo-per-sos-villaggi-dei-bambini\\\/\"]}]},{\"@type\":\"BreadcrumbList\",\"@id\":\"https:\\\/\\\/www.article-marketing.eu\\\/comunicatistampa\\\/i-colori-di-carioca-in-campo-per-sos-villaggi-dei-bambini\\\/#breadcrumb\",\"itemListElement\":[{\"@type\":\"ListItem\",\"position\":1,\"name\":\"Home\",\"item\":\"https:\\\/\\\/www.article-marketing.eu\\\/comunicatistampa\\\/\"},{\"@type\":\"ListItem\",\"position\":2,\"name\":\"I COLORI DI CARIOCA\u00ae IN CAMPO PER \u00abSOS VILLAGGI DEI BAMBINI\u00bb\"}]},{\"@type\":\"WebSite\",\"@id\":\"https:\\\/\\\/www.article-marketing.eu\\\/comunicatistampa\\\/#website\",\"url\":\"https:\\\/\\\/www.article-marketing.eu\\\/comunicatistampa\\\/\",\"name\":\"Article Marketing\",\"description\":\"article marketing &amp; press release\",\"potentialAction\":[{\"@type\":\"SearchAction\",\"target\":{\"@type\":\"EntryPoint\",\"urlTemplate\":\"https:\\\/\\\/www.article-marketing.eu\\\/comunicatistampa\\\/?s={search_term_string}\"},\"query-input\":{\"@type\":\"PropertyValueSpecification\",\"valueRequired\":true,\"valueName\":\"search_term_string\"}}],\"inLanguage\":\"it-IT\"},{\"@type\":\"Person\",\"@id\":\"https:\\\/\\\/www.article-marketing.eu\\\/comunicatistampa\\\/#\\\/schema\\\/person\\\/c0aa725eee5df8460e0adf901fde0c88\",\"name\":\"Redaclem\",\"image\":{\"@type\":\"ImageObject\",\"inLanguage\":\"it-IT\",\"@id\":\"https:\\\/\\\/secure.gravatar.com\\\/avatar\\\/4c7e41f332a0583344a91d7d39723533da9b2d0df7737c2d8c69553168c2191e?s=96&d=mm&r=g\",\"url\":\"https:\\\/\\\/secure.gravatar.com\\\/avatar\\\/4c7e41f332a0583344a91d7d39723533da9b2d0df7737c2d8c69553168c2191e?s=96&d=mm&r=g\",\"contentUrl\":\"https:\\\/\\\/secure.gravatar.com\\\/avatar\\\/4c7e41f332a0583344a91d7d39723533da9b2d0df7737c2d8c69553168c2191e?s=96&d=mm&r=g\",\"caption\":\"Redaclem\"},\"url\":\"https:\\\/\\\/www.article-marketing.eu\\\/comunicatistampa\\\/author\\\/redaclem\\\/\"}]}<\/script>\n<!-- \/ Yoast SEO plugin. -->","yoast_head_json":{"title":"I COLORI DI CARIOCA\u00ae IN CAMPO PER \u00abSOS VILLAGGI DEI BAMBINI\u00bb - Article Marketing","robots":{"index":"index","follow":"follow","max-snippet":"max-snippet:-1","max-image-preview":"max-image-preview:large","max-video-preview":"max-video-preview:-1"},"canonical":"https:\/\/www.article-marketing.eu\/comunicatistampa\/i-colori-di-carioca-in-campo-per-sos-villaggi-dei-bambini\/","og_locale":"it_IT","og_type":"article","og_title":"I COLORI DI CARIOCA\u00ae IN CAMPO PER \u00abSOS VILLAGGI DEI BAMBINI\u00bb - Article Marketing","og_description":"CARIOCA\u00ae, lo storico brand di Settimo Torinese che con pennarelli e matite ha rappresentato un vero e proprio cult per intere generazioni, partecipa al progetto di solidariet\u00e0 in favore dell\u2019associazione SOS Villaggi dei Bambini per permettere a tutti i bambini di far volare alta la loro creativit\u00e0. L\u2019iniziativa che vede CARIOCA\u00ae al fianco di Auchan e Simply, consentir\u00e0, fino al 30 settembre di acquistare negli ipermercati Auchan e nei supermercatiContinue reading...","og_url":"https:\/\/www.article-marketing.eu\/comunicatistampa\/i-colori-di-carioca-in-campo-per-sos-villaggi-dei-bambini\/","og_site_name":"Article Marketing","article_published_time":"2018-07-25T21:43:53+00:00","author":"Redaclem","twitter_card":"summary_large_image","twitter_misc":{"Scritto da":"Redaclem","Tempo di lettura stimato":"3 minuti"},"schema":{"@context":"https:\/\/schema.org","@graph":[{"@type":"Article","@id":"https:\/\/www.article-marketing.eu\/comunicatistampa\/i-colori-di-carioca-in-campo-per-sos-villaggi-dei-bambini\/#article","isPartOf":{"@id":"https:\/\/www.article-marketing.eu\/comunicatistampa\/i-colori-di-carioca-in-campo-per-sos-villaggi-dei-bambini\/"},"author":{"name":"Redaclem","@id":"https:\/\/www.article-marketing.eu\/comunicatistampa\/#\/schema\/person\/c0aa725eee5df8460e0adf901fde0c88"},"headline":"I COLORI DI CARIOCA\u00ae IN CAMPO PER \u00abSOS VILLAGGI DEI BAMBINI\u00bb","datePublished":"2018-07-25T21:43:53+00:00","mainEntityOfPage":{"@id":"https:\/\/www.article-marketing.eu\/comunicatistampa\/i-colori-di-carioca-in-campo-per-sos-villaggi-dei-bambini\/"},"wordCount":623,"commentCount":0,"keywords":["#carioca","#sos #villaggideibambini","solidariet\u00e0"],"articleSection":["Aziende","Comunicati stampa","Eventi","Prodotti","Salute e benessere"],"inLanguage":"it-IT","potentialAction":[{"@type":"CommentAction","name":"Comment","target":["https:\/\/www.article-marketing.eu\/comunicatistampa\/i-colori-di-carioca-in-campo-per-sos-villaggi-dei-bambini\/#respond"]}]},{"@type":"WebPage","@id":"https:\/\/www.article-marketing.eu\/comunicatistampa\/i-colori-di-carioca-in-campo-per-sos-villaggi-dei-bambini\/","url":"https:\/\/www.article-marketing.eu\/comunicatistampa\/i-colori-di-carioca-in-campo-per-sos-villaggi-dei-bambini\/","name":"I COLORI DI CARIOCA\u00ae IN CAMPO PER \u00abSOS VILLAGGI DEI BAMBINI\u00bb - Article Marketing","isPartOf":{"@id":"https:\/\/www.article-marketing.eu\/comunicatistampa\/#website"},"datePublished":"2018-07-25T21:43:53+00:00","author":{"@id":"https:\/\/www.article-marketing.eu\/comunicatistampa\/#\/schema\/person\/c0aa725eee5df8460e0adf901fde0c88"},"breadcrumb":{"@id":"https:\/\/www.article-marketing.eu\/comunicatistampa\/i-colori-di-carioca-in-campo-per-sos-villaggi-dei-bambini\/#breadcrumb"},"inLanguage":"it-IT","potentialAction":[{"@type":"ReadAction","target":["https:\/\/www.article-marketing.eu\/comunicatistampa\/i-colori-di-carioca-in-campo-per-sos-villaggi-dei-bambini\/"]}]},{"@type":"BreadcrumbList","@id":"https:\/\/www.article-marketing.eu\/comunicatistampa\/i-colori-di-carioca-in-campo-per-sos-villaggi-dei-bambini\/#breadcrumb","itemListElement":[{"@type":"ListItem","position":1,"name":"Home","item":"https:\/\/www.article-marketing.eu\/comunicatistampa\/"},{"@type":"ListItem","position":2,"name":"I COLORI DI CARIOCA\u00ae IN CAMPO PER \u00abSOS VILLAGGI DEI BAMBINI\u00bb"}]},{"@type":"WebSite","@id":"https:\/\/www.article-marketing.eu\/comunicatistampa\/#website","url":"https:\/\/www.article-marketing.eu\/comunicatistampa\/","name":"Article Marketing","description":"article marketing &amp; press release","potentialAction":[{"@type":"SearchAction","target":{"@type":"EntryPoint","urlTemplate":"https:\/\/www.article-marketing.eu\/comunicatistampa\/?s={search_term_string}"},"query-input":{"@type":"PropertyValueSpecification","valueRequired":true,"valueName":"search_term_string"}}],"inLanguage":"it-IT"},{"@type":"Person","@id":"https:\/\/www.article-marketing.eu\/comunicatistampa\/#\/schema\/person\/c0aa725eee5df8460e0adf901fde0c88","name":"Redaclem","image":{"@type":"ImageObject","inLanguage":"it-IT","@id":"https:\/\/secure.gravatar.com\/avatar\/4c7e41f332a0583344a91d7d39723533da9b2d0df7737c2d8c69553168c2191e?s=96&d=mm&r=g","url":"https:\/\/secure.gravatar.com\/avatar\/4c7e41f332a0583344a91d7d39723533da9b2d0df7737c2d8c69553168c2191e?s=96&d=mm&r=g","contentUrl":"https:\/\/secure.gravatar.com\/avatar\/4c7e41f332a0583344a91d7d39723533da9b2d0df7737c2d8c69553168c2191e?s=96&d=mm&r=g","caption":"Redaclem"},"url":"https:\/\/www.article-marketing.eu\/comunicatistampa\/author\/redaclem\/"}]}},"_links":{"self":[{"href":"https:\/\/www.article-marketing.eu\/comunicatistampa\/wp-json\/wp\/v2\/posts\/11044","targetHints":{"allow":["GET"]}}],"collection":[{"href":"https:\/\/www.article-marketing.eu\/comunicatistampa\/wp-json\/wp\/v2\/posts"}],"about":[{"href":"https:\/\/www.article-marketing.eu\/comunicatistampa\/wp-json\/wp\/v2\/types\/post"}],"author":[{"embeddable":true,"href":"https:\/\/www.article-marketing.eu\/comunicatistampa\/wp-json\/wp\/v2\/users\/1855"}],"replies":[{"embeddable":true,"href":"https:\/\/www.article-marketing.eu\/comunicatistampa\/wp-json\/wp\/v2\/comments?post=11044"}],"version-history":[{"count":3,"href":"https:\/\/www.article-marketing.eu\/comunicatistampa\/wp-json\/wp\/v2\/posts\/11044\/revisions"}],"predecessor-version":[{"id":11058,"href":"https:\/\/www.article-marketing.eu\/comunicatistampa\/wp-json\/wp\/v2\/posts\/11044\/revisions\/11058"}],"wp:attachment":[{"href":"https:\/\/www.article-marketing.eu\/comunicatistampa\/wp-json\/wp\/v2\/media?parent=11044"}],"wp:term":[{"taxonomy":"category","embeddable":true,"href":"https:\/\/www.article-marketing.eu\/comunicatistampa\/wp-json\/wp\/v2\/categories?post=11044"},{"taxonomy":"post_tag","embeddable":true,"href":"https:\/\/www.article-marketing.eu\/comunicatistampa\/wp-json\/wp\/v2\/tags?post=11044"}],"curies":[{"name":"wp","href":"https:\/\/api.w.org\/{rel}","templated":true}]}}