{"id":11062,"date":"2018-07-27T00:34:19","date_gmt":"2018-07-26T22:34:19","guid":{"rendered":"http:\/\/www.article-marketing.eu\/comunicatistampa\/?p=11062"},"modified":"2018-07-27T00:34:19","modified_gmt":"2018-07-26T22:34:19","slug":"protezione-dei-dati-come-diventare-professionisti-della-privacy","status":"publish","type":"post","link":"https:\/\/www.article-marketing.eu\/comunicatistampa\/protezione-dei-dati-come-diventare-professionisti-della-privacy\/","title":{"rendered":"Protezione dei dati: come diventare professionisti della privacy"},"content":{"rendered":"<h3>Comunicato Stampa<\/h3>\n<h3><strong>Protezione dei dati: come diventare professionisti della privacy<\/strong><\/h3>\n<p><strong><em>Percorsi formativi a Brescia e Roma tra ottobre e novembre 2018 per fornire le conoscenze necessarie per i professionisti della<\/em><\/strong><strong><em> protezione dei dati<\/em><\/strong><strong><em>: Data Protection Officer, Manager Privacy, Valutatore Privacy e Specialista Privacy.<\/em><\/strong><\/p>\n<p>Il <strong>Regolamento UE 2016\/679 &#8211; GDPR<\/strong> (<em>General Data Protection Regulation<\/em>), relativo alla protezione delle persone fisiche con riguardo al trattamento dei dati personali nonch\u00e9 alla libera circolazione di tali dati, sta modificando in tutta Europa la gestione delle informazioni personali per aziende e professionisti. Ed \u00e8 ormai necessario che le aziende non solo adeguino processi e modalit\u00e0 di tenuta dei dati personali ma che si coordinino, laddove necessario, con i <strong>professionisti della privacy<\/strong>.<\/p>\n<p>&nbsp;<\/p>\n<p><strong>I professionisti della privacy<\/strong><\/p>\n<p>Questi alcuni dei professionisti della privacy che possono essere necessari nelle aziende per la protezione dei dati:<\/p>\n<ul>\n<li><strong>Data Protection Officer<\/strong>: professionista esperto coinvolto nelle questioni inerenti alla protezione ed alla tutela dei dati personali. Fornisce al titolare e\/o al responsabile del trattamento il supporto indispensabile ad assicurare il rispetto del Regolamento;<\/li>\n<li><strong>Manager Privacy<\/strong>: professionista con un elevato livello di conoscenze, abilit\u00e0 e competenze. \u00c8 responsabile per le attivit\u00e0 di trattamento dati e coordina i soggetti coinvolti;<\/li>\n<li><strong>Valutatore Privacy<\/strong>: professionista che esamina il trattamento e valuta il rispetto di leggi e regolamenti, mantenendo una posizione indipendente da chi svolge le altre attivit\u00e0. Controlla la conformit\u00e0 del trattamento dei dati alla normativa, anche al fine delle certificazioni;<\/li>\n<li><strong>Specialista Privacy<\/strong>: professionista che supporta gli altri Professionisti della Privacy, curando la corretta attuazione del Regolamento e la realizzazione delle idonee misure tecniche e organizzative. \u00c8 l\u2019esperto operativo per la protezione dei dati personali.<\/li>\n<\/ul>\n<p>&nbsp;<\/p>\n<p><strong>Esistono percorsi formativi innovativi ed efficaci nel fornire le conoscenze necessarie a tutti questi professionisti della privacy?<\/strong><\/p>\n<p><strong>\u00a0<\/strong><\/p>\n<p><strong>I percorsi formativi di AiFOS<\/strong><\/p>\n<p>Se i Titolari e i Responsabili del trattamento di dati personali hanno l\u2019obbligo di predisporre le misure di sicurezza opportune per garantire la protezione dei dati trattati, sono dunque necessarie idonee competenze e la collaborazione di professionisti preparati che li coadiuvino nella gestione e nella verifica dei processi definiti dall\u2019organizzazione.<\/p>\n<p>Ed \u00e8 proprio per diffondere competenze e qualificare questi professionisti che l\u2019<strong>Associazione Italiana Formatori ed Operatori della Sicurezza sul Lavoro<\/strong> (AiFOS) organizza tra Brescia e Roma, nei mesi di <strong>ottobre e novembre 2018<\/strong>, vari percorsi formativi.<\/p>\n<p>La partecipazione ai corsi consente di adempiere al requisito della formazione specifica per l&#8217;accesso ai profili professionali individuati dalla norma <strong>UNI 11697:2017<\/strong> \u201cAttivit\u00e0 professionali non regolamentate &#8211; Profili professionali relativi al trattamento e alla protezione dei dati personali &#8211; Requisiti di conoscenza, abilit\u00e0 e competenza\u201d.<\/p>\n<p>&nbsp;<\/p>\n<p><strong>I programmi dei corsi<\/strong><\/p>\n<p>Il corso di formazione per <strong>Data Protection Officer<\/strong> permette di ottenere le conoscenze necessarie ad assolvere i compiti individuati all&#8217;interno del Capo IV, sezione 4 del Regolamento UE 2016\/679.<\/p>\n<p>Il corso \u00e8 qualificato <strong>AICQ SICEV<\/strong> ed \u00e8 stato strutturato sulla base di quanto previsto dalla norma tecnica di riferimento e dai \u201crequisiti specifici per la certificazione delle competenze dei profili professionali relativi al trattamento e alla protezione dei dati personali\u201d dell\u2019Organismo di Certificazione stesso.<\/p>\n<p>Gli argomenti del corso per <strong>Data Protection Officer<\/strong> \u2013 <strong>DPO<\/strong> (<strong>80 ore<\/strong> &#8211; aula e videoconferenza):<\/p>\n<ul>\n<li>Il GDPR: conoscerlo e applicarlo<\/li>\n<li>L&#8217;organizzazione aziendale<\/li>\n<li>L&#8217;analisi dei rischi<\/li>\n<li>La Sicurezza informatica<\/li>\n<li>Il contributo degli esperti<\/li>\n<li>Impatti con la legislazione corrente<\/li>\n<li>Documenti operativi privacy<\/li>\n<\/ul>\n<p>Il corso si terr\u00e0 nella sede di Aifos Service (Via Branze, 45 \u2013 Brescia) dal 2 ottobre al 15 novembre 2018.<\/p>\n<p>&nbsp;<\/p>\n<p>Gli argomenti del corso per <strong>Manager Privacy<\/strong> (<strong>60 ore<\/strong> &#8211; aula e videoconferenza):<\/p>\n<ul>\n<li>Il GDPR: conoscerlo e applicarlo<\/li>\n<li>L&#8217;analisi dei rischi<\/li>\n<li>La sicurezza informatica<\/li>\n<li>Il contributo degli esperti<\/li>\n<li>Documenti operativi privacy<\/li>\n<\/ul>\n<p>Il corso si terr\u00e0 nella sede di Aifos Service dal 2 ottobre al 15 novembre 2018.<\/p>\n<p>&nbsp;<\/p>\n<p>Gli argomenti del corso per <strong>Valutatore Privacy<\/strong> (<strong>40 ore<\/strong> &#8211; aula):<\/p>\n<ul>\n<li>Il GDPR: conoscerlo e applicarlo<\/li>\n<li>L&#8217;analisi dei rischi<\/li>\n<li>La sicurezza informatica<\/li>\n<li>Documenti operativi privacy<\/li>\n<\/ul>\n<p>Il corso si terr\u00e0 nella sede di Aifos Service dal 2 ottobre al 15 novembre 2018.<\/p>\n<p>&nbsp;<\/p>\n<p>Gli argomenti del corso per <strong>Specialista Privacy<\/strong> (<strong>24 ore<\/strong> &#8211; aula):<\/p>\n<ul>\n<li>Il GDPR: conoscerlo e applicarlo<\/li>\n<\/ul>\n<p>Il corso si terr\u00e0 a Brescia (2, 3 e 9 ottobre) nella sede di Aifos Service e a Roma (6, 7 e 8 novembre) presso il Gruppo Ambiente Sicurezza, Via di San Nicola da Tolentino 22\/B (06.64763266 &#8211; <a href=\"mailto:info@gruppoambientesicurezza.it\">info@gruppoambientesicurezza.it<\/a>).<\/p>\n<p>&nbsp;<\/p>\n<p>Ricordiamo che i corsi sono validi come 24 ore di aggiornamento per RSPP\/ASPP e per formatori qualificati prima area tematica.<\/p>\n<p>&nbsp;<\/p>\n<p>Per avere ulteriori dettagli sui corsi e iscriversi, \u00e8 possibile utilizzare questo link: <a href=\"http:\/\/aifos.org\/home\/formazione\/professionisti-della-privacy\/professionisti_privacy\">http:\/\/aifos.org\/home\/formazione\/professionisti-della-privacy\/professionisti_privacy<\/a><\/p>\n<p>&nbsp;<\/p>\n<p>Segnaliamo, infine, che le spese di partecipazione a convegni, congressi e simili o a corsi di aggiornamento professionale, nonch\u00e9 le spese di viaggio e soggiorno, sono integralmente deducibili &#8211; entro il limite annuo di 10.000 euro &#8211; come previsto dall&#8217;articolo 9 della Legge 22 maggio 2017, n\u00b0 81 (cosiddetto &#8220;Jobs Act dei lavoratori autonomi&#8221;).<\/p>\n<p>&nbsp;<\/p>\n<p>&nbsp;<\/p>\n<p>Per informazioni e iscrizioni:<\/p>\n<p><strong>Sede nazionale AiFOS<\/strong> &#8211; via Branze, 45 &#8211; 25123 Brescia c\/o CSMT, Universit\u00e0 degli Studi di Brescia &#8211; tel.030.6595031 &#8211; fax 030.6595040 <a href=\"http:\/\/www.aifos.it\">www.aifos.it<\/a>\u00a0 &#8211; formarsi@aifos.it<\/p>\n<p>&nbsp;<\/p>\n<p>&nbsp;<\/p>\n<p><em>26 luglio 2018<\/em><\/p>\n<p>&nbsp;<\/p>\n<p>Ufficio Stampa di AiFOS<\/p>\n<p>ufficiostampa@aifos.it<\/p>\n<p>http:\/\/www.aifos.it\/<\/p>\n","protected":false},"excerpt":{"rendered":"<p>Comunicato Stampa Protezione dei dati: come diventare professionisti della privacy Percorsi formativi a Brescia e Roma tra ottobre e novembre 2018 per fornire le conoscenze necessarie per i professionisti della protezione dei dati: Data Protection Officer, Manager Privacy, Valutatore Privacy e Specialista Privacy. Il Regolamento UE 2016\/679 &#8211; GDPR (General Data Protection Regulation), relativo alla protezione delle persone fisiche con riguardo al trattamento dei dati personali nonch\u00e9 alla libera circolazione<\/p>\n<p><a class=\"continue-reading\" href=\"https:\/\/www.article-marketing.eu\/comunicatistampa\/protezione-dei-dati-come-diventare-professionisti-della-privacy\/\">Continue reading&#8230;<\/a><\/p>\n","protected":false},"author":881,"featured_media":0,"comment_status":"open","ping_status":"open","sticky":false,"template":"","format":"standard","meta":{"_monsterinsights_skip_tracking":false,"_monsterinsights_sitenote_active":false,"_monsterinsights_sitenote_note":"","_monsterinsights_sitenote_category":0,"footnotes":""},"categories":[78,379,392,378,394],"tags":[4690,3301,1016,4685,4691,193,4683,4686,3627,4680,4681,4682,4692,4688,4684,4689,4687],"class_list":["post-11062","post","type-post","status-publish","format-standard","hentry","category-comunicati-stampa","category-corsi","category-eventi","category-istruzione","category-servizi","tag-aicq-sicev","tag-aifos","tag-corsi","tag-data-protection-officer","tag-dpo","tag-formazione","tag-general-data-protection-regulation","tag-manager-privacy","tag-privacy","tag-professionisti-della-privacy","tag-professionisti-della-protezione-dei-dati","tag-regolamento-ue-2016-679-gdpr","tag-sicurezza-dei-dati","tag-specialista-privacy","tag-trattamento-dei-dati-personali","tag-uni-116972017","tag-valutatore-privacy"],"yoast_head":"<!-- This site is optimized with the Yoast SEO plugin v27.3 - https:\/\/yoast.com\/product\/yoast-seo-wordpress\/ -->\n<title>Protezione dei dati: come diventare professionisti della privacy - Article Marketing<\/title>\n<meta name=\"robots\" content=\"index, follow, max-snippet:-1, max-image-preview:large, max-video-preview:-1\" \/>\n<link rel=\"canonical\" href=\"https:\/\/www.article-marketing.eu\/comunicatistampa\/protezione-dei-dati-come-diventare-professionisti-della-privacy\/\" \/>\n<meta property=\"og:locale\" content=\"it_IT\" \/>\n<meta property=\"og:type\" content=\"article\" \/>\n<meta property=\"og:title\" content=\"Protezione dei dati: come diventare professionisti della privacy - Article Marketing\" \/>\n<meta property=\"og:description\" content=\"Comunicato Stampa Protezione dei dati: come diventare professionisti della privacy Percorsi formativi a Brescia e Roma tra ottobre e novembre 2018 per fornire le conoscenze necessarie per i professionisti della protezione dei dati: Data Protection Officer, Manager Privacy, Valutatore Privacy e Specialista Privacy. Il Regolamento UE 2016\/679 &#8211; GDPR (General Data Protection Regulation), relativo alla protezione delle persone fisiche con riguardo al trattamento dei dati personali nonch\u00e9 alla libera circolazioneContinue reading...\" \/>\n<meta property=\"og:url\" content=\"https:\/\/www.article-marketing.eu\/comunicatistampa\/protezione-dei-dati-come-diventare-professionisti-della-privacy\/\" \/>\n<meta property=\"og:site_name\" content=\"Article Marketing\" \/>\n<meta property=\"article:published_time\" content=\"2018-07-26T22:34:19+00:00\" \/>\n<meta name=\"author\" content=\"AIFUS\" \/>\n<meta name=\"twitter:card\" content=\"summary_large_image\" \/>\n<meta name=\"twitter:label1\" content=\"Scritto da\" \/>\n\t<meta name=\"twitter:data1\" content=\"AIFUS\" \/>\n\t<meta name=\"twitter:label2\" content=\"Tempo di lettura stimato\" \/>\n\t<meta name=\"twitter:data2\" content=\"4 minuti\" \/>\n<script type=\"application\/ld+json\" class=\"yoast-schema-graph\">{\"@context\":\"https:\\\/\\\/schema.org\",\"@graph\":[{\"@type\":\"Article\",\"@id\":\"https:\\\/\\\/www.article-marketing.eu\\\/comunicatistampa\\\/protezione-dei-dati-come-diventare-professionisti-della-privacy\\\/#article\",\"isPartOf\":{\"@id\":\"https:\\\/\\\/www.article-marketing.eu\\\/comunicatistampa\\\/protezione-dei-dati-come-diventare-professionisti-della-privacy\\\/\"},\"author\":{\"name\":\"AIFUS\",\"@id\":\"https:\\\/\\\/www.article-marketing.eu\\\/comunicatistampa\\\/#\\\/schema\\\/person\\\/d1985c4955ff71a05f49d68e3034b3cd\"},\"headline\":\"Protezione dei dati: come diventare professionisti della privacy\",\"datePublished\":\"2018-07-26T22:34:19+00:00\",\"mainEntityOfPage\":{\"@id\":\"https:\\\/\\\/www.article-marketing.eu\\\/comunicatistampa\\\/protezione-dei-dati-come-diventare-professionisti-della-privacy\\\/\"},\"wordCount\":832,\"commentCount\":0,\"keywords\":[\"AICQ SICEV\",\"Aifos\",\"corsi\",\"Data Protection Officer\",\"DPO\",\"formazione\",\"General Data Protection Regulation\",\"Manager Privacy\",\"privacy\",\"professionisti della privacy\",\"professionisti della protezione dei dati\",\"Regolamento UE 2016\\\/679 - GDPR\",\"sicurezza dei dati\",\"Specialista Privacy\",\"trattamento dei dati personali\",\"UNI 11697:2017\",\"Valutatore Privacy\"],\"articleSection\":[\"Comunicati stampa\",\"Corsi\",\"Eventi\",\"Istruzione\",\"Servizi\"],\"inLanguage\":\"it-IT\",\"potentialAction\":[{\"@type\":\"CommentAction\",\"name\":\"Comment\",\"target\":[\"https:\\\/\\\/www.article-marketing.eu\\\/comunicatistampa\\\/protezione-dei-dati-come-diventare-professionisti-della-privacy\\\/#respond\"]}]},{\"@type\":\"WebPage\",\"@id\":\"https:\\\/\\\/www.article-marketing.eu\\\/comunicatistampa\\\/protezione-dei-dati-come-diventare-professionisti-della-privacy\\\/\",\"url\":\"https:\\\/\\\/www.article-marketing.eu\\\/comunicatistampa\\\/protezione-dei-dati-come-diventare-professionisti-della-privacy\\\/\",\"name\":\"Protezione dei dati: come diventare professionisti della privacy - Article Marketing\",\"isPartOf\":{\"@id\":\"https:\\\/\\\/www.article-marketing.eu\\\/comunicatistampa\\\/#website\"},\"datePublished\":\"2018-07-26T22:34:19+00:00\",\"author\":{\"@id\":\"https:\\\/\\\/www.article-marketing.eu\\\/comunicatistampa\\\/#\\\/schema\\\/person\\\/d1985c4955ff71a05f49d68e3034b3cd\"},\"breadcrumb\":{\"@id\":\"https:\\\/\\\/www.article-marketing.eu\\\/comunicatistampa\\\/protezione-dei-dati-come-diventare-professionisti-della-privacy\\\/#breadcrumb\"},\"inLanguage\":\"it-IT\",\"potentialAction\":[{\"@type\":\"ReadAction\",\"target\":[\"https:\\\/\\\/www.article-marketing.eu\\\/comunicatistampa\\\/protezione-dei-dati-come-diventare-professionisti-della-privacy\\\/\"]}]},{\"@type\":\"BreadcrumbList\",\"@id\":\"https:\\\/\\\/www.article-marketing.eu\\\/comunicatistampa\\\/protezione-dei-dati-come-diventare-professionisti-della-privacy\\\/#breadcrumb\",\"itemListElement\":[{\"@type\":\"ListItem\",\"position\":1,\"name\":\"Home\",\"item\":\"https:\\\/\\\/www.article-marketing.eu\\\/comunicatistampa\\\/\"},{\"@type\":\"ListItem\",\"position\":2,\"name\":\"Protezione dei dati: come diventare professionisti della privacy\"}]},{\"@type\":\"WebSite\",\"@id\":\"https:\\\/\\\/www.article-marketing.eu\\\/comunicatistampa\\\/#website\",\"url\":\"https:\\\/\\\/www.article-marketing.eu\\\/comunicatistampa\\\/\",\"name\":\"Article Marketing\",\"description\":\"article marketing &amp; press release\",\"potentialAction\":[{\"@type\":\"SearchAction\",\"target\":{\"@type\":\"EntryPoint\",\"urlTemplate\":\"https:\\\/\\\/www.article-marketing.eu\\\/comunicatistampa\\\/?s={search_term_string}\"},\"query-input\":{\"@type\":\"PropertyValueSpecification\",\"valueRequired\":true,\"valueName\":\"search_term_string\"}}],\"inLanguage\":\"it-IT\"},{\"@type\":\"Person\",\"@id\":\"https:\\\/\\\/www.article-marketing.eu\\\/comunicatistampa\\\/#\\\/schema\\\/person\\\/d1985c4955ff71a05f49d68e3034b3cd\",\"name\":\"AIFUS\",\"image\":{\"@type\":\"ImageObject\",\"inLanguage\":\"it-IT\",\"@id\":\"https:\\\/\\\/secure.gravatar.com\\\/avatar\\\/05cf2a2ba057667571308b94c84f00ff48766ffac95710a87491a9b3ddcee484?s=96&d=mm&r=g\",\"url\":\"https:\\\/\\\/secure.gravatar.com\\\/avatar\\\/05cf2a2ba057667571308b94c84f00ff48766ffac95710a87491a9b3ddcee484?s=96&d=mm&r=g\",\"contentUrl\":\"https:\\\/\\\/secure.gravatar.com\\\/avatar\\\/05cf2a2ba057667571308b94c84f00ff48766ffac95710a87491a9b3ddcee484?s=96&d=mm&r=g\",\"caption\":\"AIFUS\"},\"url\":\"https:\\\/\\\/www.article-marketing.eu\\\/comunicatistampa\\\/author\\\/aifus\\\/\"}]}<\/script>\n<!-- \/ Yoast SEO plugin. -->","yoast_head_json":{"title":"Protezione dei dati: come diventare professionisti della privacy - Article Marketing","robots":{"index":"index","follow":"follow","max-snippet":"max-snippet:-1","max-image-preview":"max-image-preview:large","max-video-preview":"max-video-preview:-1"},"canonical":"https:\/\/www.article-marketing.eu\/comunicatistampa\/protezione-dei-dati-come-diventare-professionisti-della-privacy\/","og_locale":"it_IT","og_type":"article","og_title":"Protezione dei dati: come diventare professionisti della privacy - Article Marketing","og_description":"Comunicato Stampa Protezione dei dati: come diventare professionisti della privacy Percorsi formativi a Brescia e Roma tra ottobre e novembre 2018 per fornire le conoscenze necessarie per i professionisti della protezione dei dati: Data Protection Officer, Manager Privacy, Valutatore Privacy e Specialista Privacy. Il Regolamento UE 2016\/679 &#8211; GDPR (General Data Protection Regulation), relativo alla protezione delle persone fisiche con riguardo al trattamento dei dati personali nonch\u00e9 alla libera circolazioneContinue reading...","og_url":"https:\/\/www.article-marketing.eu\/comunicatistampa\/protezione-dei-dati-come-diventare-professionisti-della-privacy\/","og_site_name":"Article Marketing","article_published_time":"2018-07-26T22:34:19+00:00","author":"AIFUS","twitter_card":"summary_large_image","twitter_misc":{"Scritto da":"AIFUS","Tempo di lettura stimato":"4 minuti"},"schema":{"@context":"https:\/\/schema.org","@graph":[{"@type":"Article","@id":"https:\/\/www.article-marketing.eu\/comunicatistampa\/protezione-dei-dati-come-diventare-professionisti-della-privacy\/#article","isPartOf":{"@id":"https:\/\/www.article-marketing.eu\/comunicatistampa\/protezione-dei-dati-come-diventare-professionisti-della-privacy\/"},"author":{"name":"AIFUS","@id":"https:\/\/www.article-marketing.eu\/comunicatistampa\/#\/schema\/person\/d1985c4955ff71a05f49d68e3034b3cd"},"headline":"Protezione dei dati: come diventare professionisti della privacy","datePublished":"2018-07-26T22:34:19+00:00","mainEntityOfPage":{"@id":"https:\/\/www.article-marketing.eu\/comunicatistampa\/protezione-dei-dati-come-diventare-professionisti-della-privacy\/"},"wordCount":832,"commentCount":0,"keywords":["AICQ SICEV","Aifos","corsi","Data Protection Officer","DPO","formazione","General Data Protection Regulation","Manager Privacy","privacy","professionisti della privacy","professionisti della protezione dei dati","Regolamento UE 2016\/679 - GDPR","sicurezza dei dati","Specialista Privacy","trattamento dei dati personali","UNI 11697:2017","Valutatore Privacy"],"articleSection":["Comunicati stampa","Corsi","Eventi","Istruzione","Servizi"],"inLanguage":"it-IT","potentialAction":[{"@type":"CommentAction","name":"Comment","target":["https:\/\/www.article-marketing.eu\/comunicatistampa\/protezione-dei-dati-come-diventare-professionisti-della-privacy\/#respond"]}]},{"@type":"WebPage","@id":"https:\/\/www.article-marketing.eu\/comunicatistampa\/protezione-dei-dati-come-diventare-professionisti-della-privacy\/","url":"https:\/\/www.article-marketing.eu\/comunicatistampa\/protezione-dei-dati-come-diventare-professionisti-della-privacy\/","name":"Protezione dei dati: come diventare professionisti della privacy - Article Marketing","isPartOf":{"@id":"https:\/\/www.article-marketing.eu\/comunicatistampa\/#website"},"datePublished":"2018-07-26T22:34:19+00:00","author":{"@id":"https:\/\/www.article-marketing.eu\/comunicatistampa\/#\/schema\/person\/d1985c4955ff71a05f49d68e3034b3cd"},"breadcrumb":{"@id":"https:\/\/www.article-marketing.eu\/comunicatistampa\/protezione-dei-dati-come-diventare-professionisti-della-privacy\/#breadcrumb"},"inLanguage":"it-IT","potentialAction":[{"@type":"ReadAction","target":["https:\/\/www.article-marketing.eu\/comunicatistampa\/protezione-dei-dati-come-diventare-professionisti-della-privacy\/"]}]},{"@type":"BreadcrumbList","@id":"https:\/\/www.article-marketing.eu\/comunicatistampa\/protezione-dei-dati-come-diventare-professionisti-della-privacy\/#breadcrumb","itemListElement":[{"@type":"ListItem","position":1,"name":"Home","item":"https:\/\/www.article-marketing.eu\/comunicatistampa\/"},{"@type":"ListItem","position":2,"name":"Protezione dei dati: come diventare professionisti della privacy"}]},{"@type":"WebSite","@id":"https:\/\/www.article-marketing.eu\/comunicatistampa\/#website","url":"https:\/\/www.article-marketing.eu\/comunicatistampa\/","name":"Article Marketing","description":"article marketing &amp; press release","potentialAction":[{"@type":"SearchAction","target":{"@type":"EntryPoint","urlTemplate":"https:\/\/www.article-marketing.eu\/comunicatistampa\/?s={search_term_string}"},"query-input":{"@type":"PropertyValueSpecification","valueRequired":true,"valueName":"search_term_string"}}],"inLanguage":"it-IT"},{"@type":"Person","@id":"https:\/\/www.article-marketing.eu\/comunicatistampa\/#\/schema\/person\/d1985c4955ff71a05f49d68e3034b3cd","name":"AIFUS","image":{"@type":"ImageObject","inLanguage":"it-IT","@id":"https:\/\/secure.gravatar.com\/avatar\/05cf2a2ba057667571308b94c84f00ff48766ffac95710a87491a9b3ddcee484?s=96&d=mm&r=g","url":"https:\/\/secure.gravatar.com\/avatar\/05cf2a2ba057667571308b94c84f00ff48766ffac95710a87491a9b3ddcee484?s=96&d=mm&r=g","contentUrl":"https:\/\/secure.gravatar.com\/avatar\/05cf2a2ba057667571308b94c84f00ff48766ffac95710a87491a9b3ddcee484?s=96&d=mm&r=g","caption":"AIFUS"},"url":"https:\/\/www.article-marketing.eu\/comunicatistampa\/author\/aifus\/"}]}},"_links":{"self":[{"href":"https:\/\/www.article-marketing.eu\/comunicatistampa\/wp-json\/wp\/v2\/posts\/11062","targetHints":{"allow":["GET"]}}],"collection":[{"href":"https:\/\/www.article-marketing.eu\/comunicatistampa\/wp-json\/wp\/v2\/posts"}],"about":[{"href":"https:\/\/www.article-marketing.eu\/comunicatistampa\/wp-json\/wp\/v2\/types\/post"}],"author":[{"embeddable":true,"href":"https:\/\/www.article-marketing.eu\/comunicatistampa\/wp-json\/wp\/v2\/users\/881"}],"replies":[{"embeddable":true,"href":"https:\/\/www.article-marketing.eu\/comunicatistampa\/wp-json\/wp\/v2\/comments?post=11062"}],"version-history":[{"count":2,"href":"https:\/\/www.article-marketing.eu\/comunicatistampa\/wp-json\/wp\/v2\/posts\/11062\/revisions"}],"predecessor-version":[{"id":11079,"href":"https:\/\/www.article-marketing.eu\/comunicatistampa\/wp-json\/wp\/v2\/posts\/11062\/revisions\/11079"}],"wp:attachment":[{"href":"https:\/\/www.article-marketing.eu\/comunicatistampa\/wp-json\/wp\/v2\/media?parent=11062"}],"wp:term":[{"taxonomy":"category","embeddable":true,"href":"https:\/\/www.article-marketing.eu\/comunicatistampa\/wp-json\/wp\/v2\/categories?post=11062"},{"taxonomy":"post_tag","embeddable":true,"href":"https:\/\/www.article-marketing.eu\/comunicatistampa\/wp-json\/wp\/v2\/tags?post=11062"}],"curies":[{"name":"wp","href":"https:\/\/api.w.org\/{rel}","templated":true}]}}