{"id":1113,"date":"2017-03-15T19:54:15","date_gmt":"2017-03-15T18:54:15","guid":{"rendered":"http:\/\/www.article-marketing.eu\/comunicatistampa\/?p=1113"},"modified":"2017-03-15T19:54:15","modified_gmt":"2017-03-15T18:54:15","slug":"perche-ostuni-e-bianca-viaggio-tra-storia-e-leggenda","status":"publish","type":"post","link":"https:\/\/www.article-marketing.eu\/comunicatistampa\/perche-ostuni-e-bianca-viaggio-tra-storia-e-leggenda\/","title":{"rendered":"Perch\u00e9 Ostuni \u00e8 bianca? Viaggio tra storia e leggenda"},"content":{"rendered":"<p><b>Ostuni \u00e8 nota come la Citt\u00e0 Bianca<\/b><span style=\"font-weight: 400;\">, terra di suggestioni e di leggende che coesistono all\u2019interno di un tessuto ricco e diversificato. La citt\u00e0 si erge a 200 metri sopra il livello del mare e scivola dolce verso la costa offrendo suggestioni d\u2019arte, storia, natura e fascino urbano. Da lontano, la citt\u00e0 appare come una macchia bianca, un tracciato urbano costantemente innevato, un presepe da cartolina assolutamente unico.<\/span><\/p>\n<p><span style=\"font-weight: 400;\">Hotel, residence e <\/span><a href=\"http:\/\/www.allombradegliulivi.it\/\"><span style=\"font-weight: 400;\">b&amp;b a Ostuni<\/span><\/a><span style=\"font-weight: 400;\"> sono costantemente aperti e offrono ospitalit\u00e0 a un pubblico di visitatori che si alimenta costantemente, anche al di fuori della stagione balneare. Il bianco che caratterizza la citt\u00e0 svolge sicuramente un ruolo di primo piano nella definizione delle specificit\u00e0 del posto. Per constatare che la citt\u00e0 si tinge di colorazioni uniche basta uno sguardo distratto al suo centro storico; ma <\/span><b>perch\u00e9 Ostuni \u00e8 bianca?<\/b><\/p>\n<h2>Il bianco di Ostuni<\/h2>\n<p><span style=\"font-weight: 400;\">La tipica colorazione bianca, beige e panna delle costruzioni del centro storico <\/span><b>\u00e8 dovuta all\u2019abbondanza di calce<\/b><span style=\"font-weight: 400;\"> che, fin dall\u2019antichit\u00e0, ha caratterizzato le zone rurale nei pressi di Ostuni. Gli abitanti la utilizzarono gi\u00e0 in epoca romanica, sfruttandone la versatilit\u00e0 di utilizzo e la facilit\u00e0 di trasporto. In particolare, la calce veniva <\/span><b>impiegata come tintura per le pareti<\/b><span style=\"font-weight: 400;\"> esterne degli edifici. Il motivo per cui le case e i palazzi venivano lasciati di colore bianco \u00e8 dovuto alla particolare conformazione del borgo: le viuzze strette che compongono il dedalo del cuore della citt\u00e0, infatti, si lasciano penetrare difficilmente dai raggi del sole, rendendo le strade buie. <\/span><b>Il bianco delle pareti genera un effetto rifrangente<\/b><span style=\"font-weight: 400;\"> che si irradia per i vicoli restituendo colore e illuminazione.<\/span><\/p>\n<h2>La peste del \u2018700<\/h2>\n<p><span style=\"font-weight: 400;\">Nella seconda met\u00e0 del \u2018700, quando la citt\u00e0 era sotto l\u2019egemonia della famiglia Zevallos, <\/span><b>Ostuni fu colpita da un\u2019epidemia di peste<\/b><span style=\"font-weight: 400;\"> che solo per una fortunata casualit\u00e0 non la distrusse interamente. La fortunata casualit\u00e0 fu proprio la calce che rivestiva le case, che presenta particolari propriet\u00e0 disinfettanti. Fu la vernice a <\/span><b>impedire il propagarsi dell\u2019epidemia <\/b><span style=\"font-weight: 400;\">a macchia d\u2019olio e il conseguente annientamento della popolazione.<\/span><\/p>\n","protected":false},"excerpt":{"rendered":"<p>Ostuni \u00e8 nota come la Citt\u00e0 Bianca, terra di suggestioni e di leggende che coesistono all\u2019interno di un tessuto ricco e diversificato. La citt\u00e0 si erge a 200 metri sopra il livello del mare e scivola dolce verso la costa offrendo suggestioni d\u2019arte, storia, natura e fascino urbano. Da lontano, la citt\u00e0 appare come una macchia bianca, un tracciato urbano costantemente innevato, un presepe da cartolina assolutamente unico. Hotel, residence<\/p>\n<p><a class=\"continue-reading\" href=\"https:\/\/www.article-marketing.eu\/comunicatistampa\/perche-ostuni-e-bianca-viaggio-tra-storia-e-leggenda\/\">Continue reading&#8230;<\/a><\/p>\n","protected":false},"author":33,"featured_media":0,"comment_status":"open","ping_status":"open","sticky":false,"template":"","format":"standard","meta":{"_monsterinsights_skip_tracking":false,"_monsterinsights_sitenote_active":false,"_monsterinsights_sitenote_note":"","_monsterinsights_sitenote_category":0,"footnotes":""},"categories":[348],"tags":[705,706],"class_list":["post-1113","post","type-post","status-publish","format-standard","hentry","category-destinazioni","tag-ostuni","tag-vacanze-in-puglia"],"yoast_head":"<!-- This site is optimized with the Yoast SEO plugin v27.3 - https:\/\/yoast.com\/product\/yoast-seo-wordpress\/ -->\n<title>Perch\u00e9 Ostuni \u00e8 bianca? Viaggio tra storia e leggenda - Article Marketing<\/title>\n<meta name=\"robots\" content=\"index, follow, max-snippet:-1, max-image-preview:large, max-video-preview:-1\" \/>\n<link rel=\"canonical\" href=\"https:\/\/www.article-marketing.eu\/comunicatistampa\/perche-ostuni-e-bianca-viaggio-tra-storia-e-leggenda\/\" \/>\n<meta property=\"og:locale\" content=\"it_IT\" \/>\n<meta property=\"og:type\" content=\"article\" \/>\n<meta property=\"og:title\" content=\"Perch\u00e9 Ostuni \u00e8 bianca? Viaggio tra storia e leggenda - Article Marketing\" \/>\n<meta property=\"og:description\" content=\"Ostuni \u00e8 nota come la Citt\u00e0 Bianca, terra di suggestioni e di leggende che coesistono all\u2019interno di un tessuto ricco e diversificato. La citt\u00e0 si erge a 200 metri sopra il livello del mare e scivola dolce verso la costa offrendo suggestioni d\u2019arte, storia, natura e fascino urbano. Da lontano, la citt\u00e0 appare come una macchia bianca, un tracciato urbano costantemente innevato, un presepe da cartolina assolutamente unico. Hotel, residenceContinue reading...\" \/>\n<meta property=\"og:url\" content=\"https:\/\/www.article-marketing.eu\/comunicatistampa\/perche-ostuni-e-bianca-viaggio-tra-storia-e-leggenda\/\" \/>\n<meta property=\"og:site_name\" content=\"Article Marketing\" \/>\n<meta property=\"article:published_time\" content=\"2017-03-15T18:54:15+00:00\" \/>\n<meta name=\"author\" content=\"WalterW\" \/>\n<meta name=\"twitter:card\" content=\"summary_large_image\" \/>\n<meta name=\"twitter:label1\" content=\"Scritto da\" \/>\n\t<meta name=\"twitter:data1\" content=\"WalterW\" \/>\n\t<meta name=\"twitter:label2\" content=\"Tempo di lettura stimato\" \/>\n\t<meta name=\"twitter:data2\" content=\"2 minuti\" \/>\n<script type=\"application\/ld+json\" class=\"yoast-schema-graph\">{\"@context\":\"https:\\\/\\\/schema.org\",\"@graph\":[{\"@type\":\"Article\",\"@id\":\"https:\\\/\\\/www.article-marketing.eu\\\/comunicatistampa\\\/perche-ostuni-e-bianca-viaggio-tra-storia-e-leggenda\\\/#article\",\"isPartOf\":{\"@id\":\"https:\\\/\\\/www.article-marketing.eu\\\/comunicatistampa\\\/perche-ostuni-e-bianca-viaggio-tra-storia-e-leggenda\\\/\"},\"author\":{\"name\":\"WalterW\",\"@id\":\"https:\\\/\\\/www.article-marketing.eu\\\/comunicatistampa\\\/#\\\/schema\\\/person\\\/be372fc5e196fb56dd0949d7f366c2c2\"},\"headline\":\"Perch\u00e9 Ostuni \u00e8 bianca? Viaggio tra storia e leggenda\",\"datePublished\":\"2017-03-15T18:54:15+00:00\",\"mainEntityOfPage\":{\"@id\":\"https:\\\/\\\/www.article-marketing.eu\\\/comunicatistampa\\\/perche-ostuni-e-bianca-viaggio-tra-storia-e-leggenda\\\/\"},\"wordCount\":345,\"commentCount\":0,\"keywords\":[\"Ostuni\",\"vacanze in Puglia\"],\"articleSection\":[\"Destinazioni\"],\"inLanguage\":\"it-IT\",\"potentialAction\":[{\"@type\":\"CommentAction\",\"name\":\"Comment\",\"target\":[\"https:\\\/\\\/www.article-marketing.eu\\\/comunicatistampa\\\/perche-ostuni-e-bianca-viaggio-tra-storia-e-leggenda\\\/#respond\"]}]},{\"@type\":\"WebPage\",\"@id\":\"https:\\\/\\\/www.article-marketing.eu\\\/comunicatistampa\\\/perche-ostuni-e-bianca-viaggio-tra-storia-e-leggenda\\\/\",\"url\":\"https:\\\/\\\/www.article-marketing.eu\\\/comunicatistampa\\\/perche-ostuni-e-bianca-viaggio-tra-storia-e-leggenda\\\/\",\"name\":\"Perch\u00e9 Ostuni \u00e8 bianca? Viaggio tra storia e leggenda - Article Marketing\",\"isPartOf\":{\"@id\":\"https:\\\/\\\/www.article-marketing.eu\\\/comunicatistampa\\\/#website\"},\"datePublished\":\"2017-03-15T18:54:15+00:00\",\"author\":{\"@id\":\"https:\\\/\\\/www.article-marketing.eu\\\/comunicatistampa\\\/#\\\/schema\\\/person\\\/be372fc5e196fb56dd0949d7f366c2c2\"},\"breadcrumb\":{\"@id\":\"https:\\\/\\\/www.article-marketing.eu\\\/comunicatistampa\\\/perche-ostuni-e-bianca-viaggio-tra-storia-e-leggenda\\\/#breadcrumb\"},\"inLanguage\":\"it-IT\",\"potentialAction\":[{\"@type\":\"ReadAction\",\"target\":[\"https:\\\/\\\/www.article-marketing.eu\\\/comunicatistampa\\\/perche-ostuni-e-bianca-viaggio-tra-storia-e-leggenda\\\/\"]}]},{\"@type\":\"BreadcrumbList\",\"@id\":\"https:\\\/\\\/www.article-marketing.eu\\\/comunicatistampa\\\/perche-ostuni-e-bianca-viaggio-tra-storia-e-leggenda\\\/#breadcrumb\",\"itemListElement\":[{\"@type\":\"ListItem\",\"position\":1,\"name\":\"Home\",\"item\":\"https:\\\/\\\/www.article-marketing.eu\\\/comunicatistampa\\\/\"},{\"@type\":\"ListItem\",\"position\":2,\"name\":\"Perch\u00e9 Ostuni \u00e8 bianca? Viaggio tra storia e leggenda\"}]},{\"@type\":\"WebSite\",\"@id\":\"https:\\\/\\\/www.article-marketing.eu\\\/comunicatistampa\\\/#website\",\"url\":\"https:\\\/\\\/www.article-marketing.eu\\\/comunicatistampa\\\/\",\"name\":\"Article Marketing\",\"description\":\"article marketing &amp; press release\",\"potentialAction\":[{\"@type\":\"SearchAction\",\"target\":{\"@type\":\"EntryPoint\",\"urlTemplate\":\"https:\\\/\\\/www.article-marketing.eu\\\/comunicatistampa\\\/?s={search_term_string}\"},\"query-input\":{\"@type\":\"PropertyValueSpecification\",\"valueRequired\":true,\"valueName\":\"search_term_string\"}}],\"inLanguage\":\"it-IT\"},{\"@type\":\"Person\",\"@id\":\"https:\\\/\\\/www.article-marketing.eu\\\/comunicatistampa\\\/#\\\/schema\\\/person\\\/be372fc5e196fb56dd0949d7f366c2c2\",\"name\":\"WalterW\",\"image\":{\"@type\":\"ImageObject\",\"inLanguage\":\"it-IT\",\"@id\":\"https:\\\/\\\/secure.gravatar.com\\\/avatar\\\/aa25c458b438b76cea890b8f373e32539fcf43a2f92315ca064d09ed4aac0999?s=96&d=mm&r=g\",\"url\":\"https:\\\/\\\/secure.gravatar.com\\\/avatar\\\/aa25c458b438b76cea890b8f373e32539fcf43a2f92315ca064d09ed4aac0999?s=96&d=mm&r=g\",\"contentUrl\":\"https:\\\/\\\/secure.gravatar.com\\\/avatar\\\/aa25c458b438b76cea890b8f373e32539fcf43a2f92315ca064d09ed4aac0999?s=96&d=mm&r=g\",\"caption\":\"WalterW\"},\"url\":\"https:\\\/\\\/www.article-marketing.eu\\\/comunicatistampa\\\/author\\\/walterw\\\/\"}]}<\/script>\n<!-- \/ Yoast SEO plugin. -->","yoast_head_json":{"title":"Perch\u00e9 Ostuni \u00e8 bianca? Viaggio tra storia e leggenda - Article Marketing","robots":{"index":"index","follow":"follow","max-snippet":"max-snippet:-1","max-image-preview":"max-image-preview:large","max-video-preview":"max-video-preview:-1"},"canonical":"https:\/\/www.article-marketing.eu\/comunicatistampa\/perche-ostuni-e-bianca-viaggio-tra-storia-e-leggenda\/","og_locale":"it_IT","og_type":"article","og_title":"Perch\u00e9 Ostuni \u00e8 bianca? Viaggio tra storia e leggenda - Article Marketing","og_description":"Ostuni \u00e8 nota come la Citt\u00e0 Bianca, terra di suggestioni e di leggende che coesistono all\u2019interno di un tessuto ricco e diversificato. La citt\u00e0 si erge a 200 metri sopra il livello del mare e scivola dolce verso la costa offrendo suggestioni d\u2019arte, storia, natura e fascino urbano. Da lontano, la citt\u00e0 appare come una macchia bianca, un tracciato urbano costantemente innevato, un presepe da cartolina assolutamente unico. Hotel, residenceContinue reading...","og_url":"https:\/\/www.article-marketing.eu\/comunicatistampa\/perche-ostuni-e-bianca-viaggio-tra-storia-e-leggenda\/","og_site_name":"Article Marketing","article_published_time":"2017-03-15T18:54:15+00:00","author":"WalterW","twitter_card":"summary_large_image","twitter_misc":{"Scritto da":"WalterW","Tempo di lettura stimato":"2 minuti"},"schema":{"@context":"https:\/\/schema.org","@graph":[{"@type":"Article","@id":"https:\/\/www.article-marketing.eu\/comunicatistampa\/perche-ostuni-e-bianca-viaggio-tra-storia-e-leggenda\/#article","isPartOf":{"@id":"https:\/\/www.article-marketing.eu\/comunicatistampa\/perche-ostuni-e-bianca-viaggio-tra-storia-e-leggenda\/"},"author":{"name":"WalterW","@id":"https:\/\/www.article-marketing.eu\/comunicatistampa\/#\/schema\/person\/be372fc5e196fb56dd0949d7f366c2c2"},"headline":"Perch\u00e9 Ostuni \u00e8 bianca? Viaggio tra storia e leggenda","datePublished":"2017-03-15T18:54:15+00:00","mainEntityOfPage":{"@id":"https:\/\/www.article-marketing.eu\/comunicatistampa\/perche-ostuni-e-bianca-viaggio-tra-storia-e-leggenda\/"},"wordCount":345,"commentCount":0,"keywords":["Ostuni","vacanze in Puglia"],"articleSection":["Destinazioni"],"inLanguage":"it-IT","potentialAction":[{"@type":"CommentAction","name":"Comment","target":["https:\/\/www.article-marketing.eu\/comunicatistampa\/perche-ostuni-e-bianca-viaggio-tra-storia-e-leggenda\/#respond"]}]},{"@type":"WebPage","@id":"https:\/\/www.article-marketing.eu\/comunicatistampa\/perche-ostuni-e-bianca-viaggio-tra-storia-e-leggenda\/","url":"https:\/\/www.article-marketing.eu\/comunicatistampa\/perche-ostuni-e-bianca-viaggio-tra-storia-e-leggenda\/","name":"Perch\u00e9 Ostuni \u00e8 bianca? Viaggio tra storia e leggenda - Article Marketing","isPartOf":{"@id":"https:\/\/www.article-marketing.eu\/comunicatistampa\/#website"},"datePublished":"2017-03-15T18:54:15+00:00","author":{"@id":"https:\/\/www.article-marketing.eu\/comunicatistampa\/#\/schema\/person\/be372fc5e196fb56dd0949d7f366c2c2"},"breadcrumb":{"@id":"https:\/\/www.article-marketing.eu\/comunicatistampa\/perche-ostuni-e-bianca-viaggio-tra-storia-e-leggenda\/#breadcrumb"},"inLanguage":"it-IT","potentialAction":[{"@type":"ReadAction","target":["https:\/\/www.article-marketing.eu\/comunicatistampa\/perche-ostuni-e-bianca-viaggio-tra-storia-e-leggenda\/"]}]},{"@type":"BreadcrumbList","@id":"https:\/\/www.article-marketing.eu\/comunicatistampa\/perche-ostuni-e-bianca-viaggio-tra-storia-e-leggenda\/#breadcrumb","itemListElement":[{"@type":"ListItem","position":1,"name":"Home","item":"https:\/\/www.article-marketing.eu\/comunicatistampa\/"},{"@type":"ListItem","position":2,"name":"Perch\u00e9 Ostuni \u00e8 bianca? Viaggio tra storia e leggenda"}]},{"@type":"WebSite","@id":"https:\/\/www.article-marketing.eu\/comunicatistampa\/#website","url":"https:\/\/www.article-marketing.eu\/comunicatistampa\/","name":"Article Marketing","description":"article marketing &amp; press release","potentialAction":[{"@type":"SearchAction","target":{"@type":"EntryPoint","urlTemplate":"https:\/\/www.article-marketing.eu\/comunicatistampa\/?s={search_term_string}"},"query-input":{"@type":"PropertyValueSpecification","valueRequired":true,"valueName":"search_term_string"}}],"inLanguage":"it-IT"},{"@type":"Person","@id":"https:\/\/www.article-marketing.eu\/comunicatistampa\/#\/schema\/person\/be372fc5e196fb56dd0949d7f366c2c2","name":"WalterW","image":{"@type":"ImageObject","inLanguage":"it-IT","@id":"https:\/\/secure.gravatar.com\/avatar\/aa25c458b438b76cea890b8f373e32539fcf43a2f92315ca064d09ed4aac0999?s=96&d=mm&r=g","url":"https:\/\/secure.gravatar.com\/avatar\/aa25c458b438b76cea890b8f373e32539fcf43a2f92315ca064d09ed4aac0999?s=96&d=mm&r=g","contentUrl":"https:\/\/secure.gravatar.com\/avatar\/aa25c458b438b76cea890b8f373e32539fcf43a2f92315ca064d09ed4aac0999?s=96&d=mm&r=g","caption":"WalterW"},"url":"https:\/\/www.article-marketing.eu\/comunicatistampa\/author\/walterw\/"}]}},"_links":{"self":[{"href":"https:\/\/www.article-marketing.eu\/comunicatistampa\/wp-json\/wp\/v2\/posts\/1113","targetHints":{"allow":["GET"]}}],"collection":[{"href":"https:\/\/www.article-marketing.eu\/comunicatistampa\/wp-json\/wp\/v2\/posts"}],"about":[{"href":"https:\/\/www.article-marketing.eu\/comunicatistampa\/wp-json\/wp\/v2\/types\/post"}],"author":[{"embeddable":true,"href":"https:\/\/www.article-marketing.eu\/comunicatistampa\/wp-json\/wp\/v2\/users\/33"}],"replies":[{"embeddable":true,"href":"https:\/\/www.article-marketing.eu\/comunicatistampa\/wp-json\/wp\/v2\/comments?post=1113"}],"version-history":[{"count":2,"href":"https:\/\/www.article-marketing.eu\/comunicatistampa\/wp-json\/wp\/v2\/posts\/1113\/revisions"}],"predecessor-version":[{"id":1132,"href":"https:\/\/www.article-marketing.eu\/comunicatistampa\/wp-json\/wp\/v2\/posts\/1113\/revisions\/1132"}],"wp:attachment":[{"href":"https:\/\/www.article-marketing.eu\/comunicatistampa\/wp-json\/wp\/v2\/media?parent=1113"}],"wp:term":[{"taxonomy":"category","embeddable":true,"href":"https:\/\/www.article-marketing.eu\/comunicatistampa\/wp-json\/wp\/v2\/categories?post=1113"},{"taxonomy":"post_tag","embeddable":true,"href":"https:\/\/www.article-marketing.eu\/comunicatistampa\/wp-json\/wp\/v2\/tags?post=1113"}],"curies":[{"name":"wp","href":"https:\/\/api.w.org\/{rel}","templated":true}]}}