{"id":11161,"date":"2018-08-03T21:02:33","date_gmt":"2018-08-03T19:02:33","guid":{"rendered":"http:\/\/www.article-marketing.eu\/comunicatistampa\/?p=11161"},"modified":"2018-08-03T21:02:33","modified_gmt":"2018-08-03T19:02:33","slug":"la-compagnia-nazionale-di-danza-storica-di-nino-graziano-luca-incontra-la-grande-opera-sabato-11-agosto-allo-sferisterio-di-macerata","status":"publish","type":"post","link":"https:\/\/www.article-marketing.eu\/comunicatistampa\/la-compagnia-nazionale-di-danza-storica-di-nino-graziano-luca-incontra-la-grande-opera-sabato-11-agosto-allo-sferisterio-di-macerata\/","title":{"rendered":"La Compagnia Nazionale di Danza Storica di Nino Graziano Luca, incontra la Grande Opera sabato 11 agosto allo Sferisterio di Macerata"},"content":{"rendered":"<p>L&#8217;idea di coniugare la strepitosa TRAVIATA di Henning Brockhaus diretta da Keri \u2013 Lynn Wilson con il GRAN BALLO DELL&#8217;800 diretto da Nino Graziano Luca allo Sferisterio di Macerata \u00e8 di Barbara Minghetti e Nino Graziano Luca e sar\u00e0 allestita sabato 11 agosto 2018 per il Cartellone del prestigiosissimo &#8220;Macerata Opera Festival&#8221;.<\/p>\n<p>I partecipanti al Ballo, dopo una Promenade per le vie del Centro di Macerata, saranno accolti allo Sferisterio per un Welcome Cocktail e prenderanno poi posto in Platea per assistere a La Traviata di Henning Brockhaus, diretta da Keri \u2013 Lynn Wilson, con la meravigliosa scenografia degli specchi di Josef Svoboda, l\u2019Orchestra Regionale delle Marche ed il Coro Lirico Marchigiano \u201cVincenzo Bellini\u201d.<\/p>\n<p>Al termine de La Traviata, alle 23.30, inizier\u00e0 il Gran Ballo vero e proprio con il Maestro di Cerimonia Nino Graziano Luca. Decine di coppie composte da straordinari ballerini (provenienti da molte citt\u00e0 italiane e da alcune capitali europee) in eleganti frac e preziosi abiti crinolina eseguiranno meravigliosi Valzer, Quadriglie, Contraddanze, Mazurche tratte dai manuali dei pi\u00f9 celebri maestri del XIX secolo e dai pi\u00f9 incantevoli film in costume calcando il prestigioso palcoscenico dello Sferisterio di Macerata che negli anni ha visto esibirsi Luciano Pavarotti, Katia Ricciarelli, Renato Bruson, Montserrat Caball\u00e9, Placido Domingo, Jos\u00e8 Carreras, Raina Kabaivanska.<\/p>\n<p>Le ragioni dello straordinario incontro tra lo SFERISTERIO e la COMPAGNIA NAZIONALE DI DANZA STORICA sono molteplici e vanno dallo storico al contemporaneo. Lo Sferisterio fu infatti inaugurato nel 1829 come sede per uno degli sport pi\u00f9 in voga del tempo &#8211; il gioco della palla col bracciale \u2013 ma \u00e8 documentato che nel corso del XIX secolo ospit\u00f2 giostre, parate equestri e moltissimi Balli e per questo motivo, volendo rinverdire una tradizione tipica di questo luogo, la direzione del Macerata Opera Festival ha immediatamente contattato la Compagnia Nazionale di Danza Storica. Una scelta legata non solo al curriculum della CNDS ma anche ai temi della programmazione artistica dello Sferisterio 2018 intitolata VERDE SPERANZA e proiettata a promuovere \u201cl\u2019arte della speranza [\u2026] piantando nuovi semi per un futuro migliore [\u2026] che intrattenga uno stretto rapporto con altre realt\u00e0 che si occupano di questi temi, dialogando intorno alla sostenibilit\u00e0 tramite\u00a0\u00a0 l\u2019interazione tra cultura, natura e territorio\u201d.<\/p>\n<p>La Compagnia Nazionale di Danza Storica da sempre, non \u00e8 solo una compagnia di danza. \u00c8 soprattutto un modo di essere. \u00c8 l\u2019espressione dell\u2019arte della speranza, contraddistinta dall\u2019amore per il Bello, ponendo la massima attenzione alla cura delle relazioni umane e del rapporto armonico tra uomo-natura e uomo-cultura, il tutto all\u2019interno di una cornice e di un paradigma di lettura della tradizione e del passato in costante, proficuo dialogo, con l\u2019attualit\u00e0 e la contemporaneit\u00e0.<\/p>\n<p>Il recupero del passato in Compagnia Nazionale di Danza Storica (messo al servizio in circa trent\u2019anni delle iniziative pi\u00f9 variegate di promozione culturale e tutela ambientale) non cede mai il passo ad una lettura romantica e nostalgica della storia e dei fatti ma li ri-significa nel presente, senza perdere di vista gli ideali di pace, giustizia, tolleranza, coesione e inclusione sociale, amore per la natura, alla base della Civilt\u00e0 europea. Ogni Spettacolo ma anche ogni Gran Ballo non ripropongono dunque solo un sapere di tempi lontani ma tendono a condividere principi e valori dal cui rispetto dipende anche il nostro presente ed il nostro domani.<\/p>\n","protected":false},"excerpt":{"rendered":"<p>L&#8217;idea di coniugare la strepitosa TRAVIATA di Henning Brockhaus diretta da Keri \u2013 Lynn Wilson con il GRAN BALLO DELL&#8217;800 diretto da Nino Graziano Luca allo Sferisterio di Macerata \u00e8 di Barbara Minghetti e Nino Graziano Luca e sar\u00e0 allestita sabato 11 agosto 2018 per il Cartellone del prestigiosissimo &#8220;Macerata Opera Festival&#8221;. I partecipanti al Ballo, dopo una Promenade per le vie del Centro di Macerata, saranno accolti allo Sferisterio<\/p>\n<p><a class=\"continue-reading\" href=\"https:\/\/www.article-marketing.eu\/comunicatistampa\/la-compagnia-nazionale-di-danza-storica-di-nino-graziano-luca-incontra-la-grande-opera-sabato-11-agosto-allo-sferisterio-di-macerata\/\">Continue reading&#8230;<\/a><\/p>\n","protected":false},"author":48,"featured_media":0,"comment_status":"open","ping_status":"open","sticky":false,"template":"","format":"standard","meta":{"_monsterinsights_skip_tracking":false,"_monsterinsights_sitenote_active":false,"_monsterinsights_sitenote_note":"","_monsterinsights_sitenote_category":0,"footnotes":""},"categories":[407],"tags":[4757,4758,4759],"class_list":["post-11161","post","type-post","status-publish","format-standard","hentry","category-arte-e-cultura","tag-danza-storica","tag-macerata","tag-opera"],"yoast_head":"<!-- This site is optimized with the Yoast SEO plugin v27.3 - https:\/\/yoast.com\/product\/yoast-seo-wordpress\/ -->\n<title>La Compagnia Nazionale di Danza Storica di Nino Graziano Luca, incontra la Grande Opera sabato 11 agosto allo Sferisterio di Macerata - Article Marketing<\/title>\n<meta name=\"robots\" content=\"index, follow, max-snippet:-1, max-image-preview:large, max-video-preview:-1\" \/>\n<link rel=\"canonical\" href=\"https:\/\/www.article-marketing.eu\/comunicatistampa\/la-compagnia-nazionale-di-danza-storica-di-nino-graziano-luca-incontra-la-grande-opera-sabato-11-agosto-allo-sferisterio-di-macerata\/\" \/>\n<meta property=\"og:locale\" content=\"it_IT\" \/>\n<meta property=\"og:type\" content=\"article\" \/>\n<meta property=\"og:title\" content=\"La Compagnia Nazionale di Danza Storica di Nino Graziano Luca, incontra la Grande Opera sabato 11 agosto allo Sferisterio di Macerata - Article Marketing\" \/>\n<meta property=\"og:description\" content=\"L&#8217;idea di coniugare la strepitosa TRAVIATA di Henning Brockhaus diretta da Keri \u2013 Lynn Wilson con il GRAN BALLO DELL&#8217;800 diretto da Nino Graziano Luca allo Sferisterio di Macerata \u00e8 di Barbara Minghetti e Nino Graziano Luca e sar\u00e0 allestita sabato 11 agosto 2018 per il Cartellone del prestigiosissimo &#8220;Macerata Opera Festival&#8221;. I partecipanti al Ballo, dopo una Promenade per le vie del Centro di Macerata, saranno accolti allo SferisterioContinue reading...\" \/>\n<meta property=\"og:url\" content=\"https:\/\/www.article-marketing.eu\/comunicatistampa\/la-compagnia-nazionale-di-danza-storica-di-nino-graziano-luca-incontra-la-grande-opera-sabato-11-agosto-allo-sferisterio-di-macerata\/\" \/>\n<meta property=\"og:site_name\" content=\"Article Marketing\" \/>\n<meta property=\"article:published_time\" content=\"2018-08-03T19:02:33+00:00\" \/>\n<meta name=\"author\" content=\"Uff Stampa\" \/>\n<meta name=\"twitter:card\" content=\"summary_large_image\" \/>\n<meta name=\"twitter:label1\" content=\"Scritto da\" \/>\n\t<meta name=\"twitter:data1\" content=\"Uff Stampa\" \/>\n\t<meta name=\"twitter:label2\" content=\"Tempo di lettura stimato\" \/>\n\t<meta name=\"twitter:data2\" content=\"3 minuti\" \/>\n<script type=\"application\/ld+json\" class=\"yoast-schema-graph\">{\"@context\":\"https:\\\/\\\/schema.org\",\"@graph\":[{\"@type\":\"Article\",\"@id\":\"https:\\\/\\\/www.article-marketing.eu\\\/comunicatistampa\\\/la-compagnia-nazionale-di-danza-storica-di-nino-graziano-luca-incontra-la-grande-opera-sabato-11-agosto-allo-sferisterio-di-macerata\\\/#article\",\"isPartOf\":{\"@id\":\"https:\\\/\\\/www.article-marketing.eu\\\/comunicatistampa\\\/la-compagnia-nazionale-di-danza-storica-di-nino-graziano-luca-incontra-la-grande-opera-sabato-11-agosto-allo-sferisterio-di-macerata\\\/\"},\"author\":{\"name\":\"Uff Stampa\",\"@id\":\"https:\\\/\\\/www.article-marketing.eu\\\/comunicatistampa\\\/#\\\/schema\\\/person\\\/22d81e7c04e93611ddcda888b65438d8\"},\"headline\":\"La Compagnia Nazionale di Danza Storica di Nino Graziano Luca, incontra la Grande Opera sabato 11 agosto allo Sferisterio di Macerata\",\"datePublished\":\"2018-08-03T19:02:33+00:00\",\"mainEntityOfPage\":{\"@id\":\"https:\\\/\\\/www.article-marketing.eu\\\/comunicatistampa\\\/la-compagnia-nazionale-di-danza-storica-di-nino-graziano-luca-incontra-la-grande-opera-sabato-11-agosto-allo-sferisterio-di-macerata\\\/\"},\"wordCount\":559,\"commentCount\":0,\"keywords\":[\"Danza Storica\",\"Macerata\",\"Opera\"],\"articleSection\":[\"Arte e cultura\"],\"inLanguage\":\"it-IT\",\"potentialAction\":[{\"@type\":\"CommentAction\",\"name\":\"Comment\",\"target\":[\"https:\\\/\\\/www.article-marketing.eu\\\/comunicatistampa\\\/la-compagnia-nazionale-di-danza-storica-di-nino-graziano-luca-incontra-la-grande-opera-sabato-11-agosto-allo-sferisterio-di-macerata\\\/#respond\"]}]},{\"@type\":\"WebPage\",\"@id\":\"https:\\\/\\\/www.article-marketing.eu\\\/comunicatistampa\\\/la-compagnia-nazionale-di-danza-storica-di-nino-graziano-luca-incontra-la-grande-opera-sabato-11-agosto-allo-sferisterio-di-macerata\\\/\",\"url\":\"https:\\\/\\\/www.article-marketing.eu\\\/comunicatistampa\\\/la-compagnia-nazionale-di-danza-storica-di-nino-graziano-luca-incontra-la-grande-opera-sabato-11-agosto-allo-sferisterio-di-macerata\\\/\",\"name\":\"La Compagnia Nazionale di Danza Storica di Nino Graziano Luca, incontra la Grande Opera sabato 11 agosto allo Sferisterio di Macerata - Article Marketing\",\"isPartOf\":{\"@id\":\"https:\\\/\\\/www.article-marketing.eu\\\/comunicatistampa\\\/#website\"},\"datePublished\":\"2018-08-03T19:02:33+00:00\",\"author\":{\"@id\":\"https:\\\/\\\/www.article-marketing.eu\\\/comunicatistampa\\\/#\\\/schema\\\/person\\\/22d81e7c04e93611ddcda888b65438d8\"},\"breadcrumb\":{\"@id\":\"https:\\\/\\\/www.article-marketing.eu\\\/comunicatistampa\\\/la-compagnia-nazionale-di-danza-storica-di-nino-graziano-luca-incontra-la-grande-opera-sabato-11-agosto-allo-sferisterio-di-macerata\\\/#breadcrumb\"},\"inLanguage\":\"it-IT\",\"potentialAction\":[{\"@type\":\"ReadAction\",\"target\":[\"https:\\\/\\\/www.article-marketing.eu\\\/comunicatistampa\\\/la-compagnia-nazionale-di-danza-storica-di-nino-graziano-luca-incontra-la-grande-opera-sabato-11-agosto-allo-sferisterio-di-macerata\\\/\"]}]},{\"@type\":\"BreadcrumbList\",\"@id\":\"https:\\\/\\\/www.article-marketing.eu\\\/comunicatistampa\\\/la-compagnia-nazionale-di-danza-storica-di-nino-graziano-luca-incontra-la-grande-opera-sabato-11-agosto-allo-sferisterio-di-macerata\\\/#breadcrumb\",\"itemListElement\":[{\"@type\":\"ListItem\",\"position\":1,\"name\":\"Home\",\"item\":\"https:\\\/\\\/www.article-marketing.eu\\\/comunicatistampa\\\/\"},{\"@type\":\"ListItem\",\"position\":2,\"name\":\"La Compagnia Nazionale di Danza Storica di Nino Graziano Luca, incontra la Grande Opera sabato 11 agosto allo Sferisterio di Macerata\"}]},{\"@type\":\"WebSite\",\"@id\":\"https:\\\/\\\/www.article-marketing.eu\\\/comunicatistampa\\\/#website\",\"url\":\"https:\\\/\\\/www.article-marketing.eu\\\/comunicatistampa\\\/\",\"name\":\"Article Marketing\",\"description\":\"article marketing &amp; press release\",\"potentialAction\":[{\"@type\":\"SearchAction\",\"target\":{\"@type\":\"EntryPoint\",\"urlTemplate\":\"https:\\\/\\\/www.article-marketing.eu\\\/comunicatistampa\\\/?s={search_term_string}\"},\"query-input\":{\"@type\":\"PropertyValueSpecification\",\"valueRequired\":true,\"valueName\":\"search_term_string\"}}],\"inLanguage\":\"it-IT\"},{\"@type\":\"Person\",\"@id\":\"https:\\\/\\\/www.article-marketing.eu\\\/comunicatistampa\\\/#\\\/schema\\\/person\\\/22d81e7c04e93611ddcda888b65438d8\",\"name\":\"Uff Stampa\",\"image\":{\"@type\":\"ImageObject\",\"inLanguage\":\"it-IT\",\"@id\":\"https:\\\/\\\/secure.gravatar.com\\\/avatar\\\/e3e9c5b947f539233b3f740c64e48242313649ff2a529b2191b5577aab6b4c57?s=96&d=mm&r=g\",\"url\":\"https:\\\/\\\/secure.gravatar.com\\\/avatar\\\/e3e9c5b947f539233b3f740c64e48242313649ff2a529b2191b5577aab6b4c57?s=96&d=mm&r=g\",\"contentUrl\":\"https:\\\/\\\/secure.gravatar.com\\\/avatar\\\/e3e9c5b947f539233b3f740c64e48242313649ff2a529b2191b5577aab6b4c57?s=96&d=mm&r=g\",\"caption\":\"Uff Stampa\"},\"url\":\"https:\\\/\\\/www.article-marketing.eu\\\/comunicatistampa\\\/author\\\/uff-stampa\\\/\"}]}<\/script>\n<!-- \/ Yoast SEO plugin. -->","yoast_head_json":{"title":"La Compagnia Nazionale di Danza Storica di Nino Graziano Luca, incontra la Grande Opera sabato 11 agosto allo Sferisterio di Macerata - Article Marketing","robots":{"index":"index","follow":"follow","max-snippet":"max-snippet:-1","max-image-preview":"max-image-preview:large","max-video-preview":"max-video-preview:-1"},"canonical":"https:\/\/www.article-marketing.eu\/comunicatistampa\/la-compagnia-nazionale-di-danza-storica-di-nino-graziano-luca-incontra-la-grande-opera-sabato-11-agosto-allo-sferisterio-di-macerata\/","og_locale":"it_IT","og_type":"article","og_title":"La Compagnia Nazionale di Danza Storica di Nino Graziano Luca, incontra la Grande Opera sabato 11 agosto allo Sferisterio di Macerata - Article Marketing","og_description":"L&#8217;idea di coniugare la strepitosa TRAVIATA di Henning Brockhaus diretta da Keri \u2013 Lynn Wilson con il GRAN BALLO DELL&#8217;800 diretto da Nino Graziano Luca allo Sferisterio di Macerata \u00e8 di Barbara Minghetti e Nino Graziano Luca e sar\u00e0 allestita sabato 11 agosto 2018 per il Cartellone del prestigiosissimo &#8220;Macerata Opera Festival&#8221;. I partecipanti al Ballo, dopo una Promenade per le vie del Centro di Macerata, saranno accolti allo SferisterioContinue reading...","og_url":"https:\/\/www.article-marketing.eu\/comunicatistampa\/la-compagnia-nazionale-di-danza-storica-di-nino-graziano-luca-incontra-la-grande-opera-sabato-11-agosto-allo-sferisterio-di-macerata\/","og_site_name":"Article Marketing","article_published_time":"2018-08-03T19:02:33+00:00","author":"Uff Stampa","twitter_card":"summary_large_image","twitter_misc":{"Scritto da":"Uff Stampa","Tempo di lettura stimato":"3 minuti"},"schema":{"@context":"https:\/\/schema.org","@graph":[{"@type":"Article","@id":"https:\/\/www.article-marketing.eu\/comunicatistampa\/la-compagnia-nazionale-di-danza-storica-di-nino-graziano-luca-incontra-la-grande-opera-sabato-11-agosto-allo-sferisterio-di-macerata\/#article","isPartOf":{"@id":"https:\/\/www.article-marketing.eu\/comunicatistampa\/la-compagnia-nazionale-di-danza-storica-di-nino-graziano-luca-incontra-la-grande-opera-sabato-11-agosto-allo-sferisterio-di-macerata\/"},"author":{"name":"Uff Stampa","@id":"https:\/\/www.article-marketing.eu\/comunicatistampa\/#\/schema\/person\/22d81e7c04e93611ddcda888b65438d8"},"headline":"La Compagnia Nazionale di Danza Storica di Nino Graziano Luca, incontra la Grande Opera sabato 11 agosto allo Sferisterio di Macerata","datePublished":"2018-08-03T19:02:33+00:00","mainEntityOfPage":{"@id":"https:\/\/www.article-marketing.eu\/comunicatistampa\/la-compagnia-nazionale-di-danza-storica-di-nino-graziano-luca-incontra-la-grande-opera-sabato-11-agosto-allo-sferisterio-di-macerata\/"},"wordCount":559,"commentCount":0,"keywords":["Danza Storica","Macerata","Opera"],"articleSection":["Arte e cultura"],"inLanguage":"it-IT","potentialAction":[{"@type":"CommentAction","name":"Comment","target":["https:\/\/www.article-marketing.eu\/comunicatistampa\/la-compagnia-nazionale-di-danza-storica-di-nino-graziano-luca-incontra-la-grande-opera-sabato-11-agosto-allo-sferisterio-di-macerata\/#respond"]}]},{"@type":"WebPage","@id":"https:\/\/www.article-marketing.eu\/comunicatistampa\/la-compagnia-nazionale-di-danza-storica-di-nino-graziano-luca-incontra-la-grande-opera-sabato-11-agosto-allo-sferisterio-di-macerata\/","url":"https:\/\/www.article-marketing.eu\/comunicatistampa\/la-compagnia-nazionale-di-danza-storica-di-nino-graziano-luca-incontra-la-grande-opera-sabato-11-agosto-allo-sferisterio-di-macerata\/","name":"La Compagnia Nazionale di Danza Storica di Nino Graziano Luca, incontra la Grande Opera sabato 11 agosto allo Sferisterio di Macerata - Article Marketing","isPartOf":{"@id":"https:\/\/www.article-marketing.eu\/comunicatistampa\/#website"},"datePublished":"2018-08-03T19:02:33+00:00","author":{"@id":"https:\/\/www.article-marketing.eu\/comunicatistampa\/#\/schema\/person\/22d81e7c04e93611ddcda888b65438d8"},"breadcrumb":{"@id":"https:\/\/www.article-marketing.eu\/comunicatistampa\/la-compagnia-nazionale-di-danza-storica-di-nino-graziano-luca-incontra-la-grande-opera-sabato-11-agosto-allo-sferisterio-di-macerata\/#breadcrumb"},"inLanguage":"it-IT","potentialAction":[{"@type":"ReadAction","target":["https:\/\/www.article-marketing.eu\/comunicatistampa\/la-compagnia-nazionale-di-danza-storica-di-nino-graziano-luca-incontra-la-grande-opera-sabato-11-agosto-allo-sferisterio-di-macerata\/"]}]},{"@type":"BreadcrumbList","@id":"https:\/\/www.article-marketing.eu\/comunicatistampa\/la-compagnia-nazionale-di-danza-storica-di-nino-graziano-luca-incontra-la-grande-opera-sabato-11-agosto-allo-sferisterio-di-macerata\/#breadcrumb","itemListElement":[{"@type":"ListItem","position":1,"name":"Home","item":"https:\/\/www.article-marketing.eu\/comunicatistampa\/"},{"@type":"ListItem","position":2,"name":"La Compagnia Nazionale di Danza Storica di Nino Graziano Luca, incontra la Grande Opera sabato 11 agosto allo Sferisterio di Macerata"}]},{"@type":"WebSite","@id":"https:\/\/www.article-marketing.eu\/comunicatistampa\/#website","url":"https:\/\/www.article-marketing.eu\/comunicatistampa\/","name":"Article Marketing","description":"article marketing &amp; press release","potentialAction":[{"@type":"SearchAction","target":{"@type":"EntryPoint","urlTemplate":"https:\/\/www.article-marketing.eu\/comunicatistampa\/?s={search_term_string}"},"query-input":{"@type":"PropertyValueSpecification","valueRequired":true,"valueName":"search_term_string"}}],"inLanguage":"it-IT"},{"@type":"Person","@id":"https:\/\/www.article-marketing.eu\/comunicatistampa\/#\/schema\/person\/22d81e7c04e93611ddcda888b65438d8","name":"Uff Stampa","image":{"@type":"ImageObject","inLanguage":"it-IT","@id":"https:\/\/secure.gravatar.com\/avatar\/e3e9c5b947f539233b3f740c64e48242313649ff2a529b2191b5577aab6b4c57?s=96&d=mm&r=g","url":"https:\/\/secure.gravatar.com\/avatar\/e3e9c5b947f539233b3f740c64e48242313649ff2a529b2191b5577aab6b4c57?s=96&d=mm&r=g","contentUrl":"https:\/\/secure.gravatar.com\/avatar\/e3e9c5b947f539233b3f740c64e48242313649ff2a529b2191b5577aab6b4c57?s=96&d=mm&r=g","caption":"Uff Stampa"},"url":"https:\/\/www.article-marketing.eu\/comunicatistampa\/author\/uff-stampa\/"}]}},"_links":{"self":[{"href":"https:\/\/www.article-marketing.eu\/comunicatistampa\/wp-json\/wp\/v2\/posts\/11161","targetHints":{"allow":["GET"]}}],"collection":[{"href":"https:\/\/www.article-marketing.eu\/comunicatistampa\/wp-json\/wp\/v2\/posts"}],"about":[{"href":"https:\/\/www.article-marketing.eu\/comunicatistampa\/wp-json\/wp\/v2\/types\/post"}],"author":[{"embeddable":true,"href":"https:\/\/www.article-marketing.eu\/comunicatistampa\/wp-json\/wp\/v2\/users\/48"}],"replies":[{"embeddable":true,"href":"https:\/\/www.article-marketing.eu\/comunicatistampa\/wp-json\/wp\/v2\/comments?post=11161"}],"version-history":[{"count":2,"href":"https:\/\/www.article-marketing.eu\/comunicatistampa\/wp-json\/wp\/v2\/posts\/11161\/revisions"}],"predecessor-version":[{"id":11179,"href":"https:\/\/www.article-marketing.eu\/comunicatistampa\/wp-json\/wp\/v2\/posts\/11161\/revisions\/11179"}],"wp:attachment":[{"href":"https:\/\/www.article-marketing.eu\/comunicatistampa\/wp-json\/wp\/v2\/media?parent=11161"}],"wp:term":[{"taxonomy":"category","embeddable":true,"href":"https:\/\/www.article-marketing.eu\/comunicatistampa\/wp-json\/wp\/v2\/categories?post=11161"},{"taxonomy":"post_tag","embeddable":true,"href":"https:\/\/www.article-marketing.eu\/comunicatistampa\/wp-json\/wp\/v2\/tags?post=11161"}],"curies":[{"name":"wp","href":"https:\/\/api.w.org\/{rel}","templated":true}]}}