{"id":11300,"date":"2018-10-02T21:19:24","date_gmt":"2018-10-02T19:19:24","guid":{"rendered":"http:\/\/www.article-marketing.eu\/comunicatistampa\/?p=11300"},"modified":"2020-08-10T01:47:55","modified_gmt":"2020-08-09T23:47:55","slug":"dove-la-terra-finisce-e-il-mare-comincia-chiara-alaia-presenta-il-suo-romanzo-desordio","status":"publish","type":"post","link":"https:\/\/www.article-marketing.eu\/comunicatistampa\/dove-la-terra-finisce-e-il-mare-comincia-chiara-alaia-presenta-il-suo-romanzo-desordio\/","title":{"rendered":"Dove la terra finisce e il mare comincia, Chiara Alaia presenta il suo romanzo d&#8217;esordio"},"content":{"rendered":"<p><em>Per tutti gli appassionati del genere noir, \u00e8 uscito &#8220;Dove la terra finisce e il mare comincia&#8221;, il romanzo d&#8217;esordio di Chiara Alaia edito da Il Seme Bianco del gruppo LIT.<\/em><\/p>\n<p>&#8220;Dove la terra finisce e il mare comincia&#8221; prende le mosse dal viaggio della protagonista Anita Cortese in Portogallo, per rintracciare la madre naturale, che non ha mai conosciuto.<br \/>\nIn una taverna di Porto la donna incontra Manuel Ferreira Arr\u00ecaga, un marinaio lisboeta in pensione, che ha perso sua figlia Paula in circostanze poco chiare.<br \/>\nManuel si propone di aiutare Anita nella sua ricerca e le offre ospitalit\u00e0 nella capitale. Nel frattempo Julio Fernandes, il detective incaricato del caso Arr\u00ecaga, sta indagando ostinatamente sulla morte di Paula, che \u00e8 convinto non sia stata accidentale.<br \/>\nSospettando di Manuel, Julio avvicina Anita e stringe amicizia con lei.<br \/>\nMentre il destino intreccia storie e personaggi sullo sfondo suggestivo delle strade di Lisbona, Julio e Anita si avvicinano un passo per volta alla verit\u00e0.<br \/>\nNapoletana di origine, Chiara Alaia vive a Bologna, dove lavora per un\u2019azienda di e-commerce nell\u2019ambito della moda. Appassionata di scrittura e musica, collabora alla webzine SulPalco.com. &#8220;Dove la terra finisce e il mare comincia&#8221; \u00e8 il suo romanzo d\u2019esordio.<\/p>\n<p><strong>&#8220;Dove la terra finisce e il mare comincia&#8221; \u00e8 acquistabile online su Amazon, IBS, Feltrinelli, Libreria Universitaria.<\/strong><\/p>\n<p>Nel mese di ottobre l&#8217;autrice incontrer\u00e0 il pubblico in queste date:<br \/>\n&#8211; Sabato 6 ottobre: Firmacopie alla Bibilioteca Villa Spada &#8220;Oriano Tassinari Cl\u00f2&#8221; (Bologna)<br \/>\n&#8211; Venerd\u00ec 12 ottobre: Apericena con l&#8217;autore al Circolo Culturale Interno 18 (Bologna)<br \/>\n&#8211; Venerd\u00ec 26 ottobre: Conversazione con l&#8217;autore, reading e concerto al Baraccano (Bologna)<br \/>\n&#8211; Sabato 27 ottobre: Presentazione alla Libreria Ubik Irnerio (Bologna) &#8211; Conversa con l&#8217;autore il prof. Massimo Di Bernardo (Radio Flyweb).<\/p>\n<p>&nbsp;<\/p>\n<p><em>\u00a0\u201cCon una mano si teneva fermo il cappello a tesa larga, che le riparava il viso dal sole, gi\u00e0 alto nel cielo. Piccole onde si infrangevano sulle sue caviglie, terminando sulla riva in schiuma frizzante. Le guardava le spalle la scogliera puntellata di verde e di grotte, l\u00e0 dove la terra finisce e il mare comincia.\u201d\u00a0<\/em><\/p>\n","protected":false},"excerpt":{"rendered":"<p>Per tutti gli appassionati del genere noir, \u00e8 uscito &#8220;Dove la terra finisce e il mare comincia&#8221;, il romanzo d&#8217;esordio di Chiara Alaia edito da Il Seme Bianco del gruppo LIT. &#8220;Dove la terra finisce e il mare comincia&#8221; prende le mosse dal viaggio della protagonista Anita Cortese in Portogallo, per rintracciare la madre naturale, che non ha mai conosciuto. In una taverna di Porto la donna incontra Manuel Ferreira<\/p>\n<p><a class=\"continue-reading\" href=\"https:\/\/www.article-marketing.eu\/comunicatistampa\/dove-la-terra-finisce-e-il-mare-comincia-chiara-alaia-presenta-il-suo-romanzo-desordio\/\">Continue reading&#8230;<\/a><\/p>\n","protected":false},"author":311,"featured_media":0,"comment_status":"open","ping_status":"open","sticky":false,"template":"","format":"standard","meta":{"_monsterinsights_skip_tracking":false,"_monsterinsights_sitenote_active":false,"_monsterinsights_sitenote_note":"","_monsterinsights_sitenote_category":0,"footnotes":""},"categories":[392,410],"tags":[4818,4816,4817,3160,4815,4819,3863],"class_list":["post-11300","post","type-post","status-publish","format-standard","hentry","category-eventi","category-libri","tag-chiara-alaia","tag-dove-la-terra-finisce-e-il-mare-comincia","tag-esordio","tag-letteratura","tag-noir","tag-portogallo","tag-romanzo"],"yoast_head":"<!-- This site is optimized with the Yoast SEO plugin v27.3 - https:\/\/yoast.com\/product\/yoast-seo-wordpress\/ -->\n<title>Dove la terra finisce e il mare comincia, Chiara Alaia presenta il suo romanzo d&#039;esordio Dove la terra finisce e il mare comincia, Chiara Alaia presenta il suo romanzo d&#039;esordio<\/title>\n<meta name=\"description\" content=\"Per tutti gli appassionati del genere noir, \u00e8 uscito &quot;Dove la terra finisce e il mare comincia&quot;, il romanzo d&#039;esordio di Chiara Alaia edito da Il Seme Bianco del gruppo LIT.\" \/>\n<meta name=\"robots\" content=\"index, follow, max-snippet:-1, max-image-preview:large, max-video-preview:-1\" \/>\n<link rel=\"canonical\" href=\"https:\/\/www.article-marketing.eu\/comunicatistampa\/dove-la-terra-finisce-e-il-mare-comincia-chiara-alaia-presenta-il-suo-romanzo-desordio\/\" \/>\n<meta property=\"og:locale\" content=\"it_IT\" \/>\n<meta property=\"og:type\" content=\"article\" \/>\n<meta property=\"og:title\" content=\"Dove la terra finisce e il mare comincia, Chiara Alaia presenta il suo romanzo d&#039;esordio Dove la terra finisce e il mare comincia, Chiara Alaia presenta il suo romanzo d&#039;esordio\" \/>\n<meta property=\"og:description\" content=\"Per tutti gli appassionati del genere noir, \u00e8 uscito &quot;Dove la terra finisce e il mare comincia&quot;, il romanzo d&#039;esordio di Chiara Alaia edito da Il Seme Bianco del gruppo LIT.\" \/>\n<meta property=\"og:url\" content=\"https:\/\/www.article-marketing.eu\/comunicatistampa\/dove-la-terra-finisce-e-il-mare-comincia-chiara-alaia-presenta-il-suo-romanzo-desordio\/\" \/>\n<meta property=\"og:site_name\" content=\"Article Marketing\" \/>\n<meta property=\"article:published_time\" content=\"2018-10-02T19:19:24+00:00\" \/>\n<meta property=\"article:modified_time\" content=\"2020-08-09T23:47:55+00:00\" \/>\n<meta name=\"author\" content=\"Chiara Alaia\" \/>\n<meta name=\"twitter:card\" content=\"summary_large_image\" \/>\n<meta name=\"twitter:label1\" content=\"Scritto da\" \/>\n\t<meta name=\"twitter:data1\" content=\"Chiara Alaia\" \/>\n\t<meta name=\"twitter:label2\" content=\"Tempo di lettura stimato\" \/>\n\t<meta name=\"twitter:data2\" content=\"2 minuti\" \/>\n<script type=\"application\/ld+json\" class=\"yoast-schema-graph\">{\"@context\":\"https:\\\/\\\/schema.org\",\"@graph\":[{\"@type\":\"Article\",\"@id\":\"https:\\\/\\\/www.article-marketing.eu\\\/comunicatistampa\\\/dove-la-terra-finisce-e-il-mare-comincia-chiara-alaia-presenta-il-suo-romanzo-desordio\\\/#article\",\"isPartOf\":{\"@id\":\"https:\\\/\\\/www.article-marketing.eu\\\/comunicatistampa\\\/dove-la-terra-finisce-e-il-mare-comincia-chiara-alaia-presenta-il-suo-romanzo-desordio\\\/\"},\"author\":{\"name\":\"Chiara Alaia\",\"@id\":\"https:\\\/\\\/www.article-marketing.eu\\\/comunicatistampa\\\/#\\\/schema\\\/person\\\/5b776e605200188901795fe61d4d8c6f\"},\"headline\":\"Dove la terra finisce e il mare comincia, Chiara Alaia presenta il suo romanzo d&#8217;esordio\",\"datePublished\":\"2018-10-02T19:19:24+00:00\",\"dateModified\":\"2020-08-09T23:47:55+00:00\",\"mainEntityOfPage\":{\"@id\":\"https:\\\/\\\/www.article-marketing.eu\\\/comunicatistampa\\\/dove-la-terra-finisce-e-il-mare-comincia-chiara-alaia-presenta-il-suo-romanzo-desordio\\\/\"},\"wordCount\":357,\"commentCount\":0,\"keywords\":[\"chiara alaia\",\"dove la terra finisce e il mare comincia\",\"esordio\",\"letteratura\",\"noir\",\"portogallo\",\"romanzo\"],\"articleSection\":[\"Eventi\",\"Libri\"],\"inLanguage\":\"it-IT\",\"potentialAction\":[{\"@type\":\"CommentAction\",\"name\":\"Comment\",\"target\":[\"https:\\\/\\\/www.article-marketing.eu\\\/comunicatistampa\\\/dove-la-terra-finisce-e-il-mare-comincia-chiara-alaia-presenta-il-suo-romanzo-desordio\\\/#respond\"]}]},{\"@type\":\"WebPage\",\"@id\":\"https:\\\/\\\/www.article-marketing.eu\\\/comunicatistampa\\\/dove-la-terra-finisce-e-il-mare-comincia-chiara-alaia-presenta-il-suo-romanzo-desordio\\\/\",\"url\":\"https:\\\/\\\/www.article-marketing.eu\\\/comunicatistampa\\\/dove-la-terra-finisce-e-il-mare-comincia-chiara-alaia-presenta-il-suo-romanzo-desordio\\\/\",\"name\":\"Dove la terra finisce e il mare comincia, Chiara Alaia presenta il suo romanzo d'esordio Dove la terra finisce e il mare comincia, Chiara Alaia presenta il suo romanzo d'esordio\",\"isPartOf\":{\"@id\":\"https:\\\/\\\/www.article-marketing.eu\\\/comunicatistampa\\\/#website\"},\"datePublished\":\"2018-10-02T19:19:24+00:00\",\"dateModified\":\"2020-08-09T23:47:55+00:00\",\"author\":{\"@id\":\"https:\\\/\\\/www.article-marketing.eu\\\/comunicatistampa\\\/#\\\/schema\\\/person\\\/5b776e605200188901795fe61d4d8c6f\"},\"description\":\"Per tutti gli appassionati del genere noir, \u00e8 uscito \\\"Dove la terra finisce e il mare comincia\\\", il romanzo d'esordio di Chiara Alaia edito da Il Seme Bianco del gruppo LIT.\",\"breadcrumb\":{\"@id\":\"https:\\\/\\\/www.article-marketing.eu\\\/comunicatistampa\\\/dove-la-terra-finisce-e-il-mare-comincia-chiara-alaia-presenta-il-suo-romanzo-desordio\\\/#breadcrumb\"},\"inLanguage\":\"it-IT\",\"potentialAction\":[{\"@type\":\"ReadAction\",\"target\":[\"https:\\\/\\\/www.article-marketing.eu\\\/comunicatistampa\\\/dove-la-terra-finisce-e-il-mare-comincia-chiara-alaia-presenta-il-suo-romanzo-desordio\\\/\"]}]},{\"@type\":\"BreadcrumbList\",\"@id\":\"https:\\\/\\\/www.article-marketing.eu\\\/comunicatistampa\\\/dove-la-terra-finisce-e-il-mare-comincia-chiara-alaia-presenta-il-suo-romanzo-desordio\\\/#breadcrumb\",\"itemListElement\":[{\"@type\":\"ListItem\",\"position\":1,\"name\":\"Home\",\"item\":\"https:\\\/\\\/www.article-marketing.eu\\\/comunicatistampa\\\/\"},{\"@type\":\"ListItem\",\"position\":2,\"name\":\"Dove la terra finisce e il mare comincia, Chiara Alaia presenta il suo romanzo d&#8217;esordio\"}]},{\"@type\":\"WebSite\",\"@id\":\"https:\\\/\\\/www.article-marketing.eu\\\/comunicatistampa\\\/#website\",\"url\":\"https:\\\/\\\/www.article-marketing.eu\\\/comunicatistampa\\\/\",\"name\":\"Article Marketing\",\"description\":\"article marketing &amp; press release\",\"potentialAction\":[{\"@type\":\"SearchAction\",\"target\":{\"@type\":\"EntryPoint\",\"urlTemplate\":\"https:\\\/\\\/www.article-marketing.eu\\\/comunicatistampa\\\/?s={search_term_string}\"},\"query-input\":{\"@type\":\"PropertyValueSpecification\",\"valueRequired\":true,\"valueName\":\"search_term_string\"}}],\"inLanguage\":\"it-IT\"},{\"@type\":\"Person\",\"@id\":\"https:\\\/\\\/www.article-marketing.eu\\\/comunicatistampa\\\/#\\\/schema\\\/person\\\/5b776e605200188901795fe61d4d8c6f\",\"name\":\"Chiara Alaia\",\"image\":{\"@type\":\"ImageObject\",\"inLanguage\":\"it-IT\",\"@id\":\"https:\\\/\\\/secure.gravatar.com\\\/avatar\\\/d02da1c6e6a8de673900f34886e1b980ff5a9e26a3d11edd11be64f54ab0bb93?s=96&d=mm&r=g\",\"url\":\"https:\\\/\\\/secure.gravatar.com\\\/avatar\\\/d02da1c6e6a8de673900f34886e1b980ff5a9e26a3d11edd11be64f54ab0bb93?s=96&d=mm&r=g\",\"contentUrl\":\"https:\\\/\\\/secure.gravatar.com\\\/avatar\\\/d02da1c6e6a8de673900f34886e1b980ff5a9e26a3d11edd11be64f54ab0bb93?s=96&d=mm&r=g\",\"caption\":\"Chiara Alaia\"},\"url\":\"https:\\\/\\\/www.article-marketing.eu\\\/comunicatistampa\\\/author\\\/chiara-alaia\\\/\"}]}<\/script>\n<!-- \/ Yoast SEO plugin. -->","yoast_head_json":{"title":"Dove la terra finisce e il mare comincia, Chiara Alaia presenta il suo romanzo d'esordio Dove la terra finisce e il mare comincia, Chiara Alaia presenta il suo romanzo d'esordio","description":"Per tutti gli appassionati del genere noir, \u00e8 uscito \"Dove la terra finisce e il mare comincia\", il romanzo d'esordio di Chiara Alaia edito da Il Seme Bianco del gruppo LIT.","robots":{"index":"index","follow":"follow","max-snippet":"max-snippet:-1","max-image-preview":"max-image-preview:large","max-video-preview":"max-video-preview:-1"},"canonical":"https:\/\/www.article-marketing.eu\/comunicatistampa\/dove-la-terra-finisce-e-il-mare-comincia-chiara-alaia-presenta-il-suo-romanzo-desordio\/","og_locale":"it_IT","og_type":"article","og_title":"Dove la terra finisce e il mare comincia, Chiara Alaia presenta il suo romanzo d'esordio Dove la terra finisce e il mare comincia, Chiara Alaia presenta il suo romanzo d'esordio","og_description":"Per tutti gli appassionati del genere noir, \u00e8 uscito \"Dove la terra finisce e il mare comincia\", il romanzo d'esordio di Chiara Alaia edito da Il Seme Bianco del gruppo LIT.","og_url":"https:\/\/www.article-marketing.eu\/comunicatistampa\/dove-la-terra-finisce-e-il-mare-comincia-chiara-alaia-presenta-il-suo-romanzo-desordio\/","og_site_name":"Article Marketing","article_published_time":"2018-10-02T19:19:24+00:00","article_modified_time":"2020-08-09T23:47:55+00:00","author":"Chiara Alaia","twitter_card":"summary_large_image","twitter_misc":{"Scritto da":"Chiara Alaia","Tempo di lettura stimato":"2 minuti"},"schema":{"@context":"https:\/\/schema.org","@graph":[{"@type":"Article","@id":"https:\/\/www.article-marketing.eu\/comunicatistampa\/dove-la-terra-finisce-e-il-mare-comincia-chiara-alaia-presenta-il-suo-romanzo-desordio\/#article","isPartOf":{"@id":"https:\/\/www.article-marketing.eu\/comunicatistampa\/dove-la-terra-finisce-e-il-mare-comincia-chiara-alaia-presenta-il-suo-romanzo-desordio\/"},"author":{"name":"Chiara Alaia","@id":"https:\/\/www.article-marketing.eu\/comunicatistampa\/#\/schema\/person\/5b776e605200188901795fe61d4d8c6f"},"headline":"Dove la terra finisce e il mare comincia, Chiara Alaia presenta il suo romanzo d&#8217;esordio","datePublished":"2018-10-02T19:19:24+00:00","dateModified":"2020-08-09T23:47:55+00:00","mainEntityOfPage":{"@id":"https:\/\/www.article-marketing.eu\/comunicatistampa\/dove-la-terra-finisce-e-il-mare-comincia-chiara-alaia-presenta-il-suo-romanzo-desordio\/"},"wordCount":357,"commentCount":0,"keywords":["chiara alaia","dove la terra finisce e il mare comincia","esordio","letteratura","noir","portogallo","romanzo"],"articleSection":["Eventi","Libri"],"inLanguage":"it-IT","potentialAction":[{"@type":"CommentAction","name":"Comment","target":["https:\/\/www.article-marketing.eu\/comunicatistampa\/dove-la-terra-finisce-e-il-mare-comincia-chiara-alaia-presenta-il-suo-romanzo-desordio\/#respond"]}]},{"@type":"WebPage","@id":"https:\/\/www.article-marketing.eu\/comunicatistampa\/dove-la-terra-finisce-e-il-mare-comincia-chiara-alaia-presenta-il-suo-romanzo-desordio\/","url":"https:\/\/www.article-marketing.eu\/comunicatistampa\/dove-la-terra-finisce-e-il-mare-comincia-chiara-alaia-presenta-il-suo-romanzo-desordio\/","name":"Dove la terra finisce e il mare comincia, Chiara Alaia presenta il suo romanzo d'esordio Dove la terra finisce e il mare comincia, Chiara Alaia presenta il suo romanzo d'esordio","isPartOf":{"@id":"https:\/\/www.article-marketing.eu\/comunicatistampa\/#website"},"datePublished":"2018-10-02T19:19:24+00:00","dateModified":"2020-08-09T23:47:55+00:00","author":{"@id":"https:\/\/www.article-marketing.eu\/comunicatistampa\/#\/schema\/person\/5b776e605200188901795fe61d4d8c6f"},"description":"Per tutti gli appassionati del genere noir, \u00e8 uscito \"Dove la terra finisce e il mare comincia\", il romanzo d'esordio di Chiara Alaia edito da Il Seme Bianco del gruppo LIT.","breadcrumb":{"@id":"https:\/\/www.article-marketing.eu\/comunicatistampa\/dove-la-terra-finisce-e-il-mare-comincia-chiara-alaia-presenta-il-suo-romanzo-desordio\/#breadcrumb"},"inLanguage":"it-IT","potentialAction":[{"@type":"ReadAction","target":["https:\/\/www.article-marketing.eu\/comunicatistampa\/dove-la-terra-finisce-e-il-mare-comincia-chiara-alaia-presenta-il-suo-romanzo-desordio\/"]}]},{"@type":"BreadcrumbList","@id":"https:\/\/www.article-marketing.eu\/comunicatistampa\/dove-la-terra-finisce-e-il-mare-comincia-chiara-alaia-presenta-il-suo-romanzo-desordio\/#breadcrumb","itemListElement":[{"@type":"ListItem","position":1,"name":"Home","item":"https:\/\/www.article-marketing.eu\/comunicatistampa\/"},{"@type":"ListItem","position":2,"name":"Dove la terra finisce e il mare comincia, Chiara Alaia presenta il suo romanzo d&#8217;esordio"}]},{"@type":"WebSite","@id":"https:\/\/www.article-marketing.eu\/comunicatistampa\/#website","url":"https:\/\/www.article-marketing.eu\/comunicatistampa\/","name":"Article Marketing","description":"article marketing &amp; press release","potentialAction":[{"@type":"SearchAction","target":{"@type":"EntryPoint","urlTemplate":"https:\/\/www.article-marketing.eu\/comunicatistampa\/?s={search_term_string}"},"query-input":{"@type":"PropertyValueSpecification","valueRequired":true,"valueName":"search_term_string"}}],"inLanguage":"it-IT"},{"@type":"Person","@id":"https:\/\/www.article-marketing.eu\/comunicatistampa\/#\/schema\/person\/5b776e605200188901795fe61d4d8c6f","name":"Chiara Alaia","image":{"@type":"ImageObject","inLanguage":"it-IT","@id":"https:\/\/secure.gravatar.com\/avatar\/d02da1c6e6a8de673900f34886e1b980ff5a9e26a3d11edd11be64f54ab0bb93?s=96&d=mm&r=g","url":"https:\/\/secure.gravatar.com\/avatar\/d02da1c6e6a8de673900f34886e1b980ff5a9e26a3d11edd11be64f54ab0bb93?s=96&d=mm&r=g","contentUrl":"https:\/\/secure.gravatar.com\/avatar\/d02da1c6e6a8de673900f34886e1b980ff5a9e26a3d11edd11be64f54ab0bb93?s=96&d=mm&r=g","caption":"Chiara Alaia"},"url":"https:\/\/www.article-marketing.eu\/comunicatistampa\/author\/chiara-alaia\/"}]}},"_links":{"self":[{"href":"https:\/\/www.article-marketing.eu\/comunicatistampa\/wp-json\/wp\/v2\/posts\/11300","targetHints":{"allow":["GET"]}}],"collection":[{"href":"https:\/\/www.article-marketing.eu\/comunicatistampa\/wp-json\/wp\/v2\/posts"}],"about":[{"href":"https:\/\/www.article-marketing.eu\/comunicatistampa\/wp-json\/wp\/v2\/types\/post"}],"author":[{"embeddable":true,"href":"https:\/\/www.article-marketing.eu\/comunicatistampa\/wp-json\/wp\/v2\/users\/311"}],"replies":[{"embeddable":true,"href":"https:\/\/www.article-marketing.eu\/comunicatistampa\/wp-json\/wp\/v2\/comments?post=11300"}],"version-history":[{"count":4,"href":"https:\/\/www.article-marketing.eu\/comunicatistampa\/wp-json\/wp\/v2\/posts\/11300\/revisions"}],"predecessor-version":[{"id":11318,"href":"https:\/\/www.article-marketing.eu\/comunicatistampa\/wp-json\/wp\/v2\/posts\/11300\/revisions\/11318"}],"wp:attachment":[{"href":"https:\/\/www.article-marketing.eu\/comunicatistampa\/wp-json\/wp\/v2\/media?parent=11300"}],"wp:term":[{"taxonomy":"category","embeddable":true,"href":"https:\/\/www.article-marketing.eu\/comunicatistampa\/wp-json\/wp\/v2\/categories?post=11300"},{"taxonomy":"post_tag","embeddable":true,"href":"https:\/\/www.article-marketing.eu\/comunicatistampa\/wp-json\/wp\/v2\/tags?post=11300"}],"curies":[{"name":"wp","href":"https:\/\/api.w.org\/{rel}","templated":true}]}}