{"id":11344,"date":"2018-10-04T17:59:33","date_gmt":"2018-10-04T15:59:33","guid":{"rendered":"http:\/\/www.article-marketing.eu\/comunicatistampa\/?p=11344"},"modified":"2018-10-04T17:59:33","modified_gmt":"2018-10-04T15:59:33","slug":"la-gestione-dei-rischi-in-particolari-ambienti-lavorativi","status":"publish","type":"post","link":"https:\/\/www.article-marketing.eu\/comunicatistampa\/la-gestione-dei-rischi-in-particolari-ambienti-lavorativi\/","title":{"rendered":"La gestione dei rischi in particolari ambienti lavorativi"},"content":{"rendered":"<h3>Comunicato Stampa<\/h3>\n<h3>La gestione dei rischi in particolari ambienti lavorativi<\/h3>\n<p><strong><em>Un convegno il 19 ottobre ad Ambiente Lavoro di Bologna per affrontare la sicurezza, le tutele per i lavoratori e i monitoraggi nelle attivit\u00e0 <\/em><\/strong><strong><em>che si svolgono in particolari ambienti lavorativi<\/em><\/strong><strong><em>.<\/em><\/strong><\/p>\n<p>Nel mondo del lavoro sono molte le attivit\u00e0 svolte in <strong>particolari ambienti lavorativi<\/strong> caratterizzati da criticit\u00e0 e specificit\u00e0 rilevanti per la tutela della salute e sicurezza dei lavoratori. Specificit\u00e0 e peculiarit\u00e0 che, in fase di valutazione dei rischi e nel pieno rispetto di quanto richiesto dalla normativa in materia di salute e sicurezza sul lavoro, devono essere analizzate per poter elaborare idonee strategie di prevenzione.<\/p>\n<p>&nbsp;<\/p>\n<p><strong>Il convegno sui particolari ambienti lavorativi<\/strong><\/p>\n<p>Proprio per migliorare la prevenzione in molte attivit\u00e0 lavorative caratterizzate da particolari rischi, l\u2019<strong>Associazione Italiana Formatori ed Operatori della Sicurezza sul Lavoro<\/strong> (AiFOS) ha organizzato il <strong>19 ottobre 2018<\/strong>, durante la manifestazione \u201c<strong>Ambiente Lavoro<\/strong>\u201d che si tiene a <strong>Bologna Fiere<\/strong>, il convegno \u201c<strong>Rischi, tutele e monitoraggi in particolari ambienti lavorativi<\/strong>\u201d.<\/p>\n<p>Ricordiamo che \u201c<strong>Ambiente Lavoro<\/strong>\u201d, manifestazione che si tiene a <strong>Bologna <\/strong>dal 17 al 19 ottobre 2018 presso il quartiere fieristico, \u00e8 un momento di incontro tra operatori e aziende e uno spazio di promozione e diffusione di soluzioni e proposte per il presente e il futuro della prevenzione di incidenti e malattie professionali in Italia.<\/p>\n<p>Il convegno sui particolari ambienti lavorativi, organizzato da AiFOS, vuole porre l\u2019attenzione in particolare sull\u2019analisi dei rischi legati ad attivit\u00e0 svolte in ambiente montano, sanitario e attivit\u00e0 su strada.<\/p>\n<p>&nbsp;<\/p>\n<p><strong>Le attivit\u00e0 lavorative eseguite in ambiente montano<\/strong><\/p>\n<p>Con il Gruppo di progetto AiFOS Montagna si affronteranno, ad esempio, specifiche tematiche di valutazione dei rischi, tutele e monitoraggi legate ad attivit\u00e0 lavorative eseguite in <strong>ambiente montano<\/strong>.<\/p>\n<p>Si affronteranno, in questo caso, le caratteristiche del lavoro svolto spesso in condizioni critiche su terreni accidentati, in aree disagiate in zone di montagna, su pendenze elevate e in spazi ristretti dove si riduce il livello di meccanizzazione del lavoro ed aumentano le operazioni svolte direttamente dal lavoratore.<\/p>\n<p>Ricordiamo che l\u2019alta quota (anche fino a 3000 m) e le condizioni climatiche poco favorevoli all\u2019uomo si aggiungono ai fattori che determinano rischi di incidenti e logoramento fisico e di patologie connessi. Si possono avere attivit\u00e0 intense e fisicamente impegnative o attivit\u00e0 in condizioni atmosferiche sfavorevoli (freddo fino a \u201315\u00b0C, pioggia, umidit\u00e0, \u2026) che possono mettere a dura prova l\u2019apparato muscolo scheletrico e cardio-vascolare, il sistema immunitario e l\u2019apparato respiratorio.<\/p>\n<p>Senza dimenticare che l\u2019ostilit\u00e0 dell\u2019ambiente circostante aumenta poi le difficolt\u00e0 nelle comunicazioni e rende impegnativa la gestione delle emergenze e di pronto intervento.<\/p>\n<p>&nbsp;<\/p>\n<p><strong>Le attivit\u00e0 gravose e gli ambienti lavorativi<\/strong><\/p>\n<p>I fattori descritti per le attivit\u00e0 lavorative eseguite in ambiente montano sono, in realt\u00e0, trasversali in attivit\u00e0 anche molto differenti tra loro e che coinvolgono numerosi lavoratori quali: addetti degli impianti a fune, addetti del settore agricolo, operatori impegnati in lavori e turni notturni, addetti al settore forestale, addetti alla produzione di energia elettrica, \u2026<\/p>\n<p>Durante il convegno e con l\u2019aiuto degli esperti di medicina del lavoro si affronteranno le tematiche legate a quelle attivit\u00e0 cosiddette <strong>gravose<\/strong> che possono portare all\u2019insorgenza di malattie professionali importanti.<\/p>\n<p>Durante il convegno si cercher\u00e0 di capire quali siano i rischi, le tutele ed i monitoraggi relativi a queste attivit\u00e0 e quali potranno essere le prospettive future.<\/p>\n<p>Infine, attraverso un focus relativo all\u2019ergonomia, si approfondiranno anche i rischi derivanti dalle <strong>posture scorrette<\/strong> dei lavoratori nelle professioni sanitarie infermieristiche e in altri settori lavorativi.<\/p>\n<p>&nbsp;<\/p>\n<p>Il link per avere ulteriori informazioni:<\/p>\n<p><a href=\"http:\/\/aifos.org\/home\/eventi\/fiere\/ambiente_lavoro_2018_int\/eventi_ambiente_lavoro_2018\/rischi_tutele_e_monitoraggi_in_particolari_ambienti_lavorativi\">http:\/\/aifos.org\/home\/eventi\/fiere\/ambiente_lavoro_2018_int\/eventi_ambiente_lavoro_2018\/rischi_tutele_e_monitoraggi_in_particolari_ambienti_lavorativi<\/a><\/p>\n<p>&nbsp;<\/p>\n<p>L\u2019incontro, riservato a massimo 100 partecipanti, \u00e8 valido per il rilascio di n. 2 crediti di aggiornamento per la figura di formatore alla sicurezza (area tematica 2), RSPP\/ASPP.<\/p>\n<p>&nbsp;<\/p>\n<p>Segnaliamo che per la partecipazione al convegno organizzato da AiFOS \u00e8 gratuita, ma \u00e8 necessaria la registrazione agli eventi e il pagamento della quota d\u2019ingresso ad Ambiente Lavoro.<\/p>\n<p>&nbsp;<\/p>\n<p>&nbsp;<\/p>\n<p>Per informazioni:<\/p>\n<p><strong>Sede nazionale AiFOS<\/strong>: via Branze, 45 &#8211; 25123 Brescia c\/o CSMT, Universit\u00e0 degli Studi di Brescia tel.030.6595031 &#8211; fax 030.6595040 <a href=\"http:\/\/www.aifos.it\">www.aifos.it<\/a>\u00a0\u00a0 &#8211; <a href=\"mailto:info@aifos.it\">info@aifos.it<\/a>\u00a0 &#8211; convegni@aifos.it<\/p>\n<p>&nbsp;<\/p>\n<p>&nbsp;<\/p>\n<p><em>04 ottobre 2018<\/em><\/p>\n<p>&nbsp;<\/p>\n<p>Ufficio Stampa di AiFOS<\/p>\n<p>ufficiostampa@aifos.it<\/p>\n<p>http:\/\/www.aifos.it\/<\/p>\n","protected":false},"excerpt":{"rendered":"<p>Comunicato Stampa La gestione dei rischi in particolari ambienti lavorativi Un convegno il 19 ottobre ad Ambiente Lavoro di Bologna per affrontare la sicurezza, le tutele per i lavoratori e i monitoraggi nelle attivit\u00e0 che si svolgono in particolari ambienti lavorativi. Nel mondo del lavoro sono molte le attivit\u00e0 svolte in particolari ambienti lavorativi caratterizzati da criticit\u00e0 e specificit\u00e0 rilevanti per la tutela della salute e sicurezza dei lavoratori. Specificit\u00e0<\/p>\n<p><a class=\"continue-reading\" href=\"https:\/\/www.article-marketing.eu\/comunicatistampa\/la-gestione-dei-rischi-in-particolari-ambienti-lavorativi\/\">Continue reading&#8230;<\/a><\/p>\n","protected":false},"author":881,"featured_media":0,"comment_status":"open","ping_status":"open","sticky":false,"template":"","format":"standard","meta":{"_monsterinsights_skip_tracking":false,"_monsterinsights_sitenote_active":false,"_monsterinsights_sitenote_note":"","_monsterinsights_sitenote_category":0,"footnotes":""},"categories":[78,386,392],"tags":[3301,4851,4844,4845,4846,2074,3043,4847,4841,4850,4842,4848,4849,4843],"class_list":["post-11344","post","type-post","status-publish","format-standard","hentry","category-comunicati-stampa","category-economia-e-lavoro","category-eventi","tag-aifos","tag-ambiente-lavoro","tag-ambiente-montano","tag-ambiente-sanitario-e-attivita-su-strada","tag-attivita-gravose","tag-bologna","tag-convegno","tag-impianti-a-fune","tag-particolari-ambienti-lavorativi","tag-professioni-sanitarie-infermieristiche","tag-rischi","tag-settore-forestale","tag-turni-notturni","tag-tutele-e-monitoraggi-in-particolari-ambienti-lavorativi"],"yoast_head":"<!-- This site is optimized with the Yoast SEO plugin v27.3 - https:\/\/yoast.com\/product\/yoast-seo-wordpress\/ -->\n<title>La gestione dei rischi in particolari ambienti lavorativi - Article Marketing<\/title>\n<meta name=\"robots\" content=\"index, follow, max-snippet:-1, max-image-preview:large, max-video-preview:-1\" \/>\n<link rel=\"canonical\" href=\"https:\/\/www.article-marketing.eu\/comunicatistampa\/la-gestione-dei-rischi-in-particolari-ambienti-lavorativi\/\" \/>\n<meta property=\"og:locale\" content=\"it_IT\" \/>\n<meta property=\"og:type\" content=\"article\" \/>\n<meta property=\"og:title\" content=\"La gestione dei rischi in particolari ambienti lavorativi - Article Marketing\" \/>\n<meta property=\"og:description\" content=\"Comunicato Stampa La gestione dei rischi in particolari ambienti lavorativi Un convegno il 19 ottobre ad Ambiente Lavoro di Bologna per affrontare la sicurezza, le tutele per i lavoratori e i monitoraggi nelle attivit\u00e0 che si svolgono in particolari ambienti lavorativi. Nel mondo del lavoro sono molte le attivit\u00e0 svolte in particolari ambienti lavorativi caratterizzati da criticit\u00e0 e specificit\u00e0 rilevanti per la tutela della salute e sicurezza dei lavoratori. Specificit\u00e0Continue reading...\" \/>\n<meta property=\"og:url\" content=\"https:\/\/www.article-marketing.eu\/comunicatistampa\/la-gestione-dei-rischi-in-particolari-ambienti-lavorativi\/\" \/>\n<meta property=\"og:site_name\" content=\"Article Marketing\" \/>\n<meta property=\"article:published_time\" content=\"2018-10-04T15:59:33+00:00\" \/>\n<meta name=\"author\" content=\"AIFUS\" \/>\n<meta name=\"twitter:card\" content=\"summary_large_image\" \/>\n<meta name=\"twitter:label1\" content=\"Scritto da\" \/>\n\t<meta name=\"twitter:data1\" content=\"AIFUS\" \/>\n\t<meta name=\"twitter:label2\" content=\"Tempo di lettura stimato\" \/>\n\t<meta name=\"twitter:data2\" content=\"4 minuti\" \/>\n<script type=\"application\/ld+json\" class=\"yoast-schema-graph\">{\"@context\":\"https:\\\/\\\/schema.org\",\"@graph\":[{\"@type\":\"Article\",\"@id\":\"https:\\\/\\\/www.article-marketing.eu\\\/comunicatistampa\\\/la-gestione-dei-rischi-in-particolari-ambienti-lavorativi\\\/#article\",\"isPartOf\":{\"@id\":\"https:\\\/\\\/www.article-marketing.eu\\\/comunicatistampa\\\/la-gestione-dei-rischi-in-particolari-ambienti-lavorativi\\\/\"},\"author\":{\"name\":\"AIFUS\",\"@id\":\"https:\\\/\\\/www.article-marketing.eu\\\/comunicatistampa\\\/#\\\/schema\\\/person\\\/d1985c4955ff71a05f49d68e3034b3cd\"},\"headline\":\"La gestione dei rischi in particolari ambienti lavorativi\",\"datePublished\":\"2018-10-04T15:59:33+00:00\",\"mainEntityOfPage\":{\"@id\":\"https:\\\/\\\/www.article-marketing.eu\\\/comunicatistampa\\\/la-gestione-dei-rischi-in-particolari-ambienti-lavorativi\\\/\"},\"wordCount\":710,\"commentCount\":0,\"keywords\":[\"Aifos\",\"Ambiente Lavoro\",\"ambiente montano\",\"ambiente sanitario e attivit\u00e0 su strada\",\"attivit\u00e0 gravose\",\"Bologna\",\"convegno\",\"impianti a fune\",\"particolari ambienti lavorativi\",\"professioni sanitarie infermieristiche\",\"Rischi\",\"settore forestale\",\"turni notturni\",\"tutele e monitoraggi in particolari ambienti lavorativi\"],\"articleSection\":[\"Comunicati stampa\",\"Economia e lavoro\",\"Eventi\"],\"inLanguage\":\"it-IT\",\"potentialAction\":[{\"@type\":\"CommentAction\",\"name\":\"Comment\",\"target\":[\"https:\\\/\\\/www.article-marketing.eu\\\/comunicatistampa\\\/la-gestione-dei-rischi-in-particolari-ambienti-lavorativi\\\/#respond\"]}]},{\"@type\":\"WebPage\",\"@id\":\"https:\\\/\\\/www.article-marketing.eu\\\/comunicatistampa\\\/la-gestione-dei-rischi-in-particolari-ambienti-lavorativi\\\/\",\"url\":\"https:\\\/\\\/www.article-marketing.eu\\\/comunicatistampa\\\/la-gestione-dei-rischi-in-particolari-ambienti-lavorativi\\\/\",\"name\":\"La gestione dei rischi in particolari ambienti lavorativi - Article Marketing\",\"isPartOf\":{\"@id\":\"https:\\\/\\\/www.article-marketing.eu\\\/comunicatistampa\\\/#website\"},\"datePublished\":\"2018-10-04T15:59:33+00:00\",\"author\":{\"@id\":\"https:\\\/\\\/www.article-marketing.eu\\\/comunicatistampa\\\/#\\\/schema\\\/person\\\/d1985c4955ff71a05f49d68e3034b3cd\"},\"breadcrumb\":{\"@id\":\"https:\\\/\\\/www.article-marketing.eu\\\/comunicatistampa\\\/la-gestione-dei-rischi-in-particolari-ambienti-lavorativi\\\/#breadcrumb\"},\"inLanguage\":\"it-IT\",\"potentialAction\":[{\"@type\":\"ReadAction\",\"target\":[\"https:\\\/\\\/www.article-marketing.eu\\\/comunicatistampa\\\/la-gestione-dei-rischi-in-particolari-ambienti-lavorativi\\\/\"]}]},{\"@type\":\"BreadcrumbList\",\"@id\":\"https:\\\/\\\/www.article-marketing.eu\\\/comunicatistampa\\\/la-gestione-dei-rischi-in-particolari-ambienti-lavorativi\\\/#breadcrumb\",\"itemListElement\":[{\"@type\":\"ListItem\",\"position\":1,\"name\":\"Home\",\"item\":\"https:\\\/\\\/www.article-marketing.eu\\\/comunicatistampa\\\/\"},{\"@type\":\"ListItem\",\"position\":2,\"name\":\"La gestione dei rischi in particolari ambienti lavorativi\"}]},{\"@type\":\"WebSite\",\"@id\":\"https:\\\/\\\/www.article-marketing.eu\\\/comunicatistampa\\\/#website\",\"url\":\"https:\\\/\\\/www.article-marketing.eu\\\/comunicatistampa\\\/\",\"name\":\"Article Marketing\",\"description\":\"article marketing &amp; press release\",\"potentialAction\":[{\"@type\":\"SearchAction\",\"target\":{\"@type\":\"EntryPoint\",\"urlTemplate\":\"https:\\\/\\\/www.article-marketing.eu\\\/comunicatistampa\\\/?s={search_term_string}\"},\"query-input\":{\"@type\":\"PropertyValueSpecification\",\"valueRequired\":true,\"valueName\":\"search_term_string\"}}],\"inLanguage\":\"it-IT\"},{\"@type\":\"Person\",\"@id\":\"https:\\\/\\\/www.article-marketing.eu\\\/comunicatistampa\\\/#\\\/schema\\\/person\\\/d1985c4955ff71a05f49d68e3034b3cd\",\"name\":\"AIFUS\",\"image\":{\"@type\":\"ImageObject\",\"inLanguage\":\"it-IT\",\"@id\":\"https:\\\/\\\/secure.gravatar.com\\\/avatar\\\/05cf2a2ba057667571308b94c84f00ff48766ffac95710a87491a9b3ddcee484?s=96&d=mm&r=g\",\"url\":\"https:\\\/\\\/secure.gravatar.com\\\/avatar\\\/05cf2a2ba057667571308b94c84f00ff48766ffac95710a87491a9b3ddcee484?s=96&d=mm&r=g\",\"contentUrl\":\"https:\\\/\\\/secure.gravatar.com\\\/avatar\\\/05cf2a2ba057667571308b94c84f00ff48766ffac95710a87491a9b3ddcee484?s=96&d=mm&r=g\",\"caption\":\"AIFUS\"},\"url\":\"https:\\\/\\\/www.article-marketing.eu\\\/comunicatistampa\\\/author\\\/aifus\\\/\"}]}<\/script>\n<!-- \/ Yoast SEO plugin. -->","yoast_head_json":{"title":"La gestione dei rischi in particolari ambienti lavorativi - Article Marketing","robots":{"index":"index","follow":"follow","max-snippet":"max-snippet:-1","max-image-preview":"max-image-preview:large","max-video-preview":"max-video-preview:-1"},"canonical":"https:\/\/www.article-marketing.eu\/comunicatistampa\/la-gestione-dei-rischi-in-particolari-ambienti-lavorativi\/","og_locale":"it_IT","og_type":"article","og_title":"La gestione dei rischi in particolari ambienti lavorativi - Article Marketing","og_description":"Comunicato Stampa La gestione dei rischi in particolari ambienti lavorativi Un convegno il 19 ottobre ad Ambiente Lavoro di Bologna per affrontare la sicurezza, le tutele per i lavoratori e i monitoraggi nelle attivit\u00e0 che si svolgono in particolari ambienti lavorativi. Nel mondo del lavoro sono molte le attivit\u00e0 svolte in particolari ambienti lavorativi caratterizzati da criticit\u00e0 e specificit\u00e0 rilevanti per la tutela della salute e sicurezza dei lavoratori. Specificit\u00e0Continue reading...","og_url":"https:\/\/www.article-marketing.eu\/comunicatistampa\/la-gestione-dei-rischi-in-particolari-ambienti-lavorativi\/","og_site_name":"Article Marketing","article_published_time":"2018-10-04T15:59:33+00:00","author":"AIFUS","twitter_card":"summary_large_image","twitter_misc":{"Scritto da":"AIFUS","Tempo di lettura stimato":"4 minuti"},"schema":{"@context":"https:\/\/schema.org","@graph":[{"@type":"Article","@id":"https:\/\/www.article-marketing.eu\/comunicatistampa\/la-gestione-dei-rischi-in-particolari-ambienti-lavorativi\/#article","isPartOf":{"@id":"https:\/\/www.article-marketing.eu\/comunicatistampa\/la-gestione-dei-rischi-in-particolari-ambienti-lavorativi\/"},"author":{"name":"AIFUS","@id":"https:\/\/www.article-marketing.eu\/comunicatistampa\/#\/schema\/person\/d1985c4955ff71a05f49d68e3034b3cd"},"headline":"La gestione dei rischi in particolari ambienti lavorativi","datePublished":"2018-10-04T15:59:33+00:00","mainEntityOfPage":{"@id":"https:\/\/www.article-marketing.eu\/comunicatistampa\/la-gestione-dei-rischi-in-particolari-ambienti-lavorativi\/"},"wordCount":710,"commentCount":0,"keywords":["Aifos","Ambiente Lavoro","ambiente montano","ambiente sanitario e attivit\u00e0 su strada","attivit\u00e0 gravose","Bologna","convegno","impianti a fune","particolari ambienti lavorativi","professioni sanitarie infermieristiche","Rischi","settore forestale","turni notturni","tutele e monitoraggi in particolari ambienti lavorativi"],"articleSection":["Comunicati stampa","Economia e lavoro","Eventi"],"inLanguage":"it-IT","potentialAction":[{"@type":"CommentAction","name":"Comment","target":["https:\/\/www.article-marketing.eu\/comunicatistampa\/la-gestione-dei-rischi-in-particolari-ambienti-lavorativi\/#respond"]}]},{"@type":"WebPage","@id":"https:\/\/www.article-marketing.eu\/comunicatistampa\/la-gestione-dei-rischi-in-particolari-ambienti-lavorativi\/","url":"https:\/\/www.article-marketing.eu\/comunicatistampa\/la-gestione-dei-rischi-in-particolari-ambienti-lavorativi\/","name":"La gestione dei rischi in particolari ambienti lavorativi - Article Marketing","isPartOf":{"@id":"https:\/\/www.article-marketing.eu\/comunicatistampa\/#website"},"datePublished":"2018-10-04T15:59:33+00:00","author":{"@id":"https:\/\/www.article-marketing.eu\/comunicatistampa\/#\/schema\/person\/d1985c4955ff71a05f49d68e3034b3cd"},"breadcrumb":{"@id":"https:\/\/www.article-marketing.eu\/comunicatistampa\/la-gestione-dei-rischi-in-particolari-ambienti-lavorativi\/#breadcrumb"},"inLanguage":"it-IT","potentialAction":[{"@type":"ReadAction","target":["https:\/\/www.article-marketing.eu\/comunicatistampa\/la-gestione-dei-rischi-in-particolari-ambienti-lavorativi\/"]}]},{"@type":"BreadcrumbList","@id":"https:\/\/www.article-marketing.eu\/comunicatistampa\/la-gestione-dei-rischi-in-particolari-ambienti-lavorativi\/#breadcrumb","itemListElement":[{"@type":"ListItem","position":1,"name":"Home","item":"https:\/\/www.article-marketing.eu\/comunicatistampa\/"},{"@type":"ListItem","position":2,"name":"La gestione dei rischi in particolari ambienti lavorativi"}]},{"@type":"WebSite","@id":"https:\/\/www.article-marketing.eu\/comunicatistampa\/#website","url":"https:\/\/www.article-marketing.eu\/comunicatistampa\/","name":"Article Marketing","description":"article marketing &amp; press release","potentialAction":[{"@type":"SearchAction","target":{"@type":"EntryPoint","urlTemplate":"https:\/\/www.article-marketing.eu\/comunicatistampa\/?s={search_term_string}"},"query-input":{"@type":"PropertyValueSpecification","valueRequired":true,"valueName":"search_term_string"}}],"inLanguage":"it-IT"},{"@type":"Person","@id":"https:\/\/www.article-marketing.eu\/comunicatistampa\/#\/schema\/person\/d1985c4955ff71a05f49d68e3034b3cd","name":"AIFUS","image":{"@type":"ImageObject","inLanguage":"it-IT","@id":"https:\/\/secure.gravatar.com\/avatar\/05cf2a2ba057667571308b94c84f00ff48766ffac95710a87491a9b3ddcee484?s=96&d=mm&r=g","url":"https:\/\/secure.gravatar.com\/avatar\/05cf2a2ba057667571308b94c84f00ff48766ffac95710a87491a9b3ddcee484?s=96&d=mm&r=g","contentUrl":"https:\/\/secure.gravatar.com\/avatar\/05cf2a2ba057667571308b94c84f00ff48766ffac95710a87491a9b3ddcee484?s=96&d=mm&r=g","caption":"AIFUS"},"url":"https:\/\/www.article-marketing.eu\/comunicatistampa\/author\/aifus\/"}]}},"_links":{"self":[{"href":"https:\/\/www.article-marketing.eu\/comunicatistampa\/wp-json\/wp\/v2\/posts\/11344","targetHints":{"allow":["GET"]}}],"collection":[{"href":"https:\/\/www.article-marketing.eu\/comunicatistampa\/wp-json\/wp\/v2\/posts"}],"about":[{"href":"https:\/\/www.article-marketing.eu\/comunicatistampa\/wp-json\/wp\/v2\/types\/post"}],"author":[{"embeddable":true,"href":"https:\/\/www.article-marketing.eu\/comunicatistampa\/wp-json\/wp\/v2\/users\/881"}],"replies":[{"embeddable":true,"href":"https:\/\/www.article-marketing.eu\/comunicatistampa\/wp-json\/wp\/v2\/comments?post=11344"}],"version-history":[{"count":2,"href":"https:\/\/www.article-marketing.eu\/comunicatistampa\/wp-json\/wp\/v2\/posts\/11344\/revisions"}],"predecessor-version":[{"id":11354,"href":"https:\/\/www.article-marketing.eu\/comunicatistampa\/wp-json\/wp\/v2\/posts\/11344\/revisions\/11354"}],"wp:attachment":[{"href":"https:\/\/www.article-marketing.eu\/comunicatistampa\/wp-json\/wp\/v2\/media?parent=11344"}],"wp:term":[{"taxonomy":"category","embeddable":true,"href":"https:\/\/www.article-marketing.eu\/comunicatistampa\/wp-json\/wp\/v2\/categories?post=11344"},{"taxonomy":"post_tag","embeddable":true,"href":"https:\/\/www.article-marketing.eu\/comunicatistampa\/wp-json\/wp\/v2\/tags?post=11344"}],"curies":[{"name":"wp","href":"https:\/\/api.w.org\/{rel}","templated":true}]}}