{"id":11395,"date":"2018-10-05T16:53:50","date_gmt":"2018-10-05T14:53:50","guid":{"rendered":"http:\/\/www.article-marketing.eu\/comunicatistampa\/?p=11395"},"modified":"2020-08-10T01:47:55","modified_gmt":"2020-08-09T23:47:55","slug":"la-stagione-concertistica-2018-19-inaugura-con-le-prime-parti-della-scala-di-milano","status":"publish","type":"post","link":"https:\/\/www.article-marketing.eu\/comunicatistampa\/la-stagione-concertistica-2018-19-inaugura-con-le-prime-parti-della-scala-di-milano\/","title":{"rendered":"La Stagione concertistica 2018\/19 inaugura con le prime parti della Scala di Milano"},"content":{"rendered":"<p>Inaugura marted\u00ec 9 ottobre la Stagione concertistica dell\u2019Accademia di Musica di Pinerolo, con un programma che offre la possibilit\u00e0 di scoprire i due volti di Schumann camerista, eseguito da interpreti d\u2019eccezione come il Trio Johannes, Fabrizio Meloni e Simonide Braconi. Il Trio Johannes \u00e8 nato dall&#8217;incontro di Massimo Polidori, Primo violoncello nell&#8217;Orchestra del Teatro alla Scala di Milano, con il duo composto da Francesco Manara, scelto da Riccardo Muti per ricoprire il posto di Primo violino solista nell&#8217;Orchestra scaligera, e Claudio Voghera, docente di pianoforte principale al Conservatorio di Torino. Si affiancano al Trio Johannes Fabrizio Meloni e Simonide Braconi, Primo clarinetto e Prima viola dell\u2019Orchestra del Teatro alla Scala.<\/p>\n<p>I DUE VOLTI DI SCHUMANN<br \/>\nmarted\u00ec 9 ottobre 2018 &#8211; Accademia di Musica<br \/>\nh 20:30 guida all\u2019ascolto &#8211; h 21 concerto<\/p>\n<p>Trio Johannes<br \/>\nFrancesco Manara violino<br \/>\nMassimo Polidori violoncello<br \/>\nClaudio Voghera pianoforte<br \/>\nSimonide Braconi viola<br \/>\nFabrizio Meloni clarinetto<\/p>\n<p>Integrale cameristica di Robert Schumann<\/p>\n<p>Fantasiest\u00fccke op. 73<br \/>\nM\u00e4rchenbilder op. 113<br \/>\nM\u00e4rchenerz\u00e4hlungen op. 132<br \/>\nQuartetto in mi bemolle maggiore op. 47<\/p>\n<p class=\"p1\"><span class=\"s1\">Prosegue il ciclo dedicato all\u2019integrale della musica cameristica di Robert Schumann presentato dal Trio Johannes, composto dal pianista Claudio Voghera e dalle prime parti della Scala di Milano, accompagnati dal primo clarinetto e dalla prima viola dell\u2019Orchestra scaligera. Il programma offre la possibilit\u00e0 di scoprire i due volti di Schumann camerista: quello della cosiddetta <i>Hausmusik<\/i> e quello del compositore delle grandi forme. Al primo genere si riferiscono le prime tre composizioni presentate che esprimono una maturit\u00e0 compositiva consolidata e contengono, pur nella semplicit\u00e0 della \u201cmusica da salotto\u201d, i germi della malattia mentale i cui sintomi si acuiscono durante il soggiorno a D\u00fcsseldorf: allucinazioni sonore, amnesie, visioni che lo costringono ad abbandonare il suo ruolo di Direttore musicale nell\u2019importante citt\u00e0 tedesca. Il quartetto in mi bemolle appartiene invece agli anni di Lipsia. In questo periodo Schumann concentr\u00f2 la sua attenzione sulla musica da camera, esplorando le innumerevoli possibilit\u00e0 timbriche attraverso la composizione di varie opere per ensemble diversi.<\/span><\/p>\n<p>&nbsp;<\/p>\n<p class=\"p1\"><span class=\"s1\"><b>TRIO JOHANNES<\/b><\/span><\/p>\n<p class=\"p2\"><span class=\"s1\">Il Trio Johannes \u00e8 nato nel 1993 dall&#8217;incontro del violoncellista Massimo Polidori con il duo composto da Francesco Manara e Claudio Voghera, gi\u00e0 da alcuni anni impegnato nell&#8217;approfondimento del repertorio cameristico ed ospite delle principali istituzioni concertistiche.<\/span><\/p>\n<p class=\"p2\"><span class=\"s1\">I tre musicisti vantano individualmente importanti affermazioni: Francesco Manara \u00e8 stato scelto da Riccardo Muti per ricoprire il posto di Primo violino solista nell&#8217;Orchestra del Teatro alla Scala di Milano e nel 1993 ha vinto il Primo Premio al Concorso Internazionale di Ginevra; Massimo Polidori dopo aver vinto il Primo Premio di Virtuosit\u00e9 del Conservatorio di Ginevra ricopre il posto di Primo violoncello nell&#8217;Orchestra del Teatro alla Scala di Milano; Claudio Voghera, docente di pianoforte principale presso il Conservatorio di Torino, gi\u00e0 allievo di Aldo Ciccolini, nel 1993 ha vinto il &#8220;Grand Prix de Sonates Violon et Piano&#8221; dell&#8217;Accademia di Losanna.<\/span><\/p>\n<p class=\"p2\"><span class=\"s1\">Il Trio Johannes, grazie ad una borsa di studio della &#8220;De Sono Associazione per la Musica&#8221;, ha studiato presso la Scuola Superiore Internazionale di Musica da Camera del Trio di Trieste, con i Maestri De Rosa, Zanettovich e Baldovino, conseguendo nel 1995 il Diploma di Merito. Da allora \u00e8 stato ospite di importanti societ\u00e0 concertistiche quali, tra le altre, gli Amici della Musica di Padova, Vicenza, Firenze e Perugia, il Bologna Festival, la Gog di Genova, l&#8217;Unione Musicale di Torino e la Radio della Suisse Romande a Ginevra; nel maggio 2000 ha effettuato una tourn\u00e9e in Sud America organizzata dal Cidim suonando nelle principali sale da concerto di Argentina, Uruguay e Brasile. Grazie ad un progetto sostenuto dagli Amici della Musica di Vicenza, ha inciso il suo primo CD con musiche di Beethoven e Brahms per l&#8217;etichetta &#8220;Sicut Sol\u201d. Il trio vanta importanti affermazioni a livello internazionale: nel 1998 il II Premio al &#8220;III Concorso Internazionale Premio Trio di Trieste&#8221;, nel 1999 il II Premio al &#8220;3rd International Chamber Music Competition&#8221; di Osaka; nel 2001 \u00e8 risultato inoltre vincitore del &#8220;50th Concert Artists Guild Competition&#8221; di New York e debutter\u00e0 negli Stati Uniti nella stagione 2002, suonando per le principali societ\u00e0 concertistiche tra le quali la Weill Recital Hall della Carnegie Hall a New York, la Pittsburgh Chamber Music Society and la Market Square Concerts di Harrisburg.<\/span><\/p>\n<p>&nbsp;<\/p>\n<p class=\"p1\"><span class=\"s1\"><b>Simonide Braconi<\/b><\/span><\/p>\n<p class=\"p2\"><span class=\"s1\">Nato a Roma, si \u00e8 diplomato con il massimo dei voti al Conservatorio di &#8220;S.Cecilia&#8221; di Roma e successivamente alla music hochschule di Freiburg in Germania (con menzione d&#8217;onore), studiando rispettivamente con i maestri S.Esposito e K. Kashkashian.<\/span><\/p>\n<p class=\"p2\"><span class=\"s1\">Si \u00e8 perfezionato con B. Giuranna (Acc. &#8220;W. Stauffer&#8221; di Cremona) e J. Bashmet (Acc. Chigiana di Siena, diploma di merito nel 1991 e nel 1992). E&#8217;stato premiato a diversi concorsi internazionali (tra cui Colonia e il &#8220;Lionel Tertis&#8221; competition in Inghilterra). Prima viola dell&#8217;Orchestre des jeunes de la Mediterran\u00e8e, membro dell&#8217;orchestra della Comunit\u00e0 europea, ha collaborato in qualit\u00e0 di Prima viola con l&#8217;orchestra dell&#8217;Accademia di S. Cecilia a Roma e nel 1994, a soli 22 anni, \u00e8 stato prescelto dal M. Riccardo Muti a ricoprire lo stesso ruolo nell&#8217;orchestra del Teatro alla Scala di Milano. E&#8217;, inoltre, membro dell&#8217;orchestra del Festival di Lucerna ed \u00e8 stato invitato a suonare con l&#8217;orchestra dei Berliner Philarmoniker.<\/span><\/p>\n<p class=\"p2\"><span class=\"s1\">Come solista e in musica da camera ha inciso per le etichette discografiche Vigiesse, Thymallus, Rhona, Stradivarius, Agor\u00e0, Tudor, DAD, Velut Luna, Dynamic e Decca oltre a diverse registrazioni per Radio 3, RAI Radiotelevisione italiana ,Rete 4, Sky Classica e per le riviste CD Classica, Suonare news, la Provincia di Cremona, Amadeus (sonate e lieder di Brahms) e Brilliant (concerti per viola ed orchestra di A. Rolla, premiato con 5 stelle dalla rivista Musica).<\/span><\/p>\n<p class=\"p2\"><span class=\"s1\">In musica da camera ha collaborato con artisti quali S. Accardo, M. Quarta, J. Rachlin, T.Brandis, M.Rizzi, D. Sitzkovesky, U. Ughi, I. Faust, P. Vernikov, D. Nordio, B.Canino, J.Swann, I. Golan, B. Petruchanski, A. Lucchesini, G. Andaloro, P. Restani, R. Filippini, E. Dindo, N. Gutman, F. Petracchi, trio di Parma, Henschel Quartett, E. Pahud, Sonia Ganassi, Jose Carreras e da solista con direttori tra i quali W. Sawallisch e R.Muti.<\/span><\/p>\n<p class=\"p2\"><span class=\"s1\">Autorevoli critiche dicono di lui: &#8221; ..suono superbamente compatto&#8221; (the Strad), \u201d ..ha colpito per il suo sicuro virtuosismo e il calore del suo strumento&#8221; (Badener Tagblatt), &#8221; ..intonazione strepitosa, sostegno di un canto vellutato e grave..&#8221; (Corriere della sera ),&#8221; .. mostra di possedere risorse strumentali di prim&#8217;ordine sfoggiando un suono vellutato ed omogeneo ed un&#8217;eccellente tecnica&#8221; (CD classica), &#8220;..insomma quando la bellezza \u00e8 in primo piano senza protagonismi &#8221; (L&#8217;eco di Bergamo),&#8221;..solista di gran talento, raffinatissimo nelle sue scelte espressive\u2026la viola solista si \u00e8 distinta per la sua cantabilit\u00e0 ineffabile e per la morbidezza del colpo d&#8217;arco, nonch\u00e8 per virtuosismo strumentale e delicatezza del suono&#8221; (Messaggero Veneto , 24 Febbraio 2003).<\/span><\/p>\n<p class=\"p2\"><span class=\"s1\">Insieme alle altre prime parti dell&#8217;Orchestra del Teatro ha costituito il Quartetto d&#8217;archi della Scala compiendo tourn\u00e8es negli Stati Uniti, Sudamerica, Francia, Germania, Danimarca, Lussemburgo, Giappone e nelle maggiori societ\u00e0 concertistiche in Italia. Membro di giurie in diversi concorsi internazionali (tra cui Ginevra), \u00e8 regolarmente invitato a tenere corsi in importanti istituzioni (Arts Academy a Roma, Festival delle citt\u00e0 a Portogruaro, Gubbio festival, Accademia &#8220;T. Varga&#8221; a Sion, Accademia Perosi di Biella, Accademia di musica di Pinerolo, Sebino summercourse).<\/span><\/p>\n<p class=\"p2\"><span class=\"s1\">Tra le varie orchestre con le quali ha collaborato da solista spiccano l&#8217;Orchestra Stabile di Bergamo &#8221; G.Donizetti&#8221;, l&#8217;Orchestra &#8220;Accademia I Filarmonici&#8221;, L&#8217;Orchestra Sinfonica Abruzzese, l&#8217;Orchestra Sinfonica Basca, l&#8217;Orchestra del Friuli Venezia Giulia, l&#8217;Orchestra &#8220;G. Cantelli&#8221;, la United Europe Chamber Orchestra, la Baden Badener Orchestra,l&#8217;Ensemble Petruzzelli, I Filarmonici di Torino, la Sinfonica di Lubiana,i Solisti Aquilani,i Solisti di Pavia, Extremadura Orquesta, l&#8217;Orchestra Haydn di Bolzano,la Sinfonica della Val D&#8217;Aosta, Orchestra sinfonica delle Gran Canarie, i Virtuosi italiani, La Filarmonica di Sofia,<span class=\"Apple-converted-space\">\u00a0 <\/span>l&#8217;Orchestra Filarmonica della Scala con la quale ha interpretato con successo la kammermusik N. 5 (Concerto per viola) di P. Hindemith sotto la direzione del M. W. Sawallisch e l&#8217;Orchestra Sinfonica Cherubini con la quale ha interpretato la Sinfonia Concertante di Mozart sotto la direzione del M. R. Muti. E\u2019 anche solista di viola d\u2019amore; come compositore ha pubblicato diversi lavori per la casa editrice Sonzogno e MAP e sue prime assolute sono state eseguite al teatro Alla Scala e alla Philarmonie di Berlino. Suona una viola G. Gagliano (1800) della Fondazione Pro Canale Onlus di Milano<\/span><\/p>\n<p class=\"p1\"><span class=\"s1\"><b>Fabrizio Meloni<\/b><\/span><\/p>\n<p class=\"p2\"><span class=\"s1\">Primo clarinetto solista dell\u2019Orchestra del Teatro e della Filarmonica della Scala dal 1984, ha compiuto gli studi musicali al Conservatorio \u201cGiuseppe Verdi\u201d di Milano diplomandosi con il massimo dei voti, la lode e la menzione d\u2019onore. Vincitore dei concorsi internazionali di Monaco, ARD, Praga.<\/span><\/p>\n<p class=\"p2\"><span class=\"s1\">Ha collaborato con B. Canino, A. Lonquich, M. Campanella, H. Schiff, F. Gulda, E. Gruberova, il Quartetto Hagen, M.W.<span class=\"Apple-converted-space\">\u00a0 <\/span>Chung, P. Moll e R. Muti nella veste straordinaria di pianista. Ha tenuto tourn\u00e9e negli Stati Uniti e in Israele con il Quintetto a Fiati Italiano. Con il Nuovo Quintetto Italiano ha all\u2019attivo tourn\u00e9e in Sud America e nel Sud Est Asiatico. La sua tourn\u00e9e di concerti in Giappone con P. Moll e I Solisti della Scala<span class=\"Apple-converted-space\">\u00a0 <\/span>\u00e8 stata accolta da entusiastici consensi di pubblico e critica. Ha all\u2019attivo numerose incisioni discografiche. \u00c8 stato invitato a tenere master class dal Conservatorio Superiore di Musica di Parigi, quello della Svizzera Italiana, dalla Manhattan School of Music, dalla Northeastern Illinois University di Chicago, dalla Music Academy of the West di Los Angeles e dalle Universit\u00e0 di Tokyo e Osaka. Di prossima uscita il DVD Duets \u201cIl clarinetto nel Jazz e nel 900 italiano\u201d. L\u2019incisione dei concerti di J. Fran\u00e7aix, C. Nielsen e A. Copland, progetto mai realizzato da un musicista italiano.<\/span><\/p>\n<p class=\"p2\"><span class=\"s1\">\u00c8 autore del libro \u201cIl Clarinetto\u201d, pubblicato da Zecchini Editore. Il canale televisivo \u201cSky Classica\u201c gli ha dedicato un documentario dal titolo \u201cNotevoli\u201c.<\/span><\/p>\n","protected":false},"excerpt":{"rendered":"<p>Inaugura marted\u00ec 9 ottobre la Stagione concertistica dell\u2019Accademia di Musica di Pinerolo, con un programma che offre la possibilit\u00e0 di scoprire i due volti di Schumann camerista, eseguito da interpreti d\u2019eccezione come il Trio Johannes, Fabrizio Meloni e Simonide Braconi. Il Trio Johannes \u00e8 nato dall&#8217;incontro di Massimo Polidori, Primo violoncello nell&#8217;Orchestra del Teatro alla Scala di Milano, con il duo composto da Francesco Manara, scelto da Riccardo Muti per<\/p>\n<p><a class=\"continue-reading\" href=\"https:\/\/www.article-marketing.eu\/comunicatistampa\/la-stagione-concertistica-2018-19-inaugura-con-le-prime-parti-della-scala-di-milano\/\">Continue reading&#8230;<\/a><\/p>\n","protected":false},"author":824,"featured_media":0,"comment_status":"open","ping_status":"open","sticky":false,"template":"","format":"standard","meta":{"_monsterinsights_skip_tracking":false,"_monsterinsights_sitenote_active":false,"_monsterinsights_sitenote_note":"","_monsterinsights_sitenote_category":0,"footnotes":""},"categories":[78],"tags":[],"class_list":["post-11395","post","type-post","status-publish","format-standard","hentry","category-comunicati-stampa"],"yoast_head":"<!-- This site is optimized with the Yoast SEO plugin v27.3 - https:\/\/yoast.com\/product\/yoast-seo-wordpress\/ -->\n<title>La Stagione concertistica 2018\/19 inaugura con le prime parti della Scala di Milano - Article Marketing<\/title>\n<meta name=\"robots\" content=\"index, follow, max-snippet:-1, max-image-preview:large, max-video-preview:-1\" \/>\n<link rel=\"canonical\" href=\"https:\/\/www.article-marketing.eu\/comunicatistampa\/la-stagione-concertistica-2018-19-inaugura-con-le-prime-parti-della-scala-di-milano\/\" \/>\n<meta property=\"og:locale\" content=\"it_IT\" \/>\n<meta property=\"og:type\" content=\"article\" \/>\n<meta property=\"og:title\" content=\"La Stagione concertistica 2018\/19 inaugura con le prime parti della Scala di Milano - Article Marketing\" \/>\n<meta property=\"og:description\" content=\"Inaugura marted\u00ec 9 ottobre la Stagione concertistica dell\u2019Accademia di Musica di Pinerolo, con un programma che offre la possibilit\u00e0 di scoprire i due volti di Schumann camerista, eseguito da interpreti d\u2019eccezione come il Trio Johannes, Fabrizio Meloni e Simonide Braconi. Il Trio Johannes \u00e8 nato dall&#8217;incontro di Massimo Polidori, Primo violoncello nell&#8217;Orchestra del Teatro alla Scala di Milano, con il duo composto da Francesco Manara, scelto da Riccardo Muti perContinue reading...\" \/>\n<meta property=\"og:url\" content=\"https:\/\/www.article-marketing.eu\/comunicatistampa\/la-stagione-concertistica-2018-19-inaugura-con-le-prime-parti-della-scala-di-milano\/\" \/>\n<meta property=\"og:site_name\" content=\"Article Marketing\" \/>\n<meta property=\"article:published_time\" content=\"2018-10-05T14:53:50+00:00\" \/>\n<meta property=\"article:modified_time\" content=\"2020-08-09T23:47:55+00:00\" \/>\n<meta name=\"author\" content=\"Accademia di musica di Pinerolo\" \/>\n<meta name=\"twitter:card\" content=\"summary_large_image\" \/>\n<meta name=\"twitter:label1\" content=\"Scritto da\" \/>\n\t<meta name=\"twitter:data1\" content=\"Accademia di musica di Pinerolo\" \/>\n\t<meta name=\"twitter:label2\" content=\"Tempo di lettura stimato\" \/>\n\t<meta name=\"twitter:data2\" content=\"8 minuti\" \/>\n<script type=\"application\/ld+json\" class=\"yoast-schema-graph\">{\"@context\":\"https:\\\/\\\/schema.org\",\"@graph\":[{\"@type\":\"Article\",\"@id\":\"https:\\\/\\\/www.article-marketing.eu\\\/comunicatistampa\\\/la-stagione-concertistica-2018-19-inaugura-con-le-prime-parti-della-scala-di-milano\\\/#article\",\"isPartOf\":{\"@id\":\"https:\\\/\\\/www.article-marketing.eu\\\/comunicatistampa\\\/la-stagione-concertistica-2018-19-inaugura-con-le-prime-parti-della-scala-di-milano\\\/\"},\"author\":{\"name\":\"Accademia di musica di Pinerolo\",\"@id\":\"https:\\\/\\\/www.article-marketing.eu\\\/comunicatistampa\\\/#\\\/schema\\\/person\\\/b215337b2939ed4102c77b3c6a03e1d8\"},\"headline\":\"La Stagione concertistica 2018\\\/19 inaugura con le prime parti della Scala di Milano\",\"datePublished\":\"2018-10-05T14:53:50+00:00\",\"dateModified\":\"2020-08-09T23:47:55+00:00\",\"mainEntityOfPage\":{\"@id\":\"https:\\\/\\\/www.article-marketing.eu\\\/comunicatistampa\\\/la-stagione-concertistica-2018-19-inaugura-con-le-prime-parti-della-scala-di-milano\\\/\"},\"wordCount\":1599,\"commentCount\":0,\"articleSection\":[\"Comunicati stampa\"],\"inLanguage\":\"it-IT\",\"potentialAction\":[{\"@type\":\"CommentAction\",\"name\":\"Comment\",\"target\":[\"https:\\\/\\\/www.article-marketing.eu\\\/comunicatistampa\\\/la-stagione-concertistica-2018-19-inaugura-con-le-prime-parti-della-scala-di-milano\\\/#respond\"]}]},{\"@type\":\"WebPage\",\"@id\":\"https:\\\/\\\/www.article-marketing.eu\\\/comunicatistampa\\\/la-stagione-concertistica-2018-19-inaugura-con-le-prime-parti-della-scala-di-milano\\\/\",\"url\":\"https:\\\/\\\/www.article-marketing.eu\\\/comunicatistampa\\\/la-stagione-concertistica-2018-19-inaugura-con-le-prime-parti-della-scala-di-milano\\\/\",\"name\":\"La Stagione concertistica 2018\\\/19 inaugura con le prime parti della Scala di Milano - Article Marketing\",\"isPartOf\":{\"@id\":\"https:\\\/\\\/www.article-marketing.eu\\\/comunicatistampa\\\/#website\"},\"datePublished\":\"2018-10-05T14:53:50+00:00\",\"dateModified\":\"2020-08-09T23:47:55+00:00\",\"author\":{\"@id\":\"https:\\\/\\\/www.article-marketing.eu\\\/comunicatistampa\\\/#\\\/schema\\\/person\\\/b215337b2939ed4102c77b3c6a03e1d8\"},\"breadcrumb\":{\"@id\":\"https:\\\/\\\/www.article-marketing.eu\\\/comunicatistampa\\\/la-stagione-concertistica-2018-19-inaugura-con-le-prime-parti-della-scala-di-milano\\\/#breadcrumb\"},\"inLanguage\":\"it-IT\",\"potentialAction\":[{\"@type\":\"ReadAction\",\"target\":[\"https:\\\/\\\/www.article-marketing.eu\\\/comunicatistampa\\\/la-stagione-concertistica-2018-19-inaugura-con-le-prime-parti-della-scala-di-milano\\\/\"]}]},{\"@type\":\"BreadcrumbList\",\"@id\":\"https:\\\/\\\/www.article-marketing.eu\\\/comunicatistampa\\\/la-stagione-concertistica-2018-19-inaugura-con-le-prime-parti-della-scala-di-milano\\\/#breadcrumb\",\"itemListElement\":[{\"@type\":\"ListItem\",\"position\":1,\"name\":\"Home\",\"item\":\"https:\\\/\\\/www.article-marketing.eu\\\/comunicatistampa\\\/\"},{\"@type\":\"ListItem\",\"position\":2,\"name\":\"La Stagione concertistica 2018\\\/19 inaugura con le prime parti della Scala di Milano\"}]},{\"@type\":\"WebSite\",\"@id\":\"https:\\\/\\\/www.article-marketing.eu\\\/comunicatistampa\\\/#website\",\"url\":\"https:\\\/\\\/www.article-marketing.eu\\\/comunicatistampa\\\/\",\"name\":\"Article Marketing\",\"description\":\"article marketing &amp; press release\",\"potentialAction\":[{\"@type\":\"SearchAction\",\"target\":{\"@type\":\"EntryPoint\",\"urlTemplate\":\"https:\\\/\\\/www.article-marketing.eu\\\/comunicatistampa\\\/?s={search_term_string}\"},\"query-input\":{\"@type\":\"PropertyValueSpecification\",\"valueRequired\":true,\"valueName\":\"search_term_string\"}}],\"inLanguage\":\"it-IT\"},{\"@type\":\"Person\",\"@id\":\"https:\\\/\\\/www.article-marketing.eu\\\/comunicatistampa\\\/#\\\/schema\\\/person\\\/b215337b2939ed4102c77b3c6a03e1d8\",\"name\":\"Accademia di musica di Pinerolo\",\"image\":{\"@type\":\"ImageObject\",\"inLanguage\":\"it-IT\",\"@id\":\"https:\\\/\\\/secure.gravatar.com\\\/avatar\\\/6bb1985aeec7ceb9d999e68681c30243f98bd7381193135cf6d87c18d8fa0666?s=96&d=mm&r=g\",\"url\":\"https:\\\/\\\/secure.gravatar.com\\\/avatar\\\/6bb1985aeec7ceb9d999e68681c30243f98bd7381193135cf6d87c18d8fa0666?s=96&d=mm&r=g\",\"contentUrl\":\"https:\\\/\\\/secure.gravatar.com\\\/avatar\\\/6bb1985aeec7ceb9d999e68681c30243f98bd7381193135cf6d87c18d8fa0666?s=96&d=mm&r=g\",\"caption\":\"Accademia di musica di Pinerolo\"},\"url\":\"https:\\\/\\\/www.article-marketing.eu\\\/comunicatistampa\\\/author\\\/accademia-di-musica-di-pinerolo\\\/\"}]}<\/script>\n<!-- \/ Yoast SEO plugin. -->","yoast_head_json":{"title":"La Stagione concertistica 2018\/19 inaugura con le prime parti della Scala di Milano - Article Marketing","robots":{"index":"index","follow":"follow","max-snippet":"max-snippet:-1","max-image-preview":"max-image-preview:large","max-video-preview":"max-video-preview:-1"},"canonical":"https:\/\/www.article-marketing.eu\/comunicatistampa\/la-stagione-concertistica-2018-19-inaugura-con-le-prime-parti-della-scala-di-milano\/","og_locale":"it_IT","og_type":"article","og_title":"La Stagione concertistica 2018\/19 inaugura con le prime parti della Scala di Milano - Article Marketing","og_description":"Inaugura marted\u00ec 9 ottobre la Stagione concertistica dell\u2019Accademia di Musica di Pinerolo, con un programma che offre la possibilit\u00e0 di scoprire i due volti di Schumann camerista, eseguito da interpreti d\u2019eccezione come il Trio Johannes, Fabrizio Meloni e Simonide Braconi. Il Trio Johannes \u00e8 nato dall&#8217;incontro di Massimo Polidori, Primo violoncello nell&#8217;Orchestra del Teatro alla Scala di Milano, con il duo composto da Francesco Manara, scelto da Riccardo Muti perContinue reading...","og_url":"https:\/\/www.article-marketing.eu\/comunicatistampa\/la-stagione-concertistica-2018-19-inaugura-con-le-prime-parti-della-scala-di-milano\/","og_site_name":"Article Marketing","article_published_time":"2018-10-05T14:53:50+00:00","article_modified_time":"2020-08-09T23:47:55+00:00","author":"Accademia di musica di Pinerolo","twitter_card":"summary_large_image","twitter_misc":{"Scritto da":"Accademia di musica di Pinerolo","Tempo di lettura stimato":"8 minuti"},"schema":{"@context":"https:\/\/schema.org","@graph":[{"@type":"Article","@id":"https:\/\/www.article-marketing.eu\/comunicatistampa\/la-stagione-concertistica-2018-19-inaugura-con-le-prime-parti-della-scala-di-milano\/#article","isPartOf":{"@id":"https:\/\/www.article-marketing.eu\/comunicatistampa\/la-stagione-concertistica-2018-19-inaugura-con-le-prime-parti-della-scala-di-milano\/"},"author":{"name":"Accademia di musica di Pinerolo","@id":"https:\/\/www.article-marketing.eu\/comunicatistampa\/#\/schema\/person\/b215337b2939ed4102c77b3c6a03e1d8"},"headline":"La Stagione concertistica 2018\/19 inaugura con le prime parti della Scala di Milano","datePublished":"2018-10-05T14:53:50+00:00","dateModified":"2020-08-09T23:47:55+00:00","mainEntityOfPage":{"@id":"https:\/\/www.article-marketing.eu\/comunicatistampa\/la-stagione-concertistica-2018-19-inaugura-con-le-prime-parti-della-scala-di-milano\/"},"wordCount":1599,"commentCount":0,"articleSection":["Comunicati stampa"],"inLanguage":"it-IT","potentialAction":[{"@type":"CommentAction","name":"Comment","target":["https:\/\/www.article-marketing.eu\/comunicatistampa\/la-stagione-concertistica-2018-19-inaugura-con-le-prime-parti-della-scala-di-milano\/#respond"]}]},{"@type":"WebPage","@id":"https:\/\/www.article-marketing.eu\/comunicatistampa\/la-stagione-concertistica-2018-19-inaugura-con-le-prime-parti-della-scala-di-milano\/","url":"https:\/\/www.article-marketing.eu\/comunicatistampa\/la-stagione-concertistica-2018-19-inaugura-con-le-prime-parti-della-scala-di-milano\/","name":"La Stagione concertistica 2018\/19 inaugura con le prime parti della Scala di Milano - Article Marketing","isPartOf":{"@id":"https:\/\/www.article-marketing.eu\/comunicatistampa\/#website"},"datePublished":"2018-10-05T14:53:50+00:00","dateModified":"2020-08-09T23:47:55+00:00","author":{"@id":"https:\/\/www.article-marketing.eu\/comunicatistampa\/#\/schema\/person\/b215337b2939ed4102c77b3c6a03e1d8"},"breadcrumb":{"@id":"https:\/\/www.article-marketing.eu\/comunicatistampa\/la-stagione-concertistica-2018-19-inaugura-con-le-prime-parti-della-scala-di-milano\/#breadcrumb"},"inLanguage":"it-IT","potentialAction":[{"@type":"ReadAction","target":["https:\/\/www.article-marketing.eu\/comunicatistampa\/la-stagione-concertistica-2018-19-inaugura-con-le-prime-parti-della-scala-di-milano\/"]}]},{"@type":"BreadcrumbList","@id":"https:\/\/www.article-marketing.eu\/comunicatistampa\/la-stagione-concertistica-2018-19-inaugura-con-le-prime-parti-della-scala-di-milano\/#breadcrumb","itemListElement":[{"@type":"ListItem","position":1,"name":"Home","item":"https:\/\/www.article-marketing.eu\/comunicatistampa\/"},{"@type":"ListItem","position":2,"name":"La Stagione concertistica 2018\/19 inaugura con le prime parti della Scala di Milano"}]},{"@type":"WebSite","@id":"https:\/\/www.article-marketing.eu\/comunicatistampa\/#website","url":"https:\/\/www.article-marketing.eu\/comunicatistampa\/","name":"Article Marketing","description":"article marketing &amp; press release","potentialAction":[{"@type":"SearchAction","target":{"@type":"EntryPoint","urlTemplate":"https:\/\/www.article-marketing.eu\/comunicatistampa\/?s={search_term_string}"},"query-input":{"@type":"PropertyValueSpecification","valueRequired":true,"valueName":"search_term_string"}}],"inLanguage":"it-IT"},{"@type":"Person","@id":"https:\/\/www.article-marketing.eu\/comunicatistampa\/#\/schema\/person\/b215337b2939ed4102c77b3c6a03e1d8","name":"Accademia di musica di Pinerolo","image":{"@type":"ImageObject","inLanguage":"it-IT","@id":"https:\/\/secure.gravatar.com\/avatar\/6bb1985aeec7ceb9d999e68681c30243f98bd7381193135cf6d87c18d8fa0666?s=96&d=mm&r=g","url":"https:\/\/secure.gravatar.com\/avatar\/6bb1985aeec7ceb9d999e68681c30243f98bd7381193135cf6d87c18d8fa0666?s=96&d=mm&r=g","contentUrl":"https:\/\/secure.gravatar.com\/avatar\/6bb1985aeec7ceb9d999e68681c30243f98bd7381193135cf6d87c18d8fa0666?s=96&d=mm&r=g","caption":"Accademia di musica di Pinerolo"},"url":"https:\/\/www.article-marketing.eu\/comunicatistampa\/author\/accademia-di-musica-di-pinerolo\/"}]}},"_links":{"self":[{"href":"https:\/\/www.article-marketing.eu\/comunicatistampa\/wp-json\/wp\/v2\/posts\/11395","targetHints":{"allow":["GET"]}}],"collection":[{"href":"https:\/\/www.article-marketing.eu\/comunicatistampa\/wp-json\/wp\/v2\/posts"}],"about":[{"href":"https:\/\/www.article-marketing.eu\/comunicatistampa\/wp-json\/wp\/v2\/types\/post"}],"author":[{"embeddable":true,"href":"https:\/\/www.article-marketing.eu\/comunicatistampa\/wp-json\/wp\/v2\/users\/824"}],"replies":[{"embeddable":true,"href":"https:\/\/www.article-marketing.eu\/comunicatistampa\/wp-json\/wp\/v2\/comments?post=11395"}],"version-history":[{"count":4,"href":"https:\/\/www.article-marketing.eu\/comunicatistampa\/wp-json\/wp\/v2\/posts\/11395\/revisions"}],"predecessor-version":[{"id":11405,"href":"https:\/\/www.article-marketing.eu\/comunicatistampa\/wp-json\/wp\/v2\/posts\/11395\/revisions\/11405"}],"wp:attachment":[{"href":"https:\/\/www.article-marketing.eu\/comunicatistampa\/wp-json\/wp\/v2\/media?parent=11395"}],"wp:term":[{"taxonomy":"category","embeddable":true,"href":"https:\/\/www.article-marketing.eu\/comunicatistampa\/wp-json\/wp\/v2\/categories?post=11395"},{"taxonomy":"post_tag","embeddable":true,"href":"https:\/\/www.article-marketing.eu\/comunicatistampa\/wp-json\/wp\/v2\/tags?post=11395"}],"curies":[{"name":"wp","href":"https:\/\/api.w.org\/{rel}","templated":true}]}}