{"id":11629,"date":"2018-10-24T19:06:47","date_gmt":"2018-10-24T17:06:47","guid":{"rendered":"http:\/\/www.article-marketing.eu\/comunicatistampa\/?p=11629"},"modified":"2018-10-24T19:06:47","modified_gmt":"2018-10-24T17:06:47","slug":"universita-a-cagliari-lezione-aperta-sulla-comunicazione","status":"publish","type":"post","link":"https:\/\/www.article-marketing.eu\/comunicatistampa\/universita-a-cagliari-lezione-aperta-sulla-comunicazione\/","title":{"rendered":"Universit\u00e0: a Cagliari lezione aperta sulla comunicazione"},"content":{"rendered":"<p>Ornai 25 anni fa \u00e8 partito da Cagliari, come dice lui, per inseguire la sua voglia di comunicare. Oggi <strong>Andrea Polo<\/strong>, Direttore Comunicazione di Facile.it, una delle aziende italiane di maggior successo e <strong>fra i primissimi italiani laureati in Scienze della Comunicazione<\/strong>, pi\u00f9 precisamente in Comunicazione Istituzionali e di Impresa, torna nella sua citt\u00e0 per un\u2019occasione speciale la <em>open lesson<\/em> organizzata dall\u2019Universit\u00e0 degli studi di Cagliari (Facolt\u00e0 di Studi Umanistici, Dipartimento di Pedagogia, Psicologia, Filosofia e Teorie della comunicazione) che si terr\u00e0 il <strong>25 ottobre, dalle 9 alle 13 nell\u2019aula 6<\/strong> della sede di via Is Mirrionis 1.<\/p>\n<p><em>\u00ab\u00c8 un onore e un\u2019emozione incredibile venire a Cagliari per raccontare ai ragazzi e le ragazze la professione che faccio\u00bb<\/em> &#8211; spiega <strong>Polo<\/strong> <em>\u00abQuando partii per iscrivermi all\u2019Universit\u00e0 mi ero ripromesso di fare qualcosa di utile; la proverbiale intraprendenza (e testardaggine!) sarda sono state parti fondamentali del mio percorso e mettere la mia esperienza al servizio degli studenti di oggi \u00e8 fantastico\u00bb.<\/em><\/p>\n<p>La lezione aperta, che si inserisce all\u2019interno dei corsi di Marketing e Comunicazione Pubblicitaria, Semiotica dei media e Web Design e Digital Storytelling, ripercorrer\u00e0 alcune delle campagne di comunicazione create da Polo negli anni, non solo per Facile.it, ma anche per altre aziende come eBay e Immobiliare.it, che gli hanno valso diversi ed importanti riconoscimenti nazionali ed internazionali fra cui ben 7 European Excellence Awards.<\/p>\n<p>Il coordinamento dell\u2019incontro \u00e8 a cura dei Professori Alessandro Lovari, Elisabetta Gola e Emiliano Ilardi, docenti dei corsi di laurea di Scienze della Comunicazione e Filosofia e Teorie della Comunicazione.<\/p>\n<p>L\u2019evento \u00e8 aperto a tutta la comunit\u00e0 studentesca e agli interessati al tema. Per info: alessando.lovari@unica.it<\/p>\n","protected":false},"excerpt":{"rendered":"<p>Ornai 25 anni fa \u00e8 partito da Cagliari, come dice lui, per inseguire la sua voglia di comunicare. Oggi Andrea Polo, Direttore Comunicazione di Facile.it, una delle aziende italiane di maggior successo e fra i primissimi italiani laureati in Scienze della Comunicazione, pi\u00f9 precisamente in Comunicazione Istituzionali e di Impresa, torna nella sua citt\u00e0 per un\u2019occasione speciale la open lesson organizzata dall\u2019Universit\u00e0 degli studi di Cagliari (Facolt\u00e0 di Studi Umanistici,<\/p>\n<p><a class=\"continue-reading\" href=\"https:\/\/www.article-marketing.eu\/comunicatistampa\/universita-a-cagliari-lezione-aperta-sulla-comunicazione\/\">Continue reading&#8230;<\/a><\/p>\n","protected":false},"author":62,"featured_media":0,"comment_status":"open","ping_status":"open","sticky":false,"template":"","format":"standard","meta":{"_monsterinsights_skip_tracking":false,"_monsterinsights_sitenote_active":false,"_monsterinsights_sitenote_note":"","_monsterinsights_sitenote_category":0,"footnotes":""},"categories":[78,392,378],"tags":[4976,4977,821,555,989],"class_list":["post-11629","post","type-post","status-publish","format-standard","hentry","category-comunicati-stampa","category-eventi","category-istruzione","tag-andrea-polo","tag-cagliari","tag-comunicazione","tag-facile-it","tag-universita"],"yoast_head":"<!-- This site is optimized with the Yoast SEO plugin v27.3 - https:\/\/yoast.com\/product\/yoast-seo-wordpress\/ -->\n<title>Universit\u00e0: a Cagliari lezione aperta sulla comunicazione - Article Marketing<\/title>\n<meta name=\"robots\" content=\"index, follow, max-snippet:-1, max-image-preview:large, max-video-preview:-1\" \/>\n<link rel=\"canonical\" href=\"https:\/\/www.article-marketing.eu\/comunicatistampa\/universita-a-cagliari-lezione-aperta-sulla-comunicazione\/\" \/>\n<meta property=\"og:locale\" content=\"it_IT\" \/>\n<meta property=\"og:type\" content=\"article\" \/>\n<meta property=\"og:title\" content=\"Universit\u00e0: a Cagliari lezione aperta sulla comunicazione - Article Marketing\" \/>\n<meta property=\"og:description\" content=\"Ornai 25 anni fa \u00e8 partito da Cagliari, come dice lui, per inseguire la sua voglia di comunicare. Oggi Andrea Polo, Direttore Comunicazione di Facile.it, una delle aziende italiane di maggior successo e fra i primissimi italiani laureati in Scienze della Comunicazione, pi\u00f9 precisamente in Comunicazione Istituzionali e di Impresa, torna nella sua citt\u00e0 per un\u2019occasione speciale la open lesson organizzata dall\u2019Universit\u00e0 degli studi di Cagliari (Facolt\u00e0 di Studi Umanistici,Continue reading...\" \/>\n<meta property=\"og:url\" content=\"https:\/\/www.article-marketing.eu\/comunicatistampa\/universita-a-cagliari-lezione-aperta-sulla-comunicazione\/\" \/>\n<meta property=\"og:site_name\" content=\"Article Marketing\" \/>\n<meta property=\"article:published_time\" content=\"2018-10-24T17:06:47+00:00\" \/>\n<meta name=\"author\" content=\"Facile.it\" \/>\n<meta name=\"twitter:card\" content=\"summary_large_image\" \/>\n<meta name=\"twitter:label1\" content=\"Scritto da\" \/>\n\t<meta name=\"twitter:data1\" content=\"Facile.it\" \/>\n\t<meta name=\"twitter:label2\" content=\"Tempo di lettura stimato\" \/>\n\t<meta name=\"twitter:data2\" content=\"1 minuto\" \/>\n<script type=\"application\/ld+json\" class=\"yoast-schema-graph\">{\"@context\":\"https:\\\/\\\/schema.org\",\"@graph\":[{\"@type\":\"Article\",\"@id\":\"https:\\\/\\\/www.article-marketing.eu\\\/comunicatistampa\\\/universita-a-cagliari-lezione-aperta-sulla-comunicazione\\\/#article\",\"isPartOf\":{\"@id\":\"https:\\\/\\\/www.article-marketing.eu\\\/comunicatistampa\\\/universita-a-cagliari-lezione-aperta-sulla-comunicazione\\\/\"},\"author\":{\"name\":\"Facile.it\",\"@id\":\"https:\\\/\\\/www.article-marketing.eu\\\/comunicatistampa\\\/#\\\/schema\\\/person\\\/1deca6d9e0cf173abfe76a90ef261a2a\"},\"headline\":\"Universit\u00e0: a Cagliari lezione aperta sulla comunicazione\",\"datePublished\":\"2018-10-24T17:06:47+00:00\",\"mainEntityOfPage\":{\"@id\":\"https:\\\/\\\/www.article-marketing.eu\\\/comunicatistampa\\\/universita-a-cagliari-lezione-aperta-sulla-comunicazione\\\/\"},\"wordCount\":280,\"commentCount\":0,\"keywords\":[\"Andrea Polo\",\"Cagliari\",\"comunicazione\",\"facile.it\",\"universit\u00e0\"],\"articleSection\":[\"Comunicati stampa\",\"Eventi\",\"Istruzione\"],\"inLanguage\":\"it-IT\",\"potentialAction\":[{\"@type\":\"CommentAction\",\"name\":\"Comment\",\"target\":[\"https:\\\/\\\/www.article-marketing.eu\\\/comunicatistampa\\\/universita-a-cagliari-lezione-aperta-sulla-comunicazione\\\/#respond\"]}]},{\"@type\":\"WebPage\",\"@id\":\"https:\\\/\\\/www.article-marketing.eu\\\/comunicatistampa\\\/universita-a-cagliari-lezione-aperta-sulla-comunicazione\\\/\",\"url\":\"https:\\\/\\\/www.article-marketing.eu\\\/comunicatistampa\\\/universita-a-cagliari-lezione-aperta-sulla-comunicazione\\\/\",\"name\":\"Universit\u00e0: a Cagliari lezione aperta sulla comunicazione - Article Marketing\",\"isPartOf\":{\"@id\":\"https:\\\/\\\/www.article-marketing.eu\\\/comunicatistampa\\\/#website\"},\"datePublished\":\"2018-10-24T17:06:47+00:00\",\"author\":{\"@id\":\"https:\\\/\\\/www.article-marketing.eu\\\/comunicatistampa\\\/#\\\/schema\\\/person\\\/1deca6d9e0cf173abfe76a90ef261a2a\"},\"breadcrumb\":{\"@id\":\"https:\\\/\\\/www.article-marketing.eu\\\/comunicatistampa\\\/universita-a-cagliari-lezione-aperta-sulla-comunicazione\\\/#breadcrumb\"},\"inLanguage\":\"it-IT\",\"potentialAction\":[{\"@type\":\"ReadAction\",\"target\":[\"https:\\\/\\\/www.article-marketing.eu\\\/comunicatistampa\\\/universita-a-cagliari-lezione-aperta-sulla-comunicazione\\\/\"]}]},{\"@type\":\"BreadcrumbList\",\"@id\":\"https:\\\/\\\/www.article-marketing.eu\\\/comunicatistampa\\\/universita-a-cagliari-lezione-aperta-sulla-comunicazione\\\/#breadcrumb\",\"itemListElement\":[{\"@type\":\"ListItem\",\"position\":1,\"name\":\"Home\",\"item\":\"https:\\\/\\\/www.article-marketing.eu\\\/comunicatistampa\\\/\"},{\"@type\":\"ListItem\",\"position\":2,\"name\":\"Universit\u00e0: a Cagliari lezione aperta sulla comunicazione\"}]},{\"@type\":\"WebSite\",\"@id\":\"https:\\\/\\\/www.article-marketing.eu\\\/comunicatistampa\\\/#website\",\"url\":\"https:\\\/\\\/www.article-marketing.eu\\\/comunicatistampa\\\/\",\"name\":\"Article Marketing\",\"description\":\"article marketing &amp; press release\",\"potentialAction\":[{\"@type\":\"SearchAction\",\"target\":{\"@type\":\"EntryPoint\",\"urlTemplate\":\"https:\\\/\\\/www.article-marketing.eu\\\/comunicatistampa\\\/?s={search_term_string}\"},\"query-input\":{\"@type\":\"PropertyValueSpecification\",\"valueRequired\":true,\"valueName\":\"search_term_string\"}}],\"inLanguage\":\"it-IT\"},{\"@type\":\"Person\",\"@id\":\"https:\\\/\\\/www.article-marketing.eu\\\/comunicatistampa\\\/#\\\/schema\\\/person\\\/1deca6d9e0cf173abfe76a90ef261a2a\",\"name\":\"Facile.it\",\"image\":{\"@type\":\"ImageObject\",\"inLanguage\":\"it-IT\",\"@id\":\"https:\\\/\\\/secure.gravatar.com\\\/avatar\\\/2623775dfcd174bde1a788a4bc028e9035747fa40886953f4954f56c45cf4b34?s=96&d=mm&r=g\",\"url\":\"https:\\\/\\\/secure.gravatar.com\\\/avatar\\\/2623775dfcd174bde1a788a4bc028e9035747fa40886953f4954f56c45cf4b34?s=96&d=mm&r=g\",\"contentUrl\":\"https:\\\/\\\/secure.gravatar.com\\\/avatar\\\/2623775dfcd174bde1a788a4bc028e9035747fa40886953f4954f56c45cf4b34?s=96&d=mm&r=g\",\"caption\":\"Facile.it\"},\"url\":\"https:\\\/\\\/www.article-marketing.eu\\\/comunicatistampa\\\/author\\\/facile-it\\\/\"}]}<\/script>\n<!-- \/ Yoast SEO plugin. -->","yoast_head_json":{"title":"Universit\u00e0: a Cagliari lezione aperta sulla comunicazione - Article Marketing","robots":{"index":"index","follow":"follow","max-snippet":"max-snippet:-1","max-image-preview":"max-image-preview:large","max-video-preview":"max-video-preview:-1"},"canonical":"https:\/\/www.article-marketing.eu\/comunicatistampa\/universita-a-cagliari-lezione-aperta-sulla-comunicazione\/","og_locale":"it_IT","og_type":"article","og_title":"Universit\u00e0: a Cagliari lezione aperta sulla comunicazione - Article Marketing","og_description":"Ornai 25 anni fa \u00e8 partito da Cagliari, come dice lui, per inseguire la sua voglia di comunicare. Oggi Andrea Polo, Direttore Comunicazione di Facile.it, una delle aziende italiane di maggior successo e fra i primissimi italiani laureati in Scienze della Comunicazione, pi\u00f9 precisamente in Comunicazione Istituzionali e di Impresa, torna nella sua citt\u00e0 per un\u2019occasione speciale la open lesson organizzata dall\u2019Universit\u00e0 degli studi di Cagliari (Facolt\u00e0 di Studi Umanistici,Continue reading...","og_url":"https:\/\/www.article-marketing.eu\/comunicatistampa\/universita-a-cagliari-lezione-aperta-sulla-comunicazione\/","og_site_name":"Article Marketing","article_published_time":"2018-10-24T17:06:47+00:00","author":"Facile.it","twitter_card":"summary_large_image","twitter_misc":{"Scritto da":"Facile.it","Tempo di lettura stimato":"1 minuto"},"schema":{"@context":"https:\/\/schema.org","@graph":[{"@type":"Article","@id":"https:\/\/www.article-marketing.eu\/comunicatistampa\/universita-a-cagliari-lezione-aperta-sulla-comunicazione\/#article","isPartOf":{"@id":"https:\/\/www.article-marketing.eu\/comunicatistampa\/universita-a-cagliari-lezione-aperta-sulla-comunicazione\/"},"author":{"name":"Facile.it","@id":"https:\/\/www.article-marketing.eu\/comunicatistampa\/#\/schema\/person\/1deca6d9e0cf173abfe76a90ef261a2a"},"headline":"Universit\u00e0: a Cagliari lezione aperta sulla comunicazione","datePublished":"2018-10-24T17:06:47+00:00","mainEntityOfPage":{"@id":"https:\/\/www.article-marketing.eu\/comunicatistampa\/universita-a-cagliari-lezione-aperta-sulla-comunicazione\/"},"wordCount":280,"commentCount":0,"keywords":["Andrea Polo","Cagliari","comunicazione","facile.it","universit\u00e0"],"articleSection":["Comunicati stampa","Eventi","Istruzione"],"inLanguage":"it-IT","potentialAction":[{"@type":"CommentAction","name":"Comment","target":["https:\/\/www.article-marketing.eu\/comunicatistampa\/universita-a-cagliari-lezione-aperta-sulla-comunicazione\/#respond"]}]},{"@type":"WebPage","@id":"https:\/\/www.article-marketing.eu\/comunicatistampa\/universita-a-cagliari-lezione-aperta-sulla-comunicazione\/","url":"https:\/\/www.article-marketing.eu\/comunicatistampa\/universita-a-cagliari-lezione-aperta-sulla-comunicazione\/","name":"Universit\u00e0: a Cagliari lezione aperta sulla comunicazione - Article Marketing","isPartOf":{"@id":"https:\/\/www.article-marketing.eu\/comunicatistampa\/#website"},"datePublished":"2018-10-24T17:06:47+00:00","author":{"@id":"https:\/\/www.article-marketing.eu\/comunicatistampa\/#\/schema\/person\/1deca6d9e0cf173abfe76a90ef261a2a"},"breadcrumb":{"@id":"https:\/\/www.article-marketing.eu\/comunicatistampa\/universita-a-cagliari-lezione-aperta-sulla-comunicazione\/#breadcrumb"},"inLanguage":"it-IT","potentialAction":[{"@type":"ReadAction","target":["https:\/\/www.article-marketing.eu\/comunicatistampa\/universita-a-cagliari-lezione-aperta-sulla-comunicazione\/"]}]},{"@type":"BreadcrumbList","@id":"https:\/\/www.article-marketing.eu\/comunicatistampa\/universita-a-cagliari-lezione-aperta-sulla-comunicazione\/#breadcrumb","itemListElement":[{"@type":"ListItem","position":1,"name":"Home","item":"https:\/\/www.article-marketing.eu\/comunicatistampa\/"},{"@type":"ListItem","position":2,"name":"Universit\u00e0: a Cagliari lezione aperta sulla comunicazione"}]},{"@type":"WebSite","@id":"https:\/\/www.article-marketing.eu\/comunicatistampa\/#website","url":"https:\/\/www.article-marketing.eu\/comunicatistampa\/","name":"Article Marketing","description":"article marketing &amp; press release","potentialAction":[{"@type":"SearchAction","target":{"@type":"EntryPoint","urlTemplate":"https:\/\/www.article-marketing.eu\/comunicatistampa\/?s={search_term_string}"},"query-input":{"@type":"PropertyValueSpecification","valueRequired":true,"valueName":"search_term_string"}}],"inLanguage":"it-IT"},{"@type":"Person","@id":"https:\/\/www.article-marketing.eu\/comunicatistampa\/#\/schema\/person\/1deca6d9e0cf173abfe76a90ef261a2a","name":"Facile.it","image":{"@type":"ImageObject","inLanguage":"it-IT","@id":"https:\/\/secure.gravatar.com\/avatar\/2623775dfcd174bde1a788a4bc028e9035747fa40886953f4954f56c45cf4b34?s=96&d=mm&r=g","url":"https:\/\/secure.gravatar.com\/avatar\/2623775dfcd174bde1a788a4bc028e9035747fa40886953f4954f56c45cf4b34?s=96&d=mm&r=g","contentUrl":"https:\/\/secure.gravatar.com\/avatar\/2623775dfcd174bde1a788a4bc028e9035747fa40886953f4954f56c45cf4b34?s=96&d=mm&r=g","caption":"Facile.it"},"url":"https:\/\/www.article-marketing.eu\/comunicatistampa\/author\/facile-it\/"}]}},"_links":{"self":[{"href":"https:\/\/www.article-marketing.eu\/comunicatistampa\/wp-json\/wp\/v2\/posts\/11629","targetHints":{"allow":["GET"]}}],"collection":[{"href":"https:\/\/www.article-marketing.eu\/comunicatistampa\/wp-json\/wp\/v2\/posts"}],"about":[{"href":"https:\/\/www.article-marketing.eu\/comunicatistampa\/wp-json\/wp\/v2\/types\/post"}],"author":[{"embeddable":true,"href":"https:\/\/www.article-marketing.eu\/comunicatistampa\/wp-json\/wp\/v2\/users\/62"}],"replies":[{"embeddable":true,"href":"https:\/\/www.article-marketing.eu\/comunicatistampa\/wp-json\/wp\/v2\/comments?post=11629"}],"version-history":[{"count":3,"href":"https:\/\/www.article-marketing.eu\/comunicatistampa\/wp-json\/wp\/v2\/posts\/11629\/revisions"}],"predecessor-version":[{"id":11635,"href":"https:\/\/www.article-marketing.eu\/comunicatistampa\/wp-json\/wp\/v2\/posts\/11629\/revisions\/11635"}],"wp:attachment":[{"href":"https:\/\/www.article-marketing.eu\/comunicatistampa\/wp-json\/wp\/v2\/media?parent=11629"}],"wp:term":[{"taxonomy":"category","embeddable":true,"href":"https:\/\/www.article-marketing.eu\/comunicatistampa\/wp-json\/wp\/v2\/categories?post=11629"},{"taxonomy":"post_tag","embeddable":true,"href":"https:\/\/www.article-marketing.eu\/comunicatistampa\/wp-json\/wp\/v2\/tags?post=11629"}],"curies":[{"name":"wp","href":"https:\/\/api.w.org\/{rel}","templated":true}]}}