{"id":1168,"date":"2017-03-17T11:21:28","date_gmt":"2017-03-17T10:21:28","guid":{"rendered":"http:\/\/www.article-marketing.eu\/comunicatistampa\/?p=1168"},"modified":"2017-03-17T11:21:28","modified_gmt":"2017-03-17T10:21:28","slug":"fabrizio-politi-afferma-il-sistema-economico-devessere-rinnovato","status":"publish","type":"post","link":"https:\/\/www.article-marketing.eu\/comunicatistampa\/fabrizio-politi-afferma-il-sistema-economico-devessere-rinnovato\/","title":{"rendered":"Fabrizio Politi afferma: \u201cIl sistema economico dev\u2019essere rinnovato\u201d"},"content":{"rendered":"<p>Oggi il sistema economico in vigore \u00e8 di tipo piramidale, ovvero esiste una grande quantit\u00e0 di consumatori, che rappresenta la base della piramide, da cui viene spostata ricchezza attraverso atti di consumo verso la parte superiore della piramide, che \u00e8 occupata da pochi ricchi. Nei secoli precedenti c\u2019erano delle barriere agli scambi commerciali che realizzavano dei mercati chiusi nel mondo, impedendo il flusso diretto delle merci dai ricchi ai poveri. Questi precedenti sistemi chiusi di mercato assicuravano che parte della ricchezza tornasse verso il basso grazie a investimenti, salari e servizi pubblici.<\/p>\n<p>Con l\u2019avvento della globalizzazione queste barriere sono state abbattute, e il mercato piramidale \u00e8 diventato fortemente asimmetrico poich\u00e9 la base di consumatori poveri incrementa sempre di pi\u00f9 e la punta si restringe.\u00a0 Le regole con cui le aziende operano si sarebbero dovute adeguare a questo sistema globalizzato, ma cos\u00ec non \u00e8 stato.<\/p>\n<p>Con la realizzazione di Sixth Continent, l\u2019imprenditore rivoluzionario <a href=\"http:\/\/www.youreporter.it\/foto_CHE_NE_PENSA_FABRIZIO_POLITI_DELLA_PATRIMONIALE\"><strong>Fabrizio Politi<\/strong><\/a> offre ai consumatori di comprare in una realt\u00e0 che li tutela in quanto parte bassa della societ\u00e0, garantendo che parte dei soldi spesi torner\u00e0 a loro nella societ\u00e0 per mano delle aziende da cui fanno i loro acquisti.<\/p>\n<p><strong>Fabrizio<\/strong> <strong>Politi<\/strong> ha scelto l\u2019algoritmo MoMoSy (Moderate Monetary System) per aiutare i consumatori a scegliere dove indirizzare i propri acquisti. L\u2019algoritmo calcola per 600mila imprese di 42 diversi paesi del mondo, un parametro che permette di individuare quelle aziende che si trovano in fase speculativa assorbendo troppa ricchezza e impoverendo il mercato. Queste aziende saranno segnalate, nel social di <strong>Politi<\/strong>, come aziende rosse. Le aziende che invece si trovano in fase virtuosa, quindi distribuiscono equilibratamente la ricchezza prodotta vengono indicate come aziende verdi e i consumatori sono incentivate a comprare da queste per averne un resoconto economico.<br \/>\nIl risultato dell\u2019algoritmo \u00e8 consultabile in maniera interattiva: ogni utente pu\u00f2 fare le proprie valutazioni e inserire nell\u2019 analisi le proprie recensioni. In questo modo le aziende che passano dalla fase speculativa alla fase virtuosa potranno velocemente essere segnalate nuovamente come aziende verdi e viceversa.<\/p>\n<p>I cittadini del sesto continente ideato da <strong>Politi<\/strong> hanno quindi la possibilit\u00e0 di condurre i propri acquisti verso le aziende virtuose incentivando lo sviluppo del mercato e di un\u2019economia pi\u00f9 giusta.<\/p>\n<p>&nbsp;<\/p>\n","protected":false},"excerpt":{"rendered":"<p>Oggi il sistema economico in vigore \u00e8 di tipo piramidale, ovvero esiste una grande quantit\u00e0 di consumatori, che rappresenta la base della piramide, da cui viene spostata ricchezza attraverso atti di consumo verso la parte superiore della piramide, che \u00e8 occupata da pochi ricchi. Nei secoli precedenti c\u2019erano delle barriere agli scambi commerciali che realizzavano dei mercati chiusi nel mondo, impedendo il flusso diretto delle merci dai ricchi ai poveri.<\/p>\n<p><a class=\"continue-reading\" href=\"https:\/\/www.article-marketing.eu\/comunicatistampa\/fabrizio-politi-afferma-il-sistema-economico-devessere-rinnovato\/\">Continue reading&#8230;<\/a><\/p>\n","protected":false},"author":152,"featured_media":0,"comment_status":"open","ping_status":"open","sticky":false,"template":"","format":"standard","meta":{"_monsterinsights_skip_tracking":false,"_monsterinsights_sitenote_active":false,"_monsterinsights_sitenote_note":"","_monsterinsights_sitenote_category":0,"footnotes":""},"categories":[388,386],"tags":[722,723,725,724],"class_list":["post-1168","post","type-post","status-publish","format-standard","hentry","category-aziende","category-economia-e-lavoro","tag-fabrizio-politi","tag-fabriziopoliti","tag-politi","tag-politi-fabrizio"],"yoast_head":"<!-- This site is optimized with the Yoast SEO plugin v27.3 - https:\/\/yoast.com\/product\/yoast-seo-wordpress\/ -->\n<title>Fabrizio Politi afferma: \u201cIl sistema economico dev\u2019essere rinnovato\u201d - Article Marketing<\/title>\n<meta name=\"robots\" content=\"index, follow, max-snippet:-1, max-image-preview:large, max-video-preview:-1\" \/>\n<link rel=\"canonical\" href=\"https:\/\/www.article-marketing.eu\/comunicatistampa\/fabrizio-politi-afferma-il-sistema-economico-devessere-rinnovato\/\" \/>\n<meta property=\"og:locale\" content=\"it_IT\" \/>\n<meta property=\"og:type\" content=\"article\" \/>\n<meta property=\"og:title\" content=\"Fabrizio Politi afferma: \u201cIl sistema economico dev\u2019essere rinnovato\u201d - Article Marketing\" \/>\n<meta property=\"og:description\" content=\"Oggi il sistema economico in vigore \u00e8 di tipo piramidale, ovvero esiste una grande quantit\u00e0 di consumatori, che rappresenta la base della piramide, da cui viene spostata ricchezza attraverso atti di consumo verso la parte superiore della piramide, che \u00e8 occupata da pochi ricchi. Nei secoli precedenti c\u2019erano delle barriere agli scambi commerciali che realizzavano dei mercati chiusi nel mondo, impedendo il flusso diretto delle merci dai ricchi ai poveri.Continue reading...\" \/>\n<meta property=\"og:url\" content=\"https:\/\/www.article-marketing.eu\/comunicatistampa\/fabrizio-politi-afferma-il-sistema-economico-devessere-rinnovato\/\" \/>\n<meta property=\"og:site_name\" content=\"Article Marketing\" \/>\n<meta property=\"article:published_time\" content=\"2017-03-17T10:21:28+00:00\" \/>\n<meta name=\"author\" content=\"fabrizio politi\" \/>\n<meta name=\"twitter:card\" content=\"summary_large_image\" \/>\n<meta name=\"twitter:label1\" content=\"Scritto da\" \/>\n\t<meta name=\"twitter:data1\" content=\"fabrizio politi\" \/>\n\t<meta name=\"twitter:label2\" content=\"Tempo di lettura stimato\" \/>\n\t<meta name=\"twitter:data2\" content=\"2 minuti\" \/>\n<script type=\"application\/ld+json\" class=\"yoast-schema-graph\">{\"@context\":\"https:\\\/\\\/schema.org\",\"@graph\":[{\"@type\":\"Article\",\"@id\":\"https:\\\/\\\/www.article-marketing.eu\\\/comunicatistampa\\\/fabrizio-politi-afferma-il-sistema-economico-devessere-rinnovato\\\/#article\",\"isPartOf\":{\"@id\":\"https:\\\/\\\/www.article-marketing.eu\\\/comunicatistampa\\\/fabrizio-politi-afferma-il-sistema-economico-devessere-rinnovato\\\/\"},\"author\":{\"name\":\"fabrizio politi\",\"@id\":\"https:\\\/\\\/www.article-marketing.eu\\\/comunicatistampa\\\/#\\\/schema\\\/person\\\/246091a258fb1b22778c2d38827ec5bf\"},\"headline\":\"Fabrizio Politi afferma: \u201cIl sistema economico dev\u2019essere rinnovato\u201d\",\"datePublished\":\"2017-03-17T10:21:28+00:00\",\"mainEntityOfPage\":{\"@id\":\"https:\\\/\\\/www.article-marketing.eu\\\/comunicatistampa\\\/fabrizio-politi-afferma-il-sistema-economico-devessere-rinnovato\\\/\"},\"wordCount\":376,\"commentCount\":0,\"keywords\":[\"fabrizio politi\",\"fabriziopoliti\",\"politi\",\"politi fabrizio\"],\"articleSection\":[\"Aziende\",\"Economia e lavoro\"],\"inLanguage\":\"it-IT\",\"potentialAction\":[{\"@type\":\"CommentAction\",\"name\":\"Comment\",\"target\":[\"https:\\\/\\\/www.article-marketing.eu\\\/comunicatistampa\\\/fabrizio-politi-afferma-il-sistema-economico-devessere-rinnovato\\\/#respond\"]}]},{\"@type\":\"WebPage\",\"@id\":\"https:\\\/\\\/www.article-marketing.eu\\\/comunicatistampa\\\/fabrizio-politi-afferma-il-sistema-economico-devessere-rinnovato\\\/\",\"url\":\"https:\\\/\\\/www.article-marketing.eu\\\/comunicatistampa\\\/fabrizio-politi-afferma-il-sistema-economico-devessere-rinnovato\\\/\",\"name\":\"Fabrizio Politi afferma: \u201cIl sistema economico dev\u2019essere rinnovato\u201d - Article Marketing\",\"isPartOf\":{\"@id\":\"https:\\\/\\\/www.article-marketing.eu\\\/comunicatistampa\\\/#website\"},\"datePublished\":\"2017-03-17T10:21:28+00:00\",\"author\":{\"@id\":\"https:\\\/\\\/www.article-marketing.eu\\\/comunicatistampa\\\/#\\\/schema\\\/person\\\/246091a258fb1b22778c2d38827ec5bf\"},\"breadcrumb\":{\"@id\":\"https:\\\/\\\/www.article-marketing.eu\\\/comunicatistampa\\\/fabrizio-politi-afferma-il-sistema-economico-devessere-rinnovato\\\/#breadcrumb\"},\"inLanguage\":\"it-IT\",\"potentialAction\":[{\"@type\":\"ReadAction\",\"target\":[\"https:\\\/\\\/www.article-marketing.eu\\\/comunicatistampa\\\/fabrizio-politi-afferma-il-sistema-economico-devessere-rinnovato\\\/\"]}]},{\"@type\":\"BreadcrumbList\",\"@id\":\"https:\\\/\\\/www.article-marketing.eu\\\/comunicatistampa\\\/fabrizio-politi-afferma-il-sistema-economico-devessere-rinnovato\\\/#breadcrumb\",\"itemListElement\":[{\"@type\":\"ListItem\",\"position\":1,\"name\":\"Home\",\"item\":\"https:\\\/\\\/www.article-marketing.eu\\\/comunicatistampa\\\/\"},{\"@type\":\"ListItem\",\"position\":2,\"name\":\"Fabrizio Politi afferma: \u201cIl sistema economico dev\u2019essere rinnovato\u201d\"}]},{\"@type\":\"WebSite\",\"@id\":\"https:\\\/\\\/www.article-marketing.eu\\\/comunicatistampa\\\/#website\",\"url\":\"https:\\\/\\\/www.article-marketing.eu\\\/comunicatistampa\\\/\",\"name\":\"Article Marketing\",\"description\":\"article marketing &amp; press release\",\"potentialAction\":[{\"@type\":\"SearchAction\",\"target\":{\"@type\":\"EntryPoint\",\"urlTemplate\":\"https:\\\/\\\/www.article-marketing.eu\\\/comunicatistampa\\\/?s={search_term_string}\"},\"query-input\":{\"@type\":\"PropertyValueSpecification\",\"valueRequired\":true,\"valueName\":\"search_term_string\"}}],\"inLanguage\":\"it-IT\"},{\"@type\":\"Person\",\"@id\":\"https:\\\/\\\/www.article-marketing.eu\\\/comunicatistampa\\\/#\\\/schema\\\/person\\\/246091a258fb1b22778c2d38827ec5bf\",\"name\":\"fabrizio politi\",\"image\":{\"@type\":\"ImageObject\",\"inLanguage\":\"it-IT\",\"@id\":\"https:\\\/\\\/secure.gravatar.com\\\/avatar\\\/df6eca0592b2669da5f70d1dd0d212001c1be2d629a82c52e6f91da32b64610a?s=96&d=mm&r=g\",\"url\":\"https:\\\/\\\/secure.gravatar.com\\\/avatar\\\/df6eca0592b2669da5f70d1dd0d212001c1be2d629a82c52e6f91da32b64610a?s=96&d=mm&r=g\",\"contentUrl\":\"https:\\\/\\\/secure.gravatar.com\\\/avatar\\\/df6eca0592b2669da5f70d1dd0d212001c1be2d629a82c52e6f91da32b64610a?s=96&d=mm&r=g\",\"caption\":\"fabrizio politi\"},\"url\":\"https:\\\/\\\/www.article-marketing.eu\\\/comunicatistampa\\\/author\\\/fabrizio-politi\\\/\"}]}<\/script>\n<!-- \/ Yoast SEO plugin. -->","yoast_head_json":{"title":"Fabrizio Politi afferma: \u201cIl sistema economico dev\u2019essere rinnovato\u201d - Article Marketing","robots":{"index":"index","follow":"follow","max-snippet":"max-snippet:-1","max-image-preview":"max-image-preview:large","max-video-preview":"max-video-preview:-1"},"canonical":"https:\/\/www.article-marketing.eu\/comunicatistampa\/fabrizio-politi-afferma-il-sistema-economico-devessere-rinnovato\/","og_locale":"it_IT","og_type":"article","og_title":"Fabrizio Politi afferma: \u201cIl sistema economico dev\u2019essere rinnovato\u201d - Article Marketing","og_description":"Oggi il sistema economico in vigore \u00e8 di tipo piramidale, ovvero esiste una grande quantit\u00e0 di consumatori, che rappresenta la base della piramide, da cui viene spostata ricchezza attraverso atti di consumo verso la parte superiore della piramide, che \u00e8 occupata da pochi ricchi. Nei secoli precedenti c\u2019erano delle barriere agli scambi commerciali che realizzavano dei mercati chiusi nel mondo, impedendo il flusso diretto delle merci dai ricchi ai poveri.Continue reading...","og_url":"https:\/\/www.article-marketing.eu\/comunicatistampa\/fabrizio-politi-afferma-il-sistema-economico-devessere-rinnovato\/","og_site_name":"Article Marketing","article_published_time":"2017-03-17T10:21:28+00:00","author":"fabrizio politi","twitter_card":"summary_large_image","twitter_misc":{"Scritto da":"fabrizio politi","Tempo di lettura stimato":"2 minuti"},"schema":{"@context":"https:\/\/schema.org","@graph":[{"@type":"Article","@id":"https:\/\/www.article-marketing.eu\/comunicatistampa\/fabrizio-politi-afferma-il-sistema-economico-devessere-rinnovato\/#article","isPartOf":{"@id":"https:\/\/www.article-marketing.eu\/comunicatistampa\/fabrizio-politi-afferma-il-sistema-economico-devessere-rinnovato\/"},"author":{"name":"fabrizio politi","@id":"https:\/\/www.article-marketing.eu\/comunicatistampa\/#\/schema\/person\/246091a258fb1b22778c2d38827ec5bf"},"headline":"Fabrizio Politi afferma: \u201cIl sistema economico dev\u2019essere rinnovato\u201d","datePublished":"2017-03-17T10:21:28+00:00","mainEntityOfPage":{"@id":"https:\/\/www.article-marketing.eu\/comunicatistampa\/fabrizio-politi-afferma-il-sistema-economico-devessere-rinnovato\/"},"wordCount":376,"commentCount":0,"keywords":["fabrizio politi","fabriziopoliti","politi","politi fabrizio"],"articleSection":["Aziende","Economia e lavoro"],"inLanguage":"it-IT","potentialAction":[{"@type":"CommentAction","name":"Comment","target":["https:\/\/www.article-marketing.eu\/comunicatistampa\/fabrizio-politi-afferma-il-sistema-economico-devessere-rinnovato\/#respond"]}]},{"@type":"WebPage","@id":"https:\/\/www.article-marketing.eu\/comunicatistampa\/fabrizio-politi-afferma-il-sistema-economico-devessere-rinnovato\/","url":"https:\/\/www.article-marketing.eu\/comunicatistampa\/fabrizio-politi-afferma-il-sistema-economico-devessere-rinnovato\/","name":"Fabrizio Politi afferma: \u201cIl sistema economico dev\u2019essere rinnovato\u201d - Article Marketing","isPartOf":{"@id":"https:\/\/www.article-marketing.eu\/comunicatistampa\/#website"},"datePublished":"2017-03-17T10:21:28+00:00","author":{"@id":"https:\/\/www.article-marketing.eu\/comunicatistampa\/#\/schema\/person\/246091a258fb1b22778c2d38827ec5bf"},"breadcrumb":{"@id":"https:\/\/www.article-marketing.eu\/comunicatistampa\/fabrizio-politi-afferma-il-sistema-economico-devessere-rinnovato\/#breadcrumb"},"inLanguage":"it-IT","potentialAction":[{"@type":"ReadAction","target":["https:\/\/www.article-marketing.eu\/comunicatistampa\/fabrizio-politi-afferma-il-sistema-economico-devessere-rinnovato\/"]}]},{"@type":"BreadcrumbList","@id":"https:\/\/www.article-marketing.eu\/comunicatistampa\/fabrizio-politi-afferma-il-sistema-economico-devessere-rinnovato\/#breadcrumb","itemListElement":[{"@type":"ListItem","position":1,"name":"Home","item":"https:\/\/www.article-marketing.eu\/comunicatistampa\/"},{"@type":"ListItem","position":2,"name":"Fabrizio Politi afferma: \u201cIl sistema economico dev\u2019essere rinnovato\u201d"}]},{"@type":"WebSite","@id":"https:\/\/www.article-marketing.eu\/comunicatistampa\/#website","url":"https:\/\/www.article-marketing.eu\/comunicatistampa\/","name":"Article Marketing","description":"article marketing &amp; press release","potentialAction":[{"@type":"SearchAction","target":{"@type":"EntryPoint","urlTemplate":"https:\/\/www.article-marketing.eu\/comunicatistampa\/?s={search_term_string}"},"query-input":{"@type":"PropertyValueSpecification","valueRequired":true,"valueName":"search_term_string"}}],"inLanguage":"it-IT"},{"@type":"Person","@id":"https:\/\/www.article-marketing.eu\/comunicatistampa\/#\/schema\/person\/246091a258fb1b22778c2d38827ec5bf","name":"fabrizio politi","image":{"@type":"ImageObject","inLanguage":"it-IT","@id":"https:\/\/secure.gravatar.com\/avatar\/df6eca0592b2669da5f70d1dd0d212001c1be2d629a82c52e6f91da32b64610a?s=96&d=mm&r=g","url":"https:\/\/secure.gravatar.com\/avatar\/df6eca0592b2669da5f70d1dd0d212001c1be2d629a82c52e6f91da32b64610a?s=96&d=mm&r=g","contentUrl":"https:\/\/secure.gravatar.com\/avatar\/df6eca0592b2669da5f70d1dd0d212001c1be2d629a82c52e6f91da32b64610a?s=96&d=mm&r=g","caption":"fabrizio politi"},"url":"https:\/\/www.article-marketing.eu\/comunicatistampa\/author\/fabrizio-politi\/"}]}},"_links":{"self":[{"href":"https:\/\/www.article-marketing.eu\/comunicatistampa\/wp-json\/wp\/v2\/posts\/1168","targetHints":{"allow":["GET"]}}],"collection":[{"href":"https:\/\/www.article-marketing.eu\/comunicatistampa\/wp-json\/wp\/v2\/posts"}],"about":[{"href":"https:\/\/www.article-marketing.eu\/comunicatistampa\/wp-json\/wp\/v2\/types\/post"}],"author":[{"embeddable":true,"href":"https:\/\/www.article-marketing.eu\/comunicatistampa\/wp-json\/wp\/v2\/users\/152"}],"replies":[{"embeddable":true,"href":"https:\/\/www.article-marketing.eu\/comunicatistampa\/wp-json\/wp\/v2\/comments?post=1168"}],"version-history":[{"count":4,"href":"https:\/\/www.article-marketing.eu\/comunicatistampa\/wp-json\/wp\/v2\/posts\/1168\/revisions"}],"predecessor-version":[{"id":1184,"href":"https:\/\/www.article-marketing.eu\/comunicatistampa\/wp-json\/wp\/v2\/posts\/1168\/revisions\/1184"}],"wp:attachment":[{"href":"https:\/\/www.article-marketing.eu\/comunicatistampa\/wp-json\/wp\/v2\/media?parent=1168"}],"wp:term":[{"taxonomy":"category","embeddable":true,"href":"https:\/\/www.article-marketing.eu\/comunicatistampa\/wp-json\/wp\/v2\/categories?post=1168"},{"taxonomy":"post_tag","embeddable":true,"href":"https:\/\/www.article-marketing.eu\/comunicatistampa\/wp-json\/wp\/v2\/tags?post=1168"}],"curies":[{"name":"wp","href":"https:\/\/api.w.org\/{rel}","templated":true}]}}