{"id":11695,"date":"2018-10-26T01:54:18","date_gmt":"2018-10-25T23:54:18","guid":{"rendered":"http:\/\/www.article-marketing.eu\/comunicatistampa\/?p=11695"},"modified":"2018-10-26T01:54:18","modified_gmt":"2018-10-25T23:54:18","slug":"iv-forum-internazionale-to-be-verona-tutti-i-numeri-dellevento","status":"publish","type":"post","link":"https:\/\/www.article-marketing.eu\/comunicatistampa\/iv-forum-internazionale-to-be-verona-tutti-i-numeri-dellevento\/","title":{"rendered":"IV Forum Internazionale To Be Verona: tutti i numeri dell\u2019evento"},"content":{"rendered":"<p><em>Verona, Ottobre 2018<\/em> &#8211; Si \u00e8 svolto sabato 20 ottobre 2018, nell\u2019Auditorium di Palazzo della Gran Guardia, il <strong>IV Forum Internazionale To Be Verona \u201cDisruptive Learning\u201d<\/strong>, che ha registrato importanti numeri in termini di affluenza contando oltre 350 partecipanti, di cui <strong>120 imprenditori<\/strong> <strong>e professionisti<\/strong>, <strong>220 studenti<\/strong>, <strong>16 giornalisti<\/strong> di testate nazionali, locali ed economiche.<br \/>\nDeterminante il coinvolgimento attivo dei giovani, che sono stati invitati a mettersi in gioco immaginando la Verona del futuro, con risultati sorprendenti: infatti, nella giornata del <strong>17 ottobre<\/strong>, 85 studenti provenienti da 12 scuole di Verona e provincia sono stati impegnati nel <strong>\u201cVision Hack\u201d<\/strong>, l\u2019<strong>Hackathon<\/strong> organizzato da <strong>Impactscool<\/strong>, durante il quale i ragazzi stessi hanno realizzato <strong>12 progetti<\/strong>, <strong>3<\/strong> dei quali giunti in finale e presentati durante il Forum. Attraverso una votazione live \u00e8 stato decretato e premiato sul palco il gruppo vincitore, che ha disegnato un\u2019idea di <strong>Verona nel 2050<\/strong>, ottimizzata in funzione del rispetto dell\u2019ambiente, in perfetto equilibrio fra tecnologia e sostenibilit\u00e0.<\/p>\n<p>La conferenza ha visto <strong>7 relatori<\/strong> d\u2019eccezione che &#8211; dopo l\u2019introduzione di <strong>Mauro Galbusera<\/strong>, Presidente di Ass.Im.P. ed i saluti istituzionali di <strong>Federico Sboarina<\/strong>, Sindaco di Verona, <strong>Mario Pezzotti<\/strong>, Vice Rettore per la Ricerca dell\u2019Universit\u00e0 degli Studi di Verona, <strong>Antonello Vedovato<\/strong>, Presidente della Fondazione Edulife e <strong>Gabriella Piccoli<\/strong>, Dirigente Scolastico dell\u2019ITIS Marconi di Verona &#8211; hanno accompagnato la platea in un percorso sull\u2019Education ed i suoi scenari futuri. Dallo sviluppo di competenze per chi si approccia al mondo del lavoro, alla formazione permanente rivolta gli adulti, fino ad arrivare ai programmi di accelerazione per la crescita delle aziende: questi sono solo alcuni dei temi approfonditi durante l\u2019evento.<\/p>\n<p><strong>To Be Verona<\/strong> ha riscosso notevole successo anche nel web con un grande riscontro social su Facebook, Twitter ed Instagram: ben <strong>70<\/strong> sono stati i <strong>tweet<\/strong> dedicati alla giornata di Hackathon e del Forum, <strong>Facebook<\/strong> in poco pi\u00f9 di 5 giorni ha registrato una <strong>copertura di 42.592 persone<\/strong>, <strong>995 visualizzazioni dei video<\/strong>, <strong>940 interazioni<\/strong> con i post e <strong>134 nuovi like<\/strong> alla pagina.<br \/>\nIl social che si \u00e8 rivelato pi\u00f9 apprezzato dagli utenti \u00e8 stato <strong>Instagram<\/strong>, protagonista del <strong>contest pre evento #veronascosta<\/strong>, un\u2019iniziativa volta a raccogliere immagini che hanno svelato aspetti inediti della citt\u00e0 e del suo territorio. Sono state <strong>338 le fotografie pervenute<\/strong> in poco meno di un mese utilizzando gli hashtag #tobeverona o #veronascosta e attraverso la mail info@tobeverona.it. Il vincitore, <strong>Marco Bonfi<\/strong>, \u00e8 stato premiato alla fine del Forum dal fotografo internazionale <strong>Maurizio Marcato<\/strong>.<\/p>\n<p>Il <strong>IV Forum Internazionale<\/strong> \u00e8 stato promosso e sostenuto da <strong>12 sponsor<\/strong> (AGSM, AIA, Arena Broker, BCC-Banca di Verona, Banco BPM, Cattolica Assicurazioni, Famila, Fondazione Zanotto, Galbusera Assicurazioni, Karrel Srl, Rana, STI Internazionale SPA),<strong> 11 partner<\/strong> (311Verona, Acqua Veronesi, ENoLL, Funivia Malcesine &#8211; Monte Baldo, H-Farm, Impactscool, IXL-Center, Social Meter Analysis, Metaphos, Renbel Group, WeArena), <strong>1 media partner<\/strong> (Radio Pico)<strong> 9 patrocini<\/strong> (Apindustria, Camera di Commercio Verona, Comune di Verona, Confcommercio Verona, Confindustria Verona, MIUR Veneto, Ordine degli Ingegneri di Verona e Provincia, Provincia di Verona, Regione Veneto).<\/p>\n<p>&nbsp;<\/p>\n<p><strong>To Be Verona<\/strong><br \/>\nLungadige Galtarossa, 21<br \/>\n37133 Verona<br \/>\ninfo@tobeverona.it<br \/>\nwww.tobeverona.it<\/p>\n<p><strong>Press office Terzomillennium<\/strong><br \/>\nbarbara@terzomillennium.net<br \/>\ninfo@terzomillennium.net<br \/>\nT. 045 6050601<br \/>\nwww.terzomillennium.net<\/p>\n","protected":false},"excerpt":{"rendered":"<p>Verona, Ottobre 2018 &#8211; Si \u00e8 svolto sabato 20 ottobre 2018, nell\u2019Auditorium di Palazzo della Gran Guardia, il IV Forum Internazionale To Be Verona \u201cDisruptive Learning\u201d, che ha registrato importanti numeri in termini di affluenza contando oltre 350 partecipanti, di cui 120 imprenditori e professionisti, 220 studenti, 16 giornalisti di testate nazionali, locali ed economiche. Determinante il coinvolgimento attivo dei giovani, che sono stati invitati a mettersi in gioco immaginando<\/p>\n<p><a class=\"continue-reading\" href=\"https:\/\/www.article-marketing.eu\/comunicatistampa\/iv-forum-internazionale-to-be-verona-tutti-i-numeri-dellevento\/\">Continue reading&#8230;<\/a><\/p>\n","protected":false},"author":344,"featured_media":0,"comment_status":"open","ping_status":"open","sticky":false,"template":"","format":"standard","meta":{"_monsterinsights_skip_tracking":false,"_monsterinsights_sitenote_active":false,"_monsterinsights_sitenote_note":"","_monsterinsights_sitenote_category":0,"footnotes":""},"categories":[386,378],"tags":[4990,4991,4992,2763],"class_list":["post-11695","post","type-post","status-publish","format-standard","hentry","category-economia-e-lavoro","category-istruzione","tag-disruptive-learning","tag-iv-forum-internazionale-to-be-verona","tag-numeriche-evento","tag-to-be-verona"],"yoast_head":"<!-- This site is optimized with the Yoast SEO plugin v27.3 - https:\/\/yoast.com\/product\/yoast-seo-wordpress\/ -->\n<title>IV Forum Internazionale To Be Verona: tutti i numeri dell\u2019evento - Article Marketing<\/title>\n<meta name=\"robots\" content=\"index, follow, max-snippet:-1, max-image-preview:large, max-video-preview:-1\" \/>\n<link rel=\"canonical\" href=\"https:\/\/www.article-marketing.eu\/comunicatistampa\/iv-forum-internazionale-to-be-verona-tutti-i-numeri-dellevento\/\" \/>\n<meta property=\"og:locale\" content=\"it_IT\" \/>\n<meta property=\"og:type\" content=\"article\" \/>\n<meta property=\"og:title\" content=\"IV Forum Internazionale To Be Verona: tutti i numeri dell\u2019evento - Article Marketing\" \/>\n<meta property=\"og:description\" content=\"Verona, Ottobre 2018 &#8211; Si \u00e8 svolto sabato 20 ottobre 2018, nell\u2019Auditorium di Palazzo della Gran Guardia, il IV Forum Internazionale To Be Verona \u201cDisruptive Learning\u201d, che ha registrato importanti numeri in termini di affluenza contando oltre 350 partecipanti, di cui 120 imprenditori e professionisti, 220 studenti, 16 giornalisti di testate nazionali, locali ed economiche. Determinante il coinvolgimento attivo dei giovani, che sono stati invitati a mettersi in gioco immaginandoContinue reading...\" \/>\n<meta property=\"og:url\" content=\"https:\/\/www.article-marketing.eu\/comunicatistampa\/iv-forum-internazionale-to-be-verona-tutti-i-numeri-dellevento\/\" \/>\n<meta property=\"og:site_name\" content=\"Article Marketing\" \/>\n<meta property=\"article:published_time\" content=\"2018-10-25T23:54:18+00:00\" \/>\n<meta name=\"author\" content=\"terzomillennium\" \/>\n<meta name=\"twitter:card\" content=\"summary_large_image\" \/>\n<meta name=\"twitter:label1\" content=\"Scritto da\" \/>\n\t<meta name=\"twitter:data1\" content=\"terzomillennium\" \/>\n\t<meta name=\"twitter:label2\" content=\"Tempo di lettura stimato\" \/>\n\t<meta name=\"twitter:data2\" content=\"3 minuti\" \/>\n<script type=\"application\/ld+json\" class=\"yoast-schema-graph\">{\"@context\":\"https:\\\/\\\/schema.org\",\"@graph\":[{\"@type\":\"Article\",\"@id\":\"https:\\\/\\\/www.article-marketing.eu\\\/comunicatistampa\\\/iv-forum-internazionale-to-be-verona-tutti-i-numeri-dellevento\\\/#article\",\"isPartOf\":{\"@id\":\"https:\\\/\\\/www.article-marketing.eu\\\/comunicatistampa\\\/iv-forum-internazionale-to-be-verona-tutti-i-numeri-dellevento\\\/\"},\"author\":{\"name\":\"terzomillennium\",\"@id\":\"https:\\\/\\\/www.article-marketing.eu\\\/comunicatistampa\\\/#\\\/schema\\\/person\\\/dbe4c5d399df926e2213f28673797307\"},\"headline\":\"IV Forum Internazionale To Be Verona: tutti i numeri dell\u2019evento\",\"datePublished\":\"2018-10-25T23:54:18+00:00\",\"mainEntityOfPage\":{\"@id\":\"https:\\\/\\\/www.article-marketing.eu\\\/comunicatistampa\\\/iv-forum-internazionale-to-be-verona-tutti-i-numeri-dellevento\\\/\"},\"wordCount\":512,\"commentCount\":0,\"keywords\":[\"disruptive learning\",\"iv forum internazionale to be verona\",\"numeriche evento\",\"To Be Verona\"],\"articleSection\":[\"Economia e lavoro\",\"Istruzione\"],\"inLanguage\":\"it-IT\",\"potentialAction\":[{\"@type\":\"CommentAction\",\"name\":\"Comment\",\"target\":[\"https:\\\/\\\/www.article-marketing.eu\\\/comunicatistampa\\\/iv-forum-internazionale-to-be-verona-tutti-i-numeri-dellevento\\\/#respond\"]}]},{\"@type\":\"WebPage\",\"@id\":\"https:\\\/\\\/www.article-marketing.eu\\\/comunicatistampa\\\/iv-forum-internazionale-to-be-verona-tutti-i-numeri-dellevento\\\/\",\"url\":\"https:\\\/\\\/www.article-marketing.eu\\\/comunicatistampa\\\/iv-forum-internazionale-to-be-verona-tutti-i-numeri-dellevento\\\/\",\"name\":\"IV Forum Internazionale To Be Verona: tutti i numeri dell\u2019evento - Article Marketing\",\"isPartOf\":{\"@id\":\"https:\\\/\\\/www.article-marketing.eu\\\/comunicatistampa\\\/#website\"},\"datePublished\":\"2018-10-25T23:54:18+00:00\",\"author\":{\"@id\":\"https:\\\/\\\/www.article-marketing.eu\\\/comunicatistampa\\\/#\\\/schema\\\/person\\\/dbe4c5d399df926e2213f28673797307\"},\"breadcrumb\":{\"@id\":\"https:\\\/\\\/www.article-marketing.eu\\\/comunicatistampa\\\/iv-forum-internazionale-to-be-verona-tutti-i-numeri-dellevento\\\/#breadcrumb\"},\"inLanguage\":\"it-IT\",\"potentialAction\":[{\"@type\":\"ReadAction\",\"target\":[\"https:\\\/\\\/www.article-marketing.eu\\\/comunicatistampa\\\/iv-forum-internazionale-to-be-verona-tutti-i-numeri-dellevento\\\/\"]}]},{\"@type\":\"BreadcrumbList\",\"@id\":\"https:\\\/\\\/www.article-marketing.eu\\\/comunicatistampa\\\/iv-forum-internazionale-to-be-verona-tutti-i-numeri-dellevento\\\/#breadcrumb\",\"itemListElement\":[{\"@type\":\"ListItem\",\"position\":1,\"name\":\"Home\",\"item\":\"https:\\\/\\\/www.article-marketing.eu\\\/comunicatistampa\\\/\"},{\"@type\":\"ListItem\",\"position\":2,\"name\":\"IV Forum Internazionale To Be Verona: tutti i numeri dell\u2019evento\"}]},{\"@type\":\"WebSite\",\"@id\":\"https:\\\/\\\/www.article-marketing.eu\\\/comunicatistampa\\\/#website\",\"url\":\"https:\\\/\\\/www.article-marketing.eu\\\/comunicatistampa\\\/\",\"name\":\"Article Marketing\",\"description\":\"article marketing &amp; press release\",\"potentialAction\":[{\"@type\":\"SearchAction\",\"target\":{\"@type\":\"EntryPoint\",\"urlTemplate\":\"https:\\\/\\\/www.article-marketing.eu\\\/comunicatistampa\\\/?s={search_term_string}\"},\"query-input\":{\"@type\":\"PropertyValueSpecification\",\"valueRequired\":true,\"valueName\":\"search_term_string\"}}],\"inLanguage\":\"it-IT\"},{\"@type\":\"Person\",\"@id\":\"https:\\\/\\\/www.article-marketing.eu\\\/comunicatistampa\\\/#\\\/schema\\\/person\\\/dbe4c5d399df926e2213f28673797307\",\"name\":\"terzomillennium\",\"image\":{\"@type\":\"ImageObject\",\"inLanguage\":\"it-IT\",\"@id\":\"https:\\\/\\\/secure.gravatar.com\\\/avatar\\\/05fbb0856efe8321f9a676f0e98cc114b824c8fb0f82a087cc91ec92770cbec7?s=96&d=mm&r=g\",\"url\":\"https:\\\/\\\/secure.gravatar.com\\\/avatar\\\/05fbb0856efe8321f9a676f0e98cc114b824c8fb0f82a087cc91ec92770cbec7?s=96&d=mm&r=g\",\"contentUrl\":\"https:\\\/\\\/secure.gravatar.com\\\/avatar\\\/05fbb0856efe8321f9a676f0e98cc114b824c8fb0f82a087cc91ec92770cbec7?s=96&d=mm&r=g\",\"caption\":\"terzomillennium\"},\"url\":\"https:\\\/\\\/www.article-marketing.eu\\\/comunicatistampa\\\/author\\\/terzomillennium\\\/\"}]}<\/script>\n<!-- \/ Yoast SEO plugin. -->","yoast_head_json":{"title":"IV Forum Internazionale To Be Verona: tutti i numeri dell\u2019evento - Article Marketing","robots":{"index":"index","follow":"follow","max-snippet":"max-snippet:-1","max-image-preview":"max-image-preview:large","max-video-preview":"max-video-preview:-1"},"canonical":"https:\/\/www.article-marketing.eu\/comunicatistampa\/iv-forum-internazionale-to-be-verona-tutti-i-numeri-dellevento\/","og_locale":"it_IT","og_type":"article","og_title":"IV Forum Internazionale To Be Verona: tutti i numeri dell\u2019evento - Article Marketing","og_description":"Verona, Ottobre 2018 &#8211; Si \u00e8 svolto sabato 20 ottobre 2018, nell\u2019Auditorium di Palazzo della Gran Guardia, il IV Forum Internazionale To Be Verona \u201cDisruptive Learning\u201d, che ha registrato importanti numeri in termini di affluenza contando oltre 350 partecipanti, di cui 120 imprenditori e professionisti, 220 studenti, 16 giornalisti di testate nazionali, locali ed economiche. Determinante il coinvolgimento attivo dei giovani, che sono stati invitati a mettersi in gioco immaginandoContinue reading...","og_url":"https:\/\/www.article-marketing.eu\/comunicatistampa\/iv-forum-internazionale-to-be-verona-tutti-i-numeri-dellevento\/","og_site_name":"Article Marketing","article_published_time":"2018-10-25T23:54:18+00:00","author":"terzomillennium","twitter_card":"summary_large_image","twitter_misc":{"Scritto da":"terzomillennium","Tempo di lettura stimato":"3 minuti"},"schema":{"@context":"https:\/\/schema.org","@graph":[{"@type":"Article","@id":"https:\/\/www.article-marketing.eu\/comunicatistampa\/iv-forum-internazionale-to-be-verona-tutti-i-numeri-dellevento\/#article","isPartOf":{"@id":"https:\/\/www.article-marketing.eu\/comunicatistampa\/iv-forum-internazionale-to-be-verona-tutti-i-numeri-dellevento\/"},"author":{"name":"terzomillennium","@id":"https:\/\/www.article-marketing.eu\/comunicatistampa\/#\/schema\/person\/dbe4c5d399df926e2213f28673797307"},"headline":"IV Forum Internazionale To Be Verona: tutti i numeri dell\u2019evento","datePublished":"2018-10-25T23:54:18+00:00","mainEntityOfPage":{"@id":"https:\/\/www.article-marketing.eu\/comunicatistampa\/iv-forum-internazionale-to-be-verona-tutti-i-numeri-dellevento\/"},"wordCount":512,"commentCount":0,"keywords":["disruptive learning","iv forum internazionale to be verona","numeriche evento","To Be Verona"],"articleSection":["Economia e lavoro","Istruzione"],"inLanguage":"it-IT","potentialAction":[{"@type":"CommentAction","name":"Comment","target":["https:\/\/www.article-marketing.eu\/comunicatistampa\/iv-forum-internazionale-to-be-verona-tutti-i-numeri-dellevento\/#respond"]}]},{"@type":"WebPage","@id":"https:\/\/www.article-marketing.eu\/comunicatistampa\/iv-forum-internazionale-to-be-verona-tutti-i-numeri-dellevento\/","url":"https:\/\/www.article-marketing.eu\/comunicatistampa\/iv-forum-internazionale-to-be-verona-tutti-i-numeri-dellevento\/","name":"IV Forum Internazionale To Be Verona: tutti i numeri dell\u2019evento - Article Marketing","isPartOf":{"@id":"https:\/\/www.article-marketing.eu\/comunicatistampa\/#website"},"datePublished":"2018-10-25T23:54:18+00:00","author":{"@id":"https:\/\/www.article-marketing.eu\/comunicatistampa\/#\/schema\/person\/dbe4c5d399df926e2213f28673797307"},"breadcrumb":{"@id":"https:\/\/www.article-marketing.eu\/comunicatistampa\/iv-forum-internazionale-to-be-verona-tutti-i-numeri-dellevento\/#breadcrumb"},"inLanguage":"it-IT","potentialAction":[{"@type":"ReadAction","target":["https:\/\/www.article-marketing.eu\/comunicatistampa\/iv-forum-internazionale-to-be-verona-tutti-i-numeri-dellevento\/"]}]},{"@type":"BreadcrumbList","@id":"https:\/\/www.article-marketing.eu\/comunicatistampa\/iv-forum-internazionale-to-be-verona-tutti-i-numeri-dellevento\/#breadcrumb","itemListElement":[{"@type":"ListItem","position":1,"name":"Home","item":"https:\/\/www.article-marketing.eu\/comunicatistampa\/"},{"@type":"ListItem","position":2,"name":"IV Forum Internazionale To Be Verona: tutti i numeri dell\u2019evento"}]},{"@type":"WebSite","@id":"https:\/\/www.article-marketing.eu\/comunicatistampa\/#website","url":"https:\/\/www.article-marketing.eu\/comunicatistampa\/","name":"Article Marketing","description":"article marketing &amp; press release","potentialAction":[{"@type":"SearchAction","target":{"@type":"EntryPoint","urlTemplate":"https:\/\/www.article-marketing.eu\/comunicatistampa\/?s={search_term_string}"},"query-input":{"@type":"PropertyValueSpecification","valueRequired":true,"valueName":"search_term_string"}}],"inLanguage":"it-IT"},{"@type":"Person","@id":"https:\/\/www.article-marketing.eu\/comunicatistampa\/#\/schema\/person\/dbe4c5d399df926e2213f28673797307","name":"terzomillennium","image":{"@type":"ImageObject","inLanguage":"it-IT","@id":"https:\/\/secure.gravatar.com\/avatar\/05fbb0856efe8321f9a676f0e98cc114b824c8fb0f82a087cc91ec92770cbec7?s=96&d=mm&r=g","url":"https:\/\/secure.gravatar.com\/avatar\/05fbb0856efe8321f9a676f0e98cc114b824c8fb0f82a087cc91ec92770cbec7?s=96&d=mm&r=g","contentUrl":"https:\/\/secure.gravatar.com\/avatar\/05fbb0856efe8321f9a676f0e98cc114b824c8fb0f82a087cc91ec92770cbec7?s=96&d=mm&r=g","caption":"terzomillennium"},"url":"https:\/\/www.article-marketing.eu\/comunicatistampa\/author\/terzomillennium\/"}]}},"_links":{"self":[{"href":"https:\/\/www.article-marketing.eu\/comunicatistampa\/wp-json\/wp\/v2\/posts\/11695","targetHints":{"allow":["GET"]}}],"collection":[{"href":"https:\/\/www.article-marketing.eu\/comunicatistampa\/wp-json\/wp\/v2\/posts"}],"about":[{"href":"https:\/\/www.article-marketing.eu\/comunicatistampa\/wp-json\/wp\/v2\/types\/post"}],"author":[{"embeddable":true,"href":"https:\/\/www.article-marketing.eu\/comunicatistampa\/wp-json\/wp\/v2\/users\/344"}],"replies":[{"embeddable":true,"href":"https:\/\/www.article-marketing.eu\/comunicatistampa\/wp-json\/wp\/v2\/comments?post=11695"}],"version-history":[{"count":2,"href":"https:\/\/www.article-marketing.eu\/comunicatistampa\/wp-json\/wp\/v2\/posts\/11695\/revisions"}],"predecessor-version":[{"id":11729,"href":"https:\/\/www.article-marketing.eu\/comunicatistampa\/wp-json\/wp\/v2\/posts\/11695\/revisions\/11729"}],"wp:attachment":[{"href":"https:\/\/www.article-marketing.eu\/comunicatistampa\/wp-json\/wp\/v2\/media?parent=11695"}],"wp:term":[{"taxonomy":"category","embeddable":true,"href":"https:\/\/www.article-marketing.eu\/comunicatistampa\/wp-json\/wp\/v2\/categories?post=11695"},{"taxonomy":"post_tag","embeddable":true,"href":"https:\/\/www.article-marketing.eu\/comunicatistampa\/wp-json\/wp\/v2\/tags?post=11695"}],"curies":[{"name":"wp","href":"https:\/\/api.w.org\/{rel}","templated":true}]}}