{"id":11781,"date":"2018-10-29T19:15:45","date_gmt":"2018-10-29T18:15:45","guid":{"rendered":"http:\/\/www.article-marketing.eu\/comunicatistampa\/?p=11781"},"modified":"2018-10-29T19:15:45","modified_gmt":"2018-10-29T18:15:45","slug":"la-creativita-di-faster-per-lamiera-2019-la-fiera-che-rappresenta-un-settore-in-cui-litalia-e-terza-nel-mondo","status":"publish","type":"post","link":"https:\/\/www.article-marketing.eu\/comunicatistampa\/la-creativita-di-faster-per-lamiera-2019-la-fiera-che-rappresenta-un-settore-in-cui-litalia-e-terza-nel-mondo\/","title":{"rendered":"La creativit\u00e0 di Faster per Lamiera 2019, la fiera che rappresenta  un settore in cui l\u2019Italia \u00e8 terza nel mondo"},"content":{"rendered":"<p><strong>Faster<\/strong>, la centrale di servizi per la comunicazione di <strong>TakeGroup,<\/strong> per l\u2019<strong>edizione 2019 di Lamiera<\/strong> ha sviluppato la creativit\u00e0 \u201c<strong>La forma delle idee<\/strong>\u201d.<\/p>\n<p>Lamiera, evento biennale internazionale dedicato all\u2019industria delle macchine utensili a deformazione e alle tecnologie innovative del comparto, si svolger\u00e0 <strong>dal 15 al 18 maggio 2019<\/strong> nel quartiere espositivo di fieramilano, Rho.<\/p>\n<p>L\u2019edizione 2019 della manifestazione &#8211; promossa da <strong>Ucimu-Sistemi per produrre<\/strong> e organizzata da <strong>Ceu-Centro Esposizioni Ucimu<\/strong> \u2013 prevede un repertorio sempre pi\u00f9 ampio e rinnovato, capace di rispondere alle esigenze di tutti gli operatori del settore.<\/p>\n<p>Per l\u2019edizione 2019, Faster ha voluto enfatizzare la capacit\u00e0 di Lamiera di rivolgersi a target diversi &#8211; dall\u2019artigiano alla grande industria &#8211; valorizzando le diverse \u201canime\u201d della manifestazione che, accanto all\u2019offerta tradizionale, presenta le nuove aree di innovazione: <strong>Robot Planet<\/strong> (robot industriali, integratori, sistemi di automazione, di controllo e visione, soluzioni per asservimento delle macchine), <strong>Fabbricafutura<\/strong> (software e tecnologie per competitivit\u00e0, gestione, analisi e sicurezza dei dati, assistenza in remoto, manutenzione predittiva) e <strong>Box Consulting<\/strong> (consulenti, integratori, formatori che propongono servizi legati a conoscenza, competenze, certificazione e formazione).<\/p>\n<p><strong>\u00a0<\/strong>Dopo l\u2019interesse suscitato nel 2017 tornano inoltre le aree<strong> Fastener Industry<\/strong> (viti, bulloni, sistemi di serraggio e fissaggio), <strong>EcoCoatech<\/strong> (verniciatura e trattamenti) e <strong>Blech Italy Service<\/strong> (subfornitura tecnica e servizi all\u2019industria del comparto), a cui bisogna aggiungere <strong>Accademia Lambda<\/strong>, un percorso strutturato di informazione e formazione su temi tecnici. Con <strong>Lamialamiera,<\/strong> per la prima volta la manifestazione presenter\u00e0 anche un programma di incontri e iniziative a cura degli espositori, che avranno a disposizione un palcoscenico per presentare le proprie novit\u00e0 ai visitatori.<\/p>\n<p>Ucimu ha messo in risalto l\u2019importanza del settore rappresentato dalla manifestazione: nel 2017, la produzione mondiale di macchine utensili a deformazione ha raggiunto i <strong>24,6 miliardi di euro<\/strong> (+6,6% rispetto al 2016) e il nostro Paese &#8211; con un valore complessivo di <strong>2,5 miliardi di euro<\/strong> (+9,1%) &#8211; si \u00e8 collocato al terzo posto nella classifica internazionale.<\/p>\n<p>\u201cPer questa edizione Faster ha sviluppato una creativit\u00e0 focalizzata sulla capacit\u00e0 di dare forma alle proprie idee &#8211; dichiara <strong>Marco Di Marco, <\/strong>amministratore delegato di Faster \u2013 La grafica realizzata per Lamiera 2019 \u00e8 stata pensata proprio con l\u2019obiettivo di valorizzare questo aspetto, che \u00e8 alla base del successo della manifestazione\u201d.<\/p>\n<p>\u201cDopo le precedenti esperienze positive, siamo felici di proseguire nella collaborazione con Faster &#8211; spiega <strong>Claudia Mastrogiuseppe<\/strong>, responsabile Relazioni Esterne e Ufficio Stampa di Ucimu &#8211; Siamo certi che la nuova creativit\u00e0 contribuir\u00e0 in modo importante a suscitare sempre pi\u00f9 attenzione sulla fiera\u201d.<\/p>\n<p>&nbsp;<\/p>\n","protected":false},"excerpt":{"rendered":"<p>Faster, la centrale di servizi per la comunicazione di TakeGroup, per l\u2019edizione 2019 di Lamiera ha sviluppato la creativit\u00e0 \u201cLa forma delle idee\u201d. Lamiera, evento biennale internazionale dedicato all\u2019industria delle macchine utensili a deformazione e alle tecnologie innovative del comparto, si svolger\u00e0 dal 15 al 18 maggio 2019 nel quartiere espositivo di fieramilano, Rho. L\u2019edizione 2019 della manifestazione &#8211; promossa da Ucimu-Sistemi per produrre e organizzata da Ceu-Centro Esposizioni Ucimu<\/p>\n<p><a class=\"continue-reading\" href=\"https:\/\/www.article-marketing.eu\/comunicatistampa\/la-creativita-di-faster-per-lamiera-2019-la-fiera-che-rappresenta-un-settore-in-cui-litalia-e-terza-nel-mondo\/\">Continue reading&#8230;<\/a><\/p>\n","protected":false},"author":3079,"featured_media":0,"comment_status":"open","ping_status":"open","sticky":false,"template":"","format":"standard","meta":{"_monsterinsights_skip_tracking":false,"_monsterinsights_sitenote_active":false,"_monsterinsights_sitenote_note":"","_monsterinsights_sitenote_category":0,"footnotes":""},"categories":[78],"tags":[5003,5004],"class_list":["post-11781","post","type-post","status-publish","format-standard","hentry","category-comunicati-stampa","tag-faster","tag-lamiera"],"yoast_head":"<!-- This site is optimized with the Yoast SEO plugin v27.3 - https:\/\/yoast.com\/product\/yoast-seo-wordpress\/ -->\n<title>La creativit\u00e0 di Faster per Lamiera 2019, la fiera che rappresenta un settore in cui l\u2019Italia \u00e8 terza nel mondo - Article Marketing<\/title>\n<meta name=\"robots\" content=\"index, follow, max-snippet:-1, max-image-preview:large, max-video-preview:-1\" \/>\n<link rel=\"canonical\" href=\"https:\/\/www.article-marketing.eu\/comunicatistampa\/la-creativita-di-faster-per-lamiera-2019-la-fiera-che-rappresenta-un-settore-in-cui-litalia-e-terza-nel-mondo\/\" \/>\n<meta property=\"og:locale\" content=\"it_IT\" \/>\n<meta property=\"og:type\" content=\"article\" \/>\n<meta property=\"og:title\" content=\"La creativit\u00e0 di Faster per Lamiera 2019, la fiera che rappresenta un settore in cui l\u2019Italia \u00e8 terza nel mondo - Article Marketing\" \/>\n<meta property=\"og:description\" content=\"Faster, la centrale di servizi per la comunicazione di TakeGroup, per l\u2019edizione 2019 di Lamiera ha sviluppato la creativit\u00e0 \u201cLa forma delle idee\u201d. Lamiera, evento biennale internazionale dedicato all\u2019industria delle macchine utensili a deformazione e alle tecnologie innovative del comparto, si svolger\u00e0 dal 15 al 18 maggio 2019 nel quartiere espositivo di fieramilano, Rho. L\u2019edizione 2019 della manifestazione &#8211; promossa da Ucimu-Sistemi per produrre e organizzata da Ceu-Centro Esposizioni UcimuContinue reading...\" \/>\n<meta property=\"og:url\" content=\"https:\/\/www.article-marketing.eu\/comunicatistampa\/la-creativita-di-faster-per-lamiera-2019-la-fiera-che-rappresenta-un-settore-in-cui-litalia-e-terza-nel-mondo\/\" \/>\n<meta property=\"og:site_name\" content=\"Article Marketing\" \/>\n<meta property=\"article:published_time\" content=\"2018-10-29T18:15:45+00:00\" \/>\n<meta name=\"author\" content=\"Takemilano\" \/>\n<meta name=\"twitter:card\" content=\"summary_large_image\" \/>\n<meta name=\"twitter:label1\" content=\"Scritto da\" \/>\n\t<meta name=\"twitter:data1\" content=\"Takemilano\" \/>\n\t<meta name=\"twitter:label2\" content=\"Tempo di lettura stimato\" \/>\n\t<meta name=\"twitter:data2\" content=\"2 minuti\" \/>\n<script type=\"application\/ld+json\" class=\"yoast-schema-graph\">{\"@context\":\"https:\\\/\\\/schema.org\",\"@graph\":[{\"@type\":\"Article\",\"@id\":\"https:\\\/\\\/www.article-marketing.eu\\\/comunicatistampa\\\/la-creativita-di-faster-per-lamiera-2019-la-fiera-che-rappresenta-un-settore-in-cui-litalia-e-terza-nel-mondo\\\/#article\",\"isPartOf\":{\"@id\":\"https:\\\/\\\/www.article-marketing.eu\\\/comunicatistampa\\\/la-creativita-di-faster-per-lamiera-2019-la-fiera-che-rappresenta-un-settore-in-cui-litalia-e-terza-nel-mondo\\\/\"},\"author\":{\"name\":\"Takemilano\",\"@id\":\"https:\\\/\\\/www.article-marketing.eu\\\/comunicatistampa\\\/#\\\/schema\\\/person\\\/ba31383d9ecce568c972fdfe5fc72baf\"},\"headline\":\"La creativit\u00e0 di Faster per Lamiera 2019, la fiera che rappresenta un settore in cui l\u2019Italia \u00e8 terza nel mondo\",\"datePublished\":\"2018-10-29T18:15:45+00:00\",\"mainEntityOfPage\":{\"@id\":\"https:\\\/\\\/www.article-marketing.eu\\\/comunicatistampa\\\/la-creativita-di-faster-per-lamiera-2019-la-fiera-che-rappresenta-un-settore-in-cui-litalia-e-terza-nel-mondo\\\/\"},\"wordCount\":422,\"commentCount\":0,\"keywords\":[\"Faster\",\"Lamiera\"],\"articleSection\":[\"Comunicati stampa\"],\"inLanguage\":\"it-IT\",\"potentialAction\":[{\"@type\":\"CommentAction\",\"name\":\"Comment\",\"target\":[\"https:\\\/\\\/www.article-marketing.eu\\\/comunicatistampa\\\/la-creativita-di-faster-per-lamiera-2019-la-fiera-che-rappresenta-un-settore-in-cui-litalia-e-terza-nel-mondo\\\/#respond\"]}]},{\"@type\":\"WebPage\",\"@id\":\"https:\\\/\\\/www.article-marketing.eu\\\/comunicatistampa\\\/la-creativita-di-faster-per-lamiera-2019-la-fiera-che-rappresenta-un-settore-in-cui-litalia-e-terza-nel-mondo\\\/\",\"url\":\"https:\\\/\\\/www.article-marketing.eu\\\/comunicatistampa\\\/la-creativita-di-faster-per-lamiera-2019-la-fiera-che-rappresenta-un-settore-in-cui-litalia-e-terza-nel-mondo\\\/\",\"name\":\"La creativit\u00e0 di Faster per Lamiera 2019, la fiera che rappresenta un settore in cui l\u2019Italia \u00e8 terza nel mondo - Article Marketing\",\"isPartOf\":{\"@id\":\"https:\\\/\\\/www.article-marketing.eu\\\/comunicatistampa\\\/#website\"},\"datePublished\":\"2018-10-29T18:15:45+00:00\",\"author\":{\"@id\":\"https:\\\/\\\/www.article-marketing.eu\\\/comunicatistampa\\\/#\\\/schema\\\/person\\\/ba31383d9ecce568c972fdfe5fc72baf\"},\"breadcrumb\":{\"@id\":\"https:\\\/\\\/www.article-marketing.eu\\\/comunicatistampa\\\/la-creativita-di-faster-per-lamiera-2019-la-fiera-che-rappresenta-un-settore-in-cui-litalia-e-terza-nel-mondo\\\/#breadcrumb\"},\"inLanguage\":\"it-IT\",\"potentialAction\":[{\"@type\":\"ReadAction\",\"target\":[\"https:\\\/\\\/www.article-marketing.eu\\\/comunicatistampa\\\/la-creativita-di-faster-per-lamiera-2019-la-fiera-che-rappresenta-un-settore-in-cui-litalia-e-terza-nel-mondo\\\/\"]}]},{\"@type\":\"BreadcrumbList\",\"@id\":\"https:\\\/\\\/www.article-marketing.eu\\\/comunicatistampa\\\/la-creativita-di-faster-per-lamiera-2019-la-fiera-che-rappresenta-un-settore-in-cui-litalia-e-terza-nel-mondo\\\/#breadcrumb\",\"itemListElement\":[{\"@type\":\"ListItem\",\"position\":1,\"name\":\"Home\",\"item\":\"https:\\\/\\\/www.article-marketing.eu\\\/comunicatistampa\\\/\"},{\"@type\":\"ListItem\",\"position\":2,\"name\":\"La creativit\u00e0 di Faster per Lamiera 2019, la fiera che rappresenta un settore in cui l\u2019Italia \u00e8 terza nel mondo\"}]},{\"@type\":\"WebSite\",\"@id\":\"https:\\\/\\\/www.article-marketing.eu\\\/comunicatistampa\\\/#website\",\"url\":\"https:\\\/\\\/www.article-marketing.eu\\\/comunicatistampa\\\/\",\"name\":\"Article Marketing\",\"description\":\"article marketing &amp; press release\",\"potentialAction\":[{\"@type\":\"SearchAction\",\"target\":{\"@type\":\"EntryPoint\",\"urlTemplate\":\"https:\\\/\\\/www.article-marketing.eu\\\/comunicatistampa\\\/?s={search_term_string}\"},\"query-input\":{\"@type\":\"PropertyValueSpecification\",\"valueRequired\":true,\"valueName\":\"search_term_string\"}}],\"inLanguage\":\"it-IT\"},{\"@type\":\"Person\",\"@id\":\"https:\\\/\\\/www.article-marketing.eu\\\/comunicatistampa\\\/#\\\/schema\\\/person\\\/ba31383d9ecce568c972fdfe5fc72baf\",\"name\":\"Takemilano\",\"image\":{\"@type\":\"ImageObject\",\"inLanguage\":\"it-IT\",\"@id\":\"https:\\\/\\\/secure.gravatar.com\\\/avatar\\\/5245ae182c6a6874a58ef859d5e6c530c9c38cd6ab849d300b5cdf2ad21f613a?s=96&d=mm&r=g\",\"url\":\"https:\\\/\\\/secure.gravatar.com\\\/avatar\\\/5245ae182c6a6874a58ef859d5e6c530c9c38cd6ab849d300b5cdf2ad21f613a?s=96&d=mm&r=g\",\"contentUrl\":\"https:\\\/\\\/secure.gravatar.com\\\/avatar\\\/5245ae182c6a6874a58ef859d5e6c530c9c38cd6ab849d300b5cdf2ad21f613a?s=96&d=mm&r=g\",\"caption\":\"Takemilano\"},\"url\":\"https:\\\/\\\/www.article-marketing.eu\\\/comunicatistampa\\\/author\\\/takemilano\\\/\"}]}<\/script>\n<!-- \/ Yoast SEO plugin. -->","yoast_head_json":{"title":"La creativit\u00e0 di Faster per Lamiera 2019, la fiera che rappresenta un settore in cui l\u2019Italia \u00e8 terza nel mondo - Article Marketing","robots":{"index":"index","follow":"follow","max-snippet":"max-snippet:-1","max-image-preview":"max-image-preview:large","max-video-preview":"max-video-preview:-1"},"canonical":"https:\/\/www.article-marketing.eu\/comunicatistampa\/la-creativita-di-faster-per-lamiera-2019-la-fiera-che-rappresenta-un-settore-in-cui-litalia-e-terza-nel-mondo\/","og_locale":"it_IT","og_type":"article","og_title":"La creativit\u00e0 di Faster per Lamiera 2019, la fiera che rappresenta un settore in cui l\u2019Italia \u00e8 terza nel mondo - Article Marketing","og_description":"Faster, la centrale di servizi per la comunicazione di TakeGroup, per l\u2019edizione 2019 di Lamiera ha sviluppato la creativit\u00e0 \u201cLa forma delle idee\u201d. Lamiera, evento biennale internazionale dedicato all\u2019industria delle macchine utensili a deformazione e alle tecnologie innovative del comparto, si svolger\u00e0 dal 15 al 18 maggio 2019 nel quartiere espositivo di fieramilano, Rho. L\u2019edizione 2019 della manifestazione &#8211; promossa da Ucimu-Sistemi per produrre e organizzata da Ceu-Centro Esposizioni UcimuContinue reading...","og_url":"https:\/\/www.article-marketing.eu\/comunicatistampa\/la-creativita-di-faster-per-lamiera-2019-la-fiera-che-rappresenta-un-settore-in-cui-litalia-e-terza-nel-mondo\/","og_site_name":"Article Marketing","article_published_time":"2018-10-29T18:15:45+00:00","author":"Takemilano","twitter_card":"summary_large_image","twitter_misc":{"Scritto da":"Takemilano","Tempo di lettura stimato":"2 minuti"},"schema":{"@context":"https:\/\/schema.org","@graph":[{"@type":"Article","@id":"https:\/\/www.article-marketing.eu\/comunicatistampa\/la-creativita-di-faster-per-lamiera-2019-la-fiera-che-rappresenta-un-settore-in-cui-litalia-e-terza-nel-mondo\/#article","isPartOf":{"@id":"https:\/\/www.article-marketing.eu\/comunicatistampa\/la-creativita-di-faster-per-lamiera-2019-la-fiera-che-rappresenta-un-settore-in-cui-litalia-e-terza-nel-mondo\/"},"author":{"name":"Takemilano","@id":"https:\/\/www.article-marketing.eu\/comunicatistampa\/#\/schema\/person\/ba31383d9ecce568c972fdfe5fc72baf"},"headline":"La creativit\u00e0 di Faster per Lamiera 2019, la fiera che rappresenta un settore in cui l\u2019Italia \u00e8 terza nel mondo","datePublished":"2018-10-29T18:15:45+00:00","mainEntityOfPage":{"@id":"https:\/\/www.article-marketing.eu\/comunicatistampa\/la-creativita-di-faster-per-lamiera-2019-la-fiera-che-rappresenta-un-settore-in-cui-litalia-e-terza-nel-mondo\/"},"wordCount":422,"commentCount":0,"keywords":["Faster","Lamiera"],"articleSection":["Comunicati stampa"],"inLanguage":"it-IT","potentialAction":[{"@type":"CommentAction","name":"Comment","target":["https:\/\/www.article-marketing.eu\/comunicatistampa\/la-creativita-di-faster-per-lamiera-2019-la-fiera-che-rappresenta-un-settore-in-cui-litalia-e-terza-nel-mondo\/#respond"]}]},{"@type":"WebPage","@id":"https:\/\/www.article-marketing.eu\/comunicatistampa\/la-creativita-di-faster-per-lamiera-2019-la-fiera-che-rappresenta-un-settore-in-cui-litalia-e-terza-nel-mondo\/","url":"https:\/\/www.article-marketing.eu\/comunicatistampa\/la-creativita-di-faster-per-lamiera-2019-la-fiera-che-rappresenta-un-settore-in-cui-litalia-e-terza-nel-mondo\/","name":"La creativit\u00e0 di Faster per Lamiera 2019, la fiera che rappresenta un settore in cui l\u2019Italia \u00e8 terza nel mondo - Article Marketing","isPartOf":{"@id":"https:\/\/www.article-marketing.eu\/comunicatistampa\/#website"},"datePublished":"2018-10-29T18:15:45+00:00","author":{"@id":"https:\/\/www.article-marketing.eu\/comunicatistampa\/#\/schema\/person\/ba31383d9ecce568c972fdfe5fc72baf"},"breadcrumb":{"@id":"https:\/\/www.article-marketing.eu\/comunicatistampa\/la-creativita-di-faster-per-lamiera-2019-la-fiera-che-rappresenta-un-settore-in-cui-litalia-e-terza-nel-mondo\/#breadcrumb"},"inLanguage":"it-IT","potentialAction":[{"@type":"ReadAction","target":["https:\/\/www.article-marketing.eu\/comunicatistampa\/la-creativita-di-faster-per-lamiera-2019-la-fiera-che-rappresenta-un-settore-in-cui-litalia-e-terza-nel-mondo\/"]}]},{"@type":"BreadcrumbList","@id":"https:\/\/www.article-marketing.eu\/comunicatistampa\/la-creativita-di-faster-per-lamiera-2019-la-fiera-che-rappresenta-un-settore-in-cui-litalia-e-terza-nel-mondo\/#breadcrumb","itemListElement":[{"@type":"ListItem","position":1,"name":"Home","item":"https:\/\/www.article-marketing.eu\/comunicatistampa\/"},{"@type":"ListItem","position":2,"name":"La creativit\u00e0 di Faster per Lamiera 2019, la fiera che rappresenta un settore in cui l\u2019Italia \u00e8 terza nel mondo"}]},{"@type":"WebSite","@id":"https:\/\/www.article-marketing.eu\/comunicatistampa\/#website","url":"https:\/\/www.article-marketing.eu\/comunicatistampa\/","name":"Article Marketing","description":"article marketing &amp; press release","potentialAction":[{"@type":"SearchAction","target":{"@type":"EntryPoint","urlTemplate":"https:\/\/www.article-marketing.eu\/comunicatistampa\/?s={search_term_string}"},"query-input":{"@type":"PropertyValueSpecification","valueRequired":true,"valueName":"search_term_string"}}],"inLanguage":"it-IT"},{"@type":"Person","@id":"https:\/\/www.article-marketing.eu\/comunicatistampa\/#\/schema\/person\/ba31383d9ecce568c972fdfe5fc72baf","name":"Takemilano","image":{"@type":"ImageObject","inLanguage":"it-IT","@id":"https:\/\/secure.gravatar.com\/avatar\/5245ae182c6a6874a58ef859d5e6c530c9c38cd6ab849d300b5cdf2ad21f613a?s=96&d=mm&r=g","url":"https:\/\/secure.gravatar.com\/avatar\/5245ae182c6a6874a58ef859d5e6c530c9c38cd6ab849d300b5cdf2ad21f613a?s=96&d=mm&r=g","contentUrl":"https:\/\/secure.gravatar.com\/avatar\/5245ae182c6a6874a58ef859d5e6c530c9c38cd6ab849d300b5cdf2ad21f613a?s=96&d=mm&r=g","caption":"Takemilano"},"url":"https:\/\/www.article-marketing.eu\/comunicatistampa\/author\/takemilano\/"}]}},"_links":{"self":[{"href":"https:\/\/www.article-marketing.eu\/comunicatistampa\/wp-json\/wp\/v2\/posts\/11781","targetHints":{"allow":["GET"]}}],"collection":[{"href":"https:\/\/www.article-marketing.eu\/comunicatistampa\/wp-json\/wp\/v2\/posts"}],"about":[{"href":"https:\/\/www.article-marketing.eu\/comunicatistampa\/wp-json\/wp\/v2\/types\/post"}],"author":[{"embeddable":true,"href":"https:\/\/www.article-marketing.eu\/comunicatistampa\/wp-json\/wp\/v2\/users\/3079"}],"replies":[{"embeddable":true,"href":"https:\/\/www.article-marketing.eu\/comunicatistampa\/wp-json\/wp\/v2\/comments?post=11781"}],"version-history":[{"count":2,"href":"https:\/\/www.article-marketing.eu\/comunicatistampa\/wp-json\/wp\/v2\/posts\/11781\/revisions"}],"predecessor-version":[{"id":11794,"href":"https:\/\/www.article-marketing.eu\/comunicatistampa\/wp-json\/wp\/v2\/posts\/11781\/revisions\/11794"}],"wp:attachment":[{"href":"https:\/\/www.article-marketing.eu\/comunicatistampa\/wp-json\/wp\/v2\/media?parent=11781"}],"wp:term":[{"taxonomy":"category","embeddable":true,"href":"https:\/\/www.article-marketing.eu\/comunicatistampa\/wp-json\/wp\/v2\/categories?post=11781"},{"taxonomy":"post_tag","embeddable":true,"href":"https:\/\/www.article-marketing.eu\/comunicatistampa\/wp-json\/wp\/v2\/tags?post=11781"}],"curies":[{"name":"wp","href":"https:\/\/api.w.org\/{rel}","templated":true}]}}