{"id":11871,"date":"2018-10-31T20:31:56","date_gmt":"2018-10-31T19:31:56","guid":{"rendered":"http:\/\/www.article-marketing.eu\/comunicatistampa\/?p=11871"},"modified":"2020-08-10T01:47:54","modified_gmt":"2020-08-09T23:47:54","slug":"romanoff-schwarzberg-e-maisky-in-concerto-due-figlie-darte","status":"publish","type":"post","link":"https:\/\/www.article-marketing.eu\/comunicatistampa\/romanoff-schwarzberg-e-maisky-in-concerto-due-figlie-darte\/","title":{"rendered":"Romanoff- Schwarzberg e Maisky in concerto: due figlie d&#8217;arte"},"content":{"rendered":"<p class=\"p1\">FIGLIE D\u2019ARTE<\/p>\n<p class=\"p1\">marted\u00ec 6 novembre 2018 &#8211; Accademia di Musica<br \/>\nh 20:30 guida all\u2019ascolto &#8211; h 21 concerto<\/p>\n<p class=\"p1\">Nora Romanoff viola<br \/>\nLily Maisky pianoforte<\/p>\n<p class=\"p1\">J. Brahms, Sonata fa minore op. 120 n. 1<br \/>\nS. Rachmaninov, Songs<br \/>\nA. Piazzolla, Grand Tango<br \/>\nS. Prokof\u2019ev, da Romeo e Giulietta (arrangiamenti per viola e pianoforte)<\/p>\n<p class=\"p1\">CARTELLA STAMPA E FOTO DEL CONCERTO:<br \/>\nhttp:\/\/bit.ly\/romanoff-maisky<\/p>\n<p class=\"p1\">Due ospiti d\u2019eccezione, le due figlie d\u2019arte Lily Maisky e Nora Romanoff Schwarzberg, sono le protagoniste del concerto di marted\u00ec 6 novembre, il terzo appuntamento della Stagione concertistica dell\u2019Accademia di Musica di Pinerolo. Quello proposto \u00e8 un viaggio nella musica cameristica dedicato al timbro caldo e accomodante della viola, dalla prima delle sonate dell\u2019op. 120 di Brahms al Gran Tango di Piazzolla, passando per Songs di Rachmaninov e arrangiamenti per viola e pianoforte da Romeo e Giulietta di Prokof\u2019ev. Il concerto della pianista Lily Maisky figlia del grande violoncellista russo Mischa Maisky, e della violista Nora Romanoff Schwarzberg figlia della grande violinista Dora Schwarzberg ha inizio alle 21:00 nella Sala di via Giolitti 7 a Pinerolo (To) ed \u00e8 preceduto alle 20:30 da una Guida all\u2019ascolto a cura di Simone Ivaldi.<\/p>\n<p class=\"p1\">Da ottobre a maggio, sono 17 gli appuntamenti in programma, che spaziano dall\u2019integrale cameristica di Schumann al jazz, dalla musica contemporanea per pianoforte alle atmosfere tangueire, puntando sempre sulla qualit\u00e0 artistica e aprendosi a collaborazioni, coproduzioni e nuove convenzioni.<\/p>\n<p class=\"p1\">L\u2019acclamato tenore Ian Bostridge con la pianista italiana Saskia Giorgini, il duo d\u2019eccezione composto da Sonig Tchakerian e Andrea Lucchesini, l\u2019integrale di Schumann del Trio Johannes, il recital di pianoforte di Alexander Gadjiev e la coproduzione con EstOvest Festival, che vede protagonista Emanuele Arciuli, pianista tra i pi\u00f9 celebrati e versatili in ambito classico e contemporaneo, sono solo alcuni dei protagonisti di assoluto rilievo artistico attesi nella sala concerti dell\u2019Accademia.<\/p>\n<p class=\"p1\">Molto amati e seguiti dal pubblico in sala, vengono confermati sia gli incontri della Guida all\u2019ascolto che precedono i concerti, che il ciclo La Musica Spiegata, dedicato in particolare al repertorio contemporaneo, con il clarinettista Dimitri Ashkenazy e il Delian Quartett con Gabriele Carcano.<\/p>\n<p class=\"p1\">Continua inoltre la convenzione gi\u00e0 in essere con l\u2019Unione Musicale e l\u2019Orchestra Sinfonica Nazionale della Rai, che accoglie in cartellone due appuntamenti con protagonisti d\u2019eccezione: Krystian Zimerman, considerato uno dei pi\u00f9 grandi pianisti viventi, sar\u00e0 mercoled\u00ec 23 gennaio 2019 all\u2019Auditorium Giovanni Agnelli del Lingotto di Torino; venerd\u00ec 3 maggio all\u2019Auditorium RAI Arturo Toscanini l\u2019appuntamento \u00e8 con l\u2019Orchestra Sinfonica Nazionale della Rai diretta da Maxime Pascal direttore, con Beatrice Rana, pianoforte. Per questi due concerti, compresi nel costo dell\u2019abbonamento e riservati agli abbonati, sono previsti due pullman gratuiti da e per Pinerolo, con presentazione dei concerti durante il tragitto.<\/p>\n<p class=\"p1\">La Stagione concertistica \u00e8 stata realizzata con il contributo di Compagnia di San Paolo (maggior sostenitore), Regione Piemonte, Ministero per i Beni e le Attivit\u00e0 Culturali, con il contributo e il patrocinio di Citt\u00e0 di Pinerolo. Il nostro grazie va anche alla sempre preziosa sponsorizzazione di Galup, a quella tecnica di Piatino Pianoforti, Yamaha Musica Italia e Albergian, e alla media partnership con L\u2019Eco del Chisone.<\/p>\n<p class=\"p1\">** LA SCHEDA DI SALA **<\/p>\n<p class=\"p1\">FIGLIE D\u2019ARTE<\/p>\n<p class=\"p1\">marted\u00ec 6 novembre 2018 &#8211; Accademia di Musica<br \/>\nh 20:30 guida all\u2019ascolto &#8211; h 21 concerto<\/p>\n<p class=\"p1\">Nora Romanoff viola<br \/>\nLily Maisky pianoforte<\/p>\n<p class=\"p1\">J. Brahms, Sonata fa minore op. 120 n. 1<br \/>\nS. Rachmaninov, Songs<br \/>\nA. Piazzolla, Grand Tango<br \/>\nS. Prokof\u2019ev, da Romeo e Giulietta (arrangiamenti per viola e pianoforte)<\/p>\n<p class=\"p1\">Due amiche e figlie d\u2019arte si uniscono per questo concerto ricco di emozioni. Nora Romanoff Schwarzberg, figlia della grande violinista Dora Schwarzberg, docente di violino anche presso l\u2019Accademia di Pinerolo, e Lily Maisky, figlia del grande violoncellista russo Mischa Maisky, ci accompagnano in questo viaggio alla scoperta della musica cameristica dedicata alla viola. Al pi\u00f9 antico strumento ad arco non \u00e8 stato riservato storicamente un posto di rilievo come solista all\u2019interno della produzione dei grandi compositori. All\u2019ultima produzione di Brahms risalgono le due sonate dell\u2019op. 120, di cui stasera ascolteremo la prima, per clarinetto o viola e pianoforte. Un clima malinconico ed introverso ma tuttavia sereno si evince in queste sonate, testimoni dell\u2019approssimarsi di una carriera giunta ormai a conclusione per stessa volont\u00e0 del compositore che, ritiratosi presso la campagna di Bad Ischl, decide di porre fine alla sua carriera da musicista. Gli altri brani che compongono il programma sono invece trascrizioni di grandi opere destinate ad altri strumenti ma calati e regalati al timbro caldo e accomodante della viola.<\/p>\n<p class=\"p1\">LILY MAISKY<\/p>\n<p class=\"p1\">Lily Maisky \u00e8 nata a Parigi, ma \u00e8 cresciuta a Bruxelles. Ha cominciato a studiare pianoforte all\u2019et\u00e0 di Quattro anni con Lyl Tiempo, Hagit Kerbel, Ilana Davids e Alan Weiss. Tra il 2001 e il 2005 ha studiato presso la Purcell School of Music dove ha studiato anche musica jazz. Ha anche studiato con illustri musicisti tra i quali Martha Argerich, Dmitri Bashkirov, Joseph Kalichstein, Pavel Gililov e Vitalij Margulis. Si \u00e8 esibita in numerose sale da concerto in Europa e in Oriente e festival come Verbier Festival,<span class=\"Apple-converted-space\">\u00a0 <\/span>Progetto Martha Argerich di Lugano, Festival di Edimburgo, Miyazaki Festival, Maggio Musicale Fiorentino, Bergamo-Brescia, the Beijing Piano Festival, the Franz Liszt festival in Austria, Julian Rachlin and Friends a Dubrovnik, Rencontres de Bel Air in France, Gstaad Festival, the Schlesswig-Holstein Music Festival e Berlin Festival. Lily ha suonato in concerti orchestrali sotto la direzione di Leonard Slatkin, Thomas Sanderling, Gerd Albrecht, Gabor Takacs-Nagy, Daniel Raiskin, Alberto Veronesi, Jack Martin H\u00e4ndler e Charles Olivieri Munroe, tra gli altri. Come solista o in ensemble si \u00e8 anche esibita in prestigiose sale da concerto come Royal Festival Hall di Londra, il Musikverein e il Concerthaus di Vienna, il Prinzregentheatre di Monaco, la Leiszhalle di Amburgo, la Konzerthaus di Vienna, La Fenice di Venezia e tante altre. Lily ha inciso per molti CD con Deutsche Grammophon e EMI ed \u00e8 spesso presente alla Radio e alla TV delle pi\u00f9 importanti emittenti europee e asiatiche. Il suo ultimo CD \u00e8 per Avanti Classics<span class=\"Apple-converted-space\">\u00a0 <\/span>con il vincotore del Grammy Award il violinist Philippe Quint. Ha una predilezione per la musica da camera e si esibisce regolarmente in duo con Mischa Maisky e con il Maisky Trio, con il fratello. Ha suonato con musicisti quali Julian Rachlin, Janine Jansen, Dora Schwarzberg, Renaud Capu\u00e7on, Chantal Juillet, Sergey Krylov, Martha Argerich, Nicholas Angelich, Frank Braley, G\u00e9rard Causs\u00e9 as well as Alissa Margulis, Hrachya Avanesyan, Geza Hosszu-Legocky, Boris Andrianov, Isztvan Vardai, Alexander Mogilevsky, Orfeo Mandozzi, Alena Baeva, Boris Brovstyn il Quartetto Szymanowski.<\/p>\n<p class=\"p1\">NORA ROMANOFF-SCHWARZBERG<\/p>\n<p class=\"p1\">Nora Romanoff-Schwarzberg, violista, \u00e8 riconosciuta essere una musicista dal carisma travolgente regolarmente presente sul palcoscenico musicale internazionale. Sia come solista che come membro di formazioni cameristiche si \u00e8 esibita in prestigiose sale da concerto come il Musikverein e la Konzerthaus di Vienna, la Salle Pleyel di Parigi, DeSingel ad Anversa, il Teatro Colon di Buenos Aires, il Conservatorio Tchaikovsky di Mosca, il Progetto Martha Argerich di Lugano, Mantova Chamber Music Festival, Podium Festival Esslingen, Heidelberg Spring Music Festival, Sommets Musicaux de Gstaad, e il Festival di Salisburgo. Come solista si \u00e8 esibita con l\u2019Orchestra della Svizzera Italiana, la Zagreb Chamber Orchestra, l\u2019Orchesta Filarmonica di Bacau, la Kristiansand Symphony Orchestra, la Philharmonic Orchestra di Irkutsk e l\u2019Argentinian Camerata Bariloche sotto la direzione di Ion Marin, Alexander Verdernikov, Hobart Earle, Pierre Amoyal e Jacek Kaspszyk. Tra i suoi parner nella musica da camera si annoverano artisti di fama internazionale come Mischa Maisky, Gabriela Montero, Renaud Capucon, Andrey Baranov, Lilya Zilberstein, Lily Maisky, Sergey Nakariakov, Henning Kraggerud, Enrico Dindo, Martha Argerich e Ivry Gitlis. Nora \u00e8 stata coinvolta nel PODIUM Festival Esslingen sin dalla sua prima edizione e come ospite al PODIUM Festival in Islanda e Norvegia. E\u2019 co-fondatrice del PODIUM Festival in Croazia e in Austria. Le sue esibizioni sono state trasmesse da emittenti quali BBC, RETE 2, RAI, Radio Klassik Stephansdom and \u00d61 e I suoi CD sono stati realizzati dalle etichette Naxos, Gramola, EMI Classics e Warner Classics. Molte delle sue performance sono state pubblicate da EMI Classics e Warner Classics come parte dell\u2019annuale progetto \u201cMartha Argerich and Friends\u201d. Molti di questi hanno ottenuto la nomination per il Grammy. Nata nel 1985 a New York e cresciuta a Vienna, Nora \u00e8 la quarta generazione di una famiglia di musicisti. Il suo debutto come solista avvenne al Konzerthaus di Vienna all\u2019et\u00e0 di 11 anni. Tra i suoi insegnanti, la madre, la violinista Dora Scharzberg, Michael Kugel, Thomas Kakuska e Hatto Bayerle (entrambi membri dell\u2019Alban Berg Quartett), Yuri Bashmet e Johannes Meissel. Nora ha studiato al Conservatorio Reale di Maastricht e ha completato I suoi studi all\u2019Universit\u00e0 di Musica e Performing Arts di Vienna. Lei stessa ha dato masterclass in Israele, Norvegia, Bosnia Erzegovina e USA. Dal 2013 \u00e8 membro dell\u2019Ensemble LUX, specializzato in musica contemporanea per quartetto d\u2019archi. Come membro del Lipkind Quartet Nora \u00e8 stata in tour in Europa e USA e ha registrato due CD. Nora suona una viola Pietro Pallotta del 1790 che le \u00e8 stata generosamente donata dalla compianta Lady Magaret Kagan.<\/p>\n<p class=\"p1\">** BIGLIETTERIA **<\/p>\n<p class=\"p1\">ABBONAMENTI<br \/>\nAbbonamento a tutti i concerti: \u20ac 185<br \/>\nAbbonamento giovani (Under 30): \u20ac 50<br \/>\nGli abbonamenti sono in vendita presso la segreteria dell\u2019Accademia di Musica dal luned\u00ec al venerd\u00ec ore 9.00-14.00.<br \/>\nIn entrambi gli abbonamenti sono compresi anche i concerti a Torino e la navetta*.<\/p>\n<p class=\"p1\">BIGLIETTI SINGOLI: \u20ac 15<\/p>\n<p class=\"p1\">RIDOTTO:<br \/>\nCard Giovani del Comune di Pinerolo: \u20ac 5<br \/>\nStudenti dell\u2019Istituto Musicale Corelli: \u20ac 5<br \/>\nUnder 30: \u20ac 8<br \/>\nAbbonamento Musei, Socio Coop, Touring Club Italiano, Associazione Lavoratori Intesa San Paolo &#8211; ALI, Unitre, Proloco, Coro dell\u2019Accademia di Musica: \u20ac 12<\/p>\n<p class=\"p1\">VENDITA E PREVENDITA<br \/>\nIl servizio di prevendita \u00e8 disponibile da 2 settimane prima di ogni concerto presso la Libreria Volare. I biglietti sono acquistabili anche mezz\u2019ora prima dell\u2019inizio di ogni concerto presso l\u2019Accademia di Musica. Il posto numerato (abbonamento o biglietto) \u00e8 garantito fino a 5 minuti prima dell\u2019inizio del concerto; dopo tale orario sar\u00e0 comunque garantito l\u2019ingresso e sar\u00e0 possibile usufruire di uno qualsiasi dei posti ancora liberi.<\/p>\n<p class=\"p1\">*NAVETTA<br \/>\nI biglietti dei concerti previsti a Torino il 23\/01 e il 3\/05 2019 e la navetta da e per Pinerolo (prenotazione obbligatoria da 15 giorni prima del concerto) sono compresi nel prezzo degli abbonamenti. Altri biglietti per questi concerti potranno essere acquistati secondo le modalit\u00e0 indicate sui siti web dei rispettivi organizzatori (23\/01 Unione Musicale; 3\/05 Orchestra Sinfonica Nazionale della RAI).<\/p>\n<p class=\"p1\">GIFT CARD: \u20ac 30<br \/>\nAcquista la tua Gift Card per fare un regalo speciale o per regalarti tre serate all\u2019insegna della musica. Ogni Gift Card d\u00e0 diritto all\u2019ingresso a tre concerti a scelta della Stagione concertistica 2018\/19 presso l\u2019Accademia di Musica. Puoi acquistarla presso i nostri uffici (viale Giolitti, 7 &#8211; Pinerolo) dal 19\/9\/2018 fino a fine marzo 2019.<\/p>\n<p class=\"p1\">** ACCADEMIA DI MUSICA **<br \/>\nAnnoverata tra le pi\u00f9 rinomate strutture di perfezionamento del paese, l\u2019Accademia di Musica offre corsi di specializzazione, workshop, masterclass, borse di studio e opportunit\u00e0 concertistiche per studenti di pianoforte, violino, viola, violoncello, passi orchestrali e musica da camera, con docenti di chiara fama internazionale che si dedicano con grande generosit\u00e0 alla crescita degli studenti come futura generazione di professionisti. L\u2019Accademia di Musica opera da pi\u00f9 di 20 anni sul territorio pinerolese affiancando all\u2019attivit\u00e0 didattica la stagione concertistica e l\u2019appuntamento biennale dell\u2019International Chamber Music Competition Citt\u00e0 di Pinerolo e Torino Citt\u00e0 metropolitana. Ha al suo attivo pi\u00f9 di mille concerti e la creazione di un\u2019orchestra e di un coro, organizza da 24 anni la rassegna Musica d\u2019Estate a Bardonecchia, che ad ogni edizione richiama pi\u00f9 di 7.000 spettatori. Da sempre sostiene i giovani di grande talento, li forma con docenti di fama internazionale, crea per loro occasioni di esibizione professionali, offre concerti per le scuole dalla prima infanzia alle superiori.<\/p>\n<p class=\"p1\">Accademia di Musica di Pinerolo<br \/>\nviale Giolitti, 7 &#8211; Pinerolo<br \/>\ntel 0121 321040 dal luned\u00ec al venerd\u00ec, dalle ore 9.00 alle ore 14.00<br \/>\nsegreteria@accademiadimusica.it<br \/>\nwww.accademiadimusica.it<span class=\"Apple-converted-space\">\u00a0 \u00a0 <\/span>www.facebook.com\/accademiadimusicadipinerolo<\/p>\n<p class=\"p1\">UFFICIO STAMPA E PROMOZIONE:<br \/>\nPaola Bologna 349.7371724 newsaccademiapinerolo@gmail.com<\/p>\n","protected":false},"excerpt":{"rendered":"<p>FIGLIE D\u2019ARTE marted\u00ec 6 novembre 2018 &#8211; Accademia di Musica h 20:30 guida all\u2019ascolto &#8211; h 21 concerto Nora Romanoff viola Lily Maisky pianoforte J. Brahms, Sonata fa minore op. 120 n. 1 S. Rachmaninov, Songs A. Piazzolla, Grand Tango S. Prokof\u2019ev, da Romeo e Giulietta (arrangiamenti per viola e pianoforte) CARTELLA STAMPA E FOTO DEL CONCERTO: http:\/\/bit.ly\/romanoff-maisky Due ospiti d\u2019eccezione, le due figlie d\u2019arte Lily Maisky e Nora Romanoff<\/p>\n<p><a class=\"continue-reading\" href=\"https:\/\/www.article-marketing.eu\/comunicatistampa\/romanoff-schwarzberg-e-maisky-in-concerto-due-figlie-darte\/\">Continue reading&#8230;<\/a><\/p>\n","protected":false},"author":824,"featured_media":0,"comment_status":"open","ping_status":"open","sticky":false,"template":"","format":"standard","meta":{"_monsterinsights_skip_tracking":false,"_monsterinsights_sitenote_active":false,"_monsterinsights_sitenote_note":"","_monsterinsights_sitenote_category":0,"footnotes":""},"categories":[78],"tags":[],"class_list":["post-11871","post","type-post","status-publish","format-standard","hentry","category-comunicati-stampa"],"yoast_head":"<!-- This site is optimized with the Yoast SEO plugin v27.3 - https:\/\/yoast.com\/product\/yoast-seo-wordpress\/ -->\n<title>Romanoff- Schwarzberg e Maisky in concerto: due figlie d&#039;arte - Article Marketing<\/title>\n<meta name=\"robots\" content=\"index, follow, max-snippet:-1, max-image-preview:large, max-video-preview:-1\" \/>\n<link rel=\"canonical\" href=\"https:\/\/www.article-marketing.eu\/comunicatistampa\/romanoff-schwarzberg-e-maisky-in-concerto-due-figlie-darte\/\" \/>\n<meta property=\"og:locale\" content=\"it_IT\" \/>\n<meta property=\"og:type\" content=\"article\" \/>\n<meta property=\"og:title\" content=\"Romanoff- Schwarzberg e Maisky in concerto: due figlie d&#039;arte - Article Marketing\" \/>\n<meta property=\"og:description\" content=\"FIGLIE D\u2019ARTE marted\u00ec 6 novembre 2018 &#8211; Accademia di Musica h 20:30 guida all\u2019ascolto &#8211; h 21 concerto Nora Romanoff viola Lily Maisky pianoforte J. Brahms, Sonata fa minore op. 120 n. 1 S. Rachmaninov, Songs A. Piazzolla, Grand Tango S. Prokof\u2019ev, da Romeo e Giulietta (arrangiamenti per viola e pianoforte) CARTELLA STAMPA E FOTO DEL CONCERTO: http:\/\/bit.ly\/romanoff-maisky Due ospiti d\u2019eccezione, le due figlie d\u2019arte Lily Maisky e Nora RomanoffContinue reading...\" \/>\n<meta property=\"og:url\" content=\"https:\/\/www.article-marketing.eu\/comunicatistampa\/romanoff-schwarzberg-e-maisky-in-concerto-due-figlie-darte\/\" \/>\n<meta property=\"og:site_name\" content=\"Article Marketing\" \/>\n<meta property=\"article:published_time\" content=\"2018-10-31T19:31:56+00:00\" \/>\n<meta property=\"article:modified_time\" content=\"2020-08-09T23:47:54+00:00\" \/>\n<meta name=\"author\" content=\"Accademia di musica di Pinerolo\" \/>\n<meta name=\"twitter:card\" content=\"summary_large_image\" \/>\n<meta name=\"twitter:label1\" content=\"Scritto da\" \/>\n\t<meta name=\"twitter:data1\" content=\"Accademia di musica di Pinerolo\" \/>\n\t<meta name=\"twitter:label2\" content=\"Tempo di lettura stimato\" \/>\n\t<meta name=\"twitter:data2\" content=\"10 minuti\" \/>\n<script type=\"application\/ld+json\" class=\"yoast-schema-graph\">{\"@context\":\"https:\\\/\\\/schema.org\",\"@graph\":[{\"@type\":\"Article\",\"@id\":\"https:\\\/\\\/www.article-marketing.eu\\\/comunicatistampa\\\/romanoff-schwarzberg-e-maisky-in-concerto-due-figlie-darte\\\/#article\",\"isPartOf\":{\"@id\":\"https:\\\/\\\/www.article-marketing.eu\\\/comunicatistampa\\\/romanoff-schwarzberg-e-maisky-in-concerto-due-figlie-darte\\\/\"},\"author\":{\"name\":\"Accademia di musica di Pinerolo\",\"@id\":\"https:\\\/\\\/www.article-marketing.eu\\\/comunicatistampa\\\/#\\\/schema\\\/person\\\/b215337b2939ed4102c77b3c6a03e1d8\"},\"headline\":\"Romanoff- Schwarzberg e Maisky in concerto: due figlie d&#8217;arte\",\"datePublished\":\"2018-10-31T19:31:56+00:00\",\"dateModified\":\"2020-08-09T23:47:54+00:00\",\"mainEntityOfPage\":{\"@id\":\"https:\\\/\\\/www.article-marketing.eu\\\/comunicatistampa\\\/romanoff-schwarzberg-e-maisky-in-concerto-due-figlie-darte\\\/\"},\"wordCount\":1952,\"commentCount\":0,\"articleSection\":[\"Comunicati stampa\"],\"inLanguage\":\"it-IT\",\"potentialAction\":[{\"@type\":\"CommentAction\",\"name\":\"Comment\",\"target\":[\"https:\\\/\\\/www.article-marketing.eu\\\/comunicatistampa\\\/romanoff-schwarzberg-e-maisky-in-concerto-due-figlie-darte\\\/#respond\"]}]},{\"@type\":\"WebPage\",\"@id\":\"https:\\\/\\\/www.article-marketing.eu\\\/comunicatistampa\\\/romanoff-schwarzberg-e-maisky-in-concerto-due-figlie-darte\\\/\",\"url\":\"https:\\\/\\\/www.article-marketing.eu\\\/comunicatistampa\\\/romanoff-schwarzberg-e-maisky-in-concerto-due-figlie-darte\\\/\",\"name\":\"Romanoff- Schwarzberg e Maisky in concerto: due figlie d'arte - Article Marketing\",\"isPartOf\":{\"@id\":\"https:\\\/\\\/www.article-marketing.eu\\\/comunicatistampa\\\/#website\"},\"datePublished\":\"2018-10-31T19:31:56+00:00\",\"dateModified\":\"2020-08-09T23:47:54+00:00\",\"author\":{\"@id\":\"https:\\\/\\\/www.article-marketing.eu\\\/comunicatistampa\\\/#\\\/schema\\\/person\\\/b215337b2939ed4102c77b3c6a03e1d8\"},\"breadcrumb\":{\"@id\":\"https:\\\/\\\/www.article-marketing.eu\\\/comunicatistampa\\\/romanoff-schwarzberg-e-maisky-in-concerto-due-figlie-darte\\\/#breadcrumb\"},\"inLanguage\":\"it-IT\",\"potentialAction\":[{\"@type\":\"ReadAction\",\"target\":[\"https:\\\/\\\/www.article-marketing.eu\\\/comunicatistampa\\\/romanoff-schwarzberg-e-maisky-in-concerto-due-figlie-darte\\\/\"]}]},{\"@type\":\"BreadcrumbList\",\"@id\":\"https:\\\/\\\/www.article-marketing.eu\\\/comunicatistampa\\\/romanoff-schwarzberg-e-maisky-in-concerto-due-figlie-darte\\\/#breadcrumb\",\"itemListElement\":[{\"@type\":\"ListItem\",\"position\":1,\"name\":\"Home\",\"item\":\"https:\\\/\\\/www.article-marketing.eu\\\/comunicatistampa\\\/\"},{\"@type\":\"ListItem\",\"position\":2,\"name\":\"Romanoff- Schwarzberg e Maisky in concerto: due figlie d&#8217;arte\"}]},{\"@type\":\"WebSite\",\"@id\":\"https:\\\/\\\/www.article-marketing.eu\\\/comunicatistampa\\\/#website\",\"url\":\"https:\\\/\\\/www.article-marketing.eu\\\/comunicatistampa\\\/\",\"name\":\"Article Marketing\",\"description\":\"article marketing &amp; press release\",\"potentialAction\":[{\"@type\":\"SearchAction\",\"target\":{\"@type\":\"EntryPoint\",\"urlTemplate\":\"https:\\\/\\\/www.article-marketing.eu\\\/comunicatistampa\\\/?s={search_term_string}\"},\"query-input\":{\"@type\":\"PropertyValueSpecification\",\"valueRequired\":true,\"valueName\":\"search_term_string\"}}],\"inLanguage\":\"it-IT\"},{\"@type\":\"Person\",\"@id\":\"https:\\\/\\\/www.article-marketing.eu\\\/comunicatistampa\\\/#\\\/schema\\\/person\\\/b215337b2939ed4102c77b3c6a03e1d8\",\"name\":\"Accademia di musica di Pinerolo\",\"image\":{\"@type\":\"ImageObject\",\"inLanguage\":\"it-IT\",\"@id\":\"https:\\\/\\\/secure.gravatar.com\\\/avatar\\\/6bb1985aeec7ceb9d999e68681c30243f98bd7381193135cf6d87c18d8fa0666?s=96&d=mm&r=g\",\"url\":\"https:\\\/\\\/secure.gravatar.com\\\/avatar\\\/6bb1985aeec7ceb9d999e68681c30243f98bd7381193135cf6d87c18d8fa0666?s=96&d=mm&r=g\",\"contentUrl\":\"https:\\\/\\\/secure.gravatar.com\\\/avatar\\\/6bb1985aeec7ceb9d999e68681c30243f98bd7381193135cf6d87c18d8fa0666?s=96&d=mm&r=g\",\"caption\":\"Accademia di musica di Pinerolo\"},\"url\":\"https:\\\/\\\/www.article-marketing.eu\\\/comunicatistampa\\\/author\\\/accademia-di-musica-di-pinerolo\\\/\"}]}<\/script>\n<!-- \/ Yoast SEO plugin. -->","yoast_head_json":{"title":"Romanoff- Schwarzberg e Maisky in concerto: due figlie d'arte - Article Marketing","robots":{"index":"index","follow":"follow","max-snippet":"max-snippet:-1","max-image-preview":"max-image-preview:large","max-video-preview":"max-video-preview:-1"},"canonical":"https:\/\/www.article-marketing.eu\/comunicatistampa\/romanoff-schwarzberg-e-maisky-in-concerto-due-figlie-darte\/","og_locale":"it_IT","og_type":"article","og_title":"Romanoff- Schwarzberg e Maisky in concerto: due figlie d'arte - Article Marketing","og_description":"FIGLIE D\u2019ARTE marted\u00ec 6 novembre 2018 &#8211; Accademia di Musica h 20:30 guida all\u2019ascolto &#8211; h 21 concerto Nora Romanoff viola Lily Maisky pianoforte J. Brahms, Sonata fa minore op. 120 n. 1 S. Rachmaninov, Songs A. Piazzolla, Grand Tango S. Prokof\u2019ev, da Romeo e Giulietta (arrangiamenti per viola e pianoforte) CARTELLA STAMPA E FOTO DEL CONCERTO: http:\/\/bit.ly\/romanoff-maisky Due ospiti d\u2019eccezione, le due figlie d\u2019arte Lily Maisky e Nora RomanoffContinue reading...","og_url":"https:\/\/www.article-marketing.eu\/comunicatistampa\/romanoff-schwarzberg-e-maisky-in-concerto-due-figlie-darte\/","og_site_name":"Article Marketing","article_published_time":"2018-10-31T19:31:56+00:00","article_modified_time":"2020-08-09T23:47:54+00:00","author":"Accademia di musica di Pinerolo","twitter_card":"summary_large_image","twitter_misc":{"Scritto da":"Accademia di musica di Pinerolo","Tempo di lettura stimato":"10 minuti"},"schema":{"@context":"https:\/\/schema.org","@graph":[{"@type":"Article","@id":"https:\/\/www.article-marketing.eu\/comunicatistampa\/romanoff-schwarzberg-e-maisky-in-concerto-due-figlie-darte\/#article","isPartOf":{"@id":"https:\/\/www.article-marketing.eu\/comunicatistampa\/romanoff-schwarzberg-e-maisky-in-concerto-due-figlie-darte\/"},"author":{"name":"Accademia di musica di Pinerolo","@id":"https:\/\/www.article-marketing.eu\/comunicatistampa\/#\/schema\/person\/b215337b2939ed4102c77b3c6a03e1d8"},"headline":"Romanoff- Schwarzberg e Maisky in concerto: due figlie d&#8217;arte","datePublished":"2018-10-31T19:31:56+00:00","dateModified":"2020-08-09T23:47:54+00:00","mainEntityOfPage":{"@id":"https:\/\/www.article-marketing.eu\/comunicatistampa\/romanoff-schwarzberg-e-maisky-in-concerto-due-figlie-darte\/"},"wordCount":1952,"commentCount":0,"articleSection":["Comunicati stampa"],"inLanguage":"it-IT","potentialAction":[{"@type":"CommentAction","name":"Comment","target":["https:\/\/www.article-marketing.eu\/comunicatistampa\/romanoff-schwarzberg-e-maisky-in-concerto-due-figlie-darte\/#respond"]}]},{"@type":"WebPage","@id":"https:\/\/www.article-marketing.eu\/comunicatistampa\/romanoff-schwarzberg-e-maisky-in-concerto-due-figlie-darte\/","url":"https:\/\/www.article-marketing.eu\/comunicatistampa\/romanoff-schwarzberg-e-maisky-in-concerto-due-figlie-darte\/","name":"Romanoff- Schwarzberg e Maisky in concerto: due figlie d'arte - Article Marketing","isPartOf":{"@id":"https:\/\/www.article-marketing.eu\/comunicatistampa\/#website"},"datePublished":"2018-10-31T19:31:56+00:00","dateModified":"2020-08-09T23:47:54+00:00","author":{"@id":"https:\/\/www.article-marketing.eu\/comunicatistampa\/#\/schema\/person\/b215337b2939ed4102c77b3c6a03e1d8"},"breadcrumb":{"@id":"https:\/\/www.article-marketing.eu\/comunicatistampa\/romanoff-schwarzberg-e-maisky-in-concerto-due-figlie-darte\/#breadcrumb"},"inLanguage":"it-IT","potentialAction":[{"@type":"ReadAction","target":["https:\/\/www.article-marketing.eu\/comunicatistampa\/romanoff-schwarzberg-e-maisky-in-concerto-due-figlie-darte\/"]}]},{"@type":"BreadcrumbList","@id":"https:\/\/www.article-marketing.eu\/comunicatistampa\/romanoff-schwarzberg-e-maisky-in-concerto-due-figlie-darte\/#breadcrumb","itemListElement":[{"@type":"ListItem","position":1,"name":"Home","item":"https:\/\/www.article-marketing.eu\/comunicatistampa\/"},{"@type":"ListItem","position":2,"name":"Romanoff- Schwarzberg e Maisky in concerto: due figlie d&#8217;arte"}]},{"@type":"WebSite","@id":"https:\/\/www.article-marketing.eu\/comunicatistampa\/#website","url":"https:\/\/www.article-marketing.eu\/comunicatistampa\/","name":"Article Marketing","description":"article marketing &amp; press release","potentialAction":[{"@type":"SearchAction","target":{"@type":"EntryPoint","urlTemplate":"https:\/\/www.article-marketing.eu\/comunicatistampa\/?s={search_term_string}"},"query-input":{"@type":"PropertyValueSpecification","valueRequired":true,"valueName":"search_term_string"}}],"inLanguage":"it-IT"},{"@type":"Person","@id":"https:\/\/www.article-marketing.eu\/comunicatistampa\/#\/schema\/person\/b215337b2939ed4102c77b3c6a03e1d8","name":"Accademia di musica di Pinerolo","image":{"@type":"ImageObject","inLanguage":"it-IT","@id":"https:\/\/secure.gravatar.com\/avatar\/6bb1985aeec7ceb9d999e68681c30243f98bd7381193135cf6d87c18d8fa0666?s=96&d=mm&r=g","url":"https:\/\/secure.gravatar.com\/avatar\/6bb1985aeec7ceb9d999e68681c30243f98bd7381193135cf6d87c18d8fa0666?s=96&d=mm&r=g","contentUrl":"https:\/\/secure.gravatar.com\/avatar\/6bb1985aeec7ceb9d999e68681c30243f98bd7381193135cf6d87c18d8fa0666?s=96&d=mm&r=g","caption":"Accademia di musica di Pinerolo"},"url":"https:\/\/www.article-marketing.eu\/comunicatistampa\/author\/accademia-di-musica-di-pinerolo\/"}]}},"_links":{"self":[{"href":"https:\/\/www.article-marketing.eu\/comunicatistampa\/wp-json\/wp\/v2\/posts\/11871","targetHints":{"allow":["GET"]}}],"collection":[{"href":"https:\/\/www.article-marketing.eu\/comunicatistampa\/wp-json\/wp\/v2\/posts"}],"about":[{"href":"https:\/\/www.article-marketing.eu\/comunicatistampa\/wp-json\/wp\/v2\/types\/post"}],"author":[{"embeddable":true,"href":"https:\/\/www.article-marketing.eu\/comunicatistampa\/wp-json\/wp\/v2\/users\/824"}],"replies":[{"embeddable":true,"href":"https:\/\/www.article-marketing.eu\/comunicatistampa\/wp-json\/wp\/v2\/comments?post=11871"}],"version-history":[{"count":2,"href":"https:\/\/www.article-marketing.eu\/comunicatistampa\/wp-json\/wp\/v2\/posts\/11871\/revisions"}],"predecessor-version":[{"id":11895,"href":"https:\/\/www.article-marketing.eu\/comunicatistampa\/wp-json\/wp\/v2\/posts\/11871\/revisions\/11895"}],"wp:attachment":[{"href":"https:\/\/www.article-marketing.eu\/comunicatistampa\/wp-json\/wp\/v2\/media?parent=11871"}],"wp:term":[{"taxonomy":"category","embeddable":true,"href":"https:\/\/www.article-marketing.eu\/comunicatistampa\/wp-json\/wp\/v2\/categories?post=11871"},{"taxonomy":"post_tag","embeddable":true,"href":"https:\/\/www.article-marketing.eu\/comunicatistampa\/wp-json\/wp\/v2\/tags?post=11871"}],"curies":[{"name":"wp","href":"https:\/\/api.w.org\/{rel}","templated":true}]}}