{"id":12036,"date":"2018-11-13T22:27:39","date_gmt":"2018-11-13T21:27:39","guid":{"rendered":"http:\/\/www.article-marketing.eu\/comunicatistampa\/?p=12036"},"modified":"2018-11-13T22:27:39","modified_gmt":"2018-11-13T21:27:39","slug":"lombardia-il-presidente-fontana-si-allea-con-il-rotary-a-sostegno-del-capitale-umano","status":"publish","type":"post","link":"https:\/\/www.article-marketing.eu\/comunicatistampa\/lombardia-il-presidente-fontana-si-allea-con-il-rotary-a-sostegno-del-capitale-umano\/","title":{"rendered":"Lombardia: il presidente Fontana si allea con il Rotary a sostegno del capitale umano"},"content":{"rendered":"<p>Un collegamento pi\u00f9 efficace tra il mondo della scuola e quello del lavoro, il sostegno alle startup e alle imprese che affrontano il passaggio generazionale, la promozione di nuova occupazione e la formazione dei giovani. Sono alcuni dei progetti che vedranno collaborare <strong>Regione Lombardia e<\/strong> i <strong>distretti 2041, 2042 e 2050 del Rotary International<\/strong> a seguito dell\u2019<strong>\u00abAlleanza per il capitale umano\u00bb <\/strong>siglata\u00a0questa mattina dal presidente della Regione Lombardia, Attilio Fontana, e dai governatori di Rotary International Franz M\u00fcller &#8211; distretto 2041, Roberto Dotti, distretto 2042 e Renato Rizzini, distretto 2050.<\/p>\n<p>Il protocollo, intende dare un contributo concreto alla valorizzazione del capitale umano di cui dispone il territorio lombardo, a partire dai suoi giovani, provati dalle difficolt\u00e0 occupazionali. Il protocollo dar\u00e0 il via a <strong>giornate tematiche e di approfondimento che favoriranno l\u2019incontro tra professionisti (artigiani e imprenditori) e studenti<\/strong> per far conoscere le realt\u00e0 produttive che possono offrire opportunit\u00e0 di inserimento lavorativo, progetti di <strong>sostegno per coloro che avviano nuove attivit\u00e0 d\u2019impresa<\/strong> e supporto nell\u2019innovazione di attivit\u00e0 tradizionali, iniziative di <strong>inserimento lavorativo nella filiera turistica, ristorativa e commerciale di persone con disabilit\u00e0<\/strong> grazie anche alla collaborazione di scuole di formazione specializzate. Il tutto, accompagnando i giovani all\u2019incontro con la cultura dell\u2019etica e della legalit\u00e0 anche al fine di prevenire fenomeni dannosi per la societ\u00e0 come la ludopatia.<\/p>\n<p>Convegni, manifestazioni, momenti informativi e iniziative di inclusione, saranno dedicati a:<\/p>\n<ul>\n<li><strong>promuovere l\u2019informazione sanitaria<\/strong> con specifica attenzione alla gestione delle emergenze, ai sintomi di alcune tra le pi\u00f9 diffuse patologie e alla promozione di stili di vita sani nelle diverse fasce d\u2019et\u00e0. Nelle scuole, in particolare, sar\u00e0 affrontata la tematica del primo soccorso;<\/li>\n<li><strong>valorizzare il patrimonio del territorio lombardo<\/strong> naturale, paesaggistico, storico, artistico, culturale e religioso attraverso percorsi di promozione turistica, soluzioni digitali e lo sviluppo di un\u2019app sui luoghi pi\u00f9 rappresentativi del territorio;<\/li>\n<li><strong>promuovere la pratica sportiva<\/strong> come fattore di prevenzione e volano di valori educativi e di inclusione sociale;<\/li>\n<li><strong>promuovere<\/strong> un welfare che valorizzi le capacit\u00e0 degli individui svantaggiati e vulnerabili a favore dell\u2019inclusione e della crescita sociale complessiva;<\/li>\n<li><strong>introdurre <\/strong>la popolazione anziana alla comunicazione digitale;<\/li>\n<li><strong>promuovere azioni volte a contrastare il disagio giovanile<\/strong>, con particolare riferimento a fenomeni di bullismo e cyberbullismo.<\/li>\n<\/ul>\n<p>&nbsp;<\/p>\n<p><strong>PROSSIMI APPUNAMENTI<\/strong><\/p>\n<p>I tre Distretti lombardi del Rotary International celebrano la Settimana della Rotary Foundation con due Seminari tematici su altrettante aree di intervento della Fondazione: lo <em>Sviluppo economico e comunitario<\/em> (il 17 novembre presso il Palazzo della Regione), la <em>Pace, prevenzione e risoluzione dei conflitti<\/em> (il 24 novembre presso i Molini Marzoli Massari a Busto Arsizio). Il Distretto 2050 svolger\u00e0 un\u2019analisi dell\u2019iniziativa mondiale concepita dal Rotary International per la eradicazione della poliomielite nel mondo.<\/p>\n<p>Le altre aree focus della Rotary Foundation, istituita nel 1917 per sostenere i progetti dei Club, sono: <em>Prevenzione e cura delle malattie, Acqua e strutture igienico-sanitarie, Salute materna e infantile, Alfabetizzazione ed educazione di base<\/em>.<\/p>\n<p>Sabato 17 novembre dalle 14.00 alle 17.30 a Milano verranno presentati alcuni programmi gi\u00e0 realizzati o in avanzato stato di completamento volti a creare economie autonome e sostenibili in comunit\u00e0 in via di sviluppo, sia in Italia che all\u2019Estero e opportunit\u00e0 generali di sviluppo economico sostenibile.<\/p>\n<p>Sabato 24 novembre, dalle 9.00 alle 13.00 a Busto Arsizio si dibatter\u00e0, con il contributo di relatori italiani e di profilo internazionale, sui concreti spazi di intervento per prevenire conflitti o per trovare sostenibili soluzioni di pace, La Pace della Nazioni, infatti, il titolo del Seminario.<\/p>\n<p>Per il Rotary International la reciproca comprensione e la pace rappresentano, infatti, l\u2019obiettivo ultimo da traguardare attraverso le numerose attivit\u00e0 di servizio che i 35.000 Rotary Club in circa 200 Paesi, pongono in essere ogni anno, fra queste certamente lo sviluppo e l\u2019indipendenza economica delle comunit\u00e0.<\/p>\n<p>&nbsp;<\/p>\n","protected":false},"excerpt":{"rendered":"<p>Un collegamento pi\u00f9 efficace tra il mondo della scuola e quello del lavoro, il sostegno alle startup e alle imprese che affrontano il passaggio generazionale, la promozione di nuova occupazione e la formazione dei giovani. Sono alcuni dei progetti che vedranno collaborare Regione Lombardia e i distretti 2041, 2042 e 2050 del Rotary International a seguito dell\u2019\u00abAlleanza per il capitale umano\u00bb siglata\u00a0questa mattina dal presidente della Regione Lombardia, Attilio Fontana,<\/p>\n<p><a class=\"continue-reading\" href=\"https:\/\/www.article-marketing.eu\/comunicatistampa\/lombardia-il-presidente-fontana-si-allea-con-il-rotary-a-sostegno-del-capitale-umano\/\">Continue reading&#8230;<\/a><\/p>\n","protected":false},"author":1855,"featured_media":0,"comment_status":"open","ping_status":"open","sticky":false,"template":"","format":"standard","meta":{"_monsterinsights_skip_tracking":false,"_monsterinsights_sitenote_active":false,"_monsterinsights_sitenote_note":"","_monsterinsights_sitenote_category":0,"footnotes":""},"categories":[78],"tags":[5071,4828],"class_list":["post-12036","post","type-post","status-publish","format-standard","hentry","category-comunicati-stampa","tag-regione-lombardia","tag-rotary"],"yoast_head":"<!-- This site is optimized with the Yoast SEO plugin v27.3 - https:\/\/yoast.com\/product\/yoast-seo-wordpress\/ -->\n<title>Lombardia: il presidente Fontana si allea con il Rotary a sostegno del capitale umano - Article Marketing<\/title>\n<meta name=\"robots\" content=\"index, follow, max-snippet:-1, max-image-preview:large, max-video-preview:-1\" \/>\n<link rel=\"canonical\" href=\"https:\/\/www.article-marketing.eu\/comunicatistampa\/lombardia-il-presidente-fontana-si-allea-con-il-rotary-a-sostegno-del-capitale-umano\/\" \/>\n<meta property=\"og:locale\" content=\"it_IT\" \/>\n<meta property=\"og:type\" content=\"article\" \/>\n<meta property=\"og:title\" content=\"Lombardia: il presidente Fontana si allea con il Rotary a sostegno del capitale umano - Article Marketing\" \/>\n<meta property=\"og:description\" content=\"Un collegamento pi\u00f9 efficace tra il mondo della scuola e quello del lavoro, il sostegno alle startup e alle imprese che affrontano il passaggio generazionale, la promozione di nuova occupazione e la formazione dei giovani. Sono alcuni dei progetti che vedranno collaborare Regione Lombardia e i distretti 2041, 2042 e 2050 del Rotary International a seguito dell\u2019\u00abAlleanza per il capitale umano\u00bb siglata\u00a0questa mattina dal presidente della Regione Lombardia, Attilio Fontana,Continue reading...\" \/>\n<meta property=\"og:url\" content=\"https:\/\/www.article-marketing.eu\/comunicatistampa\/lombardia-il-presidente-fontana-si-allea-con-il-rotary-a-sostegno-del-capitale-umano\/\" \/>\n<meta property=\"og:site_name\" content=\"Article Marketing\" \/>\n<meta property=\"article:published_time\" content=\"2018-11-13T21:27:39+00:00\" \/>\n<meta name=\"author\" content=\"Redaclem\" \/>\n<meta name=\"twitter:card\" content=\"summary_large_image\" \/>\n<meta name=\"twitter:label1\" content=\"Scritto da\" \/>\n\t<meta name=\"twitter:data1\" content=\"Redaclem\" \/>\n\t<meta name=\"twitter:label2\" content=\"Tempo di lettura stimato\" \/>\n\t<meta name=\"twitter:data2\" content=\"3 minuti\" \/>\n<script type=\"application\/ld+json\" class=\"yoast-schema-graph\">{\"@context\":\"https:\\\/\\\/schema.org\",\"@graph\":[{\"@type\":\"Article\",\"@id\":\"https:\\\/\\\/www.article-marketing.eu\\\/comunicatistampa\\\/lombardia-il-presidente-fontana-si-allea-con-il-rotary-a-sostegno-del-capitale-umano\\\/#article\",\"isPartOf\":{\"@id\":\"https:\\\/\\\/www.article-marketing.eu\\\/comunicatistampa\\\/lombardia-il-presidente-fontana-si-allea-con-il-rotary-a-sostegno-del-capitale-umano\\\/\"},\"author\":{\"name\":\"Redaclem\",\"@id\":\"https:\\\/\\\/www.article-marketing.eu\\\/comunicatistampa\\\/#\\\/schema\\\/person\\\/c0aa725eee5df8460e0adf901fde0c88\"},\"headline\":\"Lombardia: il presidente Fontana si allea con il Rotary a sostegno del capitale umano\",\"datePublished\":\"2018-11-13T21:27:39+00:00\",\"mainEntityOfPage\":{\"@id\":\"https:\\\/\\\/www.article-marketing.eu\\\/comunicatistampa\\\/lombardia-il-presidente-fontana-si-allea-con-il-rotary-a-sostegno-del-capitale-umano\\\/\"},\"wordCount\":624,\"commentCount\":0,\"keywords\":[\"regione lombardia\",\"rotary\"],\"articleSection\":[\"Comunicati stampa\"],\"inLanguage\":\"it-IT\",\"potentialAction\":[{\"@type\":\"CommentAction\",\"name\":\"Comment\",\"target\":[\"https:\\\/\\\/www.article-marketing.eu\\\/comunicatistampa\\\/lombardia-il-presidente-fontana-si-allea-con-il-rotary-a-sostegno-del-capitale-umano\\\/#respond\"]}]},{\"@type\":\"WebPage\",\"@id\":\"https:\\\/\\\/www.article-marketing.eu\\\/comunicatistampa\\\/lombardia-il-presidente-fontana-si-allea-con-il-rotary-a-sostegno-del-capitale-umano\\\/\",\"url\":\"https:\\\/\\\/www.article-marketing.eu\\\/comunicatistampa\\\/lombardia-il-presidente-fontana-si-allea-con-il-rotary-a-sostegno-del-capitale-umano\\\/\",\"name\":\"Lombardia: il presidente Fontana si allea con il Rotary a sostegno del capitale umano - Article Marketing\",\"isPartOf\":{\"@id\":\"https:\\\/\\\/www.article-marketing.eu\\\/comunicatistampa\\\/#website\"},\"datePublished\":\"2018-11-13T21:27:39+00:00\",\"author\":{\"@id\":\"https:\\\/\\\/www.article-marketing.eu\\\/comunicatistampa\\\/#\\\/schema\\\/person\\\/c0aa725eee5df8460e0adf901fde0c88\"},\"breadcrumb\":{\"@id\":\"https:\\\/\\\/www.article-marketing.eu\\\/comunicatistampa\\\/lombardia-il-presidente-fontana-si-allea-con-il-rotary-a-sostegno-del-capitale-umano\\\/#breadcrumb\"},\"inLanguage\":\"it-IT\",\"potentialAction\":[{\"@type\":\"ReadAction\",\"target\":[\"https:\\\/\\\/www.article-marketing.eu\\\/comunicatistampa\\\/lombardia-il-presidente-fontana-si-allea-con-il-rotary-a-sostegno-del-capitale-umano\\\/\"]}]},{\"@type\":\"BreadcrumbList\",\"@id\":\"https:\\\/\\\/www.article-marketing.eu\\\/comunicatistampa\\\/lombardia-il-presidente-fontana-si-allea-con-il-rotary-a-sostegno-del-capitale-umano\\\/#breadcrumb\",\"itemListElement\":[{\"@type\":\"ListItem\",\"position\":1,\"name\":\"Home\",\"item\":\"https:\\\/\\\/www.article-marketing.eu\\\/comunicatistampa\\\/\"},{\"@type\":\"ListItem\",\"position\":2,\"name\":\"Lombardia: il presidente Fontana si allea con il Rotary a sostegno del capitale umano\"}]},{\"@type\":\"WebSite\",\"@id\":\"https:\\\/\\\/www.article-marketing.eu\\\/comunicatistampa\\\/#website\",\"url\":\"https:\\\/\\\/www.article-marketing.eu\\\/comunicatistampa\\\/\",\"name\":\"Article Marketing\",\"description\":\"article marketing &amp; press release\",\"potentialAction\":[{\"@type\":\"SearchAction\",\"target\":{\"@type\":\"EntryPoint\",\"urlTemplate\":\"https:\\\/\\\/www.article-marketing.eu\\\/comunicatistampa\\\/?s={search_term_string}\"},\"query-input\":{\"@type\":\"PropertyValueSpecification\",\"valueRequired\":true,\"valueName\":\"search_term_string\"}}],\"inLanguage\":\"it-IT\"},{\"@type\":\"Person\",\"@id\":\"https:\\\/\\\/www.article-marketing.eu\\\/comunicatistampa\\\/#\\\/schema\\\/person\\\/c0aa725eee5df8460e0adf901fde0c88\",\"name\":\"Redaclem\",\"image\":{\"@type\":\"ImageObject\",\"inLanguage\":\"it-IT\",\"@id\":\"https:\\\/\\\/secure.gravatar.com\\\/avatar\\\/4c7e41f332a0583344a91d7d39723533da9b2d0df7737c2d8c69553168c2191e?s=96&d=mm&r=g\",\"url\":\"https:\\\/\\\/secure.gravatar.com\\\/avatar\\\/4c7e41f332a0583344a91d7d39723533da9b2d0df7737c2d8c69553168c2191e?s=96&d=mm&r=g\",\"contentUrl\":\"https:\\\/\\\/secure.gravatar.com\\\/avatar\\\/4c7e41f332a0583344a91d7d39723533da9b2d0df7737c2d8c69553168c2191e?s=96&d=mm&r=g\",\"caption\":\"Redaclem\"},\"url\":\"https:\\\/\\\/www.article-marketing.eu\\\/comunicatistampa\\\/author\\\/redaclem\\\/\"}]}<\/script>\n<!-- \/ Yoast SEO plugin. -->","yoast_head_json":{"title":"Lombardia: il presidente Fontana si allea con il Rotary a sostegno del capitale umano - Article Marketing","robots":{"index":"index","follow":"follow","max-snippet":"max-snippet:-1","max-image-preview":"max-image-preview:large","max-video-preview":"max-video-preview:-1"},"canonical":"https:\/\/www.article-marketing.eu\/comunicatistampa\/lombardia-il-presidente-fontana-si-allea-con-il-rotary-a-sostegno-del-capitale-umano\/","og_locale":"it_IT","og_type":"article","og_title":"Lombardia: il presidente Fontana si allea con il Rotary a sostegno del capitale umano - Article Marketing","og_description":"Un collegamento pi\u00f9 efficace tra il mondo della scuola e quello del lavoro, il sostegno alle startup e alle imprese che affrontano il passaggio generazionale, la promozione di nuova occupazione e la formazione dei giovani. Sono alcuni dei progetti che vedranno collaborare Regione Lombardia e i distretti 2041, 2042 e 2050 del Rotary International a seguito dell\u2019\u00abAlleanza per il capitale umano\u00bb siglata\u00a0questa mattina dal presidente della Regione Lombardia, Attilio Fontana,Continue reading...","og_url":"https:\/\/www.article-marketing.eu\/comunicatistampa\/lombardia-il-presidente-fontana-si-allea-con-il-rotary-a-sostegno-del-capitale-umano\/","og_site_name":"Article Marketing","article_published_time":"2018-11-13T21:27:39+00:00","author":"Redaclem","twitter_card":"summary_large_image","twitter_misc":{"Scritto da":"Redaclem","Tempo di lettura stimato":"3 minuti"},"schema":{"@context":"https:\/\/schema.org","@graph":[{"@type":"Article","@id":"https:\/\/www.article-marketing.eu\/comunicatistampa\/lombardia-il-presidente-fontana-si-allea-con-il-rotary-a-sostegno-del-capitale-umano\/#article","isPartOf":{"@id":"https:\/\/www.article-marketing.eu\/comunicatistampa\/lombardia-il-presidente-fontana-si-allea-con-il-rotary-a-sostegno-del-capitale-umano\/"},"author":{"name":"Redaclem","@id":"https:\/\/www.article-marketing.eu\/comunicatistampa\/#\/schema\/person\/c0aa725eee5df8460e0adf901fde0c88"},"headline":"Lombardia: il presidente Fontana si allea con il Rotary a sostegno del capitale umano","datePublished":"2018-11-13T21:27:39+00:00","mainEntityOfPage":{"@id":"https:\/\/www.article-marketing.eu\/comunicatistampa\/lombardia-il-presidente-fontana-si-allea-con-il-rotary-a-sostegno-del-capitale-umano\/"},"wordCount":624,"commentCount":0,"keywords":["regione lombardia","rotary"],"articleSection":["Comunicati stampa"],"inLanguage":"it-IT","potentialAction":[{"@type":"CommentAction","name":"Comment","target":["https:\/\/www.article-marketing.eu\/comunicatistampa\/lombardia-il-presidente-fontana-si-allea-con-il-rotary-a-sostegno-del-capitale-umano\/#respond"]}]},{"@type":"WebPage","@id":"https:\/\/www.article-marketing.eu\/comunicatistampa\/lombardia-il-presidente-fontana-si-allea-con-il-rotary-a-sostegno-del-capitale-umano\/","url":"https:\/\/www.article-marketing.eu\/comunicatistampa\/lombardia-il-presidente-fontana-si-allea-con-il-rotary-a-sostegno-del-capitale-umano\/","name":"Lombardia: il presidente Fontana si allea con il Rotary a sostegno del capitale umano - Article Marketing","isPartOf":{"@id":"https:\/\/www.article-marketing.eu\/comunicatistampa\/#website"},"datePublished":"2018-11-13T21:27:39+00:00","author":{"@id":"https:\/\/www.article-marketing.eu\/comunicatistampa\/#\/schema\/person\/c0aa725eee5df8460e0adf901fde0c88"},"breadcrumb":{"@id":"https:\/\/www.article-marketing.eu\/comunicatistampa\/lombardia-il-presidente-fontana-si-allea-con-il-rotary-a-sostegno-del-capitale-umano\/#breadcrumb"},"inLanguage":"it-IT","potentialAction":[{"@type":"ReadAction","target":["https:\/\/www.article-marketing.eu\/comunicatistampa\/lombardia-il-presidente-fontana-si-allea-con-il-rotary-a-sostegno-del-capitale-umano\/"]}]},{"@type":"BreadcrumbList","@id":"https:\/\/www.article-marketing.eu\/comunicatistampa\/lombardia-il-presidente-fontana-si-allea-con-il-rotary-a-sostegno-del-capitale-umano\/#breadcrumb","itemListElement":[{"@type":"ListItem","position":1,"name":"Home","item":"https:\/\/www.article-marketing.eu\/comunicatistampa\/"},{"@type":"ListItem","position":2,"name":"Lombardia: il presidente Fontana si allea con il Rotary a sostegno del capitale umano"}]},{"@type":"WebSite","@id":"https:\/\/www.article-marketing.eu\/comunicatistampa\/#website","url":"https:\/\/www.article-marketing.eu\/comunicatistampa\/","name":"Article Marketing","description":"article marketing &amp; press release","potentialAction":[{"@type":"SearchAction","target":{"@type":"EntryPoint","urlTemplate":"https:\/\/www.article-marketing.eu\/comunicatistampa\/?s={search_term_string}"},"query-input":{"@type":"PropertyValueSpecification","valueRequired":true,"valueName":"search_term_string"}}],"inLanguage":"it-IT"},{"@type":"Person","@id":"https:\/\/www.article-marketing.eu\/comunicatistampa\/#\/schema\/person\/c0aa725eee5df8460e0adf901fde0c88","name":"Redaclem","image":{"@type":"ImageObject","inLanguage":"it-IT","@id":"https:\/\/secure.gravatar.com\/avatar\/4c7e41f332a0583344a91d7d39723533da9b2d0df7737c2d8c69553168c2191e?s=96&d=mm&r=g","url":"https:\/\/secure.gravatar.com\/avatar\/4c7e41f332a0583344a91d7d39723533da9b2d0df7737c2d8c69553168c2191e?s=96&d=mm&r=g","contentUrl":"https:\/\/secure.gravatar.com\/avatar\/4c7e41f332a0583344a91d7d39723533da9b2d0df7737c2d8c69553168c2191e?s=96&d=mm&r=g","caption":"Redaclem"},"url":"https:\/\/www.article-marketing.eu\/comunicatistampa\/author\/redaclem\/"}]}},"_links":{"self":[{"href":"https:\/\/www.article-marketing.eu\/comunicatistampa\/wp-json\/wp\/v2\/posts\/12036","targetHints":{"allow":["GET"]}}],"collection":[{"href":"https:\/\/www.article-marketing.eu\/comunicatistampa\/wp-json\/wp\/v2\/posts"}],"about":[{"href":"https:\/\/www.article-marketing.eu\/comunicatistampa\/wp-json\/wp\/v2\/types\/post"}],"author":[{"embeddable":true,"href":"https:\/\/www.article-marketing.eu\/comunicatistampa\/wp-json\/wp\/v2\/users\/1855"}],"replies":[{"embeddable":true,"href":"https:\/\/www.article-marketing.eu\/comunicatistampa\/wp-json\/wp\/v2\/comments?post=12036"}],"version-history":[{"count":2,"href":"https:\/\/www.article-marketing.eu\/comunicatistampa\/wp-json\/wp\/v2\/posts\/12036\/revisions"}],"predecessor-version":[{"id":12054,"href":"https:\/\/www.article-marketing.eu\/comunicatistampa\/wp-json\/wp\/v2\/posts\/12036\/revisions\/12054"}],"wp:attachment":[{"href":"https:\/\/www.article-marketing.eu\/comunicatistampa\/wp-json\/wp\/v2\/media?parent=12036"}],"wp:term":[{"taxonomy":"category","embeddable":true,"href":"https:\/\/www.article-marketing.eu\/comunicatistampa\/wp-json\/wp\/v2\/categories?post=12036"},{"taxonomy":"post_tag","embeddable":true,"href":"https:\/\/www.article-marketing.eu\/comunicatistampa\/wp-json\/wp\/v2\/tags?post=12036"}],"curies":[{"name":"wp","href":"https:\/\/api.w.org\/{rel}","templated":true}]}}