{"id":12087,"date":"2018-11-16T02:08:16","date_gmt":"2018-11-16T01:08:16","guid":{"rendered":"http:\/\/www.article-marketing.eu\/comunicatistampa\/?p=12087"},"modified":"2018-11-16T02:08:16","modified_gmt":"2018-11-16T01:08:16","slug":"il-focus-group-per-la-valutazione-del-rischio-stress-lavoro-correlato","status":"publish","type":"post","link":"https:\/\/www.article-marketing.eu\/comunicatistampa\/il-focus-group-per-la-valutazione-del-rischio-stress-lavoro-correlato\/","title":{"rendered":"Il focus group per la valutazione del rischio stress lavoro correlato"},"content":{"rendered":"<h2>Comunicato Stampa<\/h2>\n<h2>Il focus group per la valutazione del rischio stress lavoro correlato<\/h2>\n<p><strong><em>Il 13 dicembre 2018 a Brescia un corso permetter\u00e0 di raggiungere una piena consapevolezza teorica e pratica del metodo del \u201cfocus group\u201d applicato alla valutazione approfondita dello stress lavoro correlato.<\/em><\/strong><\/p>\n<p>Riguardo alla fase di <strong>valutazione approfondita dello stress lavoro correlato<\/strong> le indicazioni della Commissione Consultiva Permanente per la salute e sicurezza sul lavoro (art. 6, D.Lgs. 81\/2008) prevedono la <strong>valutazione della <\/strong><strong>percezione soggettiva<\/strong><strong> dei lavoratori<\/strong> in relazione ad alcuni fattori\/indicatori oggetto della valutazione preliminare. E, sempre in relazione alla valutazione di questo rischio, l\u2019Istituto Nazionale per l\u2019Assicurazione contro gli Infortuni sul Lavoro (Inail) raccomanda l\u2019effettuazione della fase approfondita della valutazione del rischio stress lavoro-correlato gi\u00e0 a completamento della fase preliminare.<\/p>\n<p>&nbsp;<\/p>\n<p><strong>Come valutare correttamente la percezione dei lavoratori? <\/strong><\/p>\n<p>Se le modalit\u00e0 utilizzate per la valutazione delle percezioni dei lavoratori possono essere diverse (questionari, <em>focus group<\/em>, interviste semistrutturate, \u2026), il <em>focus group<\/em> \u00e8 uno strumento molto versatile che si caratterizza per la capacit\u00e0, in un confronto diretto con i lavoratori, di far emergere opinioni, esperienze, elementi di criticit\u00e0 e spunti di miglioramento.<\/p>\n<p>&nbsp;<\/p>\n<p><strong>Esistono corsi per aiutare gli operatori ad affrontare nel modo migliore la valutazione della percezione soggettiva dei lavoratori? C\u2019\u00e8 un percorso formativo che permetta di conoscere e applicare correttamente il metodo del <em>focus group<\/em>? <\/strong><\/p>\n<p><strong>\u00a0<\/strong><\/p>\n<p><strong>Il focus group e la valutazione del rischio stress <\/strong><\/p>\n<p>Proprio per fornire agli operatori le competenze nell\u2019utilizzo degli strumenti necessari ad un\u2019efficace valutazione del rischio stress lavoro correlato, l\u2019<strong>Associazione Italiana Formatori ed Operatori della Sicurezza sul Lavoro<\/strong> (AiFOS) organizza per il <strong>13 dicembre 2018 <\/strong>a <strong>Brescia<\/strong> un corso di 8 ore dal titolo \u201c<strong>FOCUS GROUP: Strumento per la valutazione del rischio da stress lavoro correlato<\/strong>\u201d.<\/p>\n<p>Il corso si prefigge di condurre ad una piena consapevolezza teorica e pratica del metodo applicato alla valutazione approfondita dello stress lavoro correlato.<\/p>\n<p>Al termine del percorso formativo, che prevede anche attivit\u00e0 esperienziali, il discente sar\u00e0 in grado di mettere in atto questa metodologia, organizzando e gestendo le <strong>sedute di <em>focus group<\/em><\/strong> finalizzate alla valutazione del rischio da stress lavoro correlato.<\/p>\n<p>&nbsp;<\/p>\n<p><strong>Lo strumento del focus group<\/strong><\/p>\n<p>Il <strong><em>focus group<\/em><\/strong> \u00e8 uno strumento di indagine che si realizza attraverso un\u2019intervista rivolta ad un gruppo omogeneo di persone per approfondire un tema e particolari aspetti di un argomento. \u00c8 un metodo che \u00e8 in grado di esplorare in modo approfondito opinioni, atteggiamenti e comportamenti di una collettivit\u00e0 approfondendo anche gli atteggiamenti correlati alle scelte comportamentali.<\/p>\n<p>L\u2019utilizzo di questa tecnica permette di fare emergere anche situazioni di lavoro potenzialmente pericolose, spesso non riscontrabili con altre attivit\u00e0 di valutazione, e trovare le soluzioni migliorative.<\/p>\n<p>Il principale obiettivo dei <em>focus group<\/em> \u00e8, dunque, quello di coinvolgere i lavoratori nell\u2019individuazione dei rischi lavorativi al fine di analizzarli in profondit\u00e0, identificarne le reali cause e poter adottare idonee ed efficaci misure di prevenzione.<\/p>\n<p>&nbsp;<\/p>\n<p><strong>Il programma del corso di Brescia<\/strong><\/p>\n<p>Il corso di 8 ore in presenza \u201c<strong>FOCUS GROUP: Strumento per la valutazione del rischio da stress lavoro correlato<\/strong>\u201d si tiene dunque il <strong>13 dicembre 2018 <\/strong>a <strong>Brescia<\/strong> dalle 9.00 alle 13.00 e dalle 14.00 alle 18.00 presso AiFOS Service in via Branze 45, c\/o CSMT, Universit\u00e0 degli studi di Brescia.<\/p>\n<p>&nbsp;<\/p>\n<p>Gli <strong>argomenti<\/strong> del corso:<\/p>\n<ul>\n<li>Elementi di metodologia<\/li>\n<li>Metodo qualitativo e \/o quantitativo<\/li>\n<li>Organizzazione e gestione del Focus Group<\/li>\n<li>Conclusione del Focus Group e piano d\u2019azione susseguente<\/li>\n<li>Le dinamiche di aula<\/li>\n<li>Esercitazioni role playing<\/li>\n<li>Debriefing<\/li>\n<\/ul>\n<p>&nbsp;<\/p>\n<p>Il corso \u00e8 valido come <strong>aggiornamento<\/strong> relativo a 6 ore per RSPP e ASPP di tutti i macrosettori ATECO e 3 ore per formatori terza area tematica.<\/p>\n<p>&nbsp;<\/p>\n<p>Per avere informazioni e iscriversi al corso \u00e8 possibile utilizzare questo link: <a href=\"https:\/\/aifos.org\/home\/formazione\/corsi-qualificati\/comunicazione\/comunicazione\/focus_group_strumento_per_la_valutazione_del_rischio_da_stress_lavoro_correlato\">https:\/\/aifos.org\/home\/formazione\/corsi-qualificati\/comunicazione\/comunicazione\/focus_group_strumento_per_la_valutazione_del_rischio_da_stress_lavoro_correlato<\/a><\/p>\n<p>&nbsp;<\/p>\n<p>Segnaliamo che le spese di partecipazione a convegni, congressi e simili o a corsi di aggiornamento professionale, nonch\u00e9 le spese di viaggio e soggiorno, sono integralmente deducibili &#8211; entro il limite annuo di 10.000 euro &#8211; come previsto dall&#8217;articolo 9 della Legge 22 maggio 2017, n\u00b0 81 (cosiddetto &#8220;<em>Jobs Act dei lavoratori autonomi<\/em>&#8220;).<\/p>\n<p>&nbsp;<\/p>\n<p>Per informazioni:<\/p>\n<p><strong>Sede nazionale AiFOS<\/strong>: via Branze, 45 &#8211; 25123 Brescia c\/o CSMT, Universit\u00e0 degli Studi di Brescia &#8211; tel.030.6595031 &#8211; fax 030.6595040 <a href=\"http:\/\/www.aifos.it\">www.aifos.it<\/a> &#8211; <a href=\"mailto:formarsi@aifos.it\">formarsi@aifos.it<\/a><\/p>\n<p>&nbsp;<\/p>\n<p><em>15 novembre 2018<\/em><\/p>\n<p>&nbsp;<\/p>\n<p>Ufficio Stampa di AiFOS<\/p>\n<p>ufficiostampa@aifos.it<\/p>\n<p>http:\/\/www.aifos.it\/<\/p>\n","protected":false},"excerpt":{"rendered":"<p>Comunicato Stampa Il focus group per la valutazione del rischio stress lavoro correlato Il 13 dicembre 2018 a Brescia un corso permetter\u00e0 di raggiungere una piena consapevolezza teorica e pratica del metodo del \u201cfocus group\u201d applicato alla valutazione approfondita dello stress lavoro correlato. Riguardo alla fase di valutazione approfondita dello stress lavoro correlato le indicazioni della Commissione Consultiva Permanente per la salute e sicurezza sul lavoro (art. 6, D.Lgs. 81\/2008)<\/p>\n<p><a class=\"continue-reading\" href=\"https:\/\/www.article-marketing.eu\/comunicatistampa\/il-focus-group-per-la-valutazione-del-rischio-stress-lavoro-correlato\/\">Continue reading&#8230;<\/a><\/p>\n","protected":false},"author":881,"featured_media":0,"comment_status":"open","ping_status":"open","sticky":false,"template":"","format":"standard","meta":{"_monsterinsights_skip_tracking":false,"_monsterinsights_sitenote_active":false,"_monsterinsights_sitenote_note":"","_monsterinsights_sitenote_category":0,"footnotes":""},"categories":[78,379,378,369],"tags":[3301,3235,791,5085,5082,5084,5086,5087,1538,5083],"class_list":["post-12087","post","type-post","status-publish","format-standard","hentry","category-comunicati-stampa","category-corsi","category-istruzione","category-salute-e-benessere","tag-aifos","tag-brescia","tag-corso","tag-focus-group","tag-focus-group-strumento-per-la-valutazione-del-rischio-da-stress-lavoro-correlato","tag-percezione-soggettiva","tag-rischio-da-stress","tag-role-playing","tag-sicurezza-sul-lavoro","tag-valutazione-approfondita-stress-lavoro-correlato"],"yoast_head":"<!-- This site is optimized with the Yoast SEO plugin v27.3 - https:\/\/yoast.com\/product\/yoast-seo-wordpress\/ -->\n<title>Il focus group per la valutazione del rischio stress lavoro correlato - Article Marketing<\/title>\n<meta name=\"robots\" content=\"index, follow, max-snippet:-1, max-image-preview:large, max-video-preview:-1\" \/>\n<link rel=\"canonical\" href=\"https:\/\/www.article-marketing.eu\/comunicatistampa\/il-focus-group-per-la-valutazione-del-rischio-stress-lavoro-correlato\/\" \/>\n<meta property=\"og:locale\" content=\"it_IT\" \/>\n<meta property=\"og:type\" content=\"article\" \/>\n<meta property=\"og:title\" content=\"Il focus group per la valutazione del rischio stress lavoro correlato - Article Marketing\" \/>\n<meta property=\"og:description\" content=\"Comunicato Stampa Il focus group per la valutazione del rischio stress lavoro correlato Il 13 dicembre 2018 a Brescia un corso permetter\u00e0 di raggiungere una piena consapevolezza teorica e pratica del metodo del \u201cfocus group\u201d applicato alla valutazione approfondita dello stress lavoro correlato. Riguardo alla fase di valutazione approfondita dello stress lavoro correlato le indicazioni della Commissione Consultiva Permanente per la salute e sicurezza sul lavoro (art. 6, D.Lgs. 81\/2008)Continue reading...\" \/>\n<meta property=\"og:url\" content=\"https:\/\/www.article-marketing.eu\/comunicatistampa\/il-focus-group-per-la-valutazione-del-rischio-stress-lavoro-correlato\/\" \/>\n<meta property=\"og:site_name\" content=\"Article Marketing\" \/>\n<meta property=\"article:published_time\" content=\"2018-11-16T01:08:16+00:00\" \/>\n<meta name=\"author\" content=\"AIFUS\" \/>\n<meta name=\"twitter:card\" content=\"summary_large_image\" \/>\n<meta name=\"twitter:label1\" content=\"Scritto da\" \/>\n\t<meta name=\"twitter:data1\" content=\"AIFUS\" \/>\n\t<meta name=\"twitter:label2\" content=\"Tempo di lettura stimato\" \/>\n\t<meta name=\"twitter:data2\" content=\"4 minuti\" \/>\n<script type=\"application\/ld+json\" class=\"yoast-schema-graph\">{\"@context\":\"https:\\\/\\\/schema.org\",\"@graph\":[{\"@type\":\"Article\",\"@id\":\"https:\\\/\\\/www.article-marketing.eu\\\/comunicatistampa\\\/il-focus-group-per-la-valutazione-del-rischio-stress-lavoro-correlato\\\/#article\",\"isPartOf\":{\"@id\":\"https:\\\/\\\/www.article-marketing.eu\\\/comunicatistampa\\\/il-focus-group-per-la-valutazione-del-rischio-stress-lavoro-correlato\\\/\"},\"author\":{\"name\":\"AIFUS\",\"@id\":\"https:\\\/\\\/www.article-marketing.eu\\\/comunicatistampa\\\/#\\\/schema\\\/person\\\/d1985c4955ff71a05f49d68e3034b3cd\"},\"headline\":\"Il focus group per la valutazione del rischio stress lavoro correlato\",\"datePublished\":\"2018-11-16T01:08:16+00:00\",\"mainEntityOfPage\":{\"@id\":\"https:\\\/\\\/www.article-marketing.eu\\\/comunicatistampa\\\/il-focus-group-per-la-valutazione-del-rischio-stress-lavoro-correlato\\\/\"},\"wordCount\":716,\"commentCount\":0,\"keywords\":[\"Aifos\",\"Brescia\",\"corso\",\"focus group\",\"FOCUS GROUP: Strumento per la valutazione del rischio da stress lavoro correlato\",\"percezione soggettiva\",\"rischio da stress\",\"role playing\",\"sicurezza sul lavoro\",\"valutazione approfondita stress lavoro correlato\"],\"articleSection\":[\"Comunicati stampa\",\"Corsi\",\"Istruzione\",\"Salute e benessere\"],\"inLanguage\":\"it-IT\",\"potentialAction\":[{\"@type\":\"CommentAction\",\"name\":\"Comment\",\"target\":[\"https:\\\/\\\/www.article-marketing.eu\\\/comunicatistampa\\\/il-focus-group-per-la-valutazione-del-rischio-stress-lavoro-correlato\\\/#respond\"]}]},{\"@type\":\"WebPage\",\"@id\":\"https:\\\/\\\/www.article-marketing.eu\\\/comunicatistampa\\\/il-focus-group-per-la-valutazione-del-rischio-stress-lavoro-correlato\\\/\",\"url\":\"https:\\\/\\\/www.article-marketing.eu\\\/comunicatistampa\\\/il-focus-group-per-la-valutazione-del-rischio-stress-lavoro-correlato\\\/\",\"name\":\"Il focus group per la valutazione del rischio stress lavoro correlato - Article Marketing\",\"isPartOf\":{\"@id\":\"https:\\\/\\\/www.article-marketing.eu\\\/comunicatistampa\\\/#website\"},\"datePublished\":\"2018-11-16T01:08:16+00:00\",\"author\":{\"@id\":\"https:\\\/\\\/www.article-marketing.eu\\\/comunicatistampa\\\/#\\\/schema\\\/person\\\/d1985c4955ff71a05f49d68e3034b3cd\"},\"breadcrumb\":{\"@id\":\"https:\\\/\\\/www.article-marketing.eu\\\/comunicatistampa\\\/il-focus-group-per-la-valutazione-del-rischio-stress-lavoro-correlato\\\/#breadcrumb\"},\"inLanguage\":\"it-IT\",\"potentialAction\":[{\"@type\":\"ReadAction\",\"target\":[\"https:\\\/\\\/www.article-marketing.eu\\\/comunicatistampa\\\/il-focus-group-per-la-valutazione-del-rischio-stress-lavoro-correlato\\\/\"]}]},{\"@type\":\"BreadcrumbList\",\"@id\":\"https:\\\/\\\/www.article-marketing.eu\\\/comunicatistampa\\\/il-focus-group-per-la-valutazione-del-rischio-stress-lavoro-correlato\\\/#breadcrumb\",\"itemListElement\":[{\"@type\":\"ListItem\",\"position\":1,\"name\":\"Home\",\"item\":\"https:\\\/\\\/www.article-marketing.eu\\\/comunicatistampa\\\/\"},{\"@type\":\"ListItem\",\"position\":2,\"name\":\"Il focus group per la valutazione del rischio stress lavoro correlato\"}]},{\"@type\":\"WebSite\",\"@id\":\"https:\\\/\\\/www.article-marketing.eu\\\/comunicatistampa\\\/#website\",\"url\":\"https:\\\/\\\/www.article-marketing.eu\\\/comunicatistampa\\\/\",\"name\":\"Article Marketing\",\"description\":\"article marketing &amp; press release\",\"potentialAction\":[{\"@type\":\"SearchAction\",\"target\":{\"@type\":\"EntryPoint\",\"urlTemplate\":\"https:\\\/\\\/www.article-marketing.eu\\\/comunicatistampa\\\/?s={search_term_string}\"},\"query-input\":{\"@type\":\"PropertyValueSpecification\",\"valueRequired\":true,\"valueName\":\"search_term_string\"}}],\"inLanguage\":\"it-IT\"},{\"@type\":\"Person\",\"@id\":\"https:\\\/\\\/www.article-marketing.eu\\\/comunicatistampa\\\/#\\\/schema\\\/person\\\/d1985c4955ff71a05f49d68e3034b3cd\",\"name\":\"AIFUS\",\"image\":{\"@type\":\"ImageObject\",\"inLanguage\":\"it-IT\",\"@id\":\"https:\\\/\\\/secure.gravatar.com\\\/avatar\\\/05cf2a2ba057667571308b94c84f00ff48766ffac95710a87491a9b3ddcee484?s=96&d=mm&r=g\",\"url\":\"https:\\\/\\\/secure.gravatar.com\\\/avatar\\\/05cf2a2ba057667571308b94c84f00ff48766ffac95710a87491a9b3ddcee484?s=96&d=mm&r=g\",\"contentUrl\":\"https:\\\/\\\/secure.gravatar.com\\\/avatar\\\/05cf2a2ba057667571308b94c84f00ff48766ffac95710a87491a9b3ddcee484?s=96&d=mm&r=g\",\"caption\":\"AIFUS\"},\"url\":\"https:\\\/\\\/www.article-marketing.eu\\\/comunicatistampa\\\/author\\\/aifus\\\/\"}]}<\/script>\n<!-- \/ Yoast SEO plugin. -->","yoast_head_json":{"title":"Il focus group per la valutazione del rischio stress lavoro correlato - Article Marketing","robots":{"index":"index","follow":"follow","max-snippet":"max-snippet:-1","max-image-preview":"max-image-preview:large","max-video-preview":"max-video-preview:-1"},"canonical":"https:\/\/www.article-marketing.eu\/comunicatistampa\/il-focus-group-per-la-valutazione-del-rischio-stress-lavoro-correlato\/","og_locale":"it_IT","og_type":"article","og_title":"Il focus group per la valutazione del rischio stress lavoro correlato - Article Marketing","og_description":"Comunicato Stampa Il focus group per la valutazione del rischio stress lavoro correlato Il 13 dicembre 2018 a Brescia un corso permetter\u00e0 di raggiungere una piena consapevolezza teorica e pratica del metodo del \u201cfocus group\u201d applicato alla valutazione approfondita dello stress lavoro correlato. Riguardo alla fase di valutazione approfondita dello stress lavoro correlato le indicazioni della Commissione Consultiva Permanente per la salute e sicurezza sul lavoro (art. 6, D.Lgs. 81\/2008)Continue reading...","og_url":"https:\/\/www.article-marketing.eu\/comunicatistampa\/il-focus-group-per-la-valutazione-del-rischio-stress-lavoro-correlato\/","og_site_name":"Article Marketing","article_published_time":"2018-11-16T01:08:16+00:00","author":"AIFUS","twitter_card":"summary_large_image","twitter_misc":{"Scritto da":"AIFUS","Tempo di lettura stimato":"4 minuti"},"schema":{"@context":"https:\/\/schema.org","@graph":[{"@type":"Article","@id":"https:\/\/www.article-marketing.eu\/comunicatistampa\/il-focus-group-per-la-valutazione-del-rischio-stress-lavoro-correlato\/#article","isPartOf":{"@id":"https:\/\/www.article-marketing.eu\/comunicatistampa\/il-focus-group-per-la-valutazione-del-rischio-stress-lavoro-correlato\/"},"author":{"name":"AIFUS","@id":"https:\/\/www.article-marketing.eu\/comunicatistampa\/#\/schema\/person\/d1985c4955ff71a05f49d68e3034b3cd"},"headline":"Il focus group per la valutazione del rischio stress lavoro correlato","datePublished":"2018-11-16T01:08:16+00:00","mainEntityOfPage":{"@id":"https:\/\/www.article-marketing.eu\/comunicatistampa\/il-focus-group-per-la-valutazione-del-rischio-stress-lavoro-correlato\/"},"wordCount":716,"commentCount":0,"keywords":["Aifos","Brescia","corso","focus group","FOCUS GROUP: Strumento per la valutazione del rischio da stress lavoro correlato","percezione soggettiva","rischio da stress","role playing","sicurezza sul lavoro","valutazione approfondita stress lavoro correlato"],"articleSection":["Comunicati stampa","Corsi","Istruzione","Salute e benessere"],"inLanguage":"it-IT","potentialAction":[{"@type":"CommentAction","name":"Comment","target":["https:\/\/www.article-marketing.eu\/comunicatistampa\/il-focus-group-per-la-valutazione-del-rischio-stress-lavoro-correlato\/#respond"]}]},{"@type":"WebPage","@id":"https:\/\/www.article-marketing.eu\/comunicatistampa\/il-focus-group-per-la-valutazione-del-rischio-stress-lavoro-correlato\/","url":"https:\/\/www.article-marketing.eu\/comunicatistampa\/il-focus-group-per-la-valutazione-del-rischio-stress-lavoro-correlato\/","name":"Il focus group per la valutazione del rischio stress lavoro correlato - Article Marketing","isPartOf":{"@id":"https:\/\/www.article-marketing.eu\/comunicatistampa\/#website"},"datePublished":"2018-11-16T01:08:16+00:00","author":{"@id":"https:\/\/www.article-marketing.eu\/comunicatistampa\/#\/schema\/person\/d1985c4955ff71a05f49d68e3034b3cd"},"breadcrumb":{"@id":"https:\/\/www.article-marketing.eu\/comunicatistampa\/il-focus-group-per-la-valutazione-del-rischio-stress-lavoro-correlato\/#breadcrumb"},"inLanguage":"it-IT","potentialAction":[{"@type":"ReadAction","target":["https:\/\/www.article-marketing.eu\/comunicatistampa\/il-focus-group-per-la-valutazione-del-rischio-stress-lavoro-correlato\/"]}]},{"@type":"BreadcrumbList","@id":"https:\/\/www.article-marketing.eu\/comunicatistampa\/il-focus-group-per-la-valutazione-del-rischio-stress-lavoro-correlato\/#breadcrumb","itemListElement":[{"@type":"ListItem","position":1,"name":"Home","item":"https:\/\/www.article-marketing.eu\/comunicatistampa\/"},{"@type":"ListItem","position":2,"name":"Il focus group per la valutazione del rischio stress lavoro correlato"}]},{"@type":"WebSite","@id":"https:\/\/www.article-marketing.eu\/comunicatistampa\/#website","url":"https:\/\/www.article-marketing.eu\/comunicatistampa\/","name":"Article Marketing","description":"article marketing &amp; press release","potentialAction":[{"@type":"SearchAction","target":{"@type":"EntryPoint","urlTemplate":"https:\/\/www.article-marketing.eu\/comunicatistampa\/?s={search_term_string}"},"query-input":{"@type":"PropertyValueSpecification","valueRequired":true,"valueName":"search_term_string"}}],"inLanguage":"it-IT"},{"@type":"Person","@id":"https:\/\/www.article-marketing.eu\/comunicatistampa\/#\/schema\/person\/d1985c4955ff71a05f49d68e3034b3cd","name":"AIFUS","image":{"@type":"ImageObject","inLanguage":"it-IT","@id":"https:\/\/secure.gravatar.com\/avatar\/05cf2a2ba057667571308b94c84f00ff48766ffac95710a87491a9b3ddcee484?s=96&d=mm&r=g","url":"https:\/\/secure.gravatar.com\/avatar\/05cf2a2ba057667571308b94c84f00ff48766ffac95710a87491a9b3ddcee484?s=96&d=mm&r=g","contentUrl":"https:\/\/secure.gravatar.com\/avatar\/05cf2a2ba057667571308b94c84f00ff48766ffac95710a87491a9b3ddcee484?s=96&d=mm&r=g","caption":"AIFUS"},"url":"https:\/\/www.article-marketing.eu\/comunicatistampa\/author\/aifus\/"}]}},"_links":{"self":[{"href":"https:\/\/www.article-marketing.eu\/comunicatistampa\/wp-json\/wp\/v2\/posts\/12087","targetHints":{"allow":["GET"]}}],"collection":[{"href":"https:\/\/www.article-marketing.eu\/comunicatistampa\/wp-json\/wp\/v2\/posts"}],"about":[{"href":"https:\/\/www.article-marketing.eu\/comunicatistampa\/wp-json\/wp\/v2\/types\/post"}],"author":[{"embeddable":true,"href":"https:\/\/www.article-marketing.eu\/comunicatistampa\/wp-json\/wp\/v2\/users\/881"}],"replies":[{"embeddable":true,"href":"https:\/\/www.article-marketing.eu\/comunicatistampa\/wp-json\/wp\/v2\/comments?post=12087"}],"version-history":[{"count":3,"href":"https:\/\/www.article-marketing.eu\/comunicatistampa\/wp-json\/wp\/v2\/posts\/12087\/revisions"}],"predecessor-version":[{"id":12125,"href":"https:\/\/www.article-marketing.eu\/comunicatistampa\/wp-json\/wp\/v2\/posts\/12087\/revisions\/12125"}],"wp:attachment":[{"href":"https:\/\/www.article-marketing.eu\/comunicatistampa\/wp-json\/wp\/v2\/media?parent=12087"}],"wp:term":[{"taxonomy":"category","embeddable":true,"href":"https:\/\/www.article-marketing.eu\/comunicatistampa\/wp-json\/wp\/v2\/categories?post=12087"},{"taxonomy":"post_tag","embeddable":true,"href":"https:\/\/www.article-marketing.eu\/comunicatistampa\/wp-json\/wp\/v2\/tags?post=12087"}],"curies":[{"name":"wp","href":"https:\/\/api.w.org\/{rel}","templated":true}]}}