{"id":1209,"date":"2017-03-18T19:33:51","date_gmt":"2017-03-18T18:33:51","guid":{"rendered":"http:\/\/www.article-marketing.eu\/comunicatistampa\/?p=1209"},"modified":"2020-08-10T01:44:01","modified_gmt":"2020-08-09T23:44:01","slug":"la-coscienza-e-consapevolezza-del-proprio-io-interiore","status":"publish","type":"post","link":"https:\/\/www.article-marketing.eu\/comunicatistampa\/la-coscienza-e-consapevolezza-del-proprio-io-interiore\/","title":{"rendered":"La Coscienza e Consapevolezza del proprio Io interiore"},"content":{"rendered":"<h1 style=\"text-align: center;\"><strong>Il Potere della Coscienza come Io Interiore<\/strong><\/h1>\n<p>Oggi comprendo perch\u00e9 la vita ci abbia messo spesso su percorsi cos\u00ec tortuosi e controversi, ostacoli e bivi, quelle stesse esperienze che hanno <strong>formato e forgiato la coscienza<\/strong>, permettendoci di\u00a0diventare ci\u00f2 che siamo oggi.<\/p>\n<p>Chi siamo veramente?<\/p>\n<p>Siamo una moltitudine di memorie, convinzioni, credenze e forme pensiero che si affollano nel IO, creando spesso distorsioni e malintesi che interpretiamo come motivo per non evolvere, per restare\u00a0immobili, <strong>preda delle nostre paure<\/strong> e di una vita basata sulle illusioni.<\/p>\n<p>Schiacciata da\u00a0questa moltitudine di informazioni e memorie esiste il nostro vero Essere, \u00a0<strong>la nostra coscienza<\/strong>, l&#8217;essenza \u00a0pi\u00f9 autentica, quella parte unica di noi che decide autenticamente attraverso \u201clibero arbitrio\u201d.<\/p>\n<p>La sola che pu\u00f2 condurci alla comprensione interiore e profonda dei nostri <strong>reali bisogni<\/strong>, del <strong>vero valore nella nostra vita<\/strong> e di ci\u00f2 che ci <strong>rende felici<\/strong>.<\/p>\n<p><img loading=\"lazy\" decoding=\"async\" class=\"aligncenter wp-image-62 size-full\" title=\"consapevolezza\" src=\"http:\/\/www.portaleolistico.com\/wp-content\/uploads\/2016\/12\/coscienza-consapevolezza.jpg\" alt=\"coscienza\" width=\"326\" height=\"219\" \/>Quando decidi di cambiare la tua vita ed intraprendi un serio percorso personale dentro di te, cominci a renderti conto di quante persone vivono ancora <strong>nella sofferenza e nella paura<\/strong>, preda di bisogni illusori, di sicurezze materiali e psicologiche.<br \/>\nPerse nei meandri di una mente che riconosce\u00a0ancora la separazione, nella quale vive imprigionato il loro <strong>Ego<\/strong>.<\/p>\n<p>Ti sei mai chiesto come sarebbe la vita senza il bisogno di dover sembrare come gli altri vogliono che tu sia?<\/p>\n<p>E chi saresti invece, se non provassi quel bisogno di <strong>sentirti accettato e stimato<\/strong>, senza il vestito alla moda o il modello di cellulare tanto invidiato?<\/p>\n<p>Come saresti senza il tuo bagaglio scolastico ed i tuoi saperi intellettuali?<\/p>\n<h3 style=\"text-align: center;\"><strong><a href=\"http:\/\/www.portaleolistico.com\/operatori-olistici\/anna-paola-cesarini#contatti-cesarini\">Contatta Anna Paola Cesarini<\/a><\/strong><\/h3>\n<p>O magari, ancora pi\u00f9 pieno di <strong>Ego<\/strong> per la tua formazione <strong>spirituale<\/strong>, pensando di essere uscito da una situazione di illusione e controllo, quando invece potresti\u00a0essere entrato in un\u2019altra prigione?<\/p>\n<p><img loading=\"lazy\" decoding=\"async\" class=\"aligncenter wp-image-63 size-medium\" title=\"coscienza\" src=\"http:\/\/www.portaleolistico.com\/wp-content\/uploads\/2016\/12\/evoluzione-spirituale-248x300.jpg\" alt=\"evoluzione spirituale\" width=\"248\" height=\"300\" \/><strong>Il tuo vero S\u00e9<\/strong> non si nasconde dietro una maschera, non reprime ci\u00f2 che sei veramente, non si lascia influenzare n\u00e9 soggiogare, perch\u00e9 non serve\u00a0cambiare ruolo e personaggio, serve diventare un <strong>essere umano libero<\/strong>.<\/p>\n<p>Chi sei veramente <strong>non teme il giudizio<\/strong>, non ha bisogno di gruppi di sostegno, non subisce la vita, ma sceglie di affrontare e rielaborare.<\/p>\n<p>Chi sei veramente \u00e8 quella parte di te, la tua coscienza, che percepisce la distanza tra ci\u00f2 che stai facendo nella vita e quello che invece realmente dovresti essere.<\/p>\n<p>Liberarti dalle illusioni mentali, ritrovare il tuo percorso animico e ricordare chi sei. <strong>Un essere divino ed infinito<\/strong>.<\/p>\n<p>E&#8217; fondamentale prendere coscienza delle tue esperienze, di come esse ti abbiano forgiato e cambiato nel corso della tua <strong>evoluzione personale<\/strong>, perch\u00e9 illuminano\u00a0la direzione da prendere.<\/p>\n<p>Se non hai il coraggio di affrontare la tua evoluzione animica, il suo richiamo, per <strong>inconsapevolezza<\/strong> o per <strong>paura<\/strong>,\u00a0 la vita rischia di diventare un passato che non passa mai.<\/p>\n<p>Chi siamo veramente non ha nulla a che vedere con la nostra personalit\u00e0, quella parte formata\u00a0dalle <strong>memorie genealogiche<\/strong>, dalle nostre esperienze personali, \u00a0le convinzioni, le <strong>credenze acquisite<\/strong> nella nostra vita ed in quelle passate.<\/p>\n<p>Chi siamo non ha nulla a che vedere con l\u2019educazione o l\u2019istruzione, con la \u00a0conoscenza ed il sapere.<\/p>\n<p>La consapevolezza della nostra parte pi\u00f9 autentica \u00e8 una <strong>presa di coscienza<\/strong> dalla quale scaturisce poi, il nostro personale e reale modo di rapportarci con noi stessi, con gli altri, con il mondo e dalla quale nasce l\u2019etica e quel <strong>senso di unione<\/strong> in un Unico Tutto.<\/p>\n<p><img loading=\"lazy\" decoding=\"async\" class=\"aligncenter wp-image-64 size-medium\" title=\"spiritualit\u00e0\" src=\"http:\/\/www.portaleolistico.com\/wp-content\/uploads\/2016\/12\/infinito-300x150.jpg\" alt=\"coscienza\" width=\"300\" height=\"150\" \/>Come pu\u00f2 una semplice definizione descrivere con il linguaggio il nostro S\u00e8 Divino?<\/p>\n<p>Per questo \u00e8 bene prendere\u00a0finalmente <strong>coscienza<\/strong> del grande potere creativo dell\u2019essere umano in quanto coscienza umana e quindi, non percepire il nostro corpo fisico come <strong>separato dalla mente e dallo spirito<\/strong>.<\/p>\n<p>Vi \u00e8\u00a0bisogno di <strong>nutrire l&#8217;Anima<\/strong> con tutte quelle energie di gioia e amore permettendo, attraverso i pensieri, di creare nella materia ci\u00f2 che ci rende felici.<\/p>\n<p>Oggi anche gli scienziati ci dicono che tutto ci\u00f2 che esiste emerge dalla <strong>pura coscienza<\/strong>, questo campo unificato nel quale tutto \u00e8 possibile, quello che nei Veda veniva chiamato Haman, il S\u00e9.<\/p>\n<p>Quello che pensiamo e le emozioni che proviamo sono energie che immettiamo nel campo, sia nel bene che nel male.<\/p>\n<p>Proiettiamo all&#8217;esterno queste <strong>energie<\/strong> che poi tornano a noi amplificate, a seconda della loro <strong>frequenza<\/strong>.<\/p>\n<p>Siamo come delle antenne e quindi responsabili di noi stessi e dell<strong>\u2019immenso organismo vivente<\/strong> del quale siamo parte integrante.<\/p>\n<p><img loading=\"lazy\" decoding=\"async\" class=\"aligncenter wp-image-65 size-medium\" title=\"coscienza\" src=\"http:\/\/www.portaleolistico.com\/wp-content\/uploads\/2016\/12\/frequenza-pensiero-300x143.jpg\" alt=\"pensiero frequenza\" width=\"300\" height=\"143\" \/>Il primo passo per ricordarti di te \u00e8 ritornare a sentire l\u2019immenso valore che possiede l\u2019essere umano, in quanto <strong>parte integrante della coscienza divina<\/strong>.<\/p>\n<p>Osservati, sii consapevole del tuo potenziale, esprimi il tuo potere creativo nel dare e nel ricevere, sperimenta la pi\u00f9 grande energia universale, l\u2019<strong>Amore<\/strong>.<\/p>\n<p>Sei qui su questa Terra, nella forma, condizione sociale e nello <strong>stato di coscienza<\/strong> che la tua anima necessita per fare esperienza, quindi <strong>accetta e valorizza<\/strong> ci\u00f2 che sei in forma fisica, intellettuale e sociale, \u00a0anche se non corrisponde ai modelli della nostra societ\u00e0.<\/p>\n<p>Scegli il modo di vivere a te pi\u00f9 congeniale, in esso celebra la vita, sii grato sempre per questo immenso miracolo che stai vivendo.<\/p>\n<p>Nessuno, solo tu puoi decidere della tua vita e costruire il tuo futuro in ogni singolo momento attraverso le tue scelte.<\/p>\n<p>Solo tu puoi resettare <strong>la mente e liberarla<\/strong> dagli ostacoli che non ti permettono di scoprire il tuo S\u00e9 originale.<\/p>\n<p>Solo tu puoi dare forza ai tuoi intenti, alla volont\u00e0, imparando ad usare l\u2019<strong>intelligenza emotiva del cuore<\/strong>.<\/p>\n<p>Senza l\u2019Amore non esisterebbero le arti, i poemi, le canzoni, i film.<\/p>\n<p>La vera crescita interiore \u00e8 l\u2019<strong>apertura del cuore<\/strong>, della coscienza, della visione della bellezza, perch\u00e9 l\u2019unico destino dell\u2019essere umano \u00e8 l\u2019Amore.<\/p>\n<p>Fonte: <a href=\"http:\/\/www.portaleolistico.com\/crescita-personale\/coscienza-io-interiore\/\" target=\"_blank\" rel=\"noopener noreferrer\">Portale Olistico<\/a><\/p>\n","protected":false},"excerpt":{"rendered":"<p>Il Potere della Coscienza come Io Interiore Oggi comprendo perch\u00e9 la vita ci abbia messo spesso su percorsi cos\u00ec tortuosi e controversi, ostacoli e bivi, quelle stesse esperienze che hanno formato e forgiato la coscienza, permettendoci di\u00a0diventare ci\u00f2 che siamo oggi. Chi siamo veramente? Siamo una moltitudine di memorie, convinzioni, credenze e forme pensiero che si affollano nel IO, creando spesso distorsioni e malintesi che interpretiamo come motivo per non<\/p>\n<p><a class=\"continue-reading\" href=\"https:\/\/www.article-marketing.eu\/comunicatistampa\/la-coscienza-e-consapevolezza-del-proprio-io-interiore\/\">Continue reading&#8230;<\/a><\/p>\n","protected":false},"author":69,"featured_media":0,"comment_status":"open","ping_status":"open","sticky":false,"template":"","format":"standard","meta":{"_monsterinsights_skip_tracking":false,"_monsterinsights_sitenote_active":false,"_monsterinsights_sitenote_note":"","_monsterinsights_sitenote_category":0,"footnotes":""},"categories":[372,369],"tags":[735,734,736,6463],"class_list":["post-1209","post","type-post","status-publish","format-standard","hentry","category-medicina-alternativa","category-salute-e-benessere","tag-consapevilezza","tag-coscienza","tag-crescita-spirituale","tag-vipcomusta"],"yoast_head":"<!-- This site is optimized with the Yoast SEO plugin v27.3 - https:\/\/yoast.com\/product\/yoast-seo-wordpress\/ -->\n<title>La Coscienza e Consapevolezza del proprio Io interiore - Article Marketing<\/title>\n<meta name=\"robots\" content=\"index, follow, max-snippet:-1, max-image-preview:large, max-video-preview:-1\" \/>\n<link rel=\"canonical\" href=\"https:\/\/www.article-marketing.eu\/comunicatistampa\/la-coscienza-e-consapevolezza-del-proprio-io-interiore\/\" \/>\n<meta property=\"og:locale\" content=\"it_IT\" \/>\n<meta property=\"og:type\" content=\"article\" \/>\n<meta property=\"og:title\" content=\"La Coscienza e Consapevolezza del proprio Io interiore - Article Marketing\" \/>\n<meta property=\"og:description\" content=\"Il Potere della Coscienza come Io Interiore Oggi comprendo perch\u00e9 la vita ci abbia messo spesso su percorsi cos\u00ec tortuosi e controversi, ostacoli e bivi, quelle stesse esperienze che hanno formato e forgiato la coscienza, permettendoci di\u00a0diventare ci\u00f2 che siamo oggi. Chi siamo veramente? Siamo una moltitudine di memorie, convinzioni, credenze e forme pensiero che si affollano nel IO, creando spesso distorsioni e malintesi che interpretiamo come motivo per nonContinue reading...\" \/>\n<meta property=\"og:url\" content=\"https:\/\/www.article-marketing.eu\/comunicatistampa\/la-coscienza-e-consapevolezza-del-proprio-io-interiore\/\" \/>\n<meta property=\"og:site_name\" content=\"Article Marketing\" \/>\n<meta property=\"article:published_time\" content=\"2017-03-18T18:33:51+00:00\" \/>\n<meta property=\"article:modified_time\" content=\"2020-08-09T23:44:01+00:00\" \/>\n<meta property=\"og:image\" content=\"http:\/\/www.portaleolistico.com\/wp-content\/uploads\/2016\/12\/coscienza-consapevolezza.jpg\" \/>\n<meta name=\"author\" content=\"portaleolistico\" \/>\n<meta name=\"twitter:card\" content=\"summary_large_image\" \/>\n<meta name=\"twitter:label1\" content=\"Scritto da\" \/>\n\t<meta name=\"twitter:data1\" content=\"portaleolistico\" \/>\n\t<meta name=\"twitter:label2\" content=\"Tempo di lettura stimato\" \/>\n\t<meta name=\"twitter:data2\" content=\"5 minuti\" \/>\n<script type=\"application\/ld+json\" class=\"yoast-schema-graph\">{\"@context\":\"https:\\\/\\\/schema.org\",\"@graph\":[{\"@type\":\"Article\",\"@id\":\"https:\\\/\\\/www.article-marketing.eu\\\/comunicatistampa\\\/la-coscienza-e-consapevolezza-del-proprio-io-interiore\\\/#article\",\"isPartOf\":{\"@id\":\"https:\\\/\\\/www.article-marketing.eu\\\/comunicatistampa\\\/la-coscienza-e-consapevolezza-del-proprio-io-interiore\\\/\"},\"author\":{\"name\":\"portaleolistico\",\"@id\":\"https:\\\/\\\/www.article-marketing.eu\\\/comunicatistampa\\\/#\\\/schema\\\/person\\\/feb0bc337127f33d60bef7b99cea9341\"},\"headline\":\"La Coscienza e Consapevolezza del proprio Io interiore\",\"datePublished\":\"2017-03-18T18:33:51+00:00\",\"dateModified\":\"2020-08-09T23:44:01+00:00\",\"mainEntityOfPage\":{\"@id\":\"https:\\\/\\\/www.article-marketing.eu\\\/comunicatistampa\\\/la-coscienza-e-consapevolezza-del-proprio-io-interiore\\\/\"},\"wordCount\":939,\"commentCount\":0,\"image\":{\"@id\":\"https:\\\/\\\/www.article-marketing.eu\\\/comunicatistampa\\\/la-coscienza-e-consapevolezza-del-proprio-io-interiore\\\/#primaryimage\"},\"thumbnailUrl\":\"http:\\\/\\\/www.portaleolistico.com\\\/wp-content\\\/uploads\\\/2016\\\/12\\\/coscienza-consapevolezza.jpg\",\"keywords\":[\"consapevilezza\",\"coscienza\",\"crescita spirituale\",\"vipCOMUSTA\"],\"articleSection\":[\"Medicina alternativa\",\"Salute e benessere\"],\"inLanguage\":\"it-IT\",\"potentialAction\":[{\"@type\":\"CommentAction\",\"name\":\"Comment\",\"target\":[\"https:\\\/\\\/www.article-marketing.eu\\\/comunicatistampa\\\/la-coscienza-e-consapevolezza-del-proprio-io-interiore\\\/#respond\"]}]},{\"@type\":\"WebPage\",\"@id\":\"https:\\\/\\\/www.article-marketing.eu\\\/comunicatistampa\\\/la-coscienza-e-consapevolezza-del-proprio-io-interiore\\\/\",\"url\":\"https:\\\/\\\/www.article-marketing.eu\\\/comunicatistampa\\\/la-coscienza-e-consapevolezza-del-proprio-io-interiore\\\/\",\"name\":\"La Coscienza e Consapevolezza del proprio Io interiore - Article Marketing\",\"isPartOf\":{\"@id\":\"https:\\\/\\\/www.article-marketing.eu\\\/comunicatistampa\\\/#website\"},\"primaryImageOfPage\":{\"@id\":\"https:\\\/\\\/www.article-marketing.eu\\\/comunicatistampa\\\/la-coscienza-e-consapevolezza-del-proprio-io-interiore\\\/#primaryimage\"},\"image\":{\"@id\":\"https:\\\/\\\/www.article-marketing.eu\\\/comunicatistampa\\\/la-coscienza-e-consapevolezza-del-proprio-io-interiore\\\/#primaryimage\"},\"thumbnailUrl\":\"http:\\\/\\\/www.portaleolistico.com\\\/wp-content\\\/uploads\\\/2016\\\/12\\\/coscienza-consapevolezza.jpg\",\"datePublished\":\"2017-03-18T18:33:51+00:00\",\"dateModified\":\"2020-08-09T23:44:01+00:00\",\"author\":{\"@id\":\"https:\\\/\\\/www.article-marketing.eu\\\/comunicatistampa\\\/#\\\/schema\\\/person\\\/feb0bc337127f33d60bef7b99cea9341\"},\"breadcrumb\":{\"@id\":\"https:\\\/\\\/www.article-marketing.eu\\\/comunicatistampa\\\/la-coscienza-e-consapevolezza-del-proprio-io-interiore\\\/#breadcrumb\"},\"inLanguage\":\"it-IT\",\"potentialAction\":[{\"@type\":\"ReadAction\",\"target\":[\"https:\\\/\\\/www.article-marketing.eu\\\/comunicatistampa\\\/la-coscienza-e-consapevolezza-del-proprio-io-interiore\\\/\"]}]},{\"@type\":\"ImageObject\",\"inLanguage\":\"it-IT\",\"@id\":\"https:\\\/\\\/www.article-marketing.eu\\\/comunicatistampa\\\/la-coscienza-e-consapevolezza-del-proprio-io-interiore\\\/#primaryimage\",\"url\":\"http:\\\/\\\/www.portaleolistico.com\\\/wp-content\\\/uploads\\\/2016\\\/12\\\/coscienza-consapevolezza.jpg\",\"contentUrl\":\"http:\\\/\\\/www.portaleolistico.com\\\/wp-content\\\/uploads\\\/2016\\\/12\\\/coscienza-consapevolezza.jpg\"},{\"@type\":\"BreadcrumbList\",\"@id\":\"https:\\\/\\\/www.article-marketing.eu\\\/comunicatistampa\\\/la-coscienza-e-consapevolezza-del-proprio-io-interiore\\\/#breadcrumb\",\"itemListElement\":[{\"@type\":\"ListItem\",\"position\":1,\"name\":\"Home\",\"item\":\"https:\\\/\\\/www.article-marketing.eu\\\/comunicatistampa\\\/\"},{\"@type\":\"ListItem\",\"position\":2,\"name\":\"La Coscienza e Consapevolezza del proprio Io interiore\"}]},{\"@type\":\"WebSite\",\"@id\":\"https:\\\/\\\/www.article-marketing.eu\\\/comunicatistampa\\\/#website\",\"url\":\"https:\\\/\\\/www.article-marketing.eu\\\/comunicatistampa\\\/\",\"name\":\"Article Marketing\",\"description\":\"article marketing &amp; press release\",\"potentialAction\":[{\"@type\":\"SearchAction\",\"target\":{\"@type\":\"EntryPoint\",\"urlTemplate\":\"https:\\\/\\\/www.article-marketing.eu\\\/comunicatistampa\\\/?s={search_term_string}\"},\"query-input\":{\"@type\":\"PropertyValueSpecification\",\"valueRequired\":true,\"valueName\":\"search_term_string\"}}],\"inLanguage\":\"it-IT\"},{\"@type\":\"Person\",\"@id\":\"https:\\\/\\\/www.article-marketing.eu\\\/comunicatistampa\\\/#\\\/schema\\\/person\\\/feb0bc337127f33d60bef7b99cea9341\",\"name\":\"portaleolistico\",\"image\":{\"@type\":\"ImageObject\",\"inLanguage\":\"it-IT\",\"@id\":\"https:\\\/\\\/secure.gravatar.com\\\/avatar\\\/be59fb2b09a84213d22c9ac5b658db3b426897b4f62753e4f3506d67419172f3?s=96&d=mm&r=g\",\"url\":\"https:\\\/\\\/secure.gravatar.com\\\/avatar\\\/be59fb2b09a84213d22c9ac5b658db3b426897b4f62753e4f3506d67419172f3?s=96&d=mm&r=g\",\"contentUrl\":\"https:\\\/\\\/secure.gravatar.com\\\/avatar\\\/be59fb2b09a84213d22c9ac5b658db3b426897b4f62753e4f3506d67419172f3?s=96&d=mm&r=g\",\"caption\":\"portaleolistico\"},\"url\":\"https:\\\/\\\/www.article-marketing.eu\\\/comunicatistampa\\\/author\\\/portaleolistico\\\/\"}]}<\/script>\n<!-- \/ Yoast SEO plugin. -->","yoast_head_json":{"title":"La Coscienza e Consapevolezza del proprio Io interiore - Article Marketing","robots":{"index":"index","follow":"follow","max-snippet":"max-snippet:-1","max-image-preview":"max-image-preview:large","max-video-preview":"max-video-preview:-1"},"canonical":"https:\/\/www.article-marketing.eu\/comunicatistampa\/la-coscienza-e-consapevolezza-del-proprio-io-interiore\/","og_locale":"it_IT","og_type":"article","og_title":"La Coscienza e Consapevolezza del proprio Io interiore - Article Marketing","og_description":"Il Potere della Coscienza come Io Interiore Oggi comprendo perch\u00e9 la vita ci abbia messo spesso su percorsi cos\u00ec tortuosi e controversi, ostacoli e bivi, quelle stesse esperienze che hanno formato e forgiato la coscienza, permettendoci di\u00a0diventare ci\u00f2 che siamo oggi. Chi siamo veramente? Siamo una moltitudine di memorie, convinzioni, credenze e forme pensiero che si affollano nel IO, creando spesso distorsioni e malintesi che interpretiamo come motivo per nonContinue reading...","og_url":"https:\/\/www.article-marketing.eu\/comunicatistampa\/la-coscienza-e-consapevolezza-del-proprio-io-interiore\/","og_site_name":"Article Marketing","article_published_time":"2017-03-18T18:33:51+00:00","article_modified_time":"2020-08-09T23:44:01+00:00","og_image":[{"url":"http:\/\/www.portaleolistico.com\/wp-content\/uploads\/2016\/12\/coscienza-consapevolezza.jpg","type":"","width":"","height":""}],"author":"portaleolistico","twitter_card":"summary_large_image","twitter_misc":{"Scritto da":"portaleolistico","Tempo di lettura stimato":"5 minuti"},"schema":{"@context":"https:\/\/schema.org","@graph":[{"@type":"Article","@id":"https:\/\/www.article-marketing.eu\/comunicatistampa\/la-coscienza-e-consapevolezza-del-proprio-io-interiore\/#article","isPartOf":{"@id":"https:\/\/www.article-marketing.eu\/comunicatistampa\/la-coscienza-e-consapevolezza-del-proprio-io-interiore\/"},"author":{"name":"portaleolistico","@id":"https:\/\/www.article-marketing.eu\/comunicatistampa\/#\/schema\/person\/feb0bc337127f33d60bef7b99cea9341"},"headline":"La Coscienza e Consapevolezza del proprio Io interiore","datePublished":"2017-03-18T18:33:51+00:00","dateModified":"2020-08-09T23:44:01+00:00","mainEntityOfPage":{"@id":"https:\/\/www.article-marketing.eu\/comunicatistampa\/la-coscienza-e-consapevolezza-del-proprio-io-interiore\/"},"wordCount":939,"commentCount":0,"image":{"@id":"https:\/\/www.article-marketing.eu\/comunicatistampa\/la-coscienza-e-consapevolezza-del-proprio-io-interiore\/#primaryimage"},"thumbnailUrl":"http:\/\/www.portaleolistico.com\/wp-content\/uploads\/2016\/12\/coscienza-consapevolezza.jpg","keywords":["consapevilezza","coscienza","crescita spirituale","vipCOMUSTA"],"articleSection":["Medicina alternativa","Salute e benessere"],"inLanguage":"it-IT","potentialAction":[{"@type":"CommentAction","name":"Comment","target":["https:\/\/www.article-marketing.eu\/comunicatistampa\/la-coscienza-e-consapevolezza-del-proprio-io-interiore\/#respond"]}]},{"@type":"WebPage","@id":"https:\/\/www.article-marketing.eu\/comunicatistampa\/la-coscienza-e-consapevolezza-del-proprio-io-interiore\/","url":"https:\/\/www.article-marketing.eu\/comunicatistampa\/la-coscienza-e-consapevolezza-del-proprio-io-interiore\/","name":"La Coscienza e Consapevolezza del proprio Io interiore - Article Marketing","isPartOf":{"@id":"https:\/\/www.article-marketing.eu\/comunicatistampa\/#website"},"primaryImageOfPage":{"@id":"https:\/\/www.article-marketing.eu\/comunicatistampa\/la-coscienza-e-consapevolezza-del-proprio-io-interiore\/#primaryimage"},"image":{"@id":"https:\/\/www.article-marketing.eu\/comunicatistampa\/la-coscienza-e-consapevolezza-del-proprio-io-interiore\/#primaryimage"},"thumbnailUrl":"http:\/\/www.portaleolistico.com\/wp-content\/uploads\/2016\/12\/coscienza-consapevolezza.jpg","datePublished":"2017-03-18T18:33:51+00:00","dateModified":"2020-08-09T23:44:01+00:00","author":{"@id":"https:\/\/www.article-marketing.eu\/comunicatistampa\/#\/schema\/person\/feb0bc337127f33d60bef7b99cea9341"},"breadcrumb":{"@id":"https:\/\/www.article-marketing.eu\/comunicatistampa\/la-coscienza-e-consapevolezza-del-proprio-io-interiore\/#breadcrumb"},"inLanguage":"it-IT","potentialAction":[{"@type":"ReadAction","target":["https:\/\/www.article-marketing.eu\/comunicatistampa\/la-coscienza-e-consapevolezza-del-proprio-io-interiore\/"]}]},{"@type":"ImageObject","inLanguage":"it-IT","@id":"https:\/\/www.article-marketing.eu\/comunicatistampa\/la-coscienza-e-consapevolezza-del-proprio-io-interiore\/#primaryimage","url":"http:\/\/www.portaleolistico.com\/wp-content\/uploads\/2016\/12\/coscienza-consapevolezza.jpg","contentUrl":"http:\/\/www.portaleolistico.com\/wp-content\/uploads\/2016\/12\/coscienza-consapevolezza.jpg"},{"@type":"BreadcrumbList","@id":"https:\/\/www.article-marketing.eu\/comunicatistampa\/la-coscienza-e-consapevolezza-del-proprio-io-interiore\/#breadcrumb","itemListElement":[{"@type":"ListItem","position":1,"name":"Home","item":"https:\/\/www.article-marketing.eu\/comunicatistampa\/"},{"@type":"ListItem","position":2,"name":"La Coscienza e Consapevolezza del proprio Io interiore"}]},{"@type":"WebSite","@id":"https:\/\/www.article-marketing.eu\/comunicatistampa\/#website","url":"https:\/\/www.article-marketing.eu\/comunicatistampa\/","name":"Article Marketing","description":"article marketing &amp; press release","potentialAction":[{"@type":"SearchAction","target":{"@type":"EntryPoint","urlTemplate":"https:\/\/www.article-marketing.eu\/comunicatistampa\/?s={search_term_string}"},"query-input":{"@type":"PropertyValueSpecification","valueRequired":true,"valueName":"search_term_string"}}],"inLanguage":"it-IT"},{"@type":"Person","@id":"https:\/\/www.article-marketing.eu\/comunicatistampa\/#\/schema\/person\/feb0bc337127f33d60bef7b99cea9341","name":"portaleolistico","image":{"@type":"ImageObject","inLanguage":"it-IT","@id":"https:\/\/secure.gravatar.com\/avatar\/be59fb2b09a84213d22c9ac5b658db3b426897b4f62753e4f3506d67419172f3?s=96&d=mm&r=g","url":"https:\/\/secure.gravatar.com\/avatar\/be59fb2b09a84213d22c9ac5b658db3b426897b4f62753e4f3506d67419172f3?s=96&d=mm&r=g","contentUrl":"https:\/\/secure.gravatar.com\/avatar\/be59fb2b09a84213d22c9ac5b658db3b426897b4f62753e4f3506d67419172f3?s=96&d=mm&r=g","caption":"portaleolistico"},"url":"https:\/\/www.article-marketing.eu\/comunicatistampa\/author\/portaleolistico\/"}]}},"_links":{"self":[{"href":"https:\/\/www.article-marketing.eu\/comunicatistampa\/wp-json\/wp\/v2\/posts\/1209","targetHints":{"allow":["GET"]}}],"collection":[{"href":"https:\/\/www.article-marketing.eu\/comunicatistampa\/wp-json\/wp\/v2\/posts"}],"about":[{"href":"https:\/\/www.article-marketing.eu\/comunicatistampa\/wp-json\/wp\/v2\/types\/post"}],"author":[{"embeddable":true,"href":"https:\/\/www.article-marketing.eu\/comunicatistampa\/wp-json\/wp\/v2\/users\/69"}],"replies":[{"embeddable":true,"href":"https:\/\/www.article-marketing.eu\/comunicatistampa\/wp-json\/wp\/v2\/comments?post=1209"}],"version-history":[{"count":3,"href":"https:\/\/www.article-marketing.eu\/comunicatistampa\/wp-json\/wp\/v2\/posts\/1209\/revisions"}],"predecessor-version":[{"id":15547,"href":"https:\/\/www.article-marketing.eu\/comunicatistampa\/wp-json\/wp\/v2\/posts\/1209\/revisions\/15547"}],"wp:attachment":[{"href":"https:\/\/www.article-marketing.eu\/comunicatistampa\/wp-json\/wp\/v2\/media?parent=1209"}],"wp:term":[{"taxonomy":"category","embeddable":true,"href":"https:\/\/www.article-marketing.eu\/comunicatistampa\/wp-json\/wp\/v2\/categories?post=1209"},{"taxonomy":"post_tag","embeddable":true,"href":"https:\/\/www.article-marketing.eu\/comunicatistampa\/wp-json\/wp\/v2\/tags?post=1209"}],"curies":[{"name":"wp","href":"https:\/\/api.w.org\/{rel}","templated":true}]}}