{"id":12135,"date":"2018-11-19T19:12:51","date_gmt":"2018-11-19T18:12:51","guid":{"rendered":"http:\/\/www.article-marketing.eu\/comunicatistampa\/?p=12135"},"modified":"2018-11-19T19:12:51","modified_gmt":"2018-11-19T18:12:51","slug":"dal-mediterraneo-allatlantico-la-crociera-dei-grandi-cru-con-i-sommelier-di-aspi","status":"publish","type":"post","link":"https:\/\/www.article-marketing.eu\/comunicatistampa\/dal-mediterraneo-allatlantico-la-crociera-dei-grandi-cru-con-i-sommelier-di-aspi\/","title":{"rendered":"Dal Mediterraneo all&#8217;Atlantico, la crociera dei Grandi Cru con i sommelier di ASPI"},"content":{"rendered":"<p align=\"JUSTIFY\"><span style=\"color: #000000;\"><span style=\"font-family: Calibri Light, serif;\"><span style=\"font-size: small;\">Gli avvolgenti profumi del Marocco e gli straordinari colori di Madeira. La seducente Lisbona e la vivace Fort Lauderdale. In mezzo, i vini del vecchio e del nuovo mondo. Ha attraccato al porto di Fort Lauderdale Silver Whisper, la crociera tematica dedicata al mondo del vino organizzata da <\/span><\/span><\/span><span style=\"color: #000000;\"><span style=\"font-family: Calibri Light, serif;\"><span style=\"font-size: small;\"><b>Silversea<\/b><\/span><\/span><\/span><span style=\"color: #000000;\"><span style=\"font-family: Calibri Light, serif;\"><span style=\"font-size: small;\">, compagnia di navigazione specializzata in crociere di lusso, e <\/span><\/span><\/span><span style=\"color: #000000;\"><span style=\"font-family: Calibri Light, serif;\"><span style=\"font-size: small;\"><b>ASPI<\/b><\/span><\/span><\/span><span style=\"color: #000000;\"><span style=\"font-family: Calibri Light, serif;\"><span style=\"font-size: small;\"> \u2013 <\/span><\/span><\/span><span style=\"color: #000000;\"><span style=\"font-family: Calibri Light, serif;\"><span style=\"font-size: small;\"><b>Associazione della Sommellerie Professionale Italiana<\/b><\/span><\/span><\/span><span style=\"color: #000000;\"><span style=\"font-family: Calibri Light, serif;\"><span style=\"font-size: small;\">. Una sinergia che si rinnova per il terzo anno consecutivo. <\/span><\/span><\/span><\/p>\n<p align=\"JUSTIFY\"><span style=\"color: #000000;\"><span style=\"font-family: Calibri Light, serif;\"><span style=\"font-size: small;\">I viaggiatori, appassionati dell\u2019arte enoica, hanno trascorso quattordici giorni in navigazione, dal 18 al 31 ottobre, durante i quali sono stati accompagnati da <\/span><\/span><\/span><span style=\"color: #000000;\"><span style=\"font-family: Calibri Light, serif;\"><span style=\"font-size: small;\"><b>Giuseppe Vaccarini,<\/b><\/span><\/span><\/span> <span style=\"color: #000000;\"><span style=\"font-family: Calibri Light, serif;\"><span style=\"font-size: small;\"><b>presidente di ASPI e Miglior Sommelier del Mondo <\/b><\/span><\/span><\/span><span style=\"color: #000000;\"><span style=\"font-family: Calibri Light, serif;\"><span style=\"font-size: small;\">(1978), e da <\/span><\/span><\/span><span style=\"color: #000000;\"><span style=\"font-family: Calibri Light, serif;\"><span style=\"font-size: small;\"><b>Gennaro Buono<\/b><\/span><\/span><\/span><span style=\"color: #000000;\"><span style=\"font-family: Calibri Light, serif;\"><span style=\"font-size: small;\">, <\/span><\/span><\/span><span style=\"color: #000000;\"><span style=\"font-family: Calibri Light, serif;\"><span style=\"font-size: small;\"><b>Miglior Sommelier d\u2019Italia<\/b><\/span><\/span><\/span><span style=\"color: #000000;\"><span style=\"font-family: Calibri Light, serif;\"><span style=\"font-size: small;\"> (2012), alla scoperta di alcuni dei vigneti pi\u00f9 affascinanti di sempre.<\/span><\/span><\/span><\/p>\n<p align=\"JUSTIFY\"><span style=\"color: #000000;\"><span style=\"font-family: Calibri Light, serif;\"><span style=\"font-size: small;\">Con alternanza tra lezioni frontali e pratiche, il corso si \u00e8 aperto con un focus sui <\/span><\/span><\/span><span style=\"color: #000000;\"><span style=\"font-family: Calibri Light, serif;\"><span style=\"font-size: small;\"><b>vini spumanti<\/b><\/span><\/span><\/span><span style=\"color: #000000;\"><span style=\"font-family: Calibri Light, serif;\"><span style=\"font-size: small;\">, dall\u2019Italia alla regione di Sonoma, negli Stati Uniti, per poi proseguire con un approfondimento sul <\/span><\/span><\/span><span style=\"color: #000000;\"><span style=\"font-family: Calibri Light, serif;\"><span style=\"font-size: small;\"><b>Sauvignon Blanc<\/b><\/span><\/span><\/span><span style=\"color: #000000;\"><span style=\"font-family: Calibri Light, serif;\"><span style=\"font-size: small;\"> e sullo <\/span><\/span><\/span><span style=\"color: #000000;\"><span style=\"font-family: Calibri Light, serif;\"><span style=\"font-size: small;\"><b>Chardonnay<\/b><\/span><\/span><\/span><span style=\"color: #000000;\"><span style=\"font-family: Calibri Light, serif;\"><span style=\"font-size: small;\">. Una tappa specifica \u00e8 stata dedicata alla <\/span><\/span><\/span><span style=\"color: #000000;\"><span style=\"font-family: Calibri Light, serif;\"><span style=\"font-size: small;\"><b>Toscana<\/b><\/span><\/span><\/span><span style=\"color: #000000;\"><span style=\"font-family: Calibri Light, serif;\"><span style=\"font-size: small;\"> e ai suoi straordinari vigneti con, a seguire, un interessante incontro tra il Piemonte di <\/span><\/span><\/span><span style=\"color: #000000;\"><span style=\"font-family: Calibri Light, serif;\"><span style=\"font-size: small;\"><b>Nebbiolo e Barolo<\/b><\/span><\/span><\/span><span style=\"color: #000000;\"><span style=\"font-family: Calibri Light, serif;\"><span style=\"font-size: small;\">, e la <\/span><\/span><\/span><span style=\"color: #000000;\"><span style=\"font-family: Calibri Light, serif;\"><span style=\"font-size: small;\"><b>Napa Valley<\/b><\/span><\/span><\/span><span style=\"color: #000000;\"><span style=\"font-family: Calibri Light, serif;\"><span style=\"font-size: small;\">, per comprendere come Merlot e Cabernet si adattino alle due terre.<\/span><\/span><\/span><\/p>\n<p align=\"JUSTIFY\"><span style=\"color: #000000;\"><span style=\"font-family: Calibri Light, serif;\"><span style=\"font-size: small;\">Altrettanta attenzione \u00e8 stata dedicata all\u2019<\/span><\/span><\/span><span style=\"color: #000000;\"><span style=\"font-family: Calibri Light, serif;\"><span style=\"font-size: small;\"><b>abbinamento cibo \u2013 vino<\/b><\/span><\/span><\/span><span style=\"color: #000000;\"><span style=\"font-family: Calibri Light, serif;\"><span style=\"font-size: small;\">, per imparare ad assaggiare, invecchiare e abbinare i grandi rossi corposi, per capire come l\u2019uva reagisce in modo diverso a seconda del clima e delle temperature e, infine, come il suolo influisce nelle singole variet\u00e0 di vino. Il tutto, con una visita in cantina nella verdeggiante <\/span><\/span><\/span><span style=\"color: #000000;\"><span style=\"font-family: Calibri Light, serif;\"><span style=\"font-size: small;\"><b>Madeira<\/b><\/span><\/span><\/span><span style=\"color: #000000;\"><span style=\"font-family: Calibri Light, serif;\"><span style=\"font-size: small;\">, al <\/span><\/span><\/span><span style=\"color: #000000;\"><span style=\"font-family: Calibri Light, serif;\"><span style=\"font-size: small;\"><i>Blandy&#8217;s Wine Lodge<\/i><\/span><\/span><\/span><span style=\"color: #000000;\"><span style=\"font-family: Calibri Light, serif;\"><span style=\"font-size: small;\"> di Funchal, dove i viaggiatori hanno assaggiato il celebre vino di Madeira, famoso in tutto il mondo per il suo sapore autentico e per suoi 200 anni di storia. <\/span><\/span><\/span><\/p>\n<p align=\"JUSTIFY\"><span style=\"color: #000000;\"><span style=\"font-family: Calibri Light, serif;\"><span style=\"font-size: small;\">Una rotta tra Mediterraneo e Atlantico, dunque, durante la quale gli ospiti hanno avuto modo di degustare <\/span><\/span><\/span><span style=\"color: #000000;\"><span style=\"font-family: Calibri Light, serif;\"><span style=\"font-size: small;\"><b>33 diverse variet\u00e0 di vini italiani di alta classe<\/b><\/span><\/span><\/span><span style=\"color: #000000;\"><span style=\"font-family: Calibri Light, serif;\"><span style=\"font-size: small;\">, forniti dal <\/span><\/span><\/span><span style=\"color: #000000;\"><span style=\"font-family: Calibri Light, serif;\"><span style=\"font-size: small;\"><b>Comitato Grandi Cru d&#8217;Italia<\/b><\/span><\/span><\/span><span style=\"color: #000000;\"><span style=\"font-family: Calibri Light, serif;\"><span style=\"font-size: small;\">, celebre realt\u00e0 che unisce le migliori cantine italiane, e <\/span><\/span><\/span><span style=\"color: #000000;\"><span style=\"font-family: Calibri Light, serif;\"><span style=\"font-size: small;\"><b>19 variet\u00e0 dei migliori vini d&#8217;America<\/b><\/span><\/span><\/span><span style=\"color: #000000;\"><span style=\"font-family: Calibri Light, serif;\"><span style=\"font-size: small;\"> proposti dall&#8217;<\/span><\/span><\/span><span style=\"color: #000000;\"><span style=\"font-family: Calibri Light, serif;\"><span style=\"font-size: small;\"><b>American Fine Wine Competition.<\/b><\/span><\/span><\/span><\/p>\n<p align=\"JUSTIFY\"><span style=\"color: #000000;\"><span style=\"font-family: Calibri Light, serif;\"><span style=\"font-size: small;\"><i>\u00abQuella appena conclusa \u00e8 stata un\u2019esperienza straordinaria che ha unito due delle pi\u00f9 grandi passioni di tutti i tempi: la cultura enogastronomica e il viaggio. Gli ospiti hanno mostrato straordinario interesse soffermandosi, in un contesto professionale, ma rilassato, ad approfondire specifiche tematiche e ad assaporare vini pregiati, avvicinandosi a un mondo che a ogni sorso rivela infinite suggestioni. Per questo, un ringraziamento speciale va a Silversea e al Comitato Grandi Cru che hanno contribuito alla realizzazione di un evento tanto speciale\u00bb &#8211;<\/i><\/span><\/span><\/span><span style=\"color: #000000;\"><span style=\"font-family: Calibri Light, serif;\"><span style=\"font-size: small;\"> dichiara <\/span><\/span><\/span><span style=\"color: #000000;\"><span style=\"font-family: Calibri Light, serif;\"><span style=\"font-size: small;\"><b>Giuseppe Vaccarini, presidente ASPI. <\/b><\/span><\/span><\/span><\/p>\n<p align=\"JUSTIFY\"><span style=\"color: #000000;\"><span style=\"font-family: Calibri Light, serif;\"><span style=\"font-size: small;\"><i>\u00abAnche quest\u2019anno la crociera tematica realizzata con ASPI e con Comitato Grandi Cru \u00e8 stata unica. La gastronomia \u00e8 da sempre un fiore all\u2019occhiello dell\u2019universo Silversea che ha incluso a bordo di ognuna delle sue navi da crociera una delle pi\u00f9 ampie e pregiate carte di vini, con circa 70 diverse etichette, rappresentando tutte le principali regioni vinicole. Offrire la possibilit\u00e0 ai nostri ospiti di scoprire di pi\u00f9 su questo mondo con la guida di sommelier esperti e pluripremiati come Vaccarini e Buono \u00e8 la naturale prosecuzione di questa nostra particolare sensibilit\u00e0\u00bb<\/i><\/span><\/span><\/span><span style=\"color: #000000;\"><span style=\"font-family: Calibri Light, serif;\"><span style=\"font-size: small;\"> &#8211; dichiara <\/span><\/span><\/span><span style=\"color: #000000;\"><span style=\"font-family: Calibri Light, serif;\"><span style=\"font-size: small;\"><b>Birgit Vadlau, Food &amp; Beverage Director di Silversea<\/b><\/span><\/span><\/span><span style=\"color: #000000;\"><span style=\"font-family: Calibri Light, serif;\"><span style=\"font-size: small;\">.<\/span><\/span><\/span><\/p>\n<p align=\"JUSTIFY\"><span style=\"color: #000000;\"><span style=\"font-family: Calibri Light, serif;\"><span style=\"font-size: small;\"><b>ASPI &#8211; Associazione della Sommellerie Professionale Italiana<\/b><\/span><\/span><\/span><span style=\"color: #000000;\"><span style=\"font-family: Calibri Light, serif;\"><span style=\"font-size: small;\">. Si propone come punto di riferimento per la Sommellerie professionale, con l&#8217;obiettivo di offrire opportunit\u00e0 di crescita ed affermazione ai Sommelier. Dal 2007, anno della sua nascita, \u00e8 il solo membro per l&#8217;Italia dell&#8217;Association de la Sommellerie Internationale, A.S.I. I principali obiettivi di ASPI sono la formazione, a livello professionale, e la diffusione della cultura sul mondo del cibo e delle bevande. ASPI \u00e8 presente, sul territorio nazionale, con corsi ed attivit\u00e0.<\/span><\/span><\/span><\/p>\n<p>&nbsp;<\/p>\n","protected":false},"excerpt":{"rendered":"<p>Gli avvolgenti profumi del Marocco e gli straordinari colori di Madeira. La seducente Lisbona e la vivace Fort Lauderdale. In mezzo, i vini del vecchio e del nuovo mondo. Ha attraccato al porto di Fort Lauderdale Silver Whisper, la crociera tematica dedicata al mondo del vino organizzata da Silversea, compagnia di navigazione specializzata in crociere di lusso, e ASPI \u2013 Associazione della Sommellerie Professionale Italiana. Una sinergia che si rinnova<\/p>\n<p><a class=\"continue-reading\" href=\"https:\/\/www.article-marketing.eu\/comunicatistampa\/dal-mediterraneo-allatlantico-la-crociera-dei-grandi-cru-con-i-sommelier-di-aspi\/\">Continue reading&#8230;<\/a><\/p>\n","protected":false},"author":1855,"featured_media":0,"comment_status":"open","ping_status":"open","sticky":false,"template":"","format":"standard","meta":{"_monsterinsights_skip_tracking":false,"_monsterinsights_sitenote_active":false,"_monsterinsights_sitenote_note":"","_monsterinsights_sitenote_category":0,"footnotes":""},"categories":[379,346],"tags":[5101,5102,5103,5104,1202,69],"class_list":["post-12135","post","type-post","status-publish","format-standard","hentry","category-corsi","category-viaggi-e-turismo","tag-aspi","tag-grandicru","tag-silversea","tag-sommelier","tag-crociera","tag-vino"],"yoast_head":"<!-- This site is optimized with the Yoast SEO plugin v27.3 - https:\/\/yoast.com\/product\/yoast-seo-wordpress\/ -->\n<title>Dal Mediterraneo all&#039;Atlantico, la crociera dei Grandi Cru con i sommelier di ASPI - Article Marketing<\/title>\n<meta name=\"robots\" content=\"index, follow, max-snippet:-1, max-image-preview:large, max-video-preview:-1\" \/>\n<link rel=\"canonical\" href=\"https:\/\/www.article-marketing.eu\/comunicatistampa\/dal-mediterraneo-allatlantico-la-crociera-dei-grandi-cru-con-i-sommelier-di-aspi\/\" \/>\n<meta property=\"og:locale\" content=\"it_IT\" \/>\n<meta property=\"og:type\" content=\"article\" \/>\n<meta property=\"og:title\" content=\"Dal Mediterraneo all&#039;Atlantico, la crociera dei Grandi Cru con i sommelier di ASPI - Article Marketing\" \/>\n<meta property=\"og:description\" content=\"Gli avvolgenti profumi del Marocco e gli straordinari colori di Madeira. La seducente Lisbona e la vivace Fort Lauderdale. In mezzo, i vini del vecchio e del nuovo mondo. Ha attraccato al porto di Fort Lauderdale Silver Whisper, la crociera tematica dedicata al mondo del vino organizzata da Silversea, compagnia di navigazione specializzata in crociere di lusso, e ASPI \u2013 Associazione della Sommellerie Professionale Italiana. Una sinergia che si rinnovaContinue reading...\" \/>\n<meta property=\"og:url\" content=\"https:\/\/www.article-marketing.eu\/comunicatistampa\/dal-mediterraneo-allatlantico-la-crociera-dei-grandi-cru-con-i-sommelier-di-aspi\/\" \/>\n<meta property=\"og:site_name\" content=\"Article Marketing\" \/>\n<meta property=\"article:published_time\" content=\"2018-11-19T18:12:51+00:00\" \/>\n<meta name=\"author\" content=\"Redaclem\" \/>\n<meta name=\"twitter:card\" content=\"summary_large_image\" \/>\n<meta name=\"twitter:label1\" content=\"Scritto da\" \/>\n\t<meta name=\"twitter:data1\" content=\"Redaclem\" \/>\n\t<meta name=\"twitter:label2\" content=\"Tempo di lettura stimato\" \/>\n\t<meta name=\"twitter:data2\" content=\"3 minuti\" \/>\n<script type=\"application\/ld+json\" class=\"yoast-schema-graph\">{\"@context\":\"https:\\\/\\\/schema.org\",\"@graph\":[{\"@type\":\"Article\",\"@id\":\"https:\\\/\\\/www.article-marketing.eu\\\/comunicatistampa\\\/dal-mediterraneo-allatlantico-la-crociera-dei-grandi-cru-con-i-sommelier-di-aspi\\\/#article\",\"isPartOf\":{\"@id\":\"https:\\\/\\\/www.article-marketing.eu\\\/comunicatistampa\\\/dal-mediterraneo-allatlantico-la-crociera-dei-grandi-cru-con-i-sommelier-di-aspi\\\/\"},\"author\":{\"name\":\"Redaclem\",\"@id\":\"https:\\\/\\\/www.article-marketing.eu\\\/comunicatistampa\\\/#\\\/schema\\\/person\\\/c0aa725eee5df8460e0adf901fde0c88\"},\"headline\":\"Dal Mediterraneo all&#8217;Atlantico, la crociera dei Grandi Cru con i sommelier di ASPI\",\"datePublished\":\"2018-11-19T18:12:51+00:00\",\"mainEntityOfPage\":{\"@id\":\"https:\\\/\\\/www.article-marketing.eu\\\/comunicatistampa\\\/dal-mediterraneo-allatlantico-la-crociera-dei-grandi-cru-con-i-sommelier-di-aspi\\\/\"},\"wordCount\":621,\"commentCount\":0,\"keywords\":[\"#aspi\",\"#grandicru\",\"#silversea\",\"#sommelier\",\"crociera\",\"vino\"],\"articleSection\":[\"Corsi\",\"Viaggi e turismo\"],\"inLanguage\":\"it-IT\",\"potentialAction\":[{\"@type\":\"CommentAction\",\"name\":\"Comment\",\"target\":[\"https:\\\/\\\/www.article-marketing.eu\\\/comunicatistampa\\\/dal-mediterraneo-allatlantico-la-crociera-dei-grandi-cru-con-i-sommelier-di-aspi\\\/#respond\"]}]},{\"@type\":\"WebPage\",\"@id\":\"https:\\\/\\\/www.article-marketing.eu\\\/comunicatistampa\\\/dal-mediterraneo-allatlantico-la-crociera-dei-grandi-cru-con-i-sommelier-di-aspi\\\/\",\"url\":\"https:\\\/\\\/www.article-marketing.eu\\\/comunicatistampa\\\/dal-mediterraneo-allatlantico-la-crociera-dei-grandi-cru-con-i-sommelier-di-aspi\\\/\",\"name\":\"Dal Mediterraneo all'Atlantico, la crociera dei Grandi Cru con i sommelier di ASPI - Article Marketing\",\"isPartOf\":{\"@id\":\"https:\\\/\\\/www.article-marketing.eu\\\/comunicatistampa\\\/#website\"},\"datePublished\":\"2018-11-19T18:12:51+00:00\",\"author\":{\"@id\":\"https:\\\/\\\/www.article-marketing.eu\\\/comunicatistampa\\\/#\\\/schema\\\/person\\\/c0aa725eee5df8460e0adf901fde0c88\"},\"breadcrumb\":{\"@id\":\"https:\\\/\\\/www.article-marketing.eu\\\/comunicatistampa\\\/dal-mediterraneo-allatlantico-la-crociera-dei-grandi-cru-con-i-sommelier-di-aspi\\\/#breadcrumb\"},\"inLanguage\":\"it-IT\",\"potentialAction\":[{\"@type\":\"ReadAction\",\"target\":[\"https:\\\/\\\/www.article-marketing.eu\\\/comunicatistampa\\\/dal-mediterraneo-allatlantico-la-crociera-dei-grandi-cru-con-i-sommelier-di-aspi\\\/\"]}]},{\"@type\":\"BreadcrumbList\",\"@id\":\"https:\\\/\\\/www.article-marketing.eu\\\/comunicatistampa\\\/dal-mediterraneo-allatlantico-la-crociera-dei-grandi-cru-con-i-sommelier-di-aspi\\\/#breadcrumb\",\"itemListElement\":[{\"@type\":\"ListItem\",\"position\":1,\"name\":\"Home\",\"item\":\"https:\\\/\\\/www.article-marketing.eu\\\/comunicatistampa\\\/\"},{\"@type\":\"ListItem\",\"position\":2,\"name\":\"Dal Mediterraneo all&#8217;Atlantico, la crociera dei Grandi Cru con i sommelier di ASPI\"}]},{\"@type\":\"WebSite\",\"@id\":\"https:\\\/\\\/www.article-marketing.eu\\\/comunicatistampa\\\/#website\",\"url\":\"https:\\\/\\\/www.article-marketing.eu\\\/comunicatistampa\\\/\",\"name\":\"Article Marketing\",\"description\":\"article marketing &amp; press release\",\"potentialAction\":[{\"@type\":\"SearchAction\",\"target\":{\"@type\":\"EntryPoint\",\"urlTemplate\":\"https:\\\/\\\/www.article-marketing.eu\\\/comunicatistampa\\\/?s={search_term_string}\"},\"query-input\":{\"@type\":\"PropertyValueSpecification\",\"valueRequired\":true,\"valueName\":\"search_term_string\"}}],\"inLanguage\":\"it-IT\"},{\"@type\":\"Person\",\"@id\":\"https:\\\/\\\/www.article-marketing.eu\\\/comunicatistampa\\\/#\\\/schema\\\/person\\\/c0aa725eee5df8460e0adf901fde0c88\",\"name\":\"Redaclem\",\"image\":{\"@type\":\"ImageObject\",\"inLanguage\":\"it-IT\",\"@id\":\"https:\\\/\\\/secure.gravatar.com\\\/avatar\\\/4c7e41f332a0583344a91d7d39723533da9b2d0df7737c2d8c69553168c2191e?s=96&d=mm&r=g\",\"url\":\"https:\\\/\\\/secure.gravatar.com\\\/avatar\\\/4c7e41f332a0583344a91d7d39723533da9b2d0df7737c2d8c69553168c2191e?s=96&d=mm&r=g\",\"contentUrl\":\"https:\\\/\\\/secure.gravatar.com\\\/avatar\\\/4c7e41f332a0583344a91d7d39723533da9b2d0df7737c2d8c69553168c2191e?s=96&d=mm&r=g\",\"caption\":\"Redaclem\"},\"url\":\"https:\\\/\\\/www.article-marketing.eu\\\/comunicatistampa\\\/author\\\/redaclem\\\/\"}]}<\/script>\n<!-- \/ Yoast SEO plugin. -->","yoast_head_json":{"title":"Dal Mediterraneo all'Atlantico, la crociera dei Grandi Cru con i sommelier di ASPI - Article Marketing","robots":{"index":"index","follow":"follow","max-snippet":"max-snippet:-1","max-image-preview":"max-image-preview:large","max-video-preview":"max-video-preview:-1"},"canonical":"https:\/\/www.article-marketing.eu\/comunicatistampa\/dal-mediterraneo-allatlantico-la-crociera-dei-grandi-cru-con-i-sommelier-di-aspi\/","og_locale":"it_IT","og_type":"article","og_title":"Dal Mediterraneo all'Atlantico, la crociera dei Grandi Cru con i sommelier di ASPI - Article Marketing","og_description":"Gli avvolgenti profumi del Marocco e gli straordinari colori di Madeira. La seducente Lisbona e la vivace Fort Lauderdale. In mezzo, i vini del vecchio e del nuovo mondo. Ha attraccato al porto di Fort Lauderdale Silver Whisper, la crociera tematica dedicata al mondo del vino organizzata da Silversea, compagnia di navigazione specializzata in crociere di lusso, e ASPI \u2013 Associazione della Sommellerie Professionale Italiana. Una sinergia che si rinnovaContinue reading...","og_url":"https:\/\/www.article-marketing.eu\/comunicatistampa\/dal-mediterraneo-allatlantico-la-crociera-dei-grandi-cru-con-i-sommelier-di-aspi\/","og_site_name":"Article Marketing","article_published_time":"2018-11-19T18:12:51+00:00","author":"Redaclem","twitter_card":"summary_large_image","twitter_misc":{"Scritto da":"Redaclem","Tempo di lettura stimato":"3 minuti"},"schema":{"@context":"https:\/\/schema.org","@graph":[{"@type":"Article","@id":"https:\/\/www.article-marketing.eu\/comunicatistampa\/dal-mediterraneo-allatlantico-la-crociera-dei-grandi-cru-con-i-sommelier-di-aspi\/#article","isPartOf":{"@id":"https:\/\/www.article-marketing.eu\/comunicatistampa\/dal-mediterraneo-allatlantico-la-crociera-dei-grandi-cru-con-i-sommelier-di-aspi\/"},"author":{"name":"Redaclem","@id":"https:\/\/www.article-marketing.eu\/comunicatistampa\/#\/schema\/person\/c0aa725eee5df8460e0adf901fde0c88"},"headline":"Dal Mediterraneo all&#8217;Atlantico, la crociera dei Grandi Cru con i sommelier di ASPI","datePublished":"2018-11-19T18:12:51+00:00","mainEntityOfPage":{"@id":"https:\/\/www.article-marketing.eu\/comunicatistampa\/dal-mediterraneo-allatlantico-la-crociera-dei-grandi-cru-con-i-sommelier-di-aspi\/"},"wordCount":621,"commentCount":0,"keywords":["#aspi","#grandicru","#silversea","#sommelier","crociera","vino"],"articleSection":["Corsi","Viaggi e turismo"],"inLanguage":"it-IT","potentialAction":[{"@type":"CommentAction","name":"Comment","target":["https:\/\/www.article-marketing.eu\/comunicatistampa\/dal-mediterraneo-allatlantico-la-crociera-dei-grandi-cru-con-i-sommelier-di-aspi\/#respond"]}]},{"@type":"WebPage","@id":"https:\/\/www.article-marketing.eu\/comunicatistampa\/dal-mediterraneo-allatlantico-la-crociera-dei-grandi-cru-con-i-sommelier-di-aspi\/","url":"https:\/\/www.article-marketing.eu\/comunicatistampa\/dal-mediterraneo-allatlantico-la-crociera-dei-grandi-cru-con-i-sommelier-di-aspi\/","name":"Dal Mediterraneo all'Atlantico, la crociera dei Grandi Cru con i sommelier di ASPI - Article Marketing","isPartOf":{"@id":"https:\/\/www.article-marketing.eu\/comunicatistampa\/#website"},"datePublished":"2018-11-19T18:12:51+00:00","author":{"@id":"https:\/\/www.article-marketing.eu\/comunicatistampa\/#\/schema\/person\/c0aa725eee5df8460e0adf901fde0c88"},"breadcrumb":{"@id":"https:\/\/www.article-marketing.eu\/comunicatistampa\/dal-mediterraneo-allatlantico-la-crociera-dei-grandi-cru-con-i-sommelier-di-aspi\/#breadcrumb"},"inLanguage":"it-IT","potentialAction":[{"@type":"ReadAction","target":["https:\/\/www.article-marketing.eu\/comunicatistampa\/dal-mediterraneo-allatlantico-la-crociera-dei-grandi-cru-con-i-sommelier-di-aspi\/"]}]},{"@type":"BreadcrumbList","@id":"https:\/\/www.article-marketing.eu\/comunicatistampa\/dal-mediterraneo-allatlantico-la-crociera-dei-grandi-cru-con-i-sommelier-di-aspi\/#breadcrumb","itemListElement":[{"@type":"ListItem","position":1,"name":"Home","item":"https:\/\/www.article-marketing.eu\/comunicatistampa\/"},{"@type":"ListItem","position":2,"name":"Dal Mediterraneo all&#8217;Atlantico, la crociera dei Grandi Cru con i sommelier di ASPI"}]},{"@type":"WebSite","@id":"https:\/\/www.article-marketing.eu\/comunicatistampa\/#website","url":"https:\/\/www.article-marketing.eu\/comunicatistampa\/","name":"Article Marketing","description":"article marketing &amp; press release","potentialAction":[{"@type":"SearchAction","target":{"@type":"EntryPoint","urlTemplate":"https:\/\/www.article-marketing.eu\/comunicatistampa\/?s={search_term_string}"},"query-input":{"@type":"PropertyValueSpecification","valueRequired":true,"valueName":"search_term_string"}}],"inLanguage":"it-IT"},{"@type":"Person","@id":"https:\/\/www.article-marketing.eu\/comunicatistampa\/#\/schema\/person\/c0aa725eee5df8460e0adf901fde0c88","name":"Redaclem","image":{"@type":"ImageObject","inLanguage":"it-IT","@id":"https:\/\/secure.gravatar.com\/avatar\/4c7e41f332a0583344a91d7d39723533da9b2d0df7737c2d8c69553168c2191e?s=96&d=mm&r=g","url":"https:\/\/secure.gravatar.com\/avatar\/4c7e41f332a0583344a91d7d39723533da9b2d0df7737c2d8c69553168c2191e?s=96&d=mm&r=g","contentUrl":"https:\/\/secure.gravatar.com\/avatar\/4c7e41f332a0583344a91d7d39723533da9b2d0df7737c2d8c69553168c2191e?s=96&d=mm&r=g","caption":"Redaclem"},"url":"https:\/\/www.article-marketing.eu\/comunicatistampa\/author\/redaclem\/"}]}},"_links":{"self":[{"href":"https:\/\/www.article-marketing.eu\/comunicatistampa\/wp-json\/wp\/v2\/posts\/12135","targetHints":{"allow":["GET"]}}],"collection":[{"href":"https:\/\/www.article-marketing.eu\/comunicatistampa\/wp-json\/wp\/v2\/posts"}],"about":[{"href":"https:\/\/www.article-marketing.eu\/comunicatistampa\/wp-json\/wp\/v2\/types\/post"}],"author":[{"embeddable":true,"href":"https:\/\/www.article-marketing.eu\/comunicatistampa\/wp-json\/wp\/v2\/users\/1855"}],"replies":[{"embeddable":true,"href":"https:\/\/www.article-marketing.eu\/comunicatistampa\/wp-json\/wp\/v2\/comments?post=12135"}],"version-history":[{"count":2,"href":"https:\/\/www.article-marketing.eu\/comunicatistampa\/wp-json\/wp\/v2\/posts\/12135\/revisions"}],"predecessor-version":[{"id":12145,"href":"https:\/\/www.article-marketing.eu\/comunicatistampa\/wp-json\/wp\/v2\/posts\/12135\/revisions\/12145"}],"wp:attachment":[{"href":"https:\/\/www.article-marketing.eu\/comunicatistampa\/wp-json\/wp\/v2\/media?parent=12135"}],"wp:term":[{"taxonomy":"category","embeddable":true,"href":"https:\/\/www.article-marketing.eu\/comunicatistampa\/wp-json\/wp\/v2\/categories?post=12135"},{"taxonomy":"post_tag","embeddable":true,"href":"https:\/\/www.article-marketing.eu\/comunicatistampa\/wp-json\/wp\/v2\/tags?post=12135"}],"curies":[{"name":"wp","href":"https:\/\/api.w.org\/{rel}","templated":true}]}}