{"id":1216,"date":"2017-03-18T19:34:38","date_gmt":"2017-03-18T18:34:38","guid":{"rendered":"http:\/\/www.article-marketing.eu\/comunicatistampa\/?p=1216"},"modified":"2017-03-18T19:34:38","modified_gmt":"2017-03-18T18:34:38","slug":"responsabilita-critica-prima-di-fare-acquisti","status":"publish","type":"post","link":"https:\/\/www.article-marketing.eu\/comunicatistampa\/responsabilita-critica-prima-di-fare-acquisti\/","title":{"rendered":"Responsabilit\u00e0 critica prima di fare acquisti"},"content":{"rendered":"<p>Al giorno d\u2019oggi i ricchi divengono sempre pi\u00f9 ricchi e le masse sono sempre pi\u00f9 impoverite. Questo perch\u00e9 quando si fanno acquisti si pensa, spesso, soltanto a qual \u00e8 il prezzo pi\u00f9 basso, senza badare alle conseguenze.<\/p>\n<p>Non si pensa mai che quando si fa un acquisto si sta dando una direzione ai flussi monetari internazionali. Se la massa di consumatori cominciasse ad acquisire un senso di responsabilit\u00e0 che li introduce nel sistema economico, ci si renderebbe conto che l\u2019economia si pu\u00f2 cambiare anche dal basso.<\/p>\n<p>Grazie all\u2019imprenditore italiano <a href=\"http:\/\/www.youreporter.it\/foto_CHE_NE_PENSA_FABRIZIO_POLITI_DELLA_PATRIMONIALE\"><strong>Fabrizio<\/strong> <strong>Politi<\/strong><\/a> \u00e8 oggi possibile prendere consapevolezza della propria responsabilit\u00e0 politica semplicemente iscrivendosi sul social network economico SixthContinent da lui ideato, su cui si possono effettuare acquisti in oltre 500mila aziende di tutto il mondo.<\/p>\n<p>Fabrizio vuole innescare una vera e propria rivoluzione del mondo economico incentivando le aziende a\u00a0 ripagare i propri clienti contribuendo a far girare l\u2019economia all\u2019interno della societ\u00e0. <strong>Politi<\/strong> incentiva cos\u00ec la crescita di un\u2019economia basata sulla ridistribuzione ciclica del reddito.<\/p>\n<p>Il sistema ideato da <strong>Fabrizio<\/strong> <strong>Politi<\/strong> non \u00e8 altro che un social network come tutti gli altri per mezzo del quale \u00e8 anche possibile ricavare un reddito di cittadinanza da utilizzare per pagare il 50% dei propri acquisti. Gli acquisti sono per\u00f2 concentrati culle aziende che generano ricchezza valorosamente le quali vengono etichettate sul social quali \u201caziende verdi\u201d mentre le aziende che non lo fanno sono penalizzate ed identificate come \u201caziende rosse\u201d. \u00a0La classifica \u00e8 realizzata dall\u2019 analisi Mo.mo.sy basata sul rapporto utili aziendali netti \/ numero di posti di lavoro.<\/p>\n<p>&nbsp;<\/p>\n<p>Seguendo i dati forniti dal social di <strong>Politi<\/strong>, i consumatori non baseranno pi\u00f9 i loro acquisti solo sulla valutazione del prezzo di un prodotto, ma sulla valutazione della ricchezza generata da quella spesa nella societ\u00e0.<\/p>\n<p>\u201cIl tempo di reagire \u00e8 ora\u201d afferma <strong>Fabrizio Politi<\/strong> e continua: \u201cla scelta di cambiare questo sistema fallimentare \u00e8 una responsabilit\u00e0 di tutti e si deve assumere oggi stesso, con criticit\u00e0, senza continuare a lamentarsi di un sistema in cui non siamo ripagati correttamente, ma agendo per valorizzare coloro che ci ripagano\u201d.<\/p>\n<p>&nbsp;<\/p>\n","protected":false},"excerpt":{"rendered":"<p>Al giorno d\u2019oggi i ricchi divengono sempre pi\u00f9 ricchi e le masse sono sempre pi\u00f9 impoverite. Questo perch\u00e9 quando si fanno acquisti si pensa, spesso, soltanto a qual \u00e8 il prezzo pi\u00f9 basso, senza badare alle conseguenze. Non si pensa mai che quando si fa un acquisto si sta dando una direzione ai flussi monetari internazionali. Se la massa di consumatori cominciasse ad acquisire un senso di responsabilit\u00e0 che li<\/p>\n<p><a class=\"continue-reading\" href=\"https:\/\/www.article-marketing.eu\/comunicatistampa\/responsabilita-critica-prima-di-fare-acquisti\/\">Continue reading&#8230;<\/a><\/p>\n","protected":false},"author":152,"featured_media":0,"comment_status":"open","ping_status":"open","sticky":false,"template":"","format":"standard","meta":{"_monsterinsights_skip_tracking":false,"_monsterinsights_sitenote_active":false,"_monsterinsights_sitenote_note":"","_monsterinsights_sitenote_category":0,"footnotes":""},"categories":[388,386],"tags":[722,723,725,724],"class_list":["post-1216","post","type-post","status-publish","format-standard","hentry","category-aziende","category-economia-e-lavoro","tag-fabrizio-politi","tag-fabriziopoliti","tag-politi","tag-politi-fabrizio"],"yoast_head":"<!-- This site is optimized with the Yoast SEO plugin v27.3 - https:\/\/yoast.com\/product\/yoast-seo-wordpress\/ -->\n<title>Responsabilit\u00e0 critica prima di fare acquisti - Article Marketing<\/title>\n<meta name=\"robots\" content=\"index, follow, max-snippet:-1, max-image-preview:large, max-video-preview:-1\" \/>\n<link rel=\"canonical\" href=\"https:\/\/www.article-marketing.eu\/comunicatistampa\/responsabilita-critica-prima-di-fare-acquisti\/\" \/>\n<meta property=\"og:locale\" content=\"it_IT\" \/>\n<meta property=\"og:type\" content=\"article\" \/>\n<meta property=\"og:title\" content=\"Responsabilit\u00e0 critica prima di fare acquisti - Article Marketing\" \/>\n<meta property=\"og:description\" content=\"Al giorno d\u2019oggi i ricchi divengono sempre pi\u00f9 ricchi e le masse sono sempre pi\u00f9 impoverite. Questo perch\u00e9 quando si fanno acquisti si pensa, spesso, soltanto a qual \u00e8 il prezzo pi\u00f9 basso, senza badare alle conseguenze. Non si pensa mai che quando si fa un acquisto si sta dando una direzione ai flussi monetari internazionali. Se la massa di consumatori cominciasse ad acquisire un senso di responsabilit\u00e0 che liContinue reading...\" \/>\n<meta property=\"og:url\" content=\"https:\/\/www.article-marketing.eu\/comunicatistampa\/responsabilita-critica-prima-di-fare-acquisti\/\" \/>\n<meta property=\"og:site_name\" content=\"Article Marketing\" \/>\n<meta property=\"article:published_time\" content=\"2017-03-18T18:34:38+00:00\" \/>\n<meta name=\"author\" content=\"fabrizio politi\" \/>\n<meta name=\"twitter:card\" content=\"summary_large_image\" \/>\n<meta name=\"twitter:label1\" content=\"Scritto da\" \/>\n\t<meta name=\"twitter:data1\" content=\"fabrizio politi\" \/>\n\t<meta name=\"twitter:label2\" content=\"Tempo di lettura stimato\" \/>\n\t<meta name=\"twitter:data2\" content=\"2 minuti\" \/>\n<script type=\"application\/ld+json\" class=\"yoast-schema-graph\">{\"@context\":\"https:\\\/\\\/schema.org\",\"@graph\":[{\"@type\":\"Article\",\"@id\":\"https:\\\/\\\/www.article-marketing.eu\\\/comunicatistampa\\\/responsabilita-critica-prima-di-fare-acquisti\\\/#article\",\"isPartOf\":{\"@id\":\"https:\\\/\\\/www.article-marketing.eu\\\/comunicatistampa\\\/responsabilita-critica-prima-di-fare-acquisti\\\/\"},\"author\":{\"name\":\"fabrizio politi\",\"@id\":\"https:\\\/\\\/www.article-marketing.eu\\\/comunicatistampa\\\/#\\\/schema\\\/person\\\/246091a258fb1b22778c2d38827ec5bf\"},\"headline\":\"Responsabilit\u00e0 critica prima di fare acquisti\",\"datePublished\":\"2017-03-18T18:34:38+00:00\",\"mainEntityOfPage\":{\"@id\":\"https:\\\/\\\/www.article-marketing.eu\\\/comunicatistampa\\\/responsabilita-critica-prima-di-fare-acquisti\\\/\"},\"wordCount\":349,\"commentCount\":0,\"keywords\":[\"fabrizio politi\",\"fabriziopoliti\",\"politi\",\"politi fabrizio\"],\"articleSection\":[\"Aziende\",\"Economia e lavoro\"],\"inLanguage\":\"it-IT\",\"potentialAction\":[{\"@type\":\"CommentAction\",\"name\":\"Comment\",\"target\":[\"https:\\\/\\\/www.article-marketing.eu\\\/comunicatistampa\\\/responsabilita-critica-prima-di-fare-acquisti\\\/#respond\"]}]},{\"@type\":\"WebPage\",\"@id\":\"https:\\\/\\\/www.article-marketing.eu\\\/comunicatistampa\\\/responsabilita-critica-prima-di-fare-acquisti\\\/\",\"url\":\"https:\\\/\\\/www.article-marketing.eu\\\/comunicatistampa\\\/responsabilita-critica-prima-di-fare-acquisti\\\/\",\"name\":\"Responsabilit\u00e0 critica prima di fare acquisti - Article Marketing\",\"isPartOf\":{\"@id\":\"https:\\\/\\\/www.article-marketing.eu\\\/comunicatistampa\\\/#website\"},\"datePublished\":\"2017-03-18T18:34:38+00:00\",\"author\":{\"@id\":\"https:\\\/\\\/www.article-marketing.eu\\\/comunicatistampa\\\/#\\\/schema\\\/person\\\/246091a258fb1b22778c2d38827ec5bf\"},\"breadcrumb\":{\"@id\":\"https:\\\/\\\/www.article-marketing.eu\\\/comunicatistampa\\\/responsabilita-critica-prima-di-fare-acquisti\\\/#breadcrumb\"},\"inLanguage\":\"it-IT\",\"potentialAction\":[{\"@type\":\"ReadAction\",\"target\":[\"https:\\\/\\\/www.article-marketing.eu\\\/comunicatistampa\\\/responsabilita-critica-prima-di-fare-acquisti\\\/\"]}]},{\"@type\":\"BreadcrumbList\",\"@id\":\"https:\\\/\\\/www.article-marketing.eu\\\/comunicatistampa\\\/responsabilita-critica-prima-di-fare-acquisti\\\/#breadcrumb\",\"itemListElement\":[{\"@type\":\"ListItem\",\"position\":1,\"name\":\"Home\",\"item\":\"https:\\\/\\\/www.article-marketing.eu\\\/comunicatistampa\\\/\"},{\"@type\":\"ListItem\",\"position\":2,\"name\":\"Responsabilit\u00e0 critica prima di fare acquisti\"}]},{\"@type\":\"WebSite\",\"@id\":\"https:\\\/\\\/www.article-marketing.eu\\\/comunicatistampa\\\/#website\",\"url\":\"https:\\\/\\\/www.article-marketing.eu\\\/comunicatistampa\\\/\",\"name\":\"Article Marketing\",\"description\":\"article marketing &amp; press release\",\"potentialAction\":[{\"@type\":\"SearchAction\",\"target\":{\"@type\":\"EntryPoint\",\"urlTemplate\":\"https:\\\/\\\/www.article-marketing.eu\\\/comunicatistampa\\\/?s={search_term_string}\"},\"query-input\":{\"@type\":\"PropertyValueSpecification\",\"valueRequired\":true,\"valueName\":\"search_term_string\"}}],\"inLanguage\":\"it-IT\"},{\"@type\":\"Person\",\"@id\":\"https:\\\/\\\/www.article-marketing.eu\\\/comunicatistampa\\\/#\\\/schema\\\/person\\\/246091a258fb1b22778c2d38827ec5bf\",\"name\":\"fabrizio politi\",\"image\":{\"@type\":\"ImageObject\",\"inLanguage\":\"it-IT\",\"@id\":\"https:\\\/\\\/secure.gravatar.com\\\/avatar\\\/df6eca0592b2669da5f70d1dd0d212001c1be2d629a82c52e6f91da32b64610a?s=96&d=mm&r=g\",\"url\":\"https:\\\/\\\/secure.gravatar.com\\\/avatar\\\/df6eca0592b2669da5f70d1dd0d212001c1be2d629a82c52e6f91da32b64610a?s=96&d=mm&r=g\",\"contentUrl\":\"https:\\\/\\\/secure.gravatar.com\\\/avatar\\\/df6eca0592b2669da5f70d1dd0d212001c1be2d629a82c52e6f91da32b64610a?s=96&d=mm&r=g\",\"caption\":\"fabrizio politi\"},\"url\":\"https:\\\/\\\/www.article-marketing.eu\\\/comunicatistampa\\\/author\\\/fabrizio-politi\\\/\"}]}<\/script>\n<!-- \/ Yoast SEO plugin. -->","yoast_head_json":{"title":"Responsabilit\u00e0 critica prima di fare acquisti - Article Marketing","robots":{"index":"index","follow":"follow","max-snippet":"max-snippet:-1","max-image-preview":"max-image-preview:large","max-video-preview":"max-video-preview:-1"},"canonical":"https:\/\/www.article-marketing.eu\/comunicatistampa\/responsabilita-critica-prima-di-fare-acquisti\/","og_locale":"it_IT","og_type":"article","og_title":"Responsabilit\u00e0 critica prima di fare acquisti - Article Marketing","og_description":"Al giorno d\u2019oggi i ricchi divengono sempre pi\u00f9 ricchi e le masse sono sempre pi\u00f9 impoverite. Questo perch\u00e9 quando si fanno acquisti si pensa, spesso, soltanto a qual \u00e8 il prezzo pi\u00f9 basso, senza badare alle conseguenze. Non si pensa mai che quando si fa un acquisto si sta dando una direzione ai flussi monetari internazionali. Se la massa di consumatori cominciasse ad acquisire un senso di responsabilit\u00e0 che liContinue reading...","og_url":"https:\/\/www.article-marketing.eu\/comunicatistampa\/responsabilita-critica-prima-di-fare-acquisti\/","og_site_name":"Article Marketing","article_published_time":"2017-03-18T18:34:38+00:00","author":"fabrizio politi","twitter_card":"summary_large_image","twitter_misc":{"Scritto da":"fabrizio politi","Tempo di lettura stimato":"2 minuti"},"schema":{"@context":"https:\/\/schema.org","@graph":[{"@type":"Article","@id":"https:\/\/www.article-marketing.eu\/comunicatistampa\/responsabilita-critica-prima-di-fare-acquisti\/#article","isPartOf":{"@id":"https:\/\/www.article-marketing.eu\/comunicatistampa\/responsabilita-critica-prima-di-fare-acquisti\/"},"author":{"name":"fabrizio politi","@id":"https:\/\/www.article-marketing.eu\/comunicatistampa\/#\/schema\/person\/246091a258fb1b22778c2d38827ec5bf"},"headline":"Responsabilit\u00e0 critica prima di fare acquisti","datePublished":"2017-03-18T18:34:38+00:00","mainEntityOfPage":{"@id":"https:\/\/www.article-marketing.eu\/comunicatistampa\/responsabilita-critica-prima-di-fare-acquisti\/"},"wordCount":349,"commentCount":0,"keywords":["fabrizio politi","fabriziopoliti","politi","politi fabrizio"],"articleSection":["Aziende","Economia e lavoro"],"inLanguage":"it-IT","potentialAction":[{"@type":"CommentAction","name":"Comment","target":["https:\/\/www.article-marketing.eu\/comunicatistampa\/responsabilita-critica-prima-di-fare-acquisti\/#respond"]}]},{"@type":"WebPage","@id":"https:\/\/www.article-marketing.eu\/comunicatistampa\/responsabilita-critica-prima-di-fare-acquisti\/","url":"https:\/\/www.article-marketing.eu\/comunicatistampa\/responsabilita-critica-prima-di-fare-acquisti\/","name":"Responsabilit\u00e0 critica prima di fare acquisti - Article Marketing","isPartOf":{"@id":"https:\/\/www.article-marketing.eu\/comunicatistampa\/#website"},"datePublished":"2017-03-18T18:34:38+00:00","author":{"@id":"https:\/\/www.article-marketing.eu\/comunicatistampa\/#\/schema\/person\/246091a258fb1b22778c2d38827ec5bf"},"breadcrumb":{"@id":"https:\/\/www.article-marketing.eu\/comunicatistampa\/responsabilita-critica-prima-di-fare-acquisti\/#breadcrumb"},"inLanguage":"it-IT","potentialAction":[{"@type":"ReadAction","target":["https:\/\/www.article-marketing.eu\/comunicatistampa\/responsabilita-critica-prima-di-fare-acquisti\/"]}]},{"@type":"BreadcrumbList","@id":"https:\/\/www.article-marketing.eu\/comunicatistampa\/responsabilita-critica-prima-di-fare-acquisti\/#breadcrumb","itemListElement":[{"@type":"ListItem","position":1,"name":"Home","item":"https:\/\/www.article-marketing.eu\/comunicatistampa\/"},{"@type":"ListItem","position":2,"name":"Responsabilit\u00e0 critica prima di fare acquisti"}]},{"@type":"WebSite","@id":"https:\/\/www.article-marketing.eu\/comunicatistampa\/#website","url":"https:\/\/www.article-marketing.eu\/comunicatistampa\/","name":"Article Marketing","description":"article marketing &amp; press release","potentialAction":[{"@type":"SearchAction","target":{"@type":"EntryPoint","urlTemplate":"https:\/\/www.article-marketing.eu\/comunicatistampa\/?s={search_term_string}"},"query-input":{"@type":"PropertyValueSpecification","valueRequired":true,"valueName":"search_term_string"}}],"inLanguage":"it-IT"},{"@type":"Person","@id":"https:\/\/www.article-marketing.eu\/comunicatistampa\/#\/schema\/person\/246091a258fb1b22778c2d38827ec5bf","name":"fabrizio politi","image":{"@type":"ImageObject","inLanguage":"it-IT","@id":"https:\/\/secure.gravatar.com\/avatar\/df6eca0592b2669da5f70d1dd0d212001c1be2d629a82c52e6f91da32b64610a?s=96&d=mm&r=g","url":"https:\/\/secure.gravatar.com\/avatar\/df6eca0592b2669da5f70d1dd0d212001c1be2d629a82c52e6f91da32b64610a?s=96&d=mm&r=g","contentUrl":"https:\/\/secure.gravatar.com\/avatar\/df6eca0592b2669da5f70d1dd0d212001c1be2d629a82c52e6f91da32b64610a?s=96&d=mm&r=g","caption":"fabrizio politi"},"url":"https:\/\/www.article-marketing.eu\/comunicatistampa\/author\/fabrizio-politi\/"}]}},"_links":{"self":[{"href":"https:\/\/www.article-marketing.eu\/comunicatistampa\/wp-json\/wp\/v2\/posts\/1216","targetHints":{"allow":["GET"]}}],"collection":[{"href":"https:\/\/www.article-marketing.eu\/comunicatistampa\/wp-json\/wp\/v2\/posts"}],"about":[{"href":"https:\/\/www.article-marketing.eu\/comunicatistampa\/wp-json\/wp\/v2\/types\/post"}],"author":[{"embeddable":true,"href":"https:\/\/www.article-marketing.eu\/comunicatistampa\/wp-json\/wp\/v2\/users\/152"}],"replies":[{"embeddable":true,"href":"https:\/\/www.article-marketing.eu\/comunicatistampa\/wp-json\/wp\/v2\/comments?post=1216"}],"version-history":[{"count":2,"href":"https:\/\/www.article-marketing.eu\/comunicatistampa\/wp-json\/wp\/v2\/posts\/1216\/revisions"}],"predecessor-version":[{"id":1226,"href":"https:\/\/www.article-marketing.eu\/comunicatistampa\/wp-json\/wp\/v2\/posts\/1216\/revisions\/1226"}],"wp:attachment":[{"href":"https:\/\/www.article-marketing.eu\/comunicatistampa\/wp-json\/wp\/v2\/media?parent=1216"}],"wp:term":[{"taxonomy":"category","embeddable":true,"href":"https:\/\/www.article-marketing.eu\/comunicatistampa\/wp-json\/wp\/v2\/categories?post=1216"},{"taxonomy":"post_tag","embeddable":true,"href":"https:\/\/www.article-marketing.eu\/comunicatistampa\/wp-json\/wp\/v2\/tags?post=1216"}],"curies":[{"name":"wp","href":"https:\/\/api.w.org\/{rel}","templated":true}]}}