{"id":12675,"date":"2019-01-21T12:16:52","date_gmt":"2019-01-21T11:16:52","guid":{"rendered":"http:\/\/www.article-marketing.eu\/comunicatistampa\/?p=12675"},"modified":"2019-01-21T12:16:52","modified_gmt":"2019-01-21T11:16:52","slug":"ventiquattro-uno-a-monsampolo-del-tronto","status":"publish","type":"post","link":"https:\/\/www.article-marketing.eu\/comunicatistampa\/ventiquattro-uno-a-monsampolo-del-tronto\/","title":{"rendered":"Ventiquattro = uno a Monsampolo del Tronto"},"content":{"rendered":"<p><img decoding=\"async\" src=\"https:\/\/2.bp.blogspot.com\/-louKXrWePVw\/XDpJp5aYMkI\/AAAAAAAACkc\/fYSrU6UDSA4Nwcmjbd_xVtiVDEnBsgC_gCLcBGAs\/s400\/WhatsApp%2BImage%2B2019-01-11%2Bat%2B23.28.21.jpeg\" alt=\"\" \/><\/p>\n<p>ll 20 gennaio 2019 alle ore 16.00 il Comune di Monsampolo del Tronto e Marche Centro d&#8217;Arte danno il via al loro nuovo progetto con l&#8217;inaugurazione del nuovo spazio espositivo Sala Ipogei \u201cGalleria Marconi\u201d sito in via Fratelli Kennedy nel borgo di Monsampolo del Tronto.<br \/>\nL&#8217;iniziativa rientra nello sviluppo del progetto del Sistema Museale Piceno teso alla valorizzazione del pi\u00f9 vasto comprensorio comunale ed in particolare del vecchio incasato, dei suoi musei e della rete dei 58 musei del territorio piceno sostenuta dal BIM Tronto. L&#8217;inaugurazione della Sala Ipogei \u201dGalleria Marconi\u201d \u00e8 il momento pi\u00f9 alto di tale strategia, alla luce degli oltre venti anni di attivit\u00e0 della Galleria, un tempo nel comune di Cupra Marittima, e della notoriet\u00e0 a livello nazionale riconosciutagli per la qualit\u00e0 della ricerca artistica e culturale portata avanti in tanti anni di lavoro del suo direttore artistico Franco Marconi: \u201cAlcuni mesi fa ho deciso di chiudere il mio spazio di Cupra Marittima, ho ricevuto tante attestazioni di stima per il lavoro svolto e voglio ringraziare tutti per il sostegno datomi in una delle scelte pi\u00f9 dolorose della mia carriera professionale. Oggi parto per questa nuova avventura, grazie alla fiducia e al sostegno che il Comune di Monsampolo del Tronto ha voluto rivolgermi. In questi anni ho fatto dell\u2019onest\u00e0 un punto fermo e credo che sia il solo modo per poter lavorare e camminare a testa alta. Lino Rosetti mi ha spinto a proseguire e, con Marche Centro d\u2019Arte, mi \u00e8 ancora una volta vicino in questa avventura. Proporre Arte Contemporanea \u00e8 una scelta difficile, ma continuo ancora a credere che solo l\u2019arte e la cultura possano salvarci, perch\u00e9 sono l\u2019espressione, forse pi\u00f9 alta, dell\u2019umanit\u00e0 in grado di contrastare l\u2019imbarbarimento di questo tempo. Voglio ringraziare tutti i collaboratori che ancora una volta sono al mio fianco e tutti quelli che verranno a festeggiare con noi.\u201d<\/p>\n<p>L\u2019inaugurazione proporr\u00e0 una serie di eventi riuniti nel progetto Ventiquattro = uno, pensato per costruire idealmente questo passaggio al nuovo spazio espositivo Spazi Ipogei \u201cGalleria Marconi\u201d sede delle attivit\u00e0 di Marche Centro D&#8217;Arte.<br \/>\nGli eventi per l&#8217;inaugurazione del nuovo spazio espositivo sono molto articolati. Si parte alle ore 16.00 presso Spazi Ipogei \u201cGalleria Marconi\u201d con l\u2019apertura della collettiva Mangiare (IL) bene a cura di Nikla Cingolani. La mostra propone le opere di Federica Amichetti, Karin Andersen, Attinia, Luca Bidoli, Daniele Camaioni, Giulia Corradetti, Peter De Boer, Armando Fanelli, PierFrancesco Gava, Carla Mattii, Sabrina Muzi.<\/p>\n<p>\u201c\u00abNon si mangia mai da soli, ecco la regola del \u201csi deve mangiare bene\u201d. \u00c8 una legge dell\u2019ospitalit\u00e0 infinita. E tutte le differenze, le rotture, le guerre (si pu\u00f2 anche dire le guerre di religione) hanno in palio questo mangiar bene, oggi pi\u00f9 che mai. Anche il Bene si mangia, bisogna mangiare il Bene.\u00bb<br \/>\nUn messaggio di un\u2019attualit\u00e0 sorprendente<br \/>\nDa questa riflessione tratta da Il faut bien manger. O il calcolo del soggetto di Jacques Derrida, nasce il progetto Mangiare (IL) Bene.<br \/>\n\u00abBISOGNA BEN MANGIARE\u201d \u201cBISOGNA MANGIARE BENE\u201d \u201cBISOGNA MANGIARE IL BENE\u00bb. (Jaques Derrida)<br \/>\nIl cibo \u00e8 un bene comune che riveste un ruolo di primaria importanza nella nostra vita quotidiana come fonte di nutrimento, strumento di aggregazione sociale e di piacere, protagonista di pratiche rituali, indicatore di ogni stile di vita. Per questo l\u2019Arte diventa strumento ideale per veicolare ogni attributo di valore riconosciuto a livello universale.\u201d (Nikla Cingolani)<br \/>\nIl progetto Mangiare (IL) Bene era stato ideato dalla curatrice in occasione di EXPO 2015, oggi viene riproposto, riattualizzato e ripensato, per riprendere un percorso che nasce e si estrinseca dalla simbiosi di linguaggi artistici e culturali.<\/p>\n<p>La mostra rimarr\u00e0 aperta al pubblico fino al 15 aprile 2019. Dopo l\u2019inaugurazione della collettiva a seguire sono previsti altri quattro eventi che si svolgono in vari punti del borgo:<\/p>\n<p>-Il primo: negli Ipogei attigui a Spazi Ipogei Galleria Marconi sar\u00e0 installata una selezione di sculture dell&#8217;artista Franco Anzelmo. \u201cCome fossero su un filo ideale le figure di Franco Anzelmo si concentrano su delicati equilibrismi, fisici, psicologici e\/o ideali. Sospese e sorprese in un attimo di stupore, di osservazione o di ricerca, si reggono sul delicato equilibrio tra esterno ed interno, tra terra e cielo, in un percorso complesso ma suggestivo.\u201d (Dario Ciferri)<\/p>\n<p>-Il secondo: nel Museo della Cripta sar\u00e0 presentata una selezione di sculture di Josephine Sassu. \u201cLa precariet\u00e0 dell\u2019esistenza e il bisogno di incarnare la durata si scontrano, nell\u2019opera di Josephine Sassu, sul terreno del paradosso e del motto di spirito. Nei suoi interventi artistici, il tempo della durata \u00e8 continuamente messo alla prova. I lavori mostrano un mondo sempre in uno stato di catastrofe permanente, sull\u2019orlo di una fine definitiva.\u201d (Anna Rita Chiocca)<\/p>\n<p>-Il terzo: nello spazio esterno adiacente il Museo della Cripta sar\u00e0 proiettato il video di Rita Vitali Rosati Mi chiamo Rita, ballo, canto, scrivo versi in notturna. \u201cL\u2019artista in un certo senso riduce il mondo al palcoscenico in cui riproduce la condizione sonora di un momento affollato di un aeroporto di una stazione, di un supermercato e lo trasforma in un momento lirico fatto di poesie, poesie per una societ\u00e0 che ormai considera anche il silenzio un benefit da pagare con un supplemento sul biglietto del treno.\u201d (Stefano Verri)<\/p>\n<p>Alle 19,00 verr\u00e0 offerto un aperitivo agli intervenuti con la collaborazione degli sponsor-partner: Fritto Misto Lab di Monsampolo del Tronto e Vini San Giovanni di Offida.<\/p>\n<p>-Il quarto: l\u2019evento conclusivo della manifestazione, presso il Teatro comunale, sar\u00e0 un breve estratto dell&#8217;opera:&#8221;Vultus, cos\u00ec pronta alla scomparsa&#8221; della Compagnia e.Artes cum Panis diretta da Mizar Astrid Tagliavini, con le performer Dafne Ciccola, Francesca Fazi, Mizar Tagliavini. Lo spettacolo prende le mosse da una tela giovanile di Franco Marconi. Volto nei volti, la tela interroga, proietta e quasi a tu per tu sembra domandare \u201cperch\u00e9 mi guardi?\u201d. I contorni definiti dai dettagli liquidi sembrano voler dare contenimento all\u2019inconscio straripante di chi sofferma lo sguardo su quegli occhi senza luce, eppur cos\u00ec presenti.<\/p>\n<p>Info e Contatti<\/p>\n<p>ufficio stampa\/press agent by Dario Ciferri<br \/>\nfotografia\/photography by Catia Panciera<br \/>\nallestimenti\/preparation by Pasquale Fanelli \u2013 Sabatino Polce<\/p>\n<p>dal 20 gennaio al 15 aprile 2019<br \/>\nfrom 20th January to 15th April 2019<br \/>\norario: dalle 16.00 alle 19.00<br \/>\nopening time: 4.00 to 7.00 p.m.<\/p>\n<p>Spazi Ipogei Galleria Marconi<br \/>\nVia Fratelli Kennedy<br \/>\n63077 Monsampolo del Tronto<br \/>\nTel 3332240002<br \/>\nweb http:\/\/galleriamarconi.it\/ &#8211; http:\/\/marchecentrodarte.it<br \/>\ne-mail galleriamarconi@outlook.it<br \/>\nFacebook http:\/\/www.facebook.com\/galleriamarconi<\/p>\n","protected":false},"excerpt":{"rendered":"<p>ll 20 gennaio 2019 alle ore 16.00 il Comune di Monsampolo del Tronto e Marche Centro d&#8217;Arte danno il via al loro nuovo progetto con l&#8217;inaugurazione del nuovo spazio espositivo Sala Ipogei \u201cGalleria Marconi\u201d sito in via Fratelli Kennedy nel borgo di Monsampolo del Tronto. L&#8217;iniziativa rientra nello sviluppo del progetto del Sistema Museale Piceno teso alla valorizzazione del pi\u00f9 vasto comprensorio comunale ed in particolare del vecchio incasato, dei<\/p>\n<p><a class=\"continue-reading\" href=\"https:\/\/www.article-marketing.eu\/comunicatistampa\/ventiquattro-uno-a-monsampolo-del-tronto\/\">Continue reading&#8230;<\/a><\/p>\n","protected":false},"author":237,"featured_media":0,"comment_status":"open","ping_status":"open","sticky":false,"template":"","format":"standard","meta":{"_monsterinsights_skip_tracking":false,"_monsterinsights_sitenote_active":false,"_monsterinsights_sitenote_note":"","_monsterinsights_sitenote_category":0,"footnotes":""},"categories":[407,78,392],"tags":[571,5105,991],"class_list":["post-12675","post","type-post","status-publish","format-standard","hentry","category-arte-e-cultura","category-comunicati-stampa","category-eventi","tag-arte","tag-monsampolo-del-tronto","tag-mostra"],"yoast_head":"<!-- This site is optimized with the Yoast SEO plugin v27.3 - https:\/\/yoast.com\/product\/yoast-seo-wordpress\/ -->\n<title>Ventiquattro = uno a Monsampolo del Tronto - Article Marketing<\/title>\n<meta name=\"robots\" content=\"index, follow, max-snippet:-1, max-image-preview:large, max-video-preview:-1\" \/>\n<link rel=\"canonical\" href=\"https:\/\/www.article-marketing.eu\/comunicatistampa\/ventiquattro-uno-a-monsampolo-del-tronto\/\" \/>\n<meta property=\"og:locale\" content=\"it_IT\" \/>\n<meta property=\"og:type\" content=\"article\" \/>\n<meta property=\"og:title\" content=\"Ventiquattro = uno a Monsampolo del Tronto - Article Marketing\" \/>\n<meta property=\"og:description\" content=\"ll 20 gennaio 2019 alle ore 16.00 il Comune di Monsampolo del Tronto e Marche Centro d&#8217;Arte danno il via al loro nuovo progetto con l&#8217;inaugurazione del nuovo spazio espositivo Sala Ipogei \u201cGalleria Marconi\u201d sito in via Fratelli Kennedy nel borgo di Monsampolo del Tronto. L&#8217;iniziativa rientra nello sviluppo del progetto del Sistema Museale Piceno teso alla valorizzazione del pi\u00f9 vasto comprensorio comunale ed in particolare del vecchio incasato, deiContinue reading...\" \/>\n<meta property=\"og:url\" content=\"https:\/\/www.article-marketing.eu\/comunicatistampa\/ventiquattro-uno-a-monsampolo-del-tronto\/\" \/>\n<meta property=\"og:site_name\" content=\"Article Marketing\" \/>\n<meta property=\"article:published_time\" content=\"2019-01-21T11:16:52+00:00\" \/>\n<meta property=\"og:image\" content=\"https:\/\/2.bp.blogspot.com\/-louKXrWePVw\/XDpJp5aYMkI\/AAAAAAAACkc\/fYSrU6UDSA4Nwcmjbd_xVtiVDEnBsgC_gCLcBGAs\/s400\/WhatsApp%2BImage%2B2019-01-11%2Bat%2B23.28.21.jpeg\" \/>\n<meta name=\"author\" content=\"dariociferri\" \/>\n<meta name=\"twitter:card\" content=\"summary_large_image\" \/>\n<meta name=\"twitter:label1\" content=\"Scritto da\" \/>\n\t<meta name=\"twitter:data1\" content=\"dariociferri\" \/>\n\t<meta name=\"twitter:label2\" content=\"Tempo di lettura stimato\" \/>\n\t<meta name=\"twitter:data2\" content=\"5 minuti\" \/>\n<script type=\"application\/ld+json\" class=\"yoast-schema-graph\">{\"@context\":\"https:\\\/\\\/schema.org\",\"@graph\":[{\"@type\":\"Article\",\"@id\":\"https:\\\/\\\/www.article-marketing.eu\\\/comunicatistampa\\\/ventiquattro-uno-a-monsampolo-del-tronto\\\/#article\",\"isPartOf\":{\"@id\":\"https:\\\/\\\/www.article-marketing.eu\\\/comunicatistampa\\\/ventiquattro-uno-a-monsampolo-del-tronto\\\/\"},\"author\":{\"name\":\"dariociferri\",\"@id\":\"https:\\\/\\\/www.article-marketing.eu\\\/comunicatistampa\\\/#\\\/schema\\\/person\\\/7e31cacfcb859d79d5b89c5ca7a9d3be\"},\"headline\":\"Ventiquattro = uno a Monsampolo del Tronto\",\"datePublished\":\"2019-01-21T11:16:52+00:00\",\"mainEntityOfPage\":{\"@id\":\"https:\\\/\\\/www.article-marketing.eu\\\/comunicatistampa\\\/ventiquattro-uno-a-monsampolo-del-tronto\\\/\"},\"wordCount\":1054,\"commentCount\":0,\"image\":{\"@id\":\"https:\\\/\\\/www.article-marketing.eu\\\/comunicatistampa\\\/ventiquattro-uno-a-monsampolo-del-tronto\\\/#primaryimage\"},\"thumbnailUrl\":\"https:\\\/\\\/2.bp.blogspot.com\\\/-louKXrWePVw\\\/XDpJp5aYMkI\\\/AAAAAAAACkc\\\/fYSrU6UDSA4Nwcmjbd_xVtiVDEnBsgC_gCLcBGAs\\\/s400\\\/WhatsApp%2BImage%2B2019-01-11%2Bat%2B23.28.21.jpeg\",\"keywords\":[\"Arte\",\"monsampolo del tronto\",\"mostra\"],\"articleSection\":[\"Arte e cultura\",\"Comunicati stampa\",\"Eventi\"],\"inLanguage\":\"it-IT\",\"potentialAction\":[{\"@type\":\"CommentAction\",\"name\":\"Comment\",\"target\":[\"https:\\\/\\\/www.article-marketing.eu\\\/comunicatistampa\\\/ventiquattro-uno-a-monsampolo-del-tronto\\\/#respond\"]}]},{\"@type\":\"WebPage\",\"@id\":\"https:\\\/\\\/www.article-marketing.eu\\\/comunicatistampa\\\/ventiquattro-uno-a-monsampolo-del-tronto\\\/\",\"url\":\"https:\\\/\\\/www.article-marketing.eu\\\/comunicatistampa\\\/ventiquattro-uno-a-monsampolo-del-tronto\\\/\",\"name\":\"Ventiquattro = uno a Monsampolo del Tronto - Article Marketing\",\"isPartOf\":{\"@id\":\"https:\\\/\\\/www.article-marketing.eu\\\/comunicatistampa\\\/#website\"},\"primaryImageOfPage\":{\"@id\":\"https:\\\/\\\/www.article-marketing.eu\\\/comunicatistampa\\\/ventiquattro-uno-a-monsampolo-del-tronto\\\/#primaryimage\"},\"image\":{\"@id\":\"https:\\\/\\\/www.article-marketing.eu\\\/comunicatistampa\\\/ventiquattro-uno-a-monsampolo-del-tronto\\\/#primaryimage\"},\"thumbnailUrl\":\"https:\\\/\\\/2.bp.blogspot.com\\\/-louKXrWePVw\\\/XDpJp5aYMkI\\\/AAAAAAAACkc\\\/fYSrU6UDSA4Nwcmjbd_xVtiVDEnBsgC_gCLcBGAs\\\/s400\\\/WhatsApp%2BImage%2B2019-01-11%2Bat%2B23.28.21.jpeg\",\"datePublished\":\"2019-01-21T11:16:52+00:00\",\"author\":{\"@id\":\"https:\\\/\\\/www.article-marketing.eu\\\/comunicatistampa\\\/#\\\/schema\\\/person\\\/7e31cacfcb859d79d5b89c5ca7a9d3be\"},\"breadcrumb\":{\"@id\":\"https:\\\/\\\/www.article-marketing.eu\\\/comunicatistampa\\\/ventiquattro-uno-a-monsampolo-del-tronto\\\/#breadcrumb\"},\"inLanguage\":\"it-IT\",\"potentialAction\":[{\"@type\":\"ReadAction\",\"target\":[\"https:\\\/\\\/www.article-marketing.eu\\\/comunicatistampa\\\/ventiquattro-uno-a-monsampolo-del-tronto\\\/\"]}]},{\"@type\":\"ImageObject\",\"inLanguage\":\"it-IT\",\"@id\":\"https:\\\/\\\/www.article-marketing.eu\\\/comunicatistampa\\\/ventiquattro-uno-a-monsampolo-del-tronto\\\/#primaryimage\",\"url\":\"https:\\\/\\\/2.bp.blogspot.com\\\/-louKXrWePVw\\\/XDpJp5aYMkI\\\/AAAAAAAACkc\\\/fYSrU6UDSA4Nwcmjbd_xVtiVDEnBsgC_gCLcBGAs\\\/s400\\\/WhatsApp%2BImage%2B2019-01-11%2Bat%2B23.28.21.jpeg\",\"contentUrl\":\"https:\\\/\\\/2.bp.blogspot.com\\\/-louKXrWePVw\\\/XDpJp5aYMkI\\\/AAAAAAAACkc\\\/fYSrU6UDSA4Nwcmjbd_xVtiVDEnBsgC_gCLcBGAs\\\/s400\\\/WhatsApp%2BImage%2B2019-01-11%2Bat%2B23.28.21.jpeg\"},{\"@type\":\"BreadcrumbList\",\"@id\":\"https:\\\/\\\/www.article-marketing.eu\\\/comunicatistampa\\\/ventiquattro-uno-a-monsampolo-del-tronto\\\/#breadcrumb\",\"itemListElement\":[{\"@type\":\"ListItem\",\"position\":1,\"name\":\"Home\",\"item\":\"https:\\\/\\\/www.article-marketing.eu\\\/comunicatistampa\\\/\"},{\"@type\":\"ListItem\",\"position\":2,\"name\":\"Ventiquattro = uno a Monsampolo del Tronto\"}]},{\"@type\":\"WebSite\",\"@id\":\"https:\\\/\\\/www.article-marketing.eu\\\/comunicatistampa\\\/#website\",\"url\":\"https:\\\/\\\/www.article-marketing.eu\\\/comunicatistampa\\\/\",\"name\":\"Article Marketing\",\"description\":\"article marketing &amp; press release\",\"potentialAction\":[{\"@type\":\"SearchAction\",\"target\":{\"@type\":\"EntryPoint\",\"urlTemplate\":\"https:\\\/\\\/www.article-marketing.eu\\\/comunicatistampa\\\/?s={search_term_string}\"},\"query-input\":{\"@type\":\"PropertyValueSpecification\",\"valueRequired\":true,\"valueName\":\"search_term_string\"}}],\"inLanguage\":\"it-IT\"},{\"@type\":\"Person\",\"@id\":\"https:\\\/\\\/www.article-marketing.eu\\\/comunicatistampa\\\/#\\\/schema\\\/person\\\/7e31cacfcb859d79d5b89c5ca7a9d3be\",\"name\":\"dariociferri\",\"image\":{\"@type\":\"ImageObject\",\"inLanguage\":\"it-IT\",\"@id\":\"https:\\\/\\\/secure.gravatar.com\\\/avatar\\\/6d67194bfa09452298793ad2f9a24592bd367814b34116ffa1c6bc0aad8057d6?s=96&d=mm&r=g\",\"url\":\"https:\\\/\\\/secure.gravatar.com\\\/avatar\\\/6d67194bfa09452298793ad2f9a24592bd367814b34116ffa1c6bc0aad8057d6?s=96&d=mm&r=g\",\"contentUrl\":\"https:\\\/\\\/secure.gravatar.com\\\/avatar\\\/6d67194bfa09452298793ad2f9a24592bd367814b34116ffa1c6bc0aad8057d6?s=96&d=mm&r=g\",\"caption\":\"dariociferri\"},\"url\":\"https:\\\/\\\/www.article-marketing.eu\\\/comunicatistampa\\\/author\\\/dariociferri\\\/\"}]}<\/script>\n<!-- \/ Yoast SEO plugin. -->","yoast_head_json":{"title":"Ventiquattro = uno a Monsampolo del Tronto - Article Marketing","robots":{"index":"index","follow":"follow","max-snippet":"max-snippet:-1","max-image-preview":"max-image-preview:large","max-video-preview":"max-video-preview:-1"},"canonical":"https:\/\/www.article-marketing.eu\/comunicatistampa\/ventiquattro-uno-a-monsampolo-del-tronto\/","og_locale":"it_IT","og_type":"article","og_title":"Ventiquattro = uno a Monsampolo del Tronto - Article Marketing","og_description":"ll 20 gennaio 2019 alle ore 16.00 il Comune di Monsampolo del Tronto e Marche Centro d&#8217;Arte danno il via al loro nuovo progetto con l&#8217;inaugurazione del nuovo spazio espositivo Sala Ipogei \u201cGalleria Marconi\u201d sito in via Fratelli Kennedy nel borgo di Monsampolo del Tronto. L&#8217;iniziativa rientra nello sviluppo del progetto del Sistema Museale Piceno teso alla valorizzazione del pi\u00f9 vasto comprensorio comunale ed in particolare del vecchio incasato, deiContinue reading...","og_url":"https:\/\/www.article-marketing.eu\/comunicatistampa\/ventiquattro-uno-a-monsampolo-del-tronto\/","og_site_name":"Article Marketing","article_published_time":"2019-01-21T11:16:52+00:00","og_image":[{"url":"https:\/\/2.bp.blogspot.com\/-louKXrWePVw\/XDpJp5aYMkI\/AAAAAAAACkc\/fYSrU6UDSA4Nwcmjbd_xVtiVDEnBsgC_gCLcBGAs\/s400\/WhatsApp%2BImage%2B2019-01-11%2Bat%2B23.28.21.jpeg","type":"","width":"","height":""}],"author":"dariociferri","twitter_card":"summary_large_image","twitter_misc":{"Scritto da":"dariociferri","Tempo di lettura stimato":"5 minuti"},"schema":{"@context":"https:\/\/schema.org","@graph":[{"@type":"Article","@id":"https:\/\/www.article-marketing.eu\/comunicatistampa\/ventiquattro-uno-a-monsampolo-del-tronto\/#article","isPartOf":{"@id":"https:\/\/www.article-marketing.eu\/comunicatistampa\/ventiquattro-uno-a-monsampolo-del-tronto\/"},"author":{"name":"dariociferri","@id":"https:\/\/www.article-marketing.eu\/comunicatistampa\/#\/schema\/person\/7e31cacfcb859d79d5b89c5ca7a9d3be"},"headline":"Ventiquattro = uno a Monsampolo del Tronto","datePublished":"2019-01-21T11:16:52+00:00","mainEntityOfPage":{"@id":"https:\/\/www.article-marketing.eu\/comunicatistampa\/ventiquattro-uno-a-monsampolo-del-tronto\/"},"wordCount":1054,"commentCount":0,"image":{"@id":"https:\/\/www.article-marketing.eu\/comunicatistampa\/ventiquattro-uno-a-monsampolo-del-tronto\/#primaryimage"},"thumbnailUrl":"https:\/\/2.bp.blogspot.com\/-louKXrWePVw\/XDpJp5aYMkI\/AAAAAAAACkc\/fYSrU6UDSA4Nwcmjbd_xVtiVDEnBsgC_gCLcBGAs\/s400\/WhatsApp%2BImage%2B2019-01-11%2Bat%2B23.28.21.jpeg","keywords":["Arte","monsampolo del tronto","mostra"],"articleSection":["Arte e cultura","Comunicati stampa","Eventi"],"inLanguage":"it-IT","potentialAction":[{"@type":"CommentAction","name":"Comment","target":["https:\/\/www.article-marketing.eu\/comunicatistampa\/ventiquattro-uno-a-monsampolo-del-tronto\/#respond"]}]},{"@type":"WebPage","@id":"https:\/\/www.article-marketing.eu\/comunicatistampa\/ventiquattro-uno-a-monsampolo-del-tronto\/","url":"https:\/\/www.article-marketing.eu\/comunicatistampa\/ventiquattro-uno-a-monsampolo-del-tronto\/","name":"Ventiquattro = uno a Monsampolo del Tronto - Article Marketing","isPartOf":{"@id":"https:\/\/www.article-marketing.eu\/comunicatistampa\/#website"},"primaryImageOfPage":{"@id":"https:\/\/www.article-marketing.eu\/comunicatistampa\/ventiquattro-uno-a-monsampolo-del-tronto\/#primaryimage"},"image":{"@id":"https:\/\/www.article-marketing.eu\/comunicatistampa\/ventiquattro-uno-a-monsampolo-del-tronto\/#primaryimage"},"thumbnailUrl":"https:\/\/2.bp.blogspot.com\/-louKXrWePVw\/XDpJp5aYMkI\/AAAAAAAACkc\/fYSrU6UDSA4Nwcmjbd_xVtiVDEnBsgC_gCLcBGAs\/s400\/WhatsApp%2BImage%2B2019-01-11%2Bat%2B23.28.21.jpeg","datePublished":"2019-01-21T11:16:52+00:00","author":{"@id":"https:\/\/www.article-marketing.eu\/comunicatistampa\/#\/schema\/person\/7e31cacfcb859d79d5b89c5ca7a9d3be"},"breadcrumb":{"@id":"https:\/\/www.article-marketing.eu\/comunicatistampa\/ventiquattro-uno-a-monsampolo-del-tronto\/#breadcrumb"},"inLanguage":"it-IT","potentialAction":[{"@type":"ReadAction","target":["https:\/\/www.article-marketing.eu\/comunicatistampa\/ventiquattro-uno-a-monsampolo-del-tronto\/"]}]},{"@type":"ImageObject","inLanguage":"it-IT","@id":"https:\/\/www.article-marketing.eu\/comunicatistampa\/ventiquattro-uno-a-monsampolo-del-tronto\/#primaryimage","url":"https:\/\/2.bp.blogspot.com\/-louKXrWePVw\/XDpJp5aYMkI\/AAAAAAAACkc\/fYSrU6UDSA4Nwcmjbd_xVtiVDEnBsgC_gCLcBGAs\/s400\/WhatsApp%2BImage%2B2019-01-11%2Bat%2B23.28.21.jpeg","contentUrl":"https:\/\/2.bp.blogspot.com\/-louKXrWePVw\/XDpJp5aYMkI\/AAAAAAAACkc\/fYSrU6UDSA4Nwcmjbd_xVtiVDEnBsgC_gCLcBGAs\/s400\/WhatsApp%2BImage%2B2019-01-11%2Bat%2B23.28.21.jpeg"},{"@type":"BreadcrumbList","@id":"https:\/\/www.article-marketing.eu\/comunicatistampa\/ventiquattro-uno-a-monsampolo-del-tronto\/#breadcrumb","itemListElement":[{"@type":"ListItem","position":1,"name":"Home","item":"https:\/\/www.article-marketing.eu\/comunicatistampa\/"},{"@type":"ListItem","position":2,"name":"Ventiquattro = uno a Monsampolo del Tronto"}]},{"@type":"WebSite","@id":"https:\/\/www.article-marketing.eu\/comunicatistampa\/#website","url":"https:\/\/www.article-marketing.eu\/comunicatistampa\/","name":"Article Marketing","description":"article marketing &amp; press release","potentialAction":[{"@type":"SearchAction","target":{"@type":"EntryPoint","urlTemplate":"https:\/\/www.article-marketing.eu\/comunicatistampa\/?s={search_term_string}"},"query-input":{"@type":"PropertyValueSpecification","valueRequired":true,"valueName":"search_term_string"}}],"inLanguage":"it-IT"},{"@type":"Person","@id":"https:\/\/www.article-marketing.eu\/comunicatistampa\/#\/schema\/person\/7e31cacfcb859d79d5b89c5ca7a9d3be","name":"dariociferri","image":{"@type":"ImageObject","inLanguage":"it-IT","@id":"https:\/\/secure.gravatar.com\/avatar\/6d67194bfa09452298793ad2f9a24592bd367814b34116ffa1c6bc0aad8057d6?s=96&d=mm&r=g","url":"https:\/\/secure.gravatar.com\/avatar\/6d67194bfa09452298793ad2f9a24592bd367814b34116ffa1c6bc0aad8057d6?s=96&d=mm&r=g","contentUrl":"https:\/\/secure.gravatar.com\/avatar\/6d67194bfa09452298793ad2f9a24592bd367814b34116ffa1c6bc0aad8057d6?s=96&d=mm&r=g","caption":"dariociferri"},"url":"https:\/\/www.article-marketing.eu\/comunicatistampa\/author\/dariociferri\/"}]}},"_links":{"self":[{"href":"https:\/\/www.article-marketing.eu\/comunicatistampa\/wp-json\/wp\/v2\/posts\/12675","targetHints":{"allow":["GET"]}}],"collection":[{"href":"https:\/\/www.article-marketing.eu\/comunicatistampa\/wp-json\/wp\/v2\/posts"}],"about":[{"href":"https:\/\/www.article-marketing.eu\/comunicatistampa\/wp-json\/wp\/v2\/types\/post"}],"author":[{"embeddable":true,"href":"https:\/\/www.article-marketing.eu\/comunicatistampa\/wp-json\/wp\/v2\/users\/237"}],"replies":[{"embeddable":true,"href":"https:\/\/www.article-marketing.eu\/comunicatistampa\/wp-json\/wp\/v2\/comments?post=12675"}],"version-history":[{"count":2,"href":"https:\/\/www.article-marketing.eu\/comunicatistampa\/wp-json\/wp\/v2\/posts\/12675\/revisions"}],"predecessor-version":[{"id":12729,"href":"https:\/\/www.article-marketing.eu\/comunicatistampa\/wp-json\/wp\/v2\/posts\/12675\/revisions\/12729"}],"wp:attachment":[{"href":"https:\/\/www.article-marketing.eu\/comunicatistampa\/wp-json\/wp\/v2\/media?parent=12675"}],"wp:term":[{"taxonomy":"category","embeddable":true,"href":"https:\/\/www.article-marketing.eu\/comunicatistampa\/wp-json\/wp\/v2\/categories?post=12675"},{"taxonomy":"post_tag","embeddable":true,"href":"https:\/\/www.article-marketing.eu\/comunicatistampa\/wp-json\/wp\/v2\/tags?post=12675"}],"curies":[{"name":"wp","href":"https:\/\/api.w.org\/{rel}","templated":true}]}}