{"id":12754,"date":"2019-01-23T11:27:38","date_gmt":"2019-01-23T10:27:38","guid":{"rendered":"http:\/\/www.article-marketing.eu\/comunicatistampa\/?p=12754"},"modified":"2019-01-23T11:27:38","modified_gmt":"2019-01-23T10:27:38","slug":"ai-vertici-della-sommellerie-italiana-con-aspi","status":"publish","type":"post","link":"https:\/\/www.article-marketing.eu\/comunicatistampa\/ai-vertici-della-sommellerie-italiana-con-aspi\/","title":{"rendered":"Ai vertici della sommellerie italiana con ASPI"},"content":{"rendered":"<p align=\"JUSTIFY\"><span style=\"font-family: Calibri Light, sans-serif;\">Vino, birra, distillati, liquori, acque minerali, birre, t\u00e8, caff\u00e8, sak\u00e8, infusi: \u00e8 decisamente vasto e variegato il mondo delle bevande che i migliori sommelier sono tenuti a conoscere per saper rispondere adeguatamente alle richieste di una clientela sempre pi\u00f9 esigente e cosmopolita. Clientela che v\u00e0 anche saputa accogliere, consigliare, intrattenere, con un servizio impeccabile e un preciso racconto del cibo e delle bevande.<\/span><\/p>\n<p align=\"JUSTIFY\"><span style=\"font-family: Calibri Light, sans-serif;\">Per questo <\/span><span style=\"font-family: Calibri Light, sans-serif;\"><b>ASPI \u2013 Associazione della Sommellerie Professionale Italiana<\/b><\/span><span style=\"font-family: Calibri Light, sans-serif;\"> mette a disposizione i suoi migliori esperti per <\/span><span style=\"font-family: Calibri Light, sans-serif;\"><b>accompagnare sommelier e futuri sommelier all\u2019esame internazionale ASI e a quello di abilitazione a sommelier<\/b><\/span><span style=\"font-family: Calibri Light, sans-serif;\"> che si svolgeranno il prossimo <\/span><span style=\"font-family: Calibri Light, sans-serif;\"><b>4 marzo a Milano<\/b><\/span><span style=\"font-family: Calibri Light, sans-serif;\">.<\/span><\/p>\n<p align=\"JUSTIFY\"><span style=\"font-family: Calibri Light, sans-serif;\">Considerata la vastit\u00e0 e la complessit\u00e0 delle competenze richieste a un professionista di alto profilo, ASPI ha infatti studiato un preciso iter formativo articolato in tre step: i <\/span><span style=\"font-family: Calibri Light, sans-serif;\"><b>corsi propedeutici di I e II livello<\/b><\/span><span style=\"font-family: Calibri Light, sans-serif;\"> consentono il conseguimento della qualifica di <\/span><span style=\"font-family: Calibri Light, sans-serif;\"><b>mastro coppiere<\/b><\/span><span style=\"font-family: Calibri Light, sans-serif;\">, mentre un <\/span><span style=\"font-family: Calibri Light, sans-serif;\"><b>percorso di tutorato<\/b><\/span><span style=\"font-family: Calibri Light, sans-serif;\"> completa la formazione tramite l\u2019affiancamento nella preparazione al difficile esame di abilitazione a sommelier. In particolare, la formazione \u201ctutoring\u201d prevede che il candidato sia seguito da un tutor, sommelier di comprovata esperienza, che ne valuta il livello di partenza ed elabora di conseguenza un <\/span><span style=\"font-family: Calibri Light, sans-serif;\"><b>piano di studio teorico e pratico ad hoc<\/b><\/span><span style=\"font-family: Calibri Light, sans-serif;\">, con incontri periodici per verificare i progressi maturati. Al termine del percorso di tutorato, di solito della durata di almeno un anno, e solo previo consenso del proprio tutor, il corsista potr\u00e0 presentare domanda per sostenere l\u2019<\/span><span style=\"font-family: Calibri Light, sans-serif;\"><b>Esame di Abilitazione a Sommelier<\/b><\/span><span style=\"font-family: Calibri Light, sans-serif;\">.<\/span><\/p>\n<p align=\"JUSTIFY\"><span style=\"font-family: Calibri Light, sans-serif;\">Tale esame si svolge annualmente in concomitanza con l\u2019<\/span><span style=\"font-family: Calibri Light, sans-serif;\"><b>esame internazionale per Sommelier ASI \u2013 Association de la Sommellerie Internationale, <\/b><\/span><span style=\"color: #000000;\"><span style=\"font-family: Calibri Light, sans-serif;\"><b>ideato dal presidente di ASPI Giuseppe Vaccarini<\/b><\/span><\/span><span style=\"color: #000000;\"><span style=\"font-family: Calibri Light, sans-serif;\"> nel 2012 con l\u2019intento di certificare la base delle specifiche <\/span><\/span><span style=\"color: #000000;\"><span style=\"font-family: Calibri Light, sans-serif;\"><b>conoscenze e l\u2019eccellenza nella professione<\/b><\/span><\/span><span style=\"font-family: Calibri Light, sans-serif;\"> ai sommelier di tutto il mondo. Un esame, teorico e pratico, cui lo scorso anno hanno partecipato sommelier di 11 Paesi, con l\u2019assegnazione, da parte di una commissione internazionale, di 23 diplomi ASI \u201coro\u201d e 34 diplomi \u201cargento\u201d. Vista la complessit\u00e0 della prova, infatti, dal 2019 verr\u00e0 introdotto, oltre ai due citati livelli, un terzo con il \u201cbronzo\u201d, per i sommelier che hanno poca dimestichezza con le lingue straniere. In sintesi, una certificazione la cui autorevolezza \u00e8 cresciuta negli anni!<\/span><\/p>\n<p align=\"JUSTIFY\"><span style=\"font-family: Calibri Light, sans-serif;\">\u00ab<\/span><span style=\"color: #000000;\"><span style=\"font-family: Calibri Light, sans-serif;\"><span style=\"font-size: small;\"><i>I<\/i><\/span><\/span><\/span><span style=\"font-family: Calibri Light, sans-serif;\"><i>l diploma A.S.I. \u00e8 l\u2019unica certificazione internazionale rilasciata dall\u2019associazione che dal 1969 rappresenta e promuove la professione del sommelier nel mondo a garanzia dell\u2019altissimo livello di professionalit\u00e0 raggiunto dai suoi membri<\/i><\/span><span style=\"font-family: Calibri Light, sans-serif;\"> \u2013 spiega il <\/span><span style=\"font-family: Calibri Light, sans-serif;\"><b>presidente ASPI Giuseppe Vaccarini<\/b><\/span><span style=\"font-family: Calibri Light, sans-serif;\">. \u2013 <\/span><span style=\"font-family: Calibri Light, sans-serif;\"><i>ASPI, unica realt\u00e0 italiana membro di A.S.I., fin dalla sua fondazione lavora per offrire opportunit\u00e0 di crescita ed affermazione ai Sommelier e perch\u00e9 il loro ruolo sia riconosciuto e valorizzato tanto nel nostro Belpaese quanto nel mondo<\/i><\/span><span style=\"font-family: Calibri Light, sans-serif;\">\u00bb.<\/span><\/p>\n<p align=\"JUSTIFY\"><span style=\"font-family: Calibri Light, sans-serif;\">E il supporto di ASPI non viene a mancare nemmeno ai sommelier che intendono iscriversi all&#8217;Esame per la Certificazione internazionale di ASI, per i quali organizza, <\/span><span style=\"font-family: Calibri Light, sans-serif;\"><b>a titolo gratuito<\/b><\/span><span style=\"font-family: Calibri Light, sans-serif;\">, un <\/span><span style=\"font-family: Calibri Light, sans-serif;\"><b>seminario di preparazione<\/b><\/span><span style=\"font-family: Calibri Light, sans-serif;\">, che si terr\u00e0 <\/span><span style=\"font-family: Calibri Light, sans-serif;\"><b>a Milano il prossimo 27 febbraio 2019<\/b><\/span><span style=\"font-family: Calibri Light, sans-serif;\">, dalle ore 14.00 alle ore 18.00. Gli interessati potranno inviare <\/span><span style=\"font-family: Calibri Light, sans-serif;\"><b>richiesta di partecipazione entro il 28 gennaio<\/b><\/span> <span style=\"font-family: Calibri Light, sans-serif;\"><b>2019 <\/b><\/span><span style=\"font-family: Calibri Light, sans-serif;\">scrivendo a <\/span><span style=\"color: #000080;\"><span lang=\"zxx\"><u><span style=\"font-family: Calibri Light, sans-serif;\">info@aspi.it<\/span><\/u><\/span><\/span><span style=\"font-family: Calibri Light, sans-serif;\">.<\/span><\/p>\n<p align=\"JUSTIFY\"><span style=\"font-family: Calibri Light, sans-serif;\">Per maggiori informazioni sulla formazione ASPI \u00e8 possibile consultare la pagina dedicata del sito aspi.it: <\/span><span style=\"font-family: Calibri Light, sans-serif;\"><u><a href=\"http:\/\/www.aspi.it\/corsi-aspi\/percorso-tutorato\" target=\"_blank\" rel=\"noopener\">http:\/\/www.aspi.it\/corsi-aspi\/percorso-tutorato<\/a>\u00a0<\/u><\/span><\/p>\n<p>&nbsp;<\/p>\n<p align=\"JUSTIFY\"><a name=\"_Hlk535429940\"><\/a><a name=\"_Hlk535431199\"><\/a> <span style=\"color: #000000;\"><span style=\"font-family: Calibri Light, sans-serif;\"><span style=\"font-size: small;\"><b>ASPI &#8211; Associazione della Sommellerie Professionale Italiana<\/b><\/span><\/span><\/span><span style=\"color: #000000;\"><span style=\"font-family: Calibri Light, sans-serif;\"><span style=\"font-size: small;\">. Si propone come punto di riferimento per la Sommellerie professionale, con l&#8217;obiettivo di offrire opportunit\u00e0 di crescita ed affermazione ai Sommelier. Dal 2007, anno della sua nascita, \u00e8 il solo membro per l&#8217;Italia dell&#8217;Association de la Sommellerie Internationale, ASI. I principali obiettivi di ASPI sono la formazione, a livello professionale, e la diffusione della cultura sul mondo del cibo e delle bevande. ASPI \u00e8 presente, sul territorio nazionale, con corsi ed attivit\u00e0.<\/span><\/span><\/span><\/p>\n<p>&nbsp;<\/p>\n","protected":false},"excerpt":{"rendered":"<p>Vino, birra, distillati, liquori, acque minerali, birre, t\u00e8, caff\u00e8, sak\u00e8, infusi: \u00e8 decisamente vasto e variegato il mondo delle bevande che i migliori sommelier sono tenuti a conoscere per saper rispondere adeguatamente alle richieste di una clientela sempre pi\u00f9 esigente e cosmopolita. Clientela che v\u00e0 anche saputa accogliere, consigliare, intrattenere, con un servizio impeccabile e un preciso racconto del cibo e delle bevande. Per questo ASPI \u2013 Associazione della Sommellerie<\/p>\n<p><a class=\"continue-reading\" href=\"https:\/\/www.article-marketing.eu\/comunicatistampa\/ai-vertici-della-sommellerie-italiana-con-aspi\/\">Continue reading&#8230;<\/a><\/p>\n","protected":false},"author":1855,"featured_media":0,"comment_status":"open","ping_status":"open","sticky":false,"template":"","format":"standard","meta":{"_monsterinsights_skip_tracking":false,"_monsterinsights_sitenote_active":false,"_monsterinsights_sitenote_note":"","_monsterinsights_sitenote_category":0,"footnotes":""},"categories":[379,378],"tags":[5144,5101,5143,5145,1016,4753,36],"class_list":["post-12754","post","type-post","status-publish","format-standard","hentry","category-corsi","category-istruzione","tag-abilitazioneasi","tag-aspi","tag-sommellerie","tag-tutoring","tag-corsi","tag-esame","tag-milano"],"yoast_head":"<!-- This site is optimized with the Yoast SEO plugin v27.3 - https:\/\/yoast.com\/product\/yoast-seo-wordpress\/ -->\n<title>Ai vertici della sommellerie italiana con ASPI - Article Marketing<\/title>\n<meta name=\"robots\" content=\"index, follow, max-snippet:-1, max-image-preview:large, max-video-preview:-1\" \/>\n<link rel=\"canonical\" href=\"https:\/\/www.article-marketing.eu\/comunicatistampa\/ai-vertici-della-sommellerie-italiana-con-aspi\/\" \/>\n<meta property=\"og:locale\" content=\"it_IT\" \/>\n<meta property=\"og:type\" content=\"article\" \/>\n<meta property=\"og:title\" content=\"Ai vertici della sommellerie italiana con ASPI - Article Marketing\" \/>\n<meta property=\"og:description\" content=\"Vino, birra, distillati, liquori, acque minerali, birre, t\u00e8, caff\u00e8, sak\u00e8, infusi: \u00e8 decisamente vasto e variegato il mondo delle bevande che i migliori sommelier sono tenuti a conoscere per saper rispondere adeguatamente alle richieste di una clientela sempre pi\u00f9 esigente e cosmopolita. Clientela che v\u00e0 anche saputa accogliere, consigliare, intrattenere, con un servizio impeccabile e un preciso racconto del cibo e delle bevande. Per questo ASPI \u2013 Associazione della SommellerieContinue reading...\" \/>\n<meta property=\"og:url\" content=\"https:\/\/www.article-marketing.eu\/comunicatistampa\/ai-vertici-della-sommellerie-italiana-con-aspi\/\" \/>\n<meta property=\"og:site_name\" content=\"Article Marketing\" \/>\n<meta property=\"article:published_time\" content=\"2019-01-23T10:27:38+00:00\" \/>\n<meta name=\"author\" content=\"Redaclem\" \/>\n<meta name=\"twitter:card\" content=\"summary_large_image\" \/>\n<meta name=\"twitter:label1\" content=\"Scritto da\" \/>\n\t<meta name=\"twitter:data1\" content=\"Redaclem\" \/>\n\t<meta name=\"twitter:label2\" content=\"Tempo di lettura stimato\" \/>\n\t<meta name=\"twitter:data2\" content=\"3 minuti\" \/>\n<script type=\"application\/ld+json\" class=\"yoast-schema-graph\">{\"@context\":\"https:\\\/\\\/schema.org\",\"@graph\":[{\"@type\":\"Article\",\"@id\":\"https:\\\/\\\/www.article-marketing.eu\\\/comunicatistampa\\\/ai-vertici-della-sommellerie-italiana-con-aspi\\\/#article\",\"isPartOf\":{\"@id\":\"https:\\\/\\\/www.article-marketing.eu\\\/comunicatistampa\\\/ai-vertici-della-sommellerie-italiana-con-aspi\\\/\"},\"author\":{\"name\":\"Redaclem\",\"@id\":\"https:\\\/\\\/www.article-marketing.eu\\\/comunicatistampa\\\/#\\\/schema\\\/person\\\/c0aa725eee5df8460e0adf901fde0c88\"},\"headline\":\"Ai vertici della sommellerie italiana con ASPI\",\"datePublished\":\"2019-01-23T10:27:38+00:00\",\"mainEntityOfPage\":{\"@id\":\"https:\\\/\\\/www.article-marketing.eu\\\/comunicatistampa\\\/ai-vertici-della-sommellerie-italiana-con-aspi\\\/\"},\"wordCount\":609,\"commentCount\":0,\"keywords\":[\"#abilitazioneasi\",\"#aspi\",\"#sommellerie\",\"#tutoring\",\"corsi\",\"esame\",\"Milano\"],\"articleSection\":[\"Corsi\",\"Istruzione\"],\"inLanguage\":\"it-IT\",\"potentialAction\":[{\"@type\":\"CommentAction\",\"name\":\"Comment\",\"target\":[\"https:\\\/\\\/www.article-marketing.eu\\\/comunicatistampa\\\/ai-vertici-della-sommellerie-italiana-con-aspi\\\/#respond\"]}]},{\"@type\":\"WebPage\",\"@id\":\"https:\\\/\\\/www.article-marketing.eu\\\/comunicatistampa\\\/ai-vertici-della-sommellerie-italiana-con-aspi\\\/\",\"url\":\"https:\\\/\\\/www.article-marketing.eu\\\/comunicatistampa\\\/ai-vertici-della-sommellerie-italiana-con-aspi\\\/\",\"name\":\"Ai vertici della sommellerie italiana con ASPI - Article Marketing\",\"isPartOf\":{\"@id\":\"https:\\\/\\\/www.article-marketing.eu\\\/comunicatistampa\\\/#website\"},\"datePublished\":\"2019-01-23T10:27:38+00:00\",\"author\":{\"@id\":\"https:\\\/\\\/www.article-marketing.eu\\\/comunicatistampa\\\/#\\\/schema\\\/person\\\/c0aa725eee5df8460e0adf901fde0c88\"},\"breadcrumb\":{\"@id\":\"https:\\\/\\\/www.article-marketing.eu\\\/comunicatistampa\\\/ai-vertici-della-sommellerie-italiana-con-aspi\\\/#breadcrumb\"},\"inLanguage\":\"it-IT\",\"potentialAction\":[{\"@type\":\"ReadAction\",\"target\":[\"https:\\\/\\\/www.article-marketing.eu\\\/comunicatistampa\\\/ai-vertici-della-sommellerie-italiana-con-aspi\\\/\"]}]},{\"@type\":\"BreadcrumbList\",\"@id\":\"https:\\\/\\\/www.article-marketing.eu\\\/comunicatistampa\\\/ai-vertici-della-sommellerie-italiana-con-aspi\\\/#breadcrumb\",\"itemListElement\":[{\"@type\":\"ListItem\",\"position\":1,\"name\":\"Home\",\"item\":\"https:\\\/\\\/www.article-marketing.eu\\\/comunicatistampa\\\/\"},{\"@type\":\"ListItem\",\"position\":2,\"name\":\"Ai vertici della sommellerie italiana con ASPI\"}]},{\"@type\":\"WebSite\",\"@id\":\"https:\\\/\\\/www.article-marketing.eu\\\/comunicatistampa\\\/#website\",\"url\":\"https:\\\/\\\/www.article-marketing.eu\\\/comunicatistampa\\\/\",\"name\":\"Article Marketing\",\"description\":\"article marketing &amp; press release\",\"potentialAction\":[{\"@type\":\"SearchAction\",\"target\":{\"@type\":\"EntryPoint\",\"urlTemplate\":\"https:\\\/\\\/www.article-marketing.eu\\\/comunicatistampa\\\/?s={search_term_string}\"},\"query-input\":{\"@type\":\"PropertyValueSpecification\",\"valueRequired\":true,\"valueName\":\"search_term_string\"}}],\"inLanguage\":\"it-IT\"},{\"@type\":\"Person\",\"@id\":\"https:\\\/\\\/www.article-marketing.eu\\\/comunicatistampa\\\/#\\\/schema\\\/person\\\/c0aa725eee5df8460e0adf901fde0c88\",\"name\":\"Redaclem\",\"image\":{\"@type\":\"ImageObject\",\"inLanguage\":\"it-IT\",\"@id\":\"https:\\\/\\\/secure.gravatar.com\\\/avatar\\\/4c7e41f332a0583344a91d7d39723533da9b2d0df7737c2d8c69553168c2191e?s=96&d=mm&r=g\",\"url\":\"https:\\\/\\\/secure.gravatar.com\\\/avatar\\\/4c7e41f332a0583344a91d7d39723533da9b2d0df7737c2d8c69553168c2191e?s=96&d=mm&r=g\",\"contentUrl\":\"https:\\\/\\\/secure.gravatar.com\\\/avatar\\\/4c7e41f332a0583344a91d7d39723533da9b2d0df7737c2d8c69553168c2191e?s=96&d=mm&r=g\",\"caption\":\"Redaclem\"},\"url\":\"https:\\\/\\\/www.article-marketing.eu\\\/comunicatistampa\\\/author\\\/redaclem\\\/\"}]}<\/script>\n<!-- \/ Yoast SEO plugin. -->","yoast_head_json":{"title":"Ai vertici della sommellerie italiana con ASPI - Article Marketing","robots":{"index":"index","follow":"follow","max-snippet":"max-snippet:-1","max-image-preview":"max-image-preview:large","max-video-preview":"max-video-preview:-1"},"canonical":"https:\/\/www.article-marketing.eu\/comunicatistampa\/ai-vertici-della-sommellerie-italiana-con-aspi\/","og_locale":"it_IT","og_type":"article","og_title":"Ai vertici della sommellerie italiana con ASPI - Article Marketing","og_description":"Vino, birra, distillati, liquori, acque minerali, birre, t\u00e8, caff\u00e8, sak\u00e8, infusi: \u00e8 decisamente vasto e variegato il mondo delle bevande che i migliori sommelier sono tenuti a conoscere per saper rispondere adeguatamente alle richieste di una clientela sempre pi\u00f9 esigente e cosmopolita. Clientela che v\u00e0 anche saputa accogliere, consigliare, intrattenere, con un servizio impeccabile e un preciso racconto del cibo e delle bevande. Per questo ASPI \u2013 Associazione della SommellerieContinue reading...","og_url":"https:\/\/www.article-marketing.eu\/comunicatistampa\/ai-vertici-della-sommellerie-italiana-con-aspi\/","og_site_name":"Article Marketing","article_published_time":"2019-01-23T10:27:38+00:00","author":"Redaclem","twitter_card":"summary_large_image","twitter_misc":{"Scritto da":"Redaclem","Tempo di lettura stimato":"3 minuti"},"schema":{"@context":"https:\/\/schema.org","@graph":[{"@type":"Article","@id":"https:\/\/www.article-marketing.eu\/comunicatistampa\/ai-vertici-della-sommellerie-italiana-con-aspi\/#article","isPartOf":{"@id":"https:\/\/www.article-marketing.eu\/comunicatistampa\/ai-vertici-della-sommellerie-italiana-con-aspi\/"},"author":{"name":"Redaclem","@id":"https:\/\/www.article-marketing.eu\/comunicatistampa\/#\/schema\/person\/c0aa725eee5df8460e0adf901fde0c88"},"headline":"Ai vertici della sommellerie italiana con ASPI","datePublished":"2019-01-23T10:27:38+00:00","mainEntityOfPage":{"@id":"https:\/\/www.article-marketing.eu\/comunicatistampa\/ai-vertici-della-sommellerie-italiana-con-aspi\/"},"wordCount":609,"commentCount":0,"keywords":["#abilitazioneasi","#aspi","#sommellerie","#tutoring","corsi","esame","Milano"],"articleSection":["Corsi","Istruzione"],"inLanguage":"it-IT","potentialAction":[{"@type":"CommentAction","name":"Comment","target":["https:\/\/www.article-marketing.eu\/comunicatistampa\/ai-vertici-della-sommellerie-italiana-con-aspi\/#respond"]}]},{"@type":"WebPage","@id":"https:\/\/www.article-marketing.eu\/comunicatistampa\/ai-vertici-della-sommellerie-italiana-con-aspi\/","url":"https:\/\/www.article-marketing.eu\/comunicatistampa\/ai-vertici-della-sommellerie-italiana-con-aspi\/","name":"Ai vertici della sommellerie italiana con ASPI - Article Marketing","isPartOf":{"@id":"https:\/\/www.article-marketing.eu\/comunicatistampa\/#website"},"datePublished":"2019-01-23T10:27:38+00:00","author":{"@id":"https:\/\/www.article-marketing.eu\/comunicatistampa\/#\/schema\/person\/c0aa725eee5df8460e0adf901fde0c88"},"breadcrumb":{"@id":"https:\/\/www.article-marketing.eu\/comunicatistampa\/ai-vertici-della-sommellerie-italiana-con-aspi\/#breadcrumb"},"inLanguage":"it-IT","potentialAction":[{"@type":"ReadAction","target":["https:\/\/www.article-marketing.eu\/comunicatistampa\/ai-vertici-della-sommellerie-italiana-con-aspi\/"]}]},{"@type":"BreadcrumbList","@id":"https:\/\/www.article-marketing.eu\/comunicatistampa\/ai-vertici-della-sommellerie-italiana-con-aspi\/#breadcrumb","itemListElement":[{"@type":"ListItem","position":1,"name":"Home","item":"https:\/\/www.article-marketing.eu\/comunicatistampa\/"},{"@type":"ListItem","position":2,"name":"Ai vertici della sommellerie italiana con ASPI"}]},{"@type":"WebSite","@id":"https:\/\/www.article-marketing.eu\/comunicatistampa\/#website","url":"https:\/\/www.article-marketing.eu\/comunicatistampa\/","name":"Article Marketing","description":"article marketing &amp; press release","potentialAction":[{"@type":"SearchAction","target":{"@type":"EntryPoint","urlTemplate":"https:\/\/www.article-marketing.eu\/comunicatistampa\/?s={search_term_string}"},"query-input":{"@type":"PropertyValueSpecification","valueRequired":true,"valueName":"search_term_string"}}],"inLanguage":"it-IT"},{"@type":"Person","@id":"https:\/\/www.article-marketing.eu\/comunicatistampa\/#\/schema\/person\/c0aa725eee5df8460e0adf901fde0c88","name":"Redaclem","image":{"@type":"ImageObject","inLanguage":"it-IT","@id":"https:\/\/secure.gravatar.com\/avatar\/4c7e41f332a0583344a91d7d39723533da9b2d0df7737c2d8c69553168c2191e?s=96&d=mm&r=g","url":"https:\/\/secure.gravatar.com\/avatar\/4c7e41f332a0583344a91d7d39723533da9b2d0df7737c2d8c69553168c2191e?s=96&d=mm&r=g","contentUrl":"https:\/\/secure.gravatar.com\/avatar\/4c7e41f332a0583344a91d7d39723533da9b2d0df7737c2d8c69553168c2191e?s=96&d=mm&r=g","caption":"Redaclem"},"url":"https:\/\/www.article-marketing.eu\/comunicatistampa\/author\/redaclem\/"}]}},"_links":{"self":[{"href":"https:\/\/www.article-marketing.eu\/comunicatistampa\/wp-json\/wp\/v2\/posts\/12754","targetHints":{"allow":["GET"]}}],"collection":[{"href":"https:\/\/www.article-marketing.eu\/comunicatistampa\/wp-json\/wp\/v2\/posts"}],"about":[{"href":"https:\/\/www.article-marketing.eu\/comunicatistampa\/wp-json\/wp\/v2\/types\/post"}],"author":[{"embeddable":true,"href":"https:\/\/www.article-marketing.eu\/comunicatistampa\/wp-json\/wp\/v2\/users\/1855"}],"replies":[{"embeddable":true,"href":"https:\/\/www.article-marketing.eu\/comunicatistampa\/wp-json\/wp\/v2\/comments?post=12754"}],"version-history":[{"count":3,"href":"https:\/\/www.article-marketing.eu\/comunicatistampa\/wp-json\/wp\/v2\/posts\/12754\/revisions"}],"predecessor-version":[{"id":12772,"href":"https:\/\/www.article-marketing.eu\/comunicatistampa\/wp-json\/wp\/v2\/posts\/12754\/revisions\/12772"}],"wp:attachment":[{"href":"https:\/\/www.article-marketing.eu\/comunicatistampa\/wp-json\/wp\/v2\/media?parent=12754"}],"wp:term":[{"taxonomy":"category","embeddable":true,"href":"https:\/\/www.article-marketing.eu\/comunicatistampa\/wp-json\/wp\/v2\/categories?post=12754"},{"taxonomy":"post_tag","embeddable":true,"href":"https:\/\/www.article-marketing.eu\/comunicatistampa\/wp-json\/wp\/v2\/tags?post=12754"}],"curies":[{"name":"wp","href":"https:\/\/api.w.org\/{rel}","templated":true}]}}