{"id":12774,"date":"2019-01-23T12:53:28","date_gmt":"2019-01-23T11:53:28","guid":{"rendered":"http:\/\/www.article-marketing.eu\/comunicatistampa\/?p=12774"},"modified":"2019-01-23T12:53:28","modified_gmt":"2019-01-23T11:53:28","slug":"il-sigep-dal-19-al-23-gennaio-leccellenza-internazionale-in-mostra","status":"publish","type":"post","link":"https:\/\/www.article-marketing.eu\/comunicatistampa\/il-sigep-dal-19-al-23-gennaio-leccellenza-internazionale-in-mostra\/","title":{"rendered":"Il Sigep, dal 19 al 23 gennaio l&#8217;eccellenza internazionale in mostra"},"content":{"rendered":"<p>Giunto alla sua quarantesima edizione, il Sigep \u00e8 ormai un appuntamento immancabile per tutti gli operatori del mondo della gelateria e della pasticceria artigianale.<\/p>\n<p>Dal 19 al 23 gennaio 2019, presso l&#8217;Expo Centre della Fiera di Rimini, il Salone Internazionale della Gelateria, della Pasticceria, del Caff\u00e8, del Cioccolato e della Panificazione espone su 129.000 mq di spazio espositivo la migliore offerta italiana e internazionale di materie prime, tecnologie, attrezzature, arredamento e servizi rivolti a professionisti e aziende.<\/p>\n<p>Oltre che a show, tutorial ed eventi dedicati alla formazione e alla crescita professionale, il Sigep d\u00e0 spazio a tutte le novit\u00e0 e le proposte pi\u00f9 all&#8217;avanguardia riguardanti gli arredi, le apparecchiature, i macchinari, gli impianti, il packaging e i prodotti alimentari.<\/p>\n<p>Gli ampi padiglioni delle cinque filiere rappresentano inoltre una preziosa occasione d&#8217;incontro fra il Made in Italy e i migliori professionisti internazionali, nonch\u00e9 un ottimo canale di comunicazione con il mercato per tutte le aziende del settore.<\/p>\n<p>Ampio spazio viene dedicato alla presentazione dei nuovi format, allo sviluppo del networking globale e alla crescita del business di imprese e professionisti.<\/p>\n<p>E&#8217; inoltre previsto un ricco palinsesto di incontri ed eventi, e precisamente:<\/p>\n<p><strong>&#8211; Sigep International Business, dedicato al business internazionale;<\/strong><\/p>\n<p><strong>&#8211; Sigep Next, volto a valorizzare le innovazioni;<\/strong><\/p>\n<p><strong>&#8211; Sigep Academy, per la formazione professionale;<\/strong><\/p>\n<p><strong>&#8211; Sigep Associations, polo d&#8217;aggregazione di industrie ed artigiani;<\/strong><\/p>\n<p><strong>&#8211; Sigep Corporate Social Responsability, sulla responsabilit\u00e0 sociale d\u2019 impresa;<\/strong><\/p>\n<p><strong>&#8211; Sigep Awards, riservato alle competizioni nazionali ed internazionali.<\/strong><\/p>\n<p>E per chi cerca un allestimento moderno, funzionale ed esteticamente impattante, ecco gli spazi espositivi dedicati all&#8217;arredamento di gelaterie, pasticcerie, panifici artigianali e caffetterie, dove spiccano le soluzioni pi\u00f9 avanzate per ogni esigenza di business e per ogni tipo di locale.<\/p>\n<p>Tutte le informazioni sul Salone sono reperibili sul sito internet ufficiale (https:\/\/www.sigep.it), con la possibilit\u00e0 di acquistare i biglietti direttamente on line.<\/p>\n<h2><a href=\"https:\/\/www.giacon.it\/index.php\/component\/k2\/itemlist\/category\/4\">Ulteriori informazioni &gt;&gt;<\/a><\/h2>\n","protected":false},"excerpt":{"rendered":"<p>Giunto alla sua quarantesima edizione, il Sigep \u00e8 ormai un appuntamento immancabile per tutti gli operatori del mondo della gelateria e della pasticceria artigianale. Dal 19 al 23 gennaio 2019, presso l&#8217;Expo Centre della Fiera di Rimini, il Salone Internazionale della Gelateria, della Pasticceria, del Caff\u00e8, del Cioccolato e della Panificazione espone su 129.000 mq di spazio espositivo la migliore offerta italiana e internazionale di materie prime, tecnologie, attrezzature, arredamento<\/p>\n<p><a class=\"continue-reading\" href=\"https:\/\/www.article-marketing.eu\/comunicatistampa\/il-sigep-dal-19-al-23-gennaio-leccellenza-internazionale-in-mostra\/\">Continue reading&#8230;<\/a><\/p>\n","protected":false},"author":630,"featured_media":0,"comment_status":"open","ping_status":"open","sticky":false,"template":"","format":"standard","meta":{"_monsterinsights_skip_tracking":false,"_monsterinsights_sitenote_active":false,"_monsterinsights_sitenote_note":"","_monsterinsights_sitenote_category":0,"footnotes":""},"categories":[415],"tags":[5146],"class_list":["post-12774","post","type-post","status-publish","format-standard","hentry","category-architecture","tag-sigep"],"yoast_head":"<!-- This site is optimized with the Yoast SEO plugin v27.3 - https:\/\/yoast.com\/product\/yoast-seo-wordpress\/ -->\n<title>Il Sigep, dal 19 al 23 gennaio l&#039;eccellenza internazionale in mostra - Article Marketing<\/title>\n<meta name=\"robots\" content=\"index, follow, max-snippet:-1, max-image-preview:large, max-video-preview:-1\" \/>\n<link rel=\"canonical\" href=\"https:\/\/www.article-marketing.eu\/comunicatistampa\/il-sigep-dal-19-al-23-gennaio-leccellenza-internazionale-in-mostra\/\" \/>\n<meta property=\"og:locale\" content=\"it_IT\" \/>\n<meta property=\"og:type\" content=\"article\" \/>\n<meta property=\"og:title\" content=\"Il Sigep, dal 19 al 23 gennaio l&#039;eccellenza internazionale in mostra\" \/>\n<meta property=\"og:description\" content=\"Giunto alla sua quarantesima edizione, il Sigep \u00e8 ormai un appuntamento immancabile per tutti gli operatori del mondo della gelateria e della pasticceria artigianale.\" \/>\n<meta property=\"og:url\" content=\"https:\/\/www.article-marketing.eu\/comunicatistampa\/il-sigep-dal-19-al-23-gennaio-leccellenza-internazionale-in-mostra\/\" \/>\n<meta property=\"og:site_name\" content=\"Article Marketing\" \/>\n<meta property=\"article:published_time\" content=\"2019-01-23T11:53:28+00:00\" \/>\n<meta name=\"author\" content=\"Giacon\" \/>\n<meta name=\"twitter:card\" content=\"summary_large_image\" \/>\n<meta name=\"twitter:title\" content=\"Il Sigep, dal 19 al 23 gennaio l&#039;eccellenza internazionale in mostra\" \/>\n<meta name=\"twitter:description\" content=\"Giunto alla sua quarantesima edizione, il Sigep \u00e8 ormai un appuntamento immancabile per tutti gli operatori del mondo della gelateria e della pasticceria artigianale.\" \/>\n<meta name=\"twitter:label1\" content=\"Scritto da\" \/>\n\t<meta name=\"twitter:data1\" content=\"Giacon\" \/>\n\t<meta name=\"twitter:label2\" content=\"Tempo di lettura stimato\" \/>\n\t<meta name=\"twitter:data2\" content=\"2 minuti\" \/>\n<script type=\"application\/ld+json\" class=\"yoast-schema-graph\">{\"@context\":\"https:\\\/\\\/schema.org\",\"@graph\":[{\"@type\":\"Article\",\"@id\":\"https:\\\/\\\/www.article-marketing.eu\\\/comunicatistampa\\\/il-sigep-dal-19-al-23-gennaio-leccellenza-internazionale-in-mostra\\\/#article\",\"isPartOf\":{\"@id\":\"https:\\\/\\\/www.article-marketing.eu\\\/comunicatistampa\\\/il-sigep-dal-19-al-23-gennaio-leccellenza-internazionale-in-mostra\\\/\"},\"author\":{\"name\":\"Giacon\",\"@id\":\"https:\\\/\\\/www.article-marketing.eu\\\/comunicatistampa\\\/#\\\/schema\\\/person\\\/1c9ba9803a496cb90989dbc7427c7a24\"},\"headline\":\"Il Sigep, dal 19 al 23 gennaio l&#8217;eccellenza internazionale in mostra\",\"datePublished\":\"2019-01-23T11:53:28+00:00\",\"mainEntityOfPage\":{\"@id\":\"https:\\\/\\\/www.article-marketing.eu\\\/comunicatistampa\\\/il-sigep-dal-19-al-23-gennaio-leccellenza-internazionale-in-mostra\\\/\"},\"wordCount\":316,\"commentCount\":0,\"keywords\":[\"sigep\"],\"articleSection\":[\"Architecture\"],\"inLanguage\":\"it-IT\",\"potentialAction\":[{\"@type\":\"CommentAction\",\"name\":\"Comment\",\"target\":[\"https:\\\/\\\/www.article-marketing.eu\\\/comunicatistampa\\\/il-sigep-dal-19-al-23-gennaio-leccellenza-internazionale-in-mostra\\\/#respond\"]}]},{\"@type\":\"WebPage\",\"@id\":\"https:\\\/\\\/www.article-marketing.eu\\\/comunicatistampa\\\/il-sigep-dal-19-al-23-gennaio-leccellenza-internazionale-in-mostra\\\/\",\"url\":\"https:\\\/\\\/www.article-marketing.eu\\\/comunicatistampa\\\/il-sigep-dal-19-al-23-gennaio-leccellenza-internazionale-in-mostra\\\/\",\"name\":\"Il Sigep, dal 19 al 23 gennaio l'eccellenza internazionale in mostra - Article Marketing\",\"isPartOf\":{\"@id\":\"https:\\\/\\\/www.article-marketing.eu\\\/comunicatistampa\\\/#website\"},\"datePublished\":\"2019-01-23T11:53:28+00:00\",\"author\":{\"@id\":\"https:\\\/\\\/www.article-marketing.eu\\\/comunicatistampa\\\/#\\\/schema\\\/person\\\/1c9ba9803a496cb90989dbc7427c7a24\"},\"breadcrumb\":{\"@id\":\"https:\\\/\\\/www.article-marketing.eu\\\/comunicatistampa\\\/il-sigep-dal-19-al-23-gennaio-leccellenza-internazionale-in-mostra\\\/#breadcrumb\"},\"inLanguage\":\"it-IT\",\"potentialAction\":[{\"@type\":\"ReadAction\",\"target\":[\"https:\\\/\\\/www.article-marketing.eu\\\/comunicatistampa\\\/il-sigep-dal-19-al-23-gennaio-leccellenza-internazionale-in-mostra\\\/\"]}]},{\"@type\":\"BreadcrumbList\",\"@id\":\"https:\\\/\\\/www.article-marketing.eu\\\/comunicatistampa\\\/il-sigep-dal-19-al-23-gennaio-leccellenza-internazionale-in-mostra\\\/#breadcrumb\",\"itemListElement\":[{\"@type\":\"ListItem\",\"position\":1,\"name\":\"Home\",\"item\":\"https:\\\/\\\/www.article-marketing.eu\\\/comunicatistampa\\\/\"},{\"@type\":\"ListItem\",\"position\":2,\"name\":\"Il Sigep, dal 19 al 23 gennaio l&#8217;eccellenza internazionale in mostra\"}]},{\"@type\":\"WebSite\",\"@id\":\"https:\\\/\\\/www.article-marketing.eu\\\/comunicatistampa\\\/#website\",\"url\":\"https:\\\/\\\/www.article-marketing.eu\\\/comunicatistampa\\\/\",\"name\":\"Article Marketing\",\"description\":\"article marketing &amp; press release\",\"potentialAction\":[{\"@type\":\"SearchAction\",\"target\":{\"@type\":\"EntryPoint\",\"urlTemplate\":\"https:\\\/\\\/www.article-marketing.eu\\\/comunicatistampa\\\/?s={search_term_string}\"},\"query-input\":{\"@type\":\"PropertyValueSpecification\",\"valueRequired\":true,\"valueName\":\"search_term_string\"}}],\"inLanguage\":\"it-IT\"},{\"@type\":\"Person\",\"@id\":\"https:\\\/\\\/www.article-marketing.eu\\\/comunicatistampa\\\/#\\\/schema\\\/person\\\/1c9ba9803a496cb90989dbc7427c7a24\",\"name\":\"Giacon\",\"image\":{\"@type\":\"ImageObject\",\"inLanguage\":\"it-IT\",\"@id\":\"https:\\\/\\\/secure.gravatar.com\\\/avatar\\\/4b95d8bc79e8d6ba5087b4fd89e93c2e39125c7215386a08b7f29978b32914c5?s=96&d=mm&r=g\",\"url\":\"https:\\\/\\\/secure.gravatar.com\\\/avatar\\\/4b95d8bc79e8d6ba5087b4fd89e93c2e39125c7215386a08b7f29978b32914c5?s=96&d=mm&r=g\",\"contentUrl\":\"https:\\\/\\\/secure.gravatar.com\\\/avatar\\\/4b95d8bc79e8d6ba5087b4fd89e93c2e39125c7215386a08b7f29978b32914c5?s=96&d=mm&r=g\",\"caption\":\"Giacon\"},\"url\":\"https:\\\/\\\/www.article-marketing.eu\\\/comunicatistampa\\\/author\\\/giacon\\\/\"}]}<\/script>\n<!-- \/ Yoast SEO plugin. -->","yoast_head_json":{"title":"Il Sigep, dal 19 al 23 gennaio l'eccellenza internazionale in mostra - Article Marketing","robots":{"index":"index","follow":"follow","max-snippet":"max-snippet:-1","max-image-preview":"max-image-preview:large","max-video-preview":"max-video-preview:-1"},"canonical":"https:\/\/www.article-marketing.eu\/comunicatistampa\/il-sigep-dal-19-al-23-gennaio-leccellenza-internazionale-in-mostra\/","og_locale":"it_IT","og_type":"article","og_title":"Il Sigep, dal 19 al 23 gennaio l'eccellenza internazionale in mostra","og_description":"Giunto alla sua quarantesima edizione, il Sigep \u00e8 ormai un appuntamento immancabile per tutti gli operatori del mondo della gelateria e della pasticceria artigianale.","og_url":"https:\/\/www.article-marketing.eu\/comunicatistampa\/il-sigep-dal-19-al-23-gennaio-leccellenza-internazionale-in-mostra\/","og_site_name":"Article Marketing","article_published_time":"2019-01-23T11:53:28+00:00","author":"Giacon","twitter_card":"summary_large_image","twitter_title":"Il Sigep, dal 19 al 23 gennaio l'eccellenza internazionale in mostra","twitter_description":"Giunto alla sua quarantesima edizione, il Sigep \u00e8 ormai un appuntamento immancabile per tutti gli operatori del mondo della gelateria e della pasticceria artigianale.","twitter_misc":{"Scritto da":"Giacon","Tempo di lettura stimato":"2 minuti"},"schema":{"@context":"https:\/\/schema.org","@graph":[{"@type":"Article","@id":"https:\/\/www.article-marketing.eu\/comunicatistampa\/il-sigep-dal-19-al-23-gennaio-leccellenza-internazionale-in-mostra\/#article","isPartOf":{"@id":"https:\/\/www.article-marketing.eu\/comunicatistampa\/il-sigep-dal-19-al-23-gennaio-leccellenza-internazionale-in-mostra\/"},"author":{"name":"Giacon","@id":"https:\/\/www.article-marketing.eu\/comunicatistampa\/#\/schema\/person\/1c9ba9803a496cb90989dbc7427c7a24"},"headline":"Il Sigep, dal 19 al 23 gennaio l&#8217;eccellenza internazionale in mostra","datePublished":"2019-01-23T11:53:28+00:00","mainEntityOfPage":{"@id":"https:\/\/www.article-marketing.eu\/comunicatistampa\/il-sigep-dal-19-al-23-gennaio-leccellenza-internazionale-in-mostra\/"},"wordCount":316,"commentCount":0,"keywords":["sigep"],"articleSection":["Architecture"],"inLanguage":"it-IT","potentialAction":[{"@type":"CommentAction","name":"Comment","target":["https:\/\/www.article-marketing.eu\/comunicatistampa\/il-sigep-dal-19-al-23-gennaio-leccellenza-internazionale-in-mostra\/#respond"]}]},{"@type":"WebPage","@id":"https:\/\/www.article-marketing.eu\/comunicatistampa\/il-sigep-dal-19-al-23-gennaio-leccellenza-internazionale-in-mostra\/","url":"https:\/\/www.article-marketing.eu\/comunicatistampa\/il-sigep-dal-19-al-23-gennaio-leccellenza-internazionale-in-mostra\/","name":"Il Sigep, dal 19 al 23 gennaio l'eccellenza internazionale in mostra - Article Marketing","isPartOf":{"@id":"https:\/\/www.article-marketing.eu\/comunicatistampa\/#website"},"datePublished":"2019-01-23T11:53:28+00:00","author":{"@id":"https:\/\/www.article-marketing.eu\/comunicatistampa\/#\/schema\/person\/1c9ba9803a496cb90989dbc7427c7a24"},"breadcrumb":{"@id":"https:\/\/www.article-marketing.eu\/comunicatistampa\/il-sigep-dal-19-al-23-gennaio-leccellenza-internazionale-in-mostra\/#breadcrumb"},"inLanguage":"it-IT","potentialAction":[{"@type":"ReadAction","target":["https:\/\/www.article-marketing.eu\/comunicatistampa\/il-sigep-dal-19-al-23-gennaio-leccellenza-internazionale-in-mostra\/"]}]},{"@type":"BreadcrumbList","@id":"https:\/\/www.article-marketing.eu\/comunicatistampa\/il-sigep-dal-19-al-23-gennaio-leccellenza-internazionale-in-mostra\/#breadcrumb","itemListElement":[{"@type":"ListItem","position":1,"name":"Home","item":"https:\/\/www.article-marketing.eu\/comunicatistampa\/"},{"@type":"ListItem","position":2,"name":"Il Sigep, dal 19 al 23 gennaio l&#8217;eccellenza internazionale in mostra"}]},{"@type":"WebSite","@id":"https:\/\/www.article-marketing.eu\/comunicatistampa\/#website","url":"https:\/\/www.article-marketing.eu\/comunicatistampa\/","name":"Article Marketing","description":"article marketing &amp; press release","potentialAction":[{"@type":"SearchAction","target":{"@type":"EntryPoint","urlTemplate":"https:\/\/www.article-marketing.eu\/comunicatistampa\/?s={search_term_string}"},"query-input":{"@type":"PropertyValueSpecification","valueRequired":true,"valueName":"search_term_string"}}],"inLanguage":"it-IT"},{"@type":"Person","@id":"https:\/\/www.article-marketing.eu\/comunicatistampa\/#\/schema\/person\/1c9ba9803a496cb90989dbc7427c7a24","name":"Giacon","image":{"@type":"ImageObject","inLanguage":"it-IT","@id":"https:\/\/secure.gravatar.com\/avatar\/4b95d8bc79e8d6ba5087b4fd89e93c2e39125c7215386a08b7f29978b32914c5?s=96&d=mm&r=g","url":"https:\/\/secure.gravatar.com\/avatar\/4b95d8bc79e8d6ba5087b4fd89e93c2e39125c7215386a08b7f29978b32914c5?s=96&d=mm&r=g","contentUrl":"https:\/\/secure.gravatar.com\/avatar\/4b95d8bc79e8d6ba5087b4fd89e93c2e39125c7215386a08b7f29978b32914c5?s=96&d=mm&r=g","caption":"Giacon"},"url":"https:\/\/www.article-marketing.eu\/comunicatistampa\/author\/giacon\/"}]}},"_links":{"self":[{"href":"https:\/\/www.article-marketing.eu\/comunicatistampa\/wp-json\/wp\/v2\/posts\/12774","targetHints":{"allow":["GET"]}}],"collection":[{"href":"https:\/\/www.article-marketing.eu\/comunicatistampa\/wp-json\/wp\/v2\/posts"}],"about":[{"href":"https:\/\/www.article-marketing.eu\/comunicatistampa\/wp-json\/wp\/v2\/types\/post"}],"author":[{"embeddable":true,"href":"https:\/\/www.article-marketing.eu\/comunicatistampa\/wp-json\/wp\/v2\/users\/630"}],"replies":[{"embeddable":true,"href":"https:\/\/www.article-marketing.eu\/comunicatistampa\/wp-json\/wp\/v2\/comments?post=12774"}],"version-history":[{"count":2,"href":"https:\/\/www.article-marketing.eu\/comunicatistampa\/wp-json\/wp\/v2\/posts\/12774\/revisions"}],"predecessor-version":[{"id":12782,"href":"https:\/\/www.article-marketing.eu\/comunicatistampa\/wp-json\/wp\/v2\/posts\/12774\/revisions\/12782"}],"wp:attachment":[{"href":"https:\/\/www.article-marketing.eu\/comunicatistampa\/wp-json\/wp\/v2\/media?parent=12774"}],"wp:term":[{"taxonomy":"category","embeddable":true,"href":"https:\/\/www.article-marketing.eu\/comunicatistampa\/wp-json\/wp\/v2\/categories?post=12774"},{"taxonomy":"post_tag","embeddable":true,"href":"https:\/\/www.article-marketing.eu\/comunicatistampa\/wp-json\/wp\/v2\/tags?post=12774"}],"curies":[{"name":"wp","href":"https:\/\/api.w.org\/{rel}","templated":true}]}}