{"id":12809,"date":"2019-01-25T13:06:55","date_gmt":"2019-01-25T12:06:55","guid":{"rendered":"http:\/\/www.article-marketing.eu\/comunicatistampa\/?p=12809"},"modified":"2019-01-25T13:06:55","modified_gmt":"2019-01-25T12:06:55","slug":"abiti-da-sposa-2019-salem-spose-alla-fiera-di-roma-2019","status":"publish","type":"post","link":"https:\/\/www.article-marketing.eu\/comunicatistampa\/abiti-da-sposa-2019-salem-spose-alla-fiera-di-roma-2019\/","title":{"rendered":"Abiti da sposa 2019 Salem Spose alla Fiera di Roma 2019"},"content":{"rendered":"<p>Il nuovo anno \u00e8 gi\u00e0 iniziato da qualche settimana e siamo gi\u00e0 in grado di dare la tendenza abiti da sposa 2019 e conoscere quali sono stati gli stili preferiti dalle sposine.<\/p>\n<p>Sicuramente tra i pi\u00f9 ricercati \u00e8 stato il nuovissimo stile boh\u00e9mien, romantico, dal sapore vintage dalle lunghezze e tessuti svolazzanti, dai pizzi morbidissimi abbinati a capelli sciolti o a trecce morbide impreziosite da fiori, coroncine e veli in manoseta adatte alle cerimonie all&#8217;aperto, in giardino o in location bucoliche o per matrimoni in spiaggia, per tutte quelle cerimonie fresche moderne, oggi sempre pi\u00f9 numerose.<\/p>\n<p>Non solo boho ma tantissime altri stili: dalla sinuosa sirena all&#8217;abito ampio e a principessa, all&#8217;abito scivolato semplicissimo essenziale al maestoso abito in mikado. Le scollature variano per venire incontro ad ogni esigenza, ma sono sicuramente preferiti e di moda i vertiginosi tagli a V e dopo tanti anni di protagonismo dello collo a cuore adesso fanno da padrone le spalline che diventano dei preziosi che accompagnano e vestono le spalle e proseguono sulla schiena dando vita a dei giochi nude, trasparenze e scollature sensuali e femminili.<\/p>\n<p>Se siete tra le fortunate che hanno ricevuto la fatidica proposta e state programmando per il 2019 la cerimonia, non perdete l&#8217;occasione di visitare l&#8217;atelier Salem Spose dove troverete tutte le tendenze e le migliori marche di abiti da sposa.<\/p>\n<p>Ricordate di visitare lo stand Salem Spose alla Fiera di Roma che si terr\u00e0 dal 31 gennaio al 3 febbraio e non dimenticate che la settimana successiva ci sar\u00e0 in atelier l&#8217;evento 2019 in occasione del quale sar\u00e0 presente in atelier in esclusiva la linea Pronovias Priv\u00e8 e in occasione del quale si ripeter\u00e0 l&#8217;imperdibile estrazione-premio della Salem Wedding Experience e che anzi si raddoppier\u00e0. Sulla pagina Facebook potrete trovare la precedente edizione. Non avete ancora prenotato il vostro appuntamento presso la Salem spose? Affrettatevi!<\/p>\n<p>Salem Spose &#8211; Abiti da sposa Roma<br \/>\nVia delle Gondole 115, 00121 Roma<br \/>\nTel 065610590<br \/>\n<a href=\"http:\/\/www.salemspose.it\">http:\/\/www.salemspose.it<\/a><\/p>\n","protected":false},"excerpt":{"rendered":"<p>Il nuovo anno \u00e8 gi\u00e0 iniziato da qualche settimana e siamo gi\u00e0 in grado di dare la tendenza abiti da sposa 2019 e conoscere quali sono stati gli stili preferiti dalle sposine. Sicuramente tra i pi\u00f9 ricercati \u00e8 stato il nuovissimo stile boh\u00e9mien, romantico, dal sapore vintage dalle lunghezze e tessuti svolazzanti, dai pizzi morbidissimi abbinati a capelli sciolti o a trecce morbide impreziosite da fiori, coroncine e veli in<\/p>\n<p><a class=\"continue-reading\" href=\"https:\/\/www.article-marketing.eu\/comunicatistampa\/abiti-da-sposa-2019-salem-spose-alla-fiera-di-roma-2019\/\">Continue reading&#8230;<\/a><\/p>\n","protected":false},"author":1032,"featured_media":0,"comment_status":"open","ping_status":"open","sticky":false,"template":"","format":"standard","meta":{"_monsterinsights_skip_tracking":false,"_monsterinsights_sitenote_active":false,"_monsterinsights_sitenote_note":"","_monsterinsights_sitenote_category":0,"footnotes":""},"categories":[392,354],"tags":[3650,4125,4126,4124],"class_list":["post-12809","post","type-post","status-publish","format-standard","hentry","category-eventi","category-shopping","tag-abiti-da-sposa-roma","tag-atelier-sposa-roma","tag-negozio-sposa-roma","tag-vestiti-da-sposa-roma"],"yoast_head":"<!-- This site is optimized with the Yoast SEO plugin v27.3 - https:\/\/yoast.com\/product\/yoast-seo-wordpress\/ -->\n<title>Abiti da sposa 2019 Salem Spose alla Fiera di Roma 2019 - Article Marketing<\/title>\n<meta name=\"robots\" content=\"index, follow, max-snippet:-1, max-image-preview:large, max-video-preview:-1\" \/>\n<link rel=\"canonical\" href=\"https:\/\/www.article-marketing.eu\/comunicatistampa\/abiti-da-sposa-2019-salem-spose-alla-fiera-di-roma-2019\/\" \/>\n<meta property=\"og:locale\" content=\"it_IT\" \/>\n<meta property=\"og:type\" content=\"article\" \/>\n<meta property=\"og:title\" content=\"Abiti da sposa 2019 Salem Spose alla Fiera di Roma 2019 - Article Marketing\" \/>\n<meta property=\"og:description\" content=\"Il nuovo anno \u00e8 gi\u00e0 iniziato da qualche settimana e siamo gi\u00e0 in grado di dare la tendenza abiti da sposa 2019 e conoscere quali sono stati gli stili preferiti dalle sposine. Sicuramente tra i pi\u00f9 ricercati \u00e8 stato il nuovissimo stile boh\u00e9mien, romantico, dal sapore vintage dalle lunghezze e tessuti svolazzanti, dai pizzi morbidissimi abbinati a capelli sciolti o a trecce morbide impreziosite da fiori, coroncine e veli inContinue reading...\" \/>\n<meta property=\"og:url\" content=\"https:\/\/www.article-marketing.eu\/comunicatistampa\/abiti-da-sposa-2019-salem-spose-alla-fiera-di-roma-2019\/\" \/>\n<meta property=\"og:site_name\" content=\"Article Marketing\" \/>\n<meta property=\"article:published_time\" content=\"2019-01-25T12:06:55+00:00\" \/>\n<meta name=\"author\" content=\"SalemSpose-Abiti-da-sposa-Roma\" \/>\n<meta name=\"twitter:card\" content=\"summary_large_image\" \/>\n<meta name=\"twitter:label1\" content=\"Scritto da\" \/>\n\t<meta name=\"twitter:data1\" content=\"SalemSpose-Abiti-da-sposa-Roma\" \/>\n\t<meta name=\"twitter:label2\" content=\"Tempo di lettura stimato\" \/>\n\t<meta name=\"twitter:data2\" content=\"2 minuti\" \/>\n<script type=\"application\/ld+json\" class=\"yoast-schema-graph\">{\"@context\":\"https:\\\/\\\/schema.org\",\"@graph\":[{\"@type\":\"Article\",\"@id\":\"https:\\\/\\\/www.article-marketing.eu\\\/comunicatistampa\\\/abiti-da-sposa-2019-salem-spose-alla-fiera-di-roma-2019\\\/#article\",\"isPartOf\":{\"@id\":\"https:\\\/\\\/www.article-marketing.eu\\\/comunicatistampa\\\/abiti-da-sposa-2019-salem-spose-alla-fiera-di-roma-2019\\\/\"},\"author\":{\"name\":\"SalemSpose-Abiti-da-sposa-Roma\",\"@id\":\"https:\\\/\\\/www.article-marketing.eu\\\/comunicatistampa\\\/#\\\/schema\\\/person\\\/ca48058473f7b4d10bed60f7539e93cb\"},\"headline\":\"Abiti da sposa 2019 Salem Spose alla Fiera di Roma 2019\",\"datePublished\":\"2019-01-25T12:06:55+00:00\",\"mainEntityOfPage\":{\"@id\":\"https:\\\/\\\/www.article-marketing.eu\\\/comunicatistampa\\\/abiti-da-sposa-2019-salem-spose-alla-fiera-di-roma-2019\\\/\"},\"wordCount\":327,\"commentCount\":0,\"keywords\":[\"abiti da sposa roma\",\"atelier sposa roma\",\"negozio sposa roma\",\"vestiti da sposa roma\"],\"articleSection\":[\"Eventi\",\"Shopping\"],\"inLanguage\":\"it-IT\",\"potentialAction\":[{\"@type\":\"CommentAction\",\"name\":\"Comment\",\"target\":[\"https:\\\/\\\/www.article-marketing.eu\\\/comunicatistampa\\\/abiti-da-sposa-2019-salem-spose-alla-fiera-di-roma-2019\\\/#respond\"]}]},{\"@type\":\"WebPage\",\"@id\":\"https:\\\/\\\/www.article-marketing.eu\\\/comunicatistampa\\\/abiti-da-sposa-2019-salem-spose-alla-fiera-di-roma-2019\\\/\",\"url\":\"https:\\\/\\\/www.article-marketing.eu\\\/comunicatistampa\\\/abiti-da-sposa-2019-salem-spose-alla-fiera-di-roma-2019\\\/\",\"name\":\"Abiti da sposa 2019 Salem Spose alla Fiera di Roma 2019 - Article Marketing\",\"isPartOf\":{\"@id\":\"https:\\\/\\\/www.article-marketing.eu\\\/comunicatistampa\\\/#website\"},\"datePublished\":\"2019-01-25T12:06:55+00:00\",\"author\":{\"@id\":\"https:\\\/\\\/www.article-marketing.eu\\\/comunicatistampa\\\/#\\\/schema\\\/person\\\/ca48058473f7b4d10bed60f7539e93cb\"},\"breadcrumb\":{\"@id\":\"https:\\\/\\\/www.article-marketing.eu\\\/comunicatistampa\\\/abiti-da-sposa-2019-salem-spose-alla-fiera-di-roma-2019\\\/#breadcrumb\"},\"inLanguage\":\"it-IT\",\"potentialAction\":[{\"@type\":\"ReadAction\",\"target\":[\"https:\\\/\\\/www.article-marketing.eu\\\/comunicatistampa\\\/abiti-da-sposa-2019-salem-spose-alla-fiera-di-roma-2019\\\/\"]}]},{\"@type\":\"BreadcrumbList\",\"@id\":\"https:\\\/\\\/www.article-marketing.eu\\\/comunicatistampa\\\/abiti-da-sposa-2019-salem-spose-alla-fiera-di-roma-2019\\\/#breadcrumb\",\"itemListElement\":[{\"@type\":\"ListItem\",\"position\":1,\"name\":\"Home\",\"item\":\"https:\\\/\\\/www.article-marketing.eu\\\/comunicatistampa\\\/\"},{\"@type\":\"ListItem\",\"position\":2,\"name\":\"Abiti da sposa 2019 Salem Spose alla Fiera di Roma 2019\"}]},{\"@type\":\"WebSite\",\"@id\":\"https:\\\/\\\/www.article-marketing.eu\\\/comunicatistampa\\\/#website\",\"url\":\"https:\\\/\\\/www.article-marketing.eu\\\/comunicatistampa\\\/\",\"name\":\"Article Marketing\",\"description\":\"article marketing &amp; press release\",\"potentialAction\":[{\"@type\":\"SearchAction\",\"target\":{\"@type\":\"EntryPoint\",\"urlTemplate\":\"https:\\\/\\\/www.article-marketing.eu\\\/comunicatistampa\\\/?s={search_term_string}\"},\"query-input\":{\"@type\":\"PropertyValueSpecification\",\"valueRequired\":true,\"valueName\":\"search_term_string\"}}],\"inLanguage\":\"it-IT\"},{\"@type\":\"Person\",\"@id\":\"https:\\\/\\\/www.article-marketing.eu\\\/comunicatistampa\\\/#\\\/schema\\\/person\\\/ca48058473f7b4d10bed60f7539e93cb\",\"name\":\"SalemSpose-Abiti-da-sposa-Roma\",\"image\":{\"@type\":\"ImageObject\",\"inLanguage\":\"it-IT\",\"@id\":\"https:\\\/\\\/secure.gravatar.com\\\/avatar\\\/ff3e3cdcba05a84df8a89c9117d6a7a3254816b08498e160668ccaa96d7a3a50?s=96&d=mm&r=g\",\"url\":\"https:\\\/\\\/secure.gravatar.com\\\/avatar\\\/ff3e3cdcba05a84df8a89c9117d6a7a3254816b08498e160668ccaa96d7a3a50?s=96&d=mm&r=g\",\"contentUrl\":\"https:\\\/\\\/secure.gravatar.com\\\/avatar\\\/ff3e3cdcba05a84df8a89c9117d6a7a3254816b08498e160668ccaa96d7a3a50?s=96&d=mm&r=g\",\"caption\":\"SalemSpose-Abiti-da-sposa-Roma\"},\"url\":\"https:\\\/\\\/www.article-marketing.eu\\\/comunicatistampa\\\/author\\\/salemspose-abiti-da-sposa-roma\\\/\"}]}<\/script>\n<!-- \/ Yoast SEO plugin. -->","yoast_head_json":{"title":"Abiti da sposa 2019 Salem Spose alla Fiera di Roma 2019 - Article Marketing","robots":{"index":"index","follow":"follow","max-snippet":"max-snippet:-1","max-image-preview":"max-image-preview:large","max-video-preview":"max-video-preview:-1"},"canonical":"https:\/\/www.article-marketing.eu\/comunicatistampa\/abiti-da-sposa-2019-salem-spose-alla-fiera-di-roma-2019\/","og_locale":"it_IT","og_type":"article","og_title":"Abiti da sposa 2019 Salem Spose alla Fiera di Roma 2019 - Article Marketing","og_description":"Il nuovo anno \u00e8 gi\u00e0 iniziato da qualche settimana e siamo gi\u00e0 in grado di dare la tendenza abiti da sposa 2019 e conoscere quali sono stati gli stili preferiti dalle sposine. Sicuramente tra i pi\u00f9 ricercati \u00e8 stato il nuovissimo stile boh\u00e9mien, romantico, dal sapore vintage dalle lunghezze e tessuti svolazzanti, dai pizzi morbidissimi abbinati a capelli sciolti o a trecce morbide impreziosite da fiori, coroncine e veli inContinue reading...","og_url":"https:\/\/www.article-marketing.eu\/comunicatistampa\/abiti-da-sposa-2019-salem-spose-alla-fiera-di-roma-2019\/","og_site_name":"Article Marketing","article_published_time":"2019-01-25T12:06:55+00:00","author":"SalemSpose-Abiti-da-sposa-Roma","twitter_card":"summary_large_image","twitter_misc":{"Scritto da":"SalemSpose-Abiti-da-sposa-Roma","Tempo di lettura stimato":"2 minuti"},"schema":{"@context":"https:\/\/schema.org","@graph":[{"@type":"Article","@id":"https:\/\/www.article-marketing.eu\/comunicatistampa\/abiti-da-sposa-2019-salem-spose-alla-fiera-di-roma-2019\/#article","isPartOf":{"@id":"https:\/\/www.article-marketing.eu\/comunicatistampa\/abiti-da-sposa-2019-salem-spose-alla-fiera-di-roma-2019\/"},"author":{"name":"SalemSpose-Abiti-da-sposa-Roma","@id":"https:\/\/www.article-marketing.eu\/comunicatistampa\/#\/schema\/person\/ca48058473f7b4d10bed60f7539e93cb"},"headline":"Abiti da sposa 2019 Salem Spose alla Fiera di Roma 2019","datePublished":"2019-01-25T12:06:55+00:00","mainEntityOfPage":{"@id":"https:\/\/www.article-marketing.eu\/comunicatistampa\/abiti-da-sposa-2019-salem-spose-alla-fiera-di-roma-2019\/"},"wordCount":327,"commentCount":0,"keywords":["abiti da sposa roma","atelier sposa roma","negozio sposa roma","vestiti da sposa roma"],"articleSection":["Eventi","Shopping"],"inLanguage":"it-IT","potentialAction":[{"@type":"CommentAction","name":"Comment","target":["https:\/\/www.article-marketing.eu\/comunicatistampa\/abiti-da-sposa-2019-salem-spose-alla-fiera-di-roma-2019\/#respond"]}]},{"@type":"WebPage","@id":"https:\/\/www.article-marketing.eu\/comunicatistampa\/abiti-da-sposa-2019-salem-spose-alla-fiera-di-roma-2019\/","url":"https:\/\/www.article-marketing.eu\/comunicatistampa\/abiti-da-sposa-2019-salem-spose-alla-fiera-di-roma-2019\/","name":"Abiti da sposa 2019 Salem Spose alla Fiera di Roma 2019 - Article Marketing","isPartOf":{"@id":"https:\/\/www.article-marketing.eu\/comunicatistampa\/#website"},"datePublished":"2019-01-25T12:06:55+00:00","author":{"@id":"https:\/\/www.article-marketing.eu\/comunicatistampa\/#\/schema\/person\/ca48058473f7b4d10bed60f7539e93cb"},"breadcrumb":{"@id":"https:\/\/www.article-marketing.eu\/comunicatistampa\/abiti-da-sposa-2019-salem-spose-alla-fiera-di-roma-2019\/#breadcrumb"},"inLanguage":"it-IT","potentialAction":[{"@type":"ReadAction","target":["https:\/\/www.article-marketing.eu\/comunicatistampa\/abiti-da-sposa-2019-salem-spose-alla-fiera-di-roma-2019\/"]}]},{"@type":"BreadcrumbList","@id":"https:\/\/www.article-marketing.eu\/comunicatistampa\/abiti-da-sposa-2019-salem-spose-alla-fiera-di-roma-2019\/#breadcrumb","itemListElement":[{"@type":"ListItem","position":1,"name":"Home","item":"https:\/\/www.article-marketing.eu\/comunicatistampa\/"},{"@type":"ListItem","position":2,"name":"Abiti da sposa 2019 Salem Spose alla Fiera di Roma 2019"}]},{"@type":"WebSite","@id":"https:\/\/www.article-marketing.eu\/comunicatistampa\/#website","url":"https:\/\/www.article-marketing.eu\/comunicatistampa\/","name":"Article Marketing","description":"article marketing &amp; press release","potentialAction":[{"@type":"SearchAction","target":{"@type":"EntryPoint","urlTemplate":"https:\/\/www.article-marketing.eu\/comunicatistampa\/?s={search_term_string}"},"query-input":{"@type":"PropertyValueSpecification","valueRequired":true,"valueName":"search_term_string"}}],"inLanguage":"it-IT"},{"@type":"Person","@id":"https:\/\/www.article-marketing.eu\/comunicatistampa\/#\/schema\/person\/ca48058473f7b4d10bed60f7539e93cb","name":"SalemSpose-Abiti-da-sposa-Roma","image":{"@type":"ImageObject","inLanguage":"it-IT","@id":"https:\/\/secure.gravatar.com\/avatar\/ff3e3cdcba05a84df8a89c9117d6a7a3254816b08498e160668ccaa96d7a3a50?s=96&d=mm&r=g","url":"https:\/\/secure.gravatar.com\/avatar\/ff3e3cdcba05a84df8a89c9117d6a7a3254816b08498e160668ccaa96d7a3a50?s=96&d=mm&r=g","contentUrl":"https:\/\/secure.gravatar.com\/avatar\/ff3e3cdcba05a84df8a89c9117d6a7a3254816b08498e160668ccaa96d7a3a50?s=96&d=mm&r=g","caption":"SalemSpose-Abiti-da-sposa-Roma"},"url":"https:\/\/www.article-marketing.eu\/comunicatistampa\/author\/salemspose-abiti-da-sposa-roma\/"}]}},"_links":{"self":[{"href":"https:\/\/www.article-marketing.eu\/comunicatistampa\/wp-json\/wp\/v2\/posts\/12809","targetHints":{"allow":["GET"]}}],"collection":[{"href":"https:\/\/www.article-marketing.eu\/comunicatistampa\/wp-json\/wp\/v2\/posts"}],"about":[{"href":"https:\/\/www.article-marketing.eu\/comunicatistampa\/wp-json\/wp\/v2\/types\/post"}],"author":[{"embeddable":true,"href":"https:\/\/www.article-marketing.eu\/comunicatistampa\/wp-json\/wp\/v2\/users\/1032"}],"replies":[{"embeddable":true,"href":"https:\/\/www.article-marketing.eu\/comunicatistampa\/wp-json\/wp\/v2\/comments?post=12809"}],"version-history":[{"count":2,"href":"https:\/\/www.article-marketing.eu\/comunicatistampa\/wp-json\/wp\/v2\/posts\/12809\/revisions"}],"predecessor-version":[{"id":12811,"href":"https:\/\/www.article-marketing.eu\/comunicatistampa\/wp-json\/wp\/v2\/posts\/12809\/revisions\/12811"}],"wp:attachment":[{"href":"https:\/\/www.article-marketing.eu\/comunicatistampa\/wp-json\/wp\/v2\/media?parent=12809"}],"wp:term":[{"taxonomy":"category","embeddable":true,"href":"https:\/\/www.article-marketing.eu\/comunicatistampa\/wp-json\/wp\/v2\/categories?post=12809"},{"taxonomy":"post_tag","embeddable":true,"href":"https:\/\/www.article-marketing.eu\/comunicatistampa\/wp-json\/wp\/v2\/tags?post=12809"}],"curies":[{"name":"wp","href":"https:\/\/api.w.org\/{rel}","templated":true}]}}