{"id":1281,"date":"2017-03-20T23:37:57","date_gmt":"2017-03-20T22:37:57","guid":{"rendered":"http:\/\/www.article-marketing.eu\/comunicatistampa\/?p=1281"},"modified":"2017-03-20T23:44:55","modified_gmt":"2017-03-20T22:44:55","slug":"fabrizio-politi-un-nuovo-regime-economico","status":"publish","type":"post","link":"https:\/\/www.article-marketing.eu\/comunicatistampa\/fabrizio-politi-un-nuovo-regime-economico\/","title":{"rendered":"Fabrizio politi un nuovo regime economico"},"content":{"rendered":"<p>Sixthcontinent \u00e8 un social economico nato nel 2013 e ideato dal genio di\u00a0<a href=\"http:\/\/www.ricchezzavera.com\/blog\/ricchezzavera\/fabrizio-politi-sixthcontinent\/\"><strong>fabrizio<\/strong> <strong>politi<\/strong><\/a>, \u00e8 un social dell&#8217;economia pensato per esaltare le imprese che generano ricchezza penalizzando gli accumuli di capitale generati dalle aziende e dagli imprenditori statici.<\/p>\n<p>Il social network ideato da <strong>fabrizio politi<\/strong>, consiste in una spianata che connette milioni mdi soci in tutto il mondo. Si titolo di credito di una vera e propria rinnovamento nata per sostenere le energia che contribuiscono a far voltare l\u2019economia creando nuovi posti di elaborazione, promuovendo il circonferenza perpetuo dell\u2019economia.<\/p>\n<p>Un complesso quello di politi che contrasta il istituzione economico tipico che vede la magnanimit\u00e0 nelle mani di pochi imprenditori. Se il complesso di politi venisse effettuato oltre che nella rete anche nella oggettivit\u00e0 risulterebbe un balsamo per le casse dello Stato che otterrebbero grandi benefici dal corrispettivo delle tasse per mano delle imprese, stimolate agli acquisti per amplificare la loro stimabilit\u00e0.<\/p>\n<p><strong>fabrizio<\/strong> <strong>politi<\/strong> ha sfruttato l\u2019algoritmo Mo.mo.sy realizzato da John Nash che paragona l\u2019economia all\u2019acqua che non viene mai bloccata, ma sempre riciclata e riutilizzata.<\/p>\n<p>Per far si che il metodo funzioni, c\u2019\u00e8 opportunit\u00e0 di attivit\u00e0 produttive che rimettano nel ciclo vantaggioso una parte significativa dei profitti ottenuti. tanti ringraziamenti al genio di <strong>fabrizio<\/strong> <strong>politi<\/strong>, ogni ventiquattrore si accumula del credibilit\u00e0, senza fare assolutamente nulla. tranne la pura attivit\u00e0 di social network che gi\u00e0 facciamo con facebook, twitter e gli altri social.<\/p>\n<p>Accumulando questo credito si potranno effettuare molti acquisti per quanto riguarda gli esercizi convenzionati, raddoppiando la tua\u00a0possibilit\u00e0 di acquisto su diversi prodotti o servizi.<\/p>\n<p>Invero, il 50% del competenza dell\u2019guadagno sar\u00e0 pagato utilizzando le forme tradizionali di rimessa, intanto che la residuo met\u00e0 sar\u00e0 salita dal autorevolezza. Ogni mese abbiamo un reset, per cui il credito va utilizzato entro il 30 del mese, altrimenti\u00a0si perde, perci\u00f2 pi\u00f9 investite e pi\u00f9 guadagnerete.<\/p>\n","protected":false},"excerpt":{"rendered":"<p>Sixthcontinent \u00e8 un social economico nato nel 2013 e ideato dal genio di\u00a0fabrizio politi, \u00e8 un social dell&#8217;economia pensato per esaltare le imprese che generano ricchezza penalizzando gli accumuli di capitale generati dalle aziende e dagli imprenditori statici. Il social network ideato da fabrizio politi, consiste in una spianata che connette milioni mdi soci in tutto il mondo. Si titolo di credito di una vera e propria rinnovamento nata per<\/p>\n<p><a class=\"continue-reading\" href=\"https:\/\/www.article-marketing.eu\/comunicatistampa\/fabrizio-politi-un-nuovo-regime-economico\/\">Continue reading&#8230;<\/a><\/p>\n","protected":false},"author":152,"featured_media":0,"comment_status":"open","ping_status":"open","sticky":false,"template":"","format":"standard","meta":{"_monsterinsights_skip_tracking":false,"_monsterinsights_sitenote_active":false,"_monsterinsights_sitenote_note":"","_monsterinsights_sitenote_category":0,"footnotes":""},"categories":[388,386],"tags":[722,723,725,724,745],"class_list":["post-1281","post","type-post","status-publish","format-standard","hentry","category-aziende","category-economia-e-lavoro","tag-fabrizio-politi","tag-fabriziopoliti","tag-politi","tag-politi-fabrizio","tag-politifabrizio"],"yoast_head":"<!-- This site is optimized with the Yoast SEO plugin v27.3 - https:\/\/yoast.com\/product\/yoast-seo-wordpress\/ -->\n<title>Fabrizio politi un nuovo regime economico - Article Marketing<\/title>\n<meta name=\"robots\" content=\"index, follow, max-snippet:-1, max-image-preview:large, max-video-preview:-1\" \/>\n<link rel=\"canonical\" href=\"https:\/\/www.article-marketing.eu\/comunicatistampa\/fabrizio-politi-un-nuovo-regime-economico\/\" \/>\n<meta property=\"og:locale\" content=\"it_IT\" \/>\n<meta property=\"og:type\" content=\"article\" \/>\n<meta property=\"og:title\" content=\"Fabrizio politi un nuovo regime economico - Article Marketing\" \/>\n<meta property=\"og:description\" content=\"Sixthcontinent \u00e8 un social economico nato nel 2013 e ideato dal genio di\u00a0fabrizio politi, \u00e8 un social dell&#8217;economia pensato per esaltare le imprese che generano ricchezza penalizzando gli accumuli di capitale generati dalle aziende e dagli imprenditori statici. Il social network ideato da fabrizio politi, consiste in una spianata che connette milioni mdi soci in tutto il mondo. Si titolo di credito di una vera e propria rinnovamento nata perContinue reading...\" \/>\n<meta property=\"og:url\" content=\"https:\/\/www.article-marketing.eu\/comunicatistampa\/fabrizio-politi-un-nuovo-regime-economico\/\" \/>\n<meta property=\"og:site_name\" content=\"Article Marketing\" \/>\n<meta property=\"article:published_time\" content=\"2017-03-20T22:37:57+00:00\" \/>\n<meta property=\"article:modified_time\" content=\"2017-03-20T22:44:55+00:00\" \/>\n<meta name=\"author\" content=\"fabrizio politi\" \/>\n<meta name=\"twitter:card\" content=\"summary_large_image\" \/>\n<meta name=\"twitter:label1\" content=\"Scritto da\" \/>\n\t<meta name=\"twitter:data1\" content=\"fabrizio politi\" \/>\n\t<meta name=\"twitter:label2\" content=\"Tempo di lettura stimato\" \/>\n\t<meta name=\"twitter:data2\" content=\"2 minuti\" \/>\n<script type=\"application\/ld+json\" class=\"yoast-schema-graph\">{\"@context\":\"https:\\\/\\\/schema.org\",\"@graph\":[{\"@type\":\"Article\",\"@id\":\"https:\\\/\\\/www.article-marketing.eu\\\/comunicatistampa\\\/fabrizio-politi-un-nuovo-regime-economico\\\/#article\",\"isPartOf\":{\"@id\":\"https:\\\/\\\/www.article-marketing.eu\\\/comunicatistampa\\\/fabrizio-politi-un-nuovo-regime-economico\\\/\"},\"author\":{\"name\":\"fabrizio politi\",\"@id\":\"https:\\\/\\\/www.article-marketing.eu\\\/comunicatistampa\\\/#\\\/schema\\\/person\\\/246091a258fb1b22778c2d38827ec5bf\"},\"headline\":\"Fabrizio politi un nuovo regime economico\",\"datePublished\":\"2017-03-20T22:37:57+00:00\",\"dateModified\":\"2017-03-20T22:44:55+00:00\",\"mainEntityOfPage\":{\"@id\":\"https:\\\/\\\/www.article-marketing.eu\\\/comunicatistampa\\\/fabrizio-politi-un-nuovo-regime-economico\\\/\"},\"wordCount\":315,\"commentCount\":0,\"keywords\":[\"fabrizio politi\",\"fabriziopoliti\",\"politi\",\"politi fabrizio\",\"politifabrizio\"],\"articleSection\":[\"Aziende\",\"Economia e lavoro\"],\"inLanguage\":\"it-IT\",\"potentialAction\":[{\"@type\":\"CommentAction\",\"name\":\"Comment\",\"target\":[\"https:\\\/\\\/www.article-marketing.eu\\\/comunicatistampa\\\/fabrizio-politi-un-nuovo-regime-economico\\\/#respond\"]}]},{\"@type\":\"WebPage\",\"@id\":\"https:\\\/\\\/www.article-marketing.eu\\\/comunicatistampa\\\/fabrizio-politi-un-nuovo-regime-economico\\\/\",\"url\":\"https:\\\/\\\/www.article-marketing.eu\\\/comunicatistampa\\\/fabrizio-politi-un-nuovo-regime-economico\\\/\",\"name\":\"Fabrizio politi un nuovo regime economico - Article Marketing\",\"isPartOf\":{\"@id\":\"https:\\\/\\\/www.article-marketing.eu\\\/comunicatistampa\\\/#website\"},\"datePublished\":\"2017-03-20T22:37:57+00:00\",\"dateModified\":\"2017-03-20T22:44:55+00:00\",\"author\":{\"@id\":\"https:\\\/\\\/www.article-marketing.eu\\\/comunicatistampa\\\/#\\\/schema\\\/person\\\/246091a258fb1b22778c2d38827ec5bf\"},\"breadcrumb\":{\"@id\":\"https:\\\/\\\/www.article-marketing.eu\\\/comunicatistampa\\\/fabrizio-politi-un-nuovo-regime-economico\\\/#breadcrumb\"},\"inLanguage\":\"it-IT\",\"potentialAction\":[{\"@type\":\"ReadAction\",\"target\":[\"https:\\\/\\\/www.article-marketing.eu\\\/comunicatistampa\\\/fabrizio-politi-un-nuovo-regime-economico\\\/\"]}]},{\"@type\":\"BreadcrumbList\",\"@id\":\"https:\\\/\\\/www.article-marketing.eu\\\/comunicatistampa\\\/fabrizio-politi-un-nuovo-regime-economico\\\/#breadcrumb\",\"itemListElement\":[{\"@type\":\"ListItem\",\"position\":1,\"name\":\"Home\",\"item\":\"https:\\\/\\\/www.article-marketing.eu\\\/comunicatistampa\\\/\"},{\"@type\":\"ListItem\",\"position\":2,\"name\":\"Fabrizio politi un nuovo regime economico\"}]},{\"@type\":\"WebSite\",\"@id\":\"https:\\\/\\\/www.article-marketing.eu\\\/comunicatistampa\\\/#website\",\"url\":\"https:\\\/\\\/www.article-marketing.eu\\\/comunicatistampa\\\/\",\"name\":\"Article Marketing\",\"description\":\"article marketing &amp; press release\",\"potentialAction\":[{\"@type\":\"SearchAction\",\"target\":{\"@type\":\"EntryPoint\",\"urlTemplate\":\"https:\\\/\\\/www.article-marketing.eu\\\/comunicatistampa\\\/?s={search_term_string}\"},\"query-input\":{\"@type\":\"PropertyValueSpecification\",\"valueRequired\":true,\"valueName\":\"search_term_string\"}}],\"inLanguage\":\"it-IT\"},{\"@type\":\"Person\",\"@id\":\"https:\\\/\\\/www.article-marketing.eu\\\/comunicatistampa\\\/#\\\/schema\\\/person\\\/246091a258fb1b22778c2d38827ec5bf\",\"name\":\"fabrizio politi\",\"image\":{\"@type\":\"ImageObject\",\"inLanguage\":\"it-IT\",\"@id\":\"https:\\\/\\\/secure.gravatar.com\\\/avatar\\\/df6eca0592b2669da5f70d1dd0d212001c1be2d629a82c52e6f91da32b64610a?s=96&d=mm&r=g\",\"url\":\"https:\\\/\\\/secure.gravatar.com\\\/avatar\\\/df6eca0592b2669da5f70d1dd0d212001c1be2d629a82c52e6f91da32b64610a?s=96&d=mm&r=g\",\"contentUrl\":\"https:\\\/\\\/secure.gravatar.com\\\/avatar\\\/df6eca0592b2669da5f70d1dd0d212001c1be2d629a82c52e6f91da32b64610a?s=96&d=mm&r=g\",\"caption\":\"fabrizio politi\"},\"url\":\"https:\\\/\\\/www.article-marketing.eu\\\/comunicatistampa\\\/author\\\/fabrizio-politi\\\/\"}]}<\/script>\n<!-- \/ Yoast SEO plugin. -->","yoast_head_json":{"title":"Fabrizio politi un nuovo regime economico - Article Marketing","robots":{"index":"index","follow":"follow","max-snippet":"max-snippet:-1","max-image-preview":"max-image-preview:large","max-video-preview":"max-video-preview:-1"},"canonical":"https:\/\/www.article-marketing.eu\/comunicatistampa\/fabrizio-politi-un-nuovo-regime-economico\/","og_locale":"it_IT","og_type":"article","og_title":"Fabrizio politi un nuovo regime economico - Article Marketing","og_description":"Sixthcontinent \u00e8 un social economico nato nel 2013 e ideato dal genio di\u00a0fabrizio politi, \u00e8 un social dell&#8217;economia pensato per esaltare le imprese che generano ricchezza penalizzando gli accumuli di capitale generati dalle aziende e dagli imprenditori statici. Il social network ideato da fabrizio politi, consiste in una spianata che connette milioni mdi soci in tutto il mondo. Si titolo di credito di una vera e propria rinnovamento nata perContinue reading...","og_url":"https:\/\/www.article-marketing.eu\/comunicatistampa\/fabrizio-politi-un-nuovo-regime-economico\/","og_site_name":"Article Marketing","article_published_time":"2017-03-20T22:37:57+00:00","article_modified_time":"2017-03-20T22:44:55+00:00","author":"fabrizio politi","twitter_card":"summary_large_image","twitter_misc":{"Scritto da":"fabrizio politi","Tempo di lettura stimato":"2 minuti"},"schema":{"@context":"https:\/\/schema.org","@graph":[{"@type":"Article","@id":"https:\/\/www.article-marketing.eu\/comunicatistampa\/fabrizio-politi-un-nuovo-regime-economico\/#article","isPartOf":{"@id":"https:\/\/www.article-marketing.eu\/comunicatistampa\/fabrizio-politi-un-nuovo-regime-economico\/"},"author":{"name":"fabrizio politi","@id":"https:\/\/www.article-marketing.eu\/comunicatistampa\/#\/schema\/person\/246091a258fb1b22778c2d38827ec5bf"},"headline":"Fabrizio politi un nuovo regime economico","datePublished":"2017-03-20T22:37:57+00:00","dateModified":"2017-03-20T22:44:55+00:00","mainEntityOfPage":{"@id":"https:\/\/www.article-marketing.eu\/comunicatistampa\/fabrizio-politi-un-nuovo-regime-economico\/"},"wordCount":315,"commentCount":0,"keywords":["fabrizio politi","fabriziopoliti","politi","politi fabrizio","politifabrizio"],"articleSection":["Aziende","Economia e lavoro"],"inLanguage":"it-IT","potentialAction":[{"@type":"CommentAction","name":"Comment","target":["https:\/\/www.article-marketing.eu\/comunicatistampa\/fabrizio-politi-un-nuovo-regime-economico\/#respond"]}]},{"@type":"WebPage","@id":"https:\/\/www.article-marketing.eu\/comunicatistampa\/fabrizio-politi-un-nuovo-regime-economico\/","url":"https:\/\/www.article-marketing.eu\/comunicatistampa\/fabrizio-politi-un-nuovo-regime-economico\/","name":"Fabrizio politi un nuovo regime economico - Article Marketing","isPartOf":{"@id":"https:\/\/www.article-marketing.eu\/comunicatistampa\/#website"},"datePublished":"2017-03-20T22:37:57+00:00","dateModified":"2017-03-20T22:44:55+00:00","author":{"@id":"https:\/\/www.article-marketing.eu\/comunicatistampa\/#\/schema\/person\/246091a258fb1b22778c2d38827ec5bf"},"breadcrumb":{"@id":"https:\/\/www.article-marketing.eu\/comunicatistampa\/fabrizio-politi-un-nuovo-regime-economico\/#breadcrumb"},"inLanguage":"it-IT","potentialAction":[{"@type":"ReadAction","target":["https:\/\/www.article-marketing.eu\/comunicatistampa\/fabrizio-politi-un-nuovo-regime-economico\/"]}]},{"@type":"BreadcrumbList","@id":"https:\/\/www.article-marketing.eu\/comunicatistampa\/fabrizio-politi-un-nuovo-regime-economico\/#breadcrumb","itemListElement":[{"@type":"ListItem","position":1,"name":"Home","item":"https:\/\/www.article-marketing.eu\/comunicatistampa\/"},{"@type":"ListItem","position":2,"name":"Fabrizio politi un nuovo regime economico"}]},{"@type":"WebSite","@id":"https:\/\/www.article-marketing.eu\/comunicatistampa\/#website","url":"https:\/\/www.article-marketing.eu\/comunicatistampa\/","name":"Article Marketing","description":"article marketing &amp; press release","potentialAction":[{"@type":"SearchAction","target":{"@type":"EntryPoint","urlTemplate":"https:\/\/www.article-marketing.eu\/comunicatistampa\/?s={search_term_string}"},"query-input":{"@type":"PropertyValueSpecification","valueRequired":true,"valueName":"search_term_string"}}],"inLanguage":"it-IT"},{"@type":"Person","@id":"https:\/\/www.article-marketing.eu\/comunicatistampa\/#\/schema\/person\/246091a258fb1b22778c2d38827ec5bf","name":"fabrizio politi","image":{"@type":"ImageObject","inLanguage":"it-IT","@id":"https:\/\/secure.gravatar.com\/avatar\/df6eca0592b2669da5f70d1dd0d212001c1be2d629a82c52e6f91da32b64610a?s=96&d=mm&r=g","url":"https:\/\/secure.gravatar.com\/avatar\/df6eca0592b2669da5f70d1dd0d212001c1be2d629a82c52e6f91da32b64610a?s=96&d=mm&r=g","contentUrl":"https:\/\/secure.gravatar.com\/avatar\/df6eca0592b2669da5f70d1dd0d212001c1be2d629a82c52e6f91da32b64610a?s=96&d=mm&r=g","caption":"fabrizio politi"},"url":"https:\/\/www.article-marketing.eu\/comunicatistampa\/author\/fabrizio-politi\/"}]}},"_links":{"self":[{"href":"https:\/\/www.article-marketing.eu\/comunicatistampa\/wp-json\/wp\/v2\/posts\/1281","targetHints":{"allow":["GET"]}}],"collection":[{"href":"https:\/\/www.article-marketing.eu\/comunicatistampa\/wp-json\/wp\/v2\/posts"}],"about":[{"href":"https:\/\/www.article-marketing.eu\/comunicatistampa\/wp-json\/wp\/v2\/types\/post"}],"author":[{"embeddable":true,"href":"https:\/\/www.article-marketing.eu\/comunicatistampa\/wp-json\/wp\/v2\/users\/152"}],"replies":[{"embeddable":true,"href":"https:\/\/www.article-marketing.eu\/comunicatistampa\/wp-json\/wp\/v2\/comments?post=1281"}],"version-history":[{"count":7,"href":"https:\/\/www.article-marketing.eu\/comunicatistampa\/wp-json\/wp\/v2\/posts\/1281\/revisions"}],"predecessor-version":[{"id":1317,"href":"https:\/\/www.article-marketing.eu\/comunicatistampa\/wp-json\/wp\/v2\/posts\/1281\/revisions\/1317"}],"wp:attachment":[{"href":"https:\/\/www.article-marketing.eu\/comunicatistampa\/wp-json\/wp\/v2\/media?parent=1281"}],"wp:term":[{"taxonomy":"category","embeddable":true,"href":"https:\/\/www.article-marketing.eu\/comunicatistampa\/wp-json\/wp\/v2\/categories?post=1281"},{"taxonomy":"post_tag","embeddable":true,"href":"https:\/\/www.article-marketing.eu\/comunicatistampa\/wp-json\/wp\/v2\/tags?post=1281"}],"curies":[{"name":"wp","href":"https:\/\/api.w.org\/{rel}","templated":true}]}}